{"id":28245,"date":"2022-09-27T16:52:33","date_gmt":"2022-09-27T16:52:33","guid":{"rendered":"https:\/\/www.africa-press.net\/cameroun\/politique\/la-bad-veut-doper-ses-financements-au-secteur-prive-camerounais-qui-na-capte-que-63-de-ses-appuis-en-7-ans"},"modified":"2022-09-27T18:04:49","modified_gmt":"2022-09-27T18:04:49","slug":"la-bad-veut-doper-ses-financements-au-secteur-prive-camerounais-qui-na-capte-que-63-de-ses-appuis-en-7-ans","status":"publish","type":"post","link":"https:\/\/www.africa-press.net\/cameroun\/economie\/la-bad-veut-doper-ses-financements-au-secteur-prive-camerounais-qui-na-capte-que-63-de-ses-appuis-en-7-ans","title":{"rendered":"La BAD veut doper ses financements au secteur priv\u00e9 camerounais, qui n\u2019a capt\u00e9 que 6,3% de ses appuis en 7 ans"},"content":{"rendered":"<p><span style=\"color: #ff6600\"><strong>Africa-Press &#8211; Cameroun. <\/strong><\/span>Investir au Cameroun) &#8211; Le 26 septembre 2022, le directeur ge\u0301ne\u0301ral du bureau re\u0301gional de la Banque africaine de de\u0301veloppement (BAD) pour l\u2019Afrique centrale, Serge Nguessan (photo), est alle\u0301 a\u0300 Douala, la capitale e\u0301conomique camerounaise, rencontrer le secteur prive\u0301. Il e\u0301tait question d\u2019inte\u0301resser ces ope\u0301rateurs e\u0301conomiques aux financements de l\u2019institution financie\u0300re panafricaine.<\/p>\n<p>\u00ab La Banque africaine de de\u0301veloppement est un peu loin du secteur prive\u0301, surtout en Afrique centrale. Nous avons de\u0301cide\u0301 de changer de paradigme et il est question de mettre le secteur prive\u0301 au centre de nos interventions. Notre ambition est de pouvoir avoir une parite\u0301 au niveau des investissements publics et prive\u0301s dans les sept anne\u0301es a\u0300 venir \u00bb, explique le DG de la BAD pour la re\u0301gion Afrique centrale.<\/p>\n<p>Selon les donne\u0301es re\u0301ve\u0301le\u0301es au cours de la rencontre qu\u2019a abrite\u0301 le Groupement inter-patronal du Cameroun (Gicam), sur les 1 594 milliards de FCFA de concours financiers octroye\u0301s au Cameroun par la BAD, au cours de la pe\u0301riode de 7 ans allant de 2015 a\u0300 2022, le secteur prive\u0301 n\u2019a capte\u0301 que 100 milliards de FCFA, soit 6,3% de l\u2019enveloppe globale.<\/p>\n<p><b>BRM <\/b><\/p>\n<p><strong>Pour plus d&rsquo;informations et d&rsquo;analyses sur la <a href=\"https:\/\/www.africa-press.net\/cameroun\">Cameroun<\/a>, suivez <a href=\"https:\/\/www.africa-press.net\/\">Africa-Press<\/a><\/strong><\/p>\n","protected":false},"excerpt":{"rendered":"<p>Africa-Press &#8211; Cameroun. Investir au Cameroun) &#8211; Le 26 septembre 2022, le directeur ge\u0301ne\u0301ral du bureau re\u0301gional de la Banque africaine de de\u0301veloppement (BAD) pour l\u2019Afrique centrale, Serge Nguessan (photo), est alle\u0301 a\u0300 Douala, la capitale e\u0301conomique camerounaise, rencontrer le secteur prive\u0301. Il e\u0301tait question d\u2019inte\u0301resser ces ope\u0301rateurs e\u0301conomiques aux financements de l\u2019institution financie\u0300re panafricaine. [&hellip;]<\/p>\n","protected":false},"author":82,"featured_media":28244,"comment_status":"open","ping_status":"closed","sticky":false,"template":"","format":"standard","meta":{"footnotes":""},"categories":[3,10],"tags":[36,50,49],"class_list":["post-28245","post","type-post","status-publish","format-standard","has-post-thumbnail","hentry","category-economie","category-toutes-les-actualites","tag-africa-press","tag-africa-press-cameroun","tag-cameroun"],"yoast_head":"<!-- This site is optimized with the Yoast SEO Premium plugin v26.1 (Yoast SEO v27.0) - https:\/\/yoast.com\/product\/yoast-seo-premium-wordpress\/ -->\n<title>La BAD veut doper ses financements au secteur priv\u00e9 camerounais, qui n\u2019a capt\u00e9 que 6,3% de ses appuis en 7 ans - Cameroun<\/title>\n<meta name=\"description\" content=\"Investir au Cameroun) - Le 26 septembre 2022, le directeur ge\u0301ne\u0301ral du bureau re\u0301gional de la Banque africaine de de\u0301ve ...\" \/>\n<meta name=\"robots\" content=\"index, follow, max-snippet:-1, max-image-preview:large, max-video-preview:-1\" \/>\n<link rel=\"canonical\" href=\"https:\/\/www.africa-press.net\/cameroun\/economie\/la-bad-veut-doper-ses-financements-au-secteur-prive-camerounais-qui-na-capte-que-63-de-ses-appuis-en-7-ans\" \/>\n<meta property=\"og:locale\" content=\"fr_FR\" \/>\n<meta property=\"og:type\" content=\"article\" \/>\n<meta property=\"og:title\" content=\"La BAD veut doper ses financements au secteur priv\u00e9 camerounais, qui n\u2019a capt\u00e9 que 6,3% de ses appuis en 7 ans\" \/>\n<meta property=\"og:description\" content=\"Investir au Cameroun) - Le 26 septembre 2022, le directeur ge\u0301ne\u0301ral du bureau re\u0301gional de la Banque africaine de de\u0301ve ...\" \/>\n<meta property=\"og:url\" content=\"https:\/\/www.africa-press.net\/cameroun\/economie\/la-bad-veut-doper-ses-financements-au-secteur-prive-camerounais-qui-na-capte-que-63-de-ses-appuis-en-7-ans\" \/>\n<meta property=\"og:site_name\" content=\"Cameroun\" \/>\n<meta property=\"article:published_time\" content=\"2022-09-27T16:52:33+00:00\" \/>\n<meta property=\"article:modified_time\" content=\"2022-09-27T18:04:49+00:00\" \/>\n<meta property=\"og:image\" content=\"https:\/\/static.africa-press.net\/cameroun\/sites\/57\/2022\/09\/img-63333b2b933e2.jpg\" \/>\n\t<meta property=\"og:image:width\" content=\"720\" \/>\n\t<meta property=\"og:image:height\" content=\"479\" \/>\n\t<meta property=\"og:image:type\" content=\"image\/jpeg\" \/>\n<meta name=\"author\" content=\"cfeditorfr\" \/>\n<meta name=\"twitter:card\" content=\"summary_large_image\" \/>\n<meta name=\"twitter:label1\" content=\"\u00c9crit par\" \/>\n\t<meta name=\"twitter:data1\" content=\"cfeditorfr\" \/>\n\t<meta name=\"twitter:label2\" content=\"Dur\u00e9e de lecture estim\u00e9e\" \/>\n\t<meta name=\"twitter:data2\" content=\"1 minute\" \/>\n<script type=\"application\/ld+json\" class=\"yoast-schema-graph\">{\"@context\":\"https:\/\/schema.org\",\"@graph\":[{\"@type\":\"Article\",\"@id\":\"https:\/\/www.africa-press.net\/cameroun\/economie\/la-bad-veut-doper-ses-financements-au-secteur-prive-camerounais-qui-na-capte-que-63-de-ses-appuis-en-7-ans#article\",\"isPartOf\":{\"@id\":\"https:\/\/www.africa-press.net\/cameroun\/economie\/la-bad-veut-doper-ses-financements-au-secteur-prive-camerounais-qui-na-capte-que-63-de-ses-appuis-en-7-ans\"},\"author\":{\"name\":\"cfeditorfr\",\"@id\":\"https:\/\/www.africa-press.net\/cameroun\/#\/schema\/person\/2b1cf3cd81a31e3cd26889ca66d677f1\"},\"headline\":\"La BAD veut doper ses financements au secteur priv\u00e9 camerounais, qui n\u2019a capt\u00e9 que 6,3% de ses appuis en 7 ans\",\"datePublished\":\"2022-09-27T16:52:33+00:00\",\"dateModified\":\"2022-09-27T18:04:49+00:00\",\"mainEntityOfPage\":{\"@id\":\"https:\/\/www.africa-press.net\/cameroun\/economie\/la-bad-veut-doper-ses-financements-au-secteur-prive-camerounais-qui-na-capte-que-63-de-ses-appuis-en-7-ans\"},\"wordCount\":236,\"commentCount\":0,\"image\":{\"@id\":\"https:\/\/www.africa-press.net\/cameroun\/economie\/la-bad-veut-doper-ses-financements-au-secteur-prive-camerounais-qui-na-capte-que-63-de-ses-appuis-en-7-ans#primaryimage\"},\"thumbnailUrl\":\"https:\/\/static.africa-press.net\/cameroun\/sites\/57\/2022\/09\/img-63333b2b933e2.jpg\",\"keywords\":[\"Africa Press\",\"Africa Press-Cameroun\",\"Cameroun\"],\"articleSection\":[\"\u00c9conomie\",\"Toutes les actualit\u00e9s\"],\"inLanguage\":\"fr-FR\",\"potentialAction\":[{\"@type\":\"CommentAction\",\"name\":\"Comment\",\"target\":[\"https:\/\/www.africa-press.net\/cameroun\/economie\/la-bad-veut-doper-ses-financements-au-secteur-prive-camerounais-qui-na-capte-que-63-de-ses-appuis-en-7-ans#respond\"]}]},{\"@type\":\"WebPage\",\"@id\":\"https:\/\/www.africa-press.net\/cameroun\/economie\/la-bad-veut-doper-ses-financements-au-secteur-prive-camerounais-qui-na-capte-que-63-de-ses-appuis-en-7-ans\",\"url\":\"https:\/\/www.africa-press.net\/cameroun\/economie\/la-bad-veut-doper-ses-financements-au-secteur-prive-camerounais-qui-na-capte-que-63-de-ses-appuis-en-7-ans\",\"name\":\"La BAD veut doper ses financements au secteur priv\u00e9 camerounais, qui n\u2019a capt\u00e9 que 6,3% de ses appuis en 7 ans - Cameroun\",\"isPartOf\":{\"@id\":\"https:\/\/www.africa-press.net\/cameroun\/#website\"},\"primaryImageOfPage\":{\"@id\":\"https:\/\/www.africa-press.net\/cameroun\/economie\/la-bad-veut-doper-ses-financements-au-secteur-prive-camerounais-qui-na-capte-que-63-de-ses-appuis-en-7-ans#primaryimage\"},\"image\":{\"@id\":\"https:\/\/www.africa-press.net\/cameroun\/economie\/la-bad-veut-doper-ses-financements-au-secteur-prive-camerounais-qui-na-capte-que-63-de-ses-appuis-en-7-ans#primaryimage\"},\"thumbnailUrl\":\"https:\/\/static.africa-press.net\/cameroun\/sites\/57\/2022\/09\/img-63333b2b933e2.jpg\",\"datePublished\":\"2022-09-27T16:52:33+00:00\",\"dateModified\":\"2022-09-27T18:04:49+00:00\",\"author\":{\"@id\":\"https:\/\/www.africa-press.net\/cameroun\/#\/schema\/person\/2b1cf3cd81a31e3cd26889ca66d677f1\"},\"description\":\"Investir au Cameroun) - Le 26 septembre 2022, le directeur ge\u0301ne\u0301ral du bureau re\u0301gional de la Banque africaine de de\u0301ve ...\",\"breadcrumb\":{\"@id\":\"https:\/\/www.africa-press.net\/cameroun\/economie\/la-bad-veut-doper-ses-financements-au-secteur-prive-camerounais-qui-na-capte-que-63-de-ses-appuis-en-7-ans#breadcrumb\"},\"inLanguage\":\"fr-FR\",\"potentialAction\":[{\"@type\":\"ReadAction\",\"target\":[\"https:\/\/www.africa-press.net\/cameroun\/economie\/la-bad-veut-doper-ses-financements-au-secteur-prive-camerounais-qui-na-capte-que-63-de-ses-appuis-en-7-ans\"]}]},{\"@type\":\"ImageObject\",\"inLanguage\":\"fr-FR\",\"@id\":\"https:\/\/www.africa-press.net\/cameroun\/economie\/la-bad-veut-doper-ses-financements-au-secteur-prive-camerounais-qui-na-capte-que-63-de-ses-appuis-en-7-ans#primaryimage\",\"url\":\"https:\/\/static.africa-press.net\/cameroun\/sites\/57\/2022\/09\/img-63333b2b933e2.jpg\",\"contentUrl\":\"https:\/\/static.africa-press.net\/cameroun\/sites\/57\/2022\/09\/img-63333b2b933e2.jpg\",\"width\":720,\"height\":479,\"caption\":\"La BAD veut doper ses financements au secteur priv\u00e9 camerounais, qui n\u2019a capt\u00e9 que 6,3% de ses appuis en 7 ans\"},{\"@type\":\"BreadcrumbList\",\"@id\":\"https:\/\/www.africa-press.net\/cameroun\/economie\/la-bad-veut-doper-ses-financements-au-secteur-prive-camerounais-qui-na-capte-que-63-de-ses-appuis-en-7-ans#breadcrumb\",\"itemListElement\":[{\"@type\":\"ListItem\",\"position\":1,\"name\":\"Accueil\",\"item\":\"https:\/\/www.africa-press.net\/cameroun\/\"},{\"@type\":\"ListItem\",\"position\":2,\"name\":\"La BAD veut doper ses financements au secteur priv\u00e9 camerounais, qui n\u2019a capt\u00e9 que 6,3% de ses appuis en 7 ans\"}]},{\"@type\":\"WebSite\",\"@id\":\"https:\/\/www.africa-press.net\/cameroun\/#website\",\"url\":\"https:\/\/www.africa-press.net\/cameroun\/\",\"name\":\"Cameroun\",\"description\":\"Just another Africa News Agency Sites site\",\"potentialAction\":[{\"@type\":\"SearchAction\",\"target\":{\"@type\":\"EntryPoint\",\"urlTemplate\":\"https:\/\/www.africa-press.net\/cameroun\/?s={search_term_string}\"},\"query-input\":{\"@type\":\"PropertyValueSpecification\",\"valueRequired\":true,\"valueName\":\"search_term_string\"}}],\"inLanguage\":\"fr-FR\"},{\"@type\":\"Person\",\"@id\":\"https:\/\/www.africa-press.net\/cameroun\/#\/schema\/person\/2b1cf3cd81a31e3cd26889ca66d677f1\",\"name\":\"cfeditorfr\"}]}<\/script>\n<!-- \/ Yoast SEO Premium plugin. -->","yoast_head_json":{"title":"La BAD veut doper ses financements au secteur priv\u00e9 camerounais, qui n\u2019a capt\u00e9 que 6,3% de ses appuis en 7 ans - Cameroun","description":"Investir au Cameroun) - Le 26 septembre 2022, le directeur ge\u0301ne\u0301ral du bureau re\u0301gional de la Banque africaine de de\u0301ve ...","robots":{"index":"index","follow":"follow","max-snippet":"max-snippet:-1","max-image-preview":"max-image-preview:large","max-video-preview":"max-video-preview:-1"},"canonical":"https:\/\/www.africa-press.net\/cameroun\/economie\/la-bad-veut-doper-ses-financements-au-secteur-prive-camerounais-qui-na-capte-que-63-de-ses-appuis-en-7-ans","og_locale":"fr_FR","og_type":"article","og_title":"La BAD veut doper ses financements au secteur priv\u00e9 camerounais, qui n\u2019a capt\u00e9 que 6,3% de ses appuis en 7 ans","og_description":"Investir au Cameroun) - Le 26 septembre 2022, le directeur ge\u0301ne\u0301ral du bureau re\u0301gional de la Banque africaine de de\u0301ve ...","og_url":"https:\/\/www.africa-press.net\/cameroun\/economie\/la-bad-veut-doper-ses-financements-au-secteur-prive-camerounais-qui-na-capte-que-63-de-ses-appuis-en-7-ans","og_site_name":"Cameroun","article_published_time":"2022-09-27T16:52:33+00:00","article_modified_time":"2022-09-27T18:04:49+00:00","og_image":[{"width":720,"height":479,"url":"https:\/\/static.africa-press.net\/cameroun\/sites\/57\/2022\/09\/img-63333b2b933e2.jpg","type":"image\/jpeg"}],"author":"cfeditorfr","twitter_card":"summary_large_image","twitter_misc":{"\u00c9crit par":"cfeditorfr","Dur\u00e9e de lecture estim\u00e9e":"1 minute"},"schema":{"@context":"https:\/\/schema.org","@graph":[{"@type":"Article","@id":"https:\/\/www.africa-press.net\/cameroun\/economie\/la-bad-veut-doper-ses-financements-au-secteur-prive-camerounais-qui-na-capte-que-63-de-ses-appuis-en-7-ans#article","isPartOf":{"@id":"https:\/\/www.africa-press.net\/cameroun\/economie\/la-bad-veut-doper-ses-financements-au-secteur-prive-camerounais-qui-na-capte-que-63-de-ses-appuis-en-7-ans"},"author":{"name":"cfeditorfr","@id":"https:\/\/www.africa-press.net\/cameroun\/#\/schema\/person\/2b1cf3cd81a31e3cd26889ca66d677f1"},"headline":"La BAD veut doper ses financements au secteur priv\u00e9 camerounais, qui n\u2019a capt\u00e9 que 6,3% de ses appuis en 7 ans","datePublished":"2022-09-27T16:52:33+00:00","dateModified":"2022-09-27T18:04:49+00:00","mainEntityOfPage":{"@id":"https:\/\/www.africa-press.net\/cameroun\/economie\/la-bad-veut-doper-ses-financements-au-secteur-prive-camerounais-qui-na-capte-que-63-de-ses-appuis-en-7-ans"},"wordCount":236,"commentCount":0,"image":{"@id":"https:\/\/www.africa-press.net\/cameroun\/economie\/la-bad-veut-doper-ses-financements-au-secteur-prive-camerounais-qui-na-capte-que-63-de-ses-appuis-en-7-ans#primaryimage"},"thumbnailUrl":"https:\/\/static.africa-press.net\/cameroun\/sites\/57\/2022\/09\/img-63333b2b933e2.jpg","keywords":["Africa Press","Africa Press-Cameroun","Cameroun"],"articleSection":["\u00c9conomie","Toutes les actualit\u00e9s"],"inLanguage":"fr-FR","potentialAction":[{"@type":"CommentAction","name":"Comment","target":["https:\/\/www.africa-press.net\/cameroun\/economie\/la-bad-veut-doper-ses-financements-au-secteur-prive-camerounais-qui-na-capte-que-63-de-ses-appuis-en-7-ans#respond"]}]},{"@type":"WebPage","@id":"https:\/\/www.africa-press.net\/cameroun\/economie\/la-bad-veut-doper-ses-financements-au-secteur-prive-camerounais-qui-na-capte-que-63-de-ses-appuis-en-7-ans","url":"https:\/\/www.africa-press.net\/cameroun\/economie\/la-bad-veut-doper-ses-financements-au-secteur-prive-camerounais-qui-na-capte-que-63-de-ses-appuis-en-7-ans","name":"La BAD veut doper ses financements au secteur priv\u00e9 camerounais, qui n\u2019a capt\u00e9 que 6,3% de ses appuis en 7 ans - Cameroun","isPartOf":{"@id":"https:\/\/www.africa-press.net\/cameroun\/#website"},"primaryImageOfPage":{"@id":"https:\/\/www.africa-press.net\/cameroun\/economie\/la-bad-veut-doper-ses-financements-au-secteur-prive-camerounais-qui-na-capte-que-63-de-ses-appuis-en-7-ans#primaryimage"},"image":{"@id":"https:\/\/www.africa-press.net\/cameroun\/economie\/la-bad-veut-doper-ses-financements-au-secteur-prive-camerounais-qui-na-capte-que-63-de-ses-appuis-en-7-ans#primaryimage"},"thumbnailUrl":"https:\/\/static.africa-press.net\/cameroun\/sites\/57\/2022\/09\/img-63333b2b933e2.jpg","datePublished":"2022-09-27T16:52:33+00:00","dateModified":"2022-09-27T18:04:49+00:00","author":{"@id":"https:\/\/www.africa-press.net\/cameroun\/#\/schema\/person\/2b1cf3cd81a31e3cd26889ca66d677f1"},"description":"Investir au Cameroun) - Le 26 septembre 2022, le directeur ge\u0301ne\u0301ral du bureau re\u0301gional de la Banque africaine de de\u0301ve ...","breadcrumb":{"@id":"https:\/\/www.africa-press.net\/cameroun\/economie\/la-bad-veut-doper-ses-financements-au-secteur-prive-camerounais-qui-na-capte-que-63-de-ses-appuis-en-7-ans#breadcrumb"},"inLanguage":"fr-FR","potentialAction":[{"@type":"ReadAction","target":["https:\/\/www.africa-press.net\/cameroun\/economie\/la-bad-veut-doper-ses-financements-au-secteur-prive-camerounais-qui-na-capte-que-63-de-ses-appuis-en-7-ans"]}]},{"@type":"ImageObject","inLanguage":"fr-FR","@id":"https:\/\/www.africa-press.net\/cameroun\/economie\/la-bad-veut-doper-ses-financements-au-secteur-prive-camerounais-qui-na-capte-que-63-de-ses-appuis-en-7-ans#primaryimage","url":"https:\/\/static.africa-press.net\/cameroun\/sites\/57\/2022\/09\/img-63333b2b933e2.jpg","contentUrl":"https:\/\/static.africa-press.net\/cameroun\/sites\/57\/2022\/09\/img-63333b2b933e2.jpg","width":720,"height":479,"caption":"La BAD veut doper ses financements au secteur priv\u00e9 camerounais, qui n\u2019a capt\u00e9 que 6,3% de ses appuis en 7 ans"},{"@type":"BreadcrumbList","@id":"https:\/\/www.africa-press.net\/cameroun\/economie\/la-bad-veut-doper-ses-financements-au-secteur-prive-camerounais-qui-na-capte-que-63-de-ses-appuis-en-7-ans#breadcrumb","itemListElement":[{"@type":"ListItem","position":1,"name":"Accueil","item":"https:\/\/www.africa-press.net\/cameroun\/"},{"@type":"ListItem","position":2,"name":"La BAD veut doper ses financements au secteur priv\u00e9 camerounais, qui n\u2019a capt\u00e9 que 6,3% de ses appuis en 7 ans"}]},{"@type":"WebSite","@id":"https:\/\/www.africa-press.net\/cameroun\/#website","url":"https:\/\/www.africa-press.net\/cameroun\/","name":"Cameroun","description":"Just another Africa News Agency Sites site","potentialAction":[{"@type":"SearchAction","target":{"@type":"EntryPoint","urlTemplate":"https:\/\/www.africa-press.net\/cameroun\/?s={search_term_string}"},"query-input":{"@type":"PropertyValueSpecification","valueRequired":true,"valueName":"search_term_string"}}],"inLanguage":"fr-FR"},{"@type":"Person","@id":"https:\/\/www.africa-press.net\/cameroun\/#\/schema\/person\/2b1cf3cd81a31e3cd26889ca66d677f1","name":"cfeditorfr"}]}},"_links":{"self":[{"href":"https:\/\/www.africa-press.net\/cameroun\/wp-json\/wp\/v2\/posts\/28245","targetHints":{"allow":["GET"]}}],"collection":[{"href":"https:\/\/www.africa-press.net\/cameroun\/wp-json\/wp\/v2\/posts"}],"about":[{"href":"https:\/\/www.africa-press.net\/cameroun\/wp-json\/wp\/v2\/types\/post"}],"author":[{"embeddable":true,"href":"https:\/\/www.africa-press.net\/cameroun\/wp-json\/wp\/v2\/users\/82"}],"replies":[{"embeddable":true,"href":"https:\/\/www.africa-press.net\/cameroun\/wp-json\/wp\/v2\/comments?post=28245"}],"version-history":[{"count":0,"href":"https:\/\/www.africa-press.net\/cameroun\/wp-json\/wp\/v2\/posts\/28245\/revisions"}],"wp:featuredmedia":[{"embeddable":true,"href":"https:\/\/www.africa-press.net\/cameroun\/wp-json\/wp\/v2\/media\/28244"}],"wp:attachment":[{"href":"https:\/\/www.africa-press.net\/cameroun\/wp-json\/wp\/v2\/media?parent=28245"}],"wp:term":[{"taxonomy":"category","embeddable":true,"href":"https:\/\/www.africa-press.net\/cameroun\/wp-json\/wp\/v2\/categories?post=28245"},{"taxonomy":"post_tag","embeddable":true,"href":"https:\/\/www.africa-press.net\/cameroun\/wp-json\/wp\/v2\/tags?post=28245"}],"curies":[{"name":"wp","href":"https:\/\/api.w.org\/{rel}","templated":true}]}}