{"id":28248,"date":"2022-09-27T17:02:02","date_gmt":"2022-09-27T17:02:02","guid":{"rendered":"https:\/\/www.africa-press.net\/cameroun\/politique\/import-export-le-cameroun-reduit-le-deficit-de-sa-balance-commerciale-des-biens-au-1er-semestre-2022-ins"},"modified":"2022-09-27T18:05:18","modified_gmt":"2022-09-27T18:05:18","slug":"import-export-le-cameroun-reduit-le-deficit-de-sa-balance-commerciale-des-biens-au-1er-semestre-2022-ins","status":"publish","type":"post","link":"https:\/\/www.africa-press.net\/cameroun\/economie\/import-export-le-cameroun-reduit-le-deficit-de-sa-balance-commerciale-des-biens-au-1er-semestre-2022-ins","title":{"rendered":"Import-export\u00a0: le Cameroun r\u00e9duit le d\u00e9ficit de sa balance commerciale des biens au 1er semestre 2022 (INS)"},"content":{"rendered":"<p><span style=\"color: #ff6600\"><strong>Africa-Press &#8211; Cameroun. <\/strong><\/span>Investir au Cameroun) &#8211; Selon l\u2019Institut national de la statistique (INS), qui fait des projections sur l\u2019anne\u0301e 2022 dans son rapport 2021 sur les comptes nationaux, la vigueur des exportations et le fle\u0301chissement des importations ont permis au Cameroun de re\u0301duire le de\u0301ficit commercial des biens au cours des six premiers mois de l\u2019anne\u0301e courante.<\/p>\n<p>Dans le de\u0301tail, cette performance est \u00ab conse\u0301cutive a\u0300 une hausse en volume des exportations des biens de 2,8%, couple\u0301e a\u0300 une contraction des importations de biens de 11,3% \u00bb, souligne l\u2019organisme en charge de l\u2019e\u0301laboration de la statistique officielle au Cameroun.<\/p>\n<p>L\u2019INS ne donne pas de de\u0301tails sur les raisons d\u2019une re\u0301duction aussi importante des importations des biens entre janvier et juin 2022. Mais, cette re\u0301alite\u0301 peut e\u0302tre mise sur le compte de l\u2019explosion du cou\u0302t du fret et des matie\u0300res premie\u0300res sur le marche\u0301 international, en raison de la crise russo-ukrainienne.<\/p>\n<p>Cette conjoncture internationale morose, qui a induit l\u2019augmentation des cou\u0302ts de production dans les entreprises locales, a pu freiner les ardeurs des importateurs et autres transformateurs des matie\u0300res premie\u0300res. A\u0300 cela, il faut ajouter l\u2019augmentation des prix finaux aux consommateurs, re\u0301alite\u0301 qui a pu contracter la demande de certains produits importe\u0301s ou fabrique\u0301s a\u0300 base de matie\u0300res premie\u0300res importe\u0301es.<\/p>\n<p><b>BRM <\/b><\/p>\n<p><strong>Pour plus d&rsquo;informations et d&rsquo;analyses sur la <a href=\"https:\/\/www.africa-press.net\/cameroun\">Cameroun<\/a>, suivez <a href=\"https:\/\/www.africa-press.net\/\">Africa-Press<\/a><\/strong><\/p>\n","protected":false},"excerpt":{"rendered":"<p>Africa-Press &#8211; Cameroun. Investir au Cameroun) &#8211; Selon l\u2019Institut national de la statistique (INS), qui fait des projections sur l\u2019anne\u0301e 2022 dans son rapport 2021 sur les comptes nationaux, la vigueur des exportations et le fle\u0301chissement des importations ont permis au Cameroun de re\u0301duire le de\u0301ficit commercial des biens au cours des six premiers mois [&hellip;]<\/p>\n","protected":false},"author":82,"featured_media":28247,"comment_status":"open","ping_status":"closed","sticky":false,"template":"","format":"standard","meta":{"footnotes":""},"categories":[3,10],"tags":[36,50,49],"class_list":["post-28248","post","type-post","status-publish","format-standard","has-post-thumbnail","hentry","category-economie","category-toutes-les-actualites","tag-africa-press","tag-africa-press-cameroun","tag-cameroun"],"yoast_head":"<!-- This site is optimized with the Yoast SEO Premium plugin v26.1 (Yoast SEO v27.0) - https:\/\/yoast.com\/product\/yoast-seo-premium-wordpress\/ -->\n<title>Import-export\u00a0: le Cameroun r\u00e9duit le d\u00e9ficit de sa balance commerciale des biens au 1er semestre 2022 (INS) - Cameroun<\/title>\n<meta name=\"description\" content=\"Investir au Cameroun) - Selon l\u2019Institut national de la statistique (INS), qui fait des projections sur l\u2019anne\u0301e 2022 da ...\" \/>\n<meta name=\"robots\" content=\"index, follow, max-snippet:-1, max-image-preview:large, max-video-preview:-1\" \/>\n<link rel=\"canonical\" href=\"https:\/\/www.africa-press.net\/cameroun\/economie\/import-export-le-cameroun-reduit-le-deficit-de-sa-balance-commerciale-des-biens-au-1er-semestre-2022-ins\" \/>\n<meta property=\"og:locale\" content=\"fr_FR\" \/>\n<meta property=\"og:type\" content=\"article\" \/>\n<meta property=\"og:title\" content=\"Import-export\u00a0: le Cameroun r\u00e9duit le d\u00e9ficit de sa balance commerciale des biens au 1er semestre 2022 (INS)\" \/>\n<meta property=\"og:description\" content=\"Investir au Cameroun) - Selon l\u2019Institut national de la statistique (INS), qui fait des projections sur l\u2019anne\u0301e 2022 da ...\" \/>\n<meta property=\"og:url\" content=\"https:\/\/www.africa-press.net\/cameroun\/economie\/import-export-le-cameroun-reduit-le-deficit-de-sa-balance-commerciale-des-biens-au-1er-semestre-2022-ins\" \/>\n<meta property=\"og:site_name\" content=\"Cameroun\" \/>\n<meta property=\"article:published_time\" content=\"2022-09-27T17:02:02+00:00\" \/>\n<meta property=\"article:modified_time\" content=\"2022-09-27T18:05:18+00:00\" \/>\n<meta property=\"og:image\" content=\"https:\/\/static.africa-press.net\/cameroun\/sites\/57\/2022\/09\/img-63333b488fcd8.jpg\" \/>\n\t<meta property=\"og:image:width\" content=\"720\" \/>\n\t<meta property=\"og:image:height\" content=\"472\" \/>\n\t<meta property=\"og:image:type\" content=\"image\/jpeg\" \/>\n<meta name=\"author\" content=\"cfeditorfr\" \/>\n<meta name=\"twitter:card\" content=\"summary_large_image\" \/>\n<meta name=\"twitter:label1\" content=\"\u00c9crit par\" \/>\n\t<meta name=\"twitter:data1\" content=\"cfeditorfr\" \/>\n\t<meta name=\"twitter:label2\" content=\"Dur\u00e9e de lecture estim\u00e9e\" \/>\n\t<meta name=\"twitter:data2\" content=\"2 minutes\" \/>\n<script type=\"application\/ld+json\" class=\"yoast-schema-graph\">{\"@context\":\"https:\/\/schema.org\",\"@graph\":[{\"@type\":\"Article\",\"@id\":\"https:\/\/www.africa-press.net\/cameroun\/economie\/import-export-le-cameroun-reduit-le-deficit-de-sa-balance-commerciale-des-biens-au-1er-semestre-2022-ins#article\",\"isPartOf\":{\"@id\":\"https:\/\/www.africa-press.net\/cameroun\/economie\/import-export-le-cameroun-reduit-le-deficit-de-sa-balance-commerciale-des-biens-au-1er-semestre-2022-ins\"},\"author\":{\"name\":\"cfeditorfr\",\"@id\":\"https:\/\/www.africa-press.net\/cameroun\/#\/schema\/person\/2b1cf3cd81a31e3cd26889ca66d677f1\"},\"headline\":\"Import-export\u00a0: le Cameroun r\u00e9duit le d\u00e9ficit de sa balance commerciale des biens au 1er semestre 2022 (INS)\",\"datePublished\":\"2022-09-27T17:02:02+00:00\",\"dateModified\":\"2022-09-27T18:05:18+00:00\",\"mainEntityOfPage\":{\"@id\":\"https:\/\/www.africa-press.net\/cameroun\/economie\/import-export-le-cameroun-reduit-le-deficit-de-sa-balance-commerciale-des-biens-au-1er-semestre-2022-ins\"},\"wordCount\":269,\"commentCount\":0,\"image\":{\"@id\":\"https:\/\/www.africa-press.net\/cameroun\/economie\/import-export-le-cameroun-reduit-le-deficit-de-sa-balance-commerciale-des-biens-au-1er-semestre-2022-ins#primaryimage\"},\"thumbnailUrl\":\"https:\/\/static.africa-press.net\/cameroun\/sites\/57\/2022\/09\/img-63333b488fcd8.jpg\",\"keywords\":[\"Africa Press\",\"Africa Press-Cameroun\",\"Cameroun\"],\"articleSection\":[\"\u00c9conomie\",\"Toutes les actualit\u00e9s\"],\"inLanguage\":\"fr-FR\",\"potentialAction\":[{\"@type\":\"CommentAction\",\"name\":\"Comment\",\"target\":[\"https:\/\/www.africa-press.net\/cameroun\/economie\/import-export-le-cameroun-reduit-le-deficit-de-sa-balance-commerciale-des-biens-au-1er-semestre-2022-ins#respond\"]}]},{\"@type\":\"WebPage\",\"@id\":\"https:\/\/www.africa-press.net\/cameroun\/economie\/import-export-le-cameroun-reduit-le-deficit-de-sa-balance-commerciale-des-biens-au-1er-semestre-2022-ins\",\"url\":\"https:\/\/www.africa-press.net\/cameroun\/economie\/import-export-le-cameroun-reduit-le-deficit-de-sa-balance-commerciale-des-biens-au-1er-semestre-2022-ins\",\"name\":\"Import-export\u00a0: le Cameroun r\u00e9duit le d\u00e9ficit de sa balance commerciale des biens au 1er semestre 2022 (INS) - Cameroun\",\"isPartOf\":{\"@id\":\"https:\/\/www.africa-press.net\/cameroun\/#website\"},\"primaryImageOfPage\":{\"@id\":\"https:\/\/www.africa-press.net\/cameroun\/economie\/import-export-le-cameroun-reduit-le-deficit-de-sa-balance-commerciale-des-biens-au-1er-semestre-2022-ins#primaryimage\"},\"image\":{\"@id\":\"https:\/\/www.africa-press.net\/cameroun\/economie\/import-export-le-cameroun-reduit-le-deficit-de-sa-balance-commerciale-des-biens-au-1er-semestre-2022-ins#primaryimage\"},\"thumbnailUrl\":\"https:\/\/static.africa-press.net\/cameroun\/sites\/57\/2022\/09\/img-63333b488fcd8.jpg\",\"datePublished\":\"2022-09-27T17:02:02+00:00\",\"dateModified\":\"2022-09-27T18:05:18+00:00\",\"author\":{\"@id\":\"https:\/\/www.africa-press.net\/cameroun\/#\/schema\/person\/2b1cf3cd81a31e3cd26889ca66d677f1\"},\"description\":\"Investir au Cameroun) - Selon l\u2019Institut national de la statistique (INS), qui fait des projections sur l\u2019anne\u0301e 2022 da ...\",\"breadcrumb\":{\"@id\":\"https:\/\/www.africa-press.net\/cameroun\/economie\/import-export-le-cameroun-reduit-le-deficit-de-sa-balance-commerciale-des-biens-au-1er-semestre-2022-ins#breadcrumb\"},\"inLanguage\":\"fr-FR\",\"potentialAction\":[{\"@type\":\"ReadAction\",\"target\":[\"https:\/\/www.africa-press.net\/cameroun\/economie\/import-export-le-cameroun-reduit-le-deficit-de-sa-balance-commerciale-des-biens-au-1er-semestre-2022-ins\"]}]},{\"@type\":\"ImageObject\",\"inLanguage\":\"fr-FR\",\"@id\":\"https:\/\/www.africa-press.net\/cameroun\/economie\/import-export-le-cameroun-reduit-le-deficit-de-sa-balance-commerciale-des-biens-au-1er-semestre-2022-ins#primaryimage\",\"url\":\"https:\/\/static.africa-press.net\/cameroun\/sites\/57\/2022\/09\/img-63333b488fcd8.jpg\",\"contentUrl\":\"https:\/\/static.africa-press.net\/cameroun\/sites\/57\/2022\/09\/img-63333b488fcd8.jpg\",\"width\":720,\"height\":472,\"caption\":\"Import-export\u00a0: le Cameroun r\u00e9duit le d\u00e9ficit de sa balance commerciale des biens au 1er semestre 2022 (INS)\"},{\"@type\":\"BreadcrumbList\",\"@id\":\"https:\/\/www.africa-press.net\/cameroun\/economie\/import-export-le-cameroun-reduit-le-deficit-de-sa-balance-commerciale-des-biens-au-1er-semestre-2022-ins#breadcrumb\",\"itemListElement\":[{\"@type\":\"ListItem\",\"position\":1,\"name\":\"Accueil\",\"item\":\"https:\/\/www.africa-press.net\/cameroun\/\"},{\"@type\":\"ListItem\",\"position\":2,\"name\":\"Import-export\u00a0: le Cameroun r\u00e9duit le d\u00e9ficit de sa balance commerciale des biens au 1er semestre 2022 (INS)\"}]},{\"@type\":\"WebSite\",\"@id\":\"https:\/\/www.africa-press.net\/cameroun\/#website\",\"url\":\"https:\/\/www.africa-press.net\/cameroun\/\",\"name\":\"Cameroun\",\"description\":\"Just another Africa News Agency Sites site\",\"potentialAction\":[{\"@type\":\"SearchAction\",\"target\":{\"@type\":\"EntryPoint\",\"urlTemplate\":\"https:\/\/www.africa-press.net\/cameroun\/?s={search_term_string}\"},\"query-input\":{\"@type\":\"PropertyValueSpecification\",\"valueRequired\":true,\"valueName\":\"search_term_string\"}}],\"inLanguage\":\"fr-FR\"},{\"@type\":\"Person\",\"@id\":\"https:\/\/www.africa-press.net\/cameroun\/#\/schema\/person\/2b1cf3cd81a31e3cd26889ca66d677f1\",\"name\":\"cfeditorfr\"}]}<\/script>\n<!-- \/ Yoast SEO Premium plugin. -->","yoast_head_json":{"title":"Import-export\u00a0: le Cameroun r\u00e9duit le d\u00e9ficit de sa balance commerciale des biens au 1er semestre 2022 (INS) - Cameroun","description":"Investir au Cameroun) - Selon l\u2019Institut national de la statistique (INS), qui fait des projections sur l\u2019anne\u0301e 2022 da ...","robots":{"index":"index","follow":"follow","max-snippet":"max-snippet:-1","max-image-preview":"max-image-preview:large","max-video-preview":"max-video-preview:-1"},"canonical":"https:\/\/www.africa-press.net\/cameroun\/economie\/import-export-le-cameroun-reduit-le-deficit-de-sa-balance-commerciale-des-biens-au-1er-semestre-2022-ins","og_locale":"fr_FR","og_type":"article","og_title":"Import-export\u00a0: le Cameroun r\u00e9duit le d\u00e9ficit de sa balance commerciale des biens au 1er semestre 2022 (INS)","og_description":"Investir au Cameroun) - Selon l\u2019Institut national de la statistique (INS), qui fait des projections sur l\u2019anne\u0301e 2022 da ...","og_url":"https:\/\/www.africa-press.net\/cameroun\/economie\/import-export-le-cameroun-reduit-le-deficit-de-sa-balance-commerciale-des-biens-au-1er-semestre-2022-ins","og_site_name":"Cameroun","article_published_time":"2022-09-27T17:02:02+00:00","article_modified_time":"2022-09-27T18:05:18+00:00","og_image":[{"width":720,"height":472,"url":"https:\/\/static.africa-press.net\/cameroun\/sites\/57\/2022\/09\/img-63333b488fcd8.jpg","type":"image\/jpeg"}],"author":"cfeditorfr","twitter_card":"summary_large_image","twitter_misc":{"\u00c9crit par":"cfeditorfr","Dur\u00e9e de lecture estim\u00e9e":"2 minutes"},"schema":{"@context":"https:\/\/schema.org","@graph":[{"@type":"Article","@id":"https:\/\/www.africa-press.net\/cameroun\/economie\/import-export-le-cameroun-reduit-le-deficit-de-sa-balance-commerciale-des-biens-au-1er-semestre-2022-ins#article","isPartOf":{"@id":"https:\/\/www.africa-press.net\/cameroun\/economie\/import-export-le-cameroun-reduit-le-deficit-de-sa-balance-commerciale-des-biens-au-1er-semestre-2022-ins"},"author":{"name":"cfeditorfr","@id":"https:\/\/www.africa-press.net\/cameroun\/#\/schema\/person\/2b1cf3cd81a31e3cd26889ca66d677f1"},"headline":"Import-export\u00a0: le Cameroun r\u00e9duit le d\u00e9ficit de sa balance commerciale des biens au 1er semestre 2022 (INS)","datePublished":"2022-09-27T17:02:02+00:00","dateModified":"2022-09-27T18:05:18+00:00","mainEntityOfPage":{"@id":"https:\/\/www.africa-press.net\/cameroun\/economie\/import-export-le-cameroun-reduit-le-deficit-de-sa-balance-commerciale-des-biens-au-1er-semestre-2022-ins"},"wordCount":269,"commentCount":0,"image":{"@id":"https:\/\/www.africa-press.net\/cameroun\/economie\/import-export-le-cameroun-reduit-le-deficit-de-sa-balance-commerciale-des-biens-au-1er-semestre-2022-ins#primaryimage"},"thumbnailUrl":"https:\/\/static.africa-press.net\/cameroun\/sites\/57\/2022\/09\/img-63333b488fcd8.jpg","keywords":["Africa Press","Africa Press-Cameroun","Cameroun"],"articleSection":["\u00c9conomie","Toutes les actualit\u00e9s"],"inLanguage":"fr-FR","potentialAction":[{"@type":"CommentAction","name":"Comment","target":["https:\/\/www.africa-press.net\/cameroun\/economie\/import-export-le-cameroun-reduit-le-deficit-de-sa-balance-commerciale-des-biens-au-1er-semestre-2022-ins#respond"]}]},{"@type":"WebPage","@id":"https:\/\/www.africa-press.net\/cameroun\/economie\/import-export-le-cameroun-reduit-le-deficit-de-sa-balance-commerciale-des-biens-au-1er-semestre-2022-ins","url":"https:\/\/www.africa-press.net\/cameroun\/economie\/import-export-le-cameroun-reduit-le-deficit-de-sa-balance-commerciale-des-biens-au-1er-semestre-2022-ins","name":"Import-export\u00a0: le Cameroun r\u00e9duit le d\u00e9ficit de sa balance commerciale des biens au 1er semestre 2022 (INS) - Cameroun","isPartOf":{"@id":"https:\/\/www.africa-press.net\/cameroun\/#website"},"primaryImageOfPage":{"@id":"https:\/\/www.africa-press.net\/cameroun\/economie\/import-export-le-cameroun-reduit-le-deficit-de-sa-balance-commerciale-des-biens-au-1er-semestre-2022-ins#primaryimage"},"image":{"@id":"https:\/\/www.africa-press.net\/cameroun\/economie\/import-export-le-cameroun-reduit-le-deficit-de-sa-balance-commerciale-des-biens-au-1er-semestre-2022-ins#primaryimage"},"thumbnailUrl":"https:\/\/static.africa-press.net\/cameroun\/sites\/57\/2022\/09\/img-63333b488fcd8.jpg","datePublished":"2022-09-27T17:02:02+00:00","dateModified":"2022-09-27T18:05:18+00:00","author":{"@id":"https:\/\/www.africa-press.net\/cameroun\/#\/schema\/person\/2b1cf3cd81a31e3cd26889ca66d677f1"},"description":"Investir au Cameroun) - Selon l\u2019Institut national de la statistique (INS), qui fait des projections sur l\u2019anne\u0301e 2022 da ...","breadcrumb":{"@id":"https:\/\/www.africa-press.net\/cameroun\/economie\/import-export-le-cameroun-reduit-le-deficit-de-sa-balance-commerciale-des-biens-au-1er-semestre-2022-ins#breadcrumb"},"inLanguage":"fr-FR","potentialAction":[{"@type":"ReadAction","target":["https:\/\/www.africa-press.net\/cameroun\/economie\/import-export-le-cameroun-reduit-le-deficit-de-sa-balance-commerciale-des-biens-au-1er-semestre-2022-ins"]}]},{"@type":"ImageObject","inLanguage":"fr-FR","@id":"https:\/\/www.africa-press.net\/cameroun\/economie\/import-export-le-cameroun-reduit-le-deficit-de-sa-balance-commerciale-des-biens-au-1er-semestre-2022-ins#primaryimage","url":"https:\/\/static.africa-press.net\/cameroun\/sites\/57\/2022\/09\/img-63333b488fcd8.jpg","contentUrl":"https:\/\/static.africa-press.net\/cameroun\/sites\/57\/2022\/09\/img-63333b488fcd8.jpg","width":720,"height":472,"caption":"Import-export\u00a0: le Cameroun r\u00e9duit le d\u00e9ficit de sa balance commerciale des biens au 1er semestre 2022 (INS)"},{"@type":"BreadcrumbList","@id":"https:\/\/www.africa-press.net\/cameroun\/economie\/import-export-le-cameroun-reduit-le-deficit-de-sa-balance-commerciale-des-biens-au-1er-semestre-2022-ins#breadcrumb","itemListElement":[{"@type":"ListItem","position":1,"name":"Accueil","item":"https:\/\/www.africa-press.net\/cameroun\/"},{"@type":"ListItem","position":2,"name":"Import-export\u00a0: le Cameroun r\u00e9duit le d\u00e9ficit de sa balance commerciale des biens au 1er semestre 2022 (INS)"}]},{"@type":"WebSite","@id":"https:\/\/www.africa-press.net\/cameroun\/#website","url":"https:\/\/www.africa-press.net\/cameroun\/","name":"Cameroun","description":"Just another Africa News Agency Sites site","potentialAction":[{"@type":"SearchAction","target":{"@type":"EntryPoint","urlTemplate":"https:\/\/www.africa-press.net\/cameroun\/?s={search_term_string}"},"query-input":{"@type":"PropertyValueSpecification","valueRequired":true,"valueName":"search_term_string"}}],"inLanguage":"fr-FR"},{"@type":"Person","@id":"https:\/\/www.africa-press.net\/cameroun\/#\/schema\/person\/2b1cf3cd81a31e3cd26889ca66d677f1","name":"cfeditorfr"}]}},"_links":{"self":[{"href":"https:\/\/www.africa-press.net\/cameroun\/wp-json\/wp\/v2\/posts\/28248","targetHints":{"allow":["GET"]}}],"collection":[{"href":"https:\/\/www.africa-press.net\/cameroun\/wp-json\/wp\/v2\/posts"}],"about":[{"href":"https:\/\/www.africa-press.net\/cameroun\/wp-json\/wp\/v2\/types\/post"}],"author":[{"embeddable":true,"href":"https:\/\/www.africa-press.net\/cameroun\/wp-json\/wp\/v2\/users\/82"}],"replies":[{"embeddable":true,"href":"https:\/\/www.africa-press.net\/cameroun\/wp-json\/wp\/v2\/comments?post=28248"}],"version-history":[{"count":0,"href":"https:\/\/www.africa-press.net\/cameroun\/wp-json\/wp\/v2\/posts\/28248\/revisions"}],"wp:featuredmedia":[{"embeddable":true,"href":"https:\/\/www.africa-press.net\/cameroun\/wp-json\/wp\/v2\/media\/28247"}],"wp:attachment":[{"href":"https:\/\/www.africa-press.net\/cameroun\/wp-json\/wp\/v2\/media?parent=28248"}],"wp:term":[{"taxonomy":"category","embeddable":true,"href":"https:\/\/www.africa-press.net\/cameroun\/wp-json\/wp\/v2\/categories?post=28248"},{"taxonomy":"post_tag","embeddable":true,"href":"https:\/\/www.africa-press.net\/cameroun\/wp-json\/wp\/v2\/tags?post=28248"}],"curies":[{"name":"wp","href":"https:\/\/api.w.org\/{rel}","templated":true}]}}