{"id":28251,"date":"2022-09-27T17:07:32","date_gmt":"2022-09-27T17:07:32","guid":{"rendered":"https:\/\/www.africa-press.net\/cameroun\/politique\/elevage-le-transport-nocturne-du-betail-interdit-dans-la-region-de-ladamaoua-en-raison-de-la-recrudescence-du-vol"},"modified":"2022-09-27T18:05:47","modified_gmt":"2022-09-27T18:05:47","slug":"elevage-le-transport-nocturne-du-betail-interdit-dans-la-region-de-ladamaoua-en-raison-de-la-recrudescence-du-vol","status":"publish","type":"post","link":"https:\/\/www.africa-press.net\/cameroun\/economie\/elevage-le-transport-nocturne-du-betail-interdit-dans-la-region-de-ladamaoua-en-raison-de-la-recrudescence-du-vol","title":{"rendered":"\u00c9levage\u00a0: le transport nocturne du b\u00e9tail interdit dans la r\u00e9gion de l\u2019Adamaoua, en raison de la recrudescence du vol"},"content":{"rendered":"<p><span style=\"color: #ff6600\"><strong>Africa-Press &#8211; Cameroun. <\/strong><\/span>Investir au Cameroun) &#8211; Le gouverneur de la re\u0301gion de l\u2019Adamaoua, dans la partie septentrionale du Cameroun, a interdit depuis le 2 septembre 2022, le transport nocturne du be\u0301tail, me\u0302me de\u0301pece\u0301. A\u0300 travers cette de\u0301cision, Kildadi Taguieke Boukar entend combattre le phe\u0301nome\u0300ne de vol du be\u0301tail, qui se\u0301vit depuis quelque temps dans cette partie du pays.<\/p>\n<p>\u00ab Nous avons releve\u0301 une re\u0301currence des vols de be\u0301tail et quelques criminalite\u0301s connexes (&#8230;) Dans certaines localite\u0301s, les gens allaient nuitamment dans les bergeries et pre\u0301levaient les b\u0153ufs. C\u2019est pendant cette nuit qu\u2019ils envoyaient ces animaux vers les abattoirs fictifs pour les abattre, et e\u0301couler les produits vers les marche\u0301s de la ville \u00bb, a explique\u0301 cette autorite\u0301 administrative a\u0300 Cameroon Tribune, le quotidien a\u0300 capitaux publics.<\/p>\n<p>Cette recrudescence des vols de be\u0301tail dans la re\u0301gion de l\u2019Adamaoua survient alors que le phe\u0301nome\u0300ne tendait a\u0300 s\u2019estomper depuis l\u2019anne\u0301e 2021. En effet, selon les donne\u0301es compile\u0301es par l\u2019Association pour le de\u0301veloppement social et culturel des Mbororos du Cameroun (Mboscuda), communaute\u0301 constitue\u0301e d\u2019e\u0301leveurs nomades, \u00ab on est passe\u0301 de 1 209 b\u0153ufs vols en 2020, a 221 b\u0153ufs en 2021 \u00bb.<\/p>\n<p><b>BRM<\/b><\/p>\n<p><strong>Pour plus d&rsquo;informations et d&rsquo;analyses sur la <a href=\"https:\/\/www.africa-press.net\/cameroun\">Cameroun<\/a>, suivez <a href=\"https:\/\/www.africa-press.net\/\">Africa-Press<\/a><\/strong><\/p>\n","protected":false},"excerpt":{"rendered":"<p>Africa-Press &#8211; Cameroun. Investir au Cameroun) &#8211; Le gouverneur de la re\u0301gion de l\u2019Adamaoua, dans la partie septentrionale du Cameroun, a interdit depuis le 2 septembre 2022, le transport nocturne du be\u0301tail, me\u0302me de\u0301pece\u0301. A\u0300 travers cette de\u0301cision, Kildadi Taguieke Boukar entend combattre le phe\u0301nome\u0300ne de vol du be\u0301tail, qui se\u0301vit depuis quelque temps dans [&hellip;]<\/p>\n","protected":false},"author":82,"featured_media":28250,"comment_status":"open","ping_status":"closed","sticky":false,"template":"","format":"standard","meta":{"footnotes":""},"categories":[3,10],"tags":[36,50,49],"class_list":["post-28251","post","type-post","status-publish","format-standard","has-post-thumbnail","hentry","category-economie","category-toutes-les-actualites","tag-africa-press","tag-africa-press-cameroun","tag-cameroun"],"yoast_head":"<!-- This site is optimized with the Yoast SEO Premium plugin v26.1 (Yoast SEO v27.0) - https:\/\/yoast.com\/product\/yoast-seo-premium-wordpress\/ -->\n<title>\u00c9levage\u00a0: le transport nocturne du b\u00e9tail interdit dans la r\u00e9gion de l\u2019Adamaoua, en raison de la recrudescence du vol - Cameroun<\/title>\n<meta name=\"description\" content=\"Investir au Cameroun) - Le gouverneur de la re\u0301gion de l\u2019Adamaoua, dans la partie septentrionale du Cameroun, a interdit ...\" \/>\n<meta name=\"robots\" content=\"index, follow, max-snippet:-1, max-image-preview:large, max-video-preview:-1\" \/>\n<link rel=\"canonical\" href=\"https:\/\/www.africa-press.net\/cameroun\/economie\/elevage-le-transport-nocturne-du-betail-interdit-dans-la-region-de-ladamaoua-en-raison-de-la-recrudescence-du-vol\" \/>\n<meta property=\"og:locale\" content=\"fr_FR\" \/>\n<meta property=\"og:type\" content=\"article\" \/>\n<meta property=\"og:title\" content=\"\u00c9levage\u00a0: le transport nocturne du b\u00e9tail interdit dans la r\u00e9gion de l\u2019Adamaoua, en raison de la recrudescence du vol\" \/>\n<meta property=\"og:description\" content=\"Investir au Cameroun) - Le gouverneur de la re\u0301gion de l\u2019Adamaoua, dans la partie septentrionale du Cameroun, a interdit ...\" \/>\n<meta property=\"og:url\" content=\"https:\/\/www.africa-press.net\/cameroun\/economie\/elevage-le-transport-nocturne-du-betail-interdit-dans-la-region-de-ladamaoua-en-raison-de-la-recrudescence-du-vol\" \/>\n<meta property=\"og:site_name\" content=\"Cameroun\" \/>\n<meta property=\"article:published_time\" content=\"2022-09-27T17:07:32+00:00\" \/>\n<meta property=\"article:modified_time\" content=\"2022-09-27T18:05:47+00:00\" \/>\n<meta property=\"og:image\" content=\"https:\/\/static.africa-press.net\/cameroun\/sites\/57\/2022\/09\/img-63333b6677463.jpg\" \/>\n\t<meta property=\"og:image:width\" content=\"720\" \/>\n\t<meta property=\"og:image:height\" content=\"480\" \/>\n\t<meta property=\"og:image:type\" content=\"image\/jpeg\" \/>\n<meta name=\"author\" content=\"cfeditorfr\" \/>\n<meta name=\"twitter:card\" content=\"summary_large_image\" \/>\n<meta name=\"twitter:label1\" content=\"\u00c9crit par\" \/>\n\t<meta name=\"twitter:data1\" content=\"cfeditorfr\" \/>\n\t<meta name=\"twitter:label2\" content=\"Dur\u00e9e de lecture estim\u00e9e\" \/>\n\t<meta name=\"twitter:data2\" content=\"1 minute\" \/>\n<script type=\"application\/ld+json\" class=\"yoast-schema-graph\">{\"@context\":\"https:\/\/schema.org\",\"@graph\":[{\"@type\":\"Article\",\"@id\":\"https:\/\/www.africa-press.net\/cameroun\/economie\/elevage-le-transport-nocturne-du-betail-interdit-dans-la-region-de-ladamaoua-en-raison-de-la-recrudescence-du-vol#article\",\"isPartOf\":{\"@id\":\"https:\/\/www.africa-press.net\/cameroun\/economie\/elevage-le-transport-nocturne-du-betail-interdit-dans-la-region-de-ladamaoua-en-raison-de-la-recrudescence-du-vol\"},\"author\":{\"name\":\"cfeditorfr\",\"@id\":\"https:\/\/www.africa-press.net\/cameroun\/#\/schema\/person\/2b1cf3cd81a31e3cd26889ca66d677f1\"},\"headline\":\"\u00c9levage\u00a0: le transport nocturne du b\u00e9tail interdit dans la r\u00e9gion de l\u2019Adamaoua, en raison de la recrudescence du vol\",\"datePublished\":\"2022-09-27T17:07:32+00:00\",\"dateModified\":\"2022-09-27T18:05:47+00:00\",\"mainEntityOfPage\":{\"@id\":\"https:\/\/www.africa-press.net\/cameroun\/economie\/elevage-le-transport-nocturne-du-betail-interdit-dans-la-region-de-ladamaoua-en-raison-de-la-recrudescence-du-vol\"},\"wordCount\":248,\"commentCount\":0,\"image\":{\"@id\":\"https:\/\/www.africa-press.net\/cameroun\/economie\/elevage-le-transport-nocturne-du-betail-interdit-dans-la-region-de-ladamaoua-en-raison-de-la-recrudescence-du-vol#primaryimage\"},\"thumbnailUrl\":\"https:\/\/static.africa-press.net\/cameroun\/sites\/57\/2022\/09\/img-63333b6677463.jpg\",\"keywords\":[\"Africa Press\",\"Africa Press-Cameroun\",\"Cameroun\"],\"articleSection\":[\"\u00c9conomie\",\"Toutes les actualit\u00e9s\"],\"inLanguage\":\"fr-FR\",\"potentialAction\":[{\"@type\":\"CommentAction\",\"name\":\"Comment\",\"target\":[\"https:\/\/www.africa-press.net\/cameroun\/economie\/elevage-le-transport-nocturne-du-betail-interdit-dans-la-region-de-ladamaoua-en-raison-de-la-recrudescence-du-vol#respond\"]}]},{\"@type\":\"WebPage\",\"@id\":\"https:\/\/www.africa-press.net\/cameroun\/economie\/elevage-le-transport-nocturne-du-betail-interdit-dans-la-region-de-ladamaoua-en-raison-de-la-recrudescence-du-vol\",\"url\":\"https:\/\/www.africa-press.net\/cameroun\/economie\/elevage-le-transport-nocturne-du-betail-interdit-dans-la-region-de-ladamaoua-en-raison-de-la-recrudescence-du-vol\",\"name\":\"\u00c9levage\u00a0: le transport nocturne du b\u00e9tail interdit dans la r\u00e9gion de l\u2019Adamaoua, en raison de la recrudescence du vol - Cameroun\",\"isPartOf\":{\"@id\":\"https:\/\/www.africa-press.net\/cameroun\/#website\"},\"primaryImageOfPage\":{\"@id\":\"https:\/\/www.africa-press.net\/cameroun\/economie\/elevage-le-transport-nocturne-du-betail-interdit-dans-la-region-de-ladamaoua-en-raison-de-la-recrudescence-du-vol#primaryimage\"},\"image\":{\"@id\":\"https:\/\/www.africa-press.net\/cameroun\/economie\/elevage-le-transport-nocturne-du-betail-interdit-dans-la-region-de-ladamaoua-en-raison-de-la-recrudescence-du-vol#primaryimage\"},\"thumbnailUrl\":\"https:\/\/static.africa-press.net\/cameroun\/sites\/57\/2022\/09\/img-63333b6677463.jpg\",\"datePublished\":\"2022-09-27T17:07:32+00:00\",\"dateModified\":\"2022-09-27T18:05:47+00:00\",\"author\":{\"@id\":\"https:\/\/www.africa-press.net\/cameroun\/#\/schema\/person\/2b1cf3cd81a31e3cd26889ca66d677f1\"},\"description\":\"Investir au Cameroun) - Le gouverneur de la re\u0301gion de l\u2019Adamaoua, dans la partie septentrionale du Cameroun, a interdit ...\",\"breadcrumb\":{\"@id\":\"https:\/\/www.africa-press.net\/cameroun\/economie\/elevage-le-transport-nocturne-du-betail-interdit-dans-la-region-de-ladamaoua-en-raison-de-la-recrudescence-du-vol#breadcrumb\"},\"inLanguage\":\"fr-FR\",\"potentialAction\":[{\"@type\":\"ReadAction\",\"target\":[\"https:\/\/www.africa-press.net\/cameroun\/economie\/elevage-le-transport-nocturne-du-betail-interdit-dans-la-region-de-ladamaoua-en-raison-de-la-recrudescence-du-vol\"]}]},{\"@type\":\"ImageObject\",\"inLanguage\":\"fr-FR\",\"@id\":\"https:\/\/www.africa-press.net\/cameroun\/economie\/elevage-le-transport-nocturne-du-betail-interdit-dans-la-region-de-ladamaoua-en-raison-de-la-recrudescence-du-vol#primaryimage\",\"url\":\"https:\/\/static.africa-press.net\/cameroun\/sites\/57\/2022\/09\/img-63333b6677463.jpg\",\"contentUrl\":\"https:\/\/static.africa-press.net\/cameroun\/sites\/57\/2022\/09\/img-63333b6677463.jpg\",\"width\":720,\"height\":480,\"caption\":\"\u00c9levage\u00a0: le transport nocturne du b\u00e9tail interdit dans la r\u00e9gion de l\u2019Adamaoua, en raison de la recrudescence du vol\"},{\"@type\":\"BreadcrumbList\",\"@id\":\"https:\/\/www.africa-press.net\/cameroun\/economie\/elevage-le-transport-nocturne-du-betail-interdit-dans-la-region-de-ladamaoua-en-raison-de-la-recrudescence-du-vol#breadcrumb\",\"itemListElement\":[{\"@type\":\"ListItem\",\"position\":1,\"name\":\"Accueil\",\"item\":\"https:\/\/www.africa-press.net\/cameroun\/\"},{\"@type\":\"ListItem\",\"position\":2,\"name\":\"\u00c9levage\u00a0: le transport nocturne du b\u00e9tail interdit dans la r\u00e9gion de l\u2019Adamaoua, en raison de la recrudescence du vol\"}]},{\"@type\":\"WebSite\",\"@id\":\"https:\/\/www.africa-press.net\/cameroun\/#website\",\"url\":\"https:\/\/www.africa-press.net\/cameroun\/\",\"name\":\"Cameroun\",\"description\":\"Just another Africa News Agency Sites site\",\"potentialAction\":[{\"@type\":\"SearchAction\",\"target\":{\"@type\":\"EntryPoint\",\"urlTemplate\":\"https:\/\/www.africa-press.net\/cameroun\/?s={search_term_string}\"},\"query-input\":{\"@type\":\"PropertyValueSpecification\",\"valueRequired\":true,\"valueName\":\"search_term_string\"}}],\"inLanguage\":\"fr-FR\"},{\"@type\":\"Person\",\"@id\":\"https:\/\/www.africa-press.net\/cameroun\/#\/schema\/person\/2b1cf3cd81a31e3cd26889ca66d677f1\",\"name\":\"cfeditorfr\"}]}<\/script>\n<!-- \/ Yoast SEO Premium plugin. -->","yoast_head_json":{"title":"\u00c9levage\u00a0: le transport nocturne du b\u00e9tail interdit dans la r\u00e9gion de l\u2019Adamaoua, en raison de la recrudescence du vol - Cameroun","description":"Investir au Cameroun) - Le gouverneur de la re\u0301gion de l\u2019Adamaoua, dans la partie septentrionale du Cameroun, a interdit ...","robots":{"index":"index","follow":"follow","max-snippet":"max-snippet:-1","max-image-preview":"max-image-preview:large","max-video-preview":"max-video-preview:-1"},"canonical":"https:\/\/www.africa-press.net\/cameroun\/economie\/elevage-le-transport-nocturne-du-betail-interdit-dans-la-region-de-ladamaoua-en-raison-de-la-recrudescence-du-vol","og_locale":"fr_FR","og_type":"article","og_title":"\u00c9levage\u00a0: le transport nocturne du b\u00e9tail interdit dans la r\u00e9gion de l\u2019Adamaoua, en raison de la recrudescence du vol","og_description":"Investir au Cameroun) - Le gouverneur de la re\u0301gion de l\u2019Adamaoua, dans la partie septentrionale du Cameroun, a interdit ...","og_url":"https:\/\/www.africa-press.net\/cameroun\/economie\/elevage-le-transport-nocturne-du-betail-interdit-dans-la-region-de-ladamaoua-en-raison-de-la-recrudescence-du-vol","og_site_name":"Cameroun","article_published_time":"2022-09-27T17:07:32+00:00","article_modified_time":"2022-09-27T18:05:47+00:00","og_image":[{"width":720,"height":480,"url":"https:\/\/static.africa-press.net\/cameroun\/sites\/57\/2022\/09\/img-63333b6677463.jpg","type":"image\/jpeg"}],"author":"cfeditorfr","twitter_card":"summary_large_image","twitter_misc":{"\u00c9crit par":"cfeditorfr","Dur\u00e9e de lecture estim\u00e9e":"1 minute"},"schema":{"@context":"https:\/\/schema.org","@graph":[{"@type":"Article","@id":"https:\/\/www.africa-press.net\/cameroun\/economie\/elevage-le-transport-nocturne-du-betail-interdit-dans-la-region-de-ladamaoua-en-raison-de-la-recrudescence-du-vol#article","isPartOf":{"@id":"https:\/\/www.africa-press.net\/cameroun\/economie\/elevage-le-transport-nocturne-du-betail-interdit-dans-la-region-de-ladamaoua-en-raison-de-la-recrudescence-du-vol"},"author":{"name":"cfeditorfr","@id":"https:\/\/www.africa-press.net\/cameroun\/#\/schema\/person\/2b1cf3cd81a31e3cd26889ca66d677f1"},"headline":"\u00c9levage\u00a0: le transport nocturne du b\u00e9tail interdit dans la r\u00e9gion de l\u2019Adamaoua, en raison de la recrudescence du vol","datePublished":"2022-09-27T17:07:32+00:00","dateModified":"2022-09-27T18:05:47+00:00","mainEntityOfPage":{"@id":"https:\/\/www.africa-press.net\/cameroun\/economie\/elevage-le-transport-nocturne-du-betail-interdit-dans-la-region-de-ladamaoua-en-raison-de-la-recrudescence-du-vol"},"wordCount":248,"commentCount":0,"image":{"@id":"https:\/\/www.africa-press.net\/cameroun\/economie\/elevage-le-transport-nocturne-du-betail-interdit-dans-la-region-de-ladamaoua-en-raison-de-la-recrudescence-du-vol#primaryimage"},"thumbnailUrl":"https:\/\/static.africa-press.net\/cameroun\/sites\/57\/2022\/09\/img-63333b6677463.jpg","keywords":["Africa Press","Africa Press-Cameroun","Cameroun"],"articleSection":["\u00c9conomie","Toutes les actualit\u00e9s"],"inLanguage":"fr-FR","potentialAction":[{"@type":"CommentAction","name":"Comment","target":["https:\/\/www.africa-press.net\/cameroun\/economie\/elevage-le-transport-nocturne-du-betail-interdit-dans-la-region-de-ladamaoua-en-raison-de-la-recrudescence-du-vol#respond"]}]},{"@type":"WebPage","@id":"https:\/\/www.africa-press.net\/cameroun\/economie\/elevage-le-transport-nocturne-du-betail-interdit-dans-la-region-de-ladamaoua-en-raison-de-la-recrudescence-du-vol","url":"https:\/\/www.africa-press.net\/cameroun\/economie\/elevage-le-transport-nocturne-du-betail-interdit-dans-la-region-de-ladamaoua-en-raison-de-la-recrudescence-du-vol","name":"\u00c9levage\u00a0: le transport nocturne du b\u00e9tail interdit dans la r\u00e9gion de l\u2019Adamaoua, en raison de la recrudescence du vol - Cameroun","isPartOf":{"@id":"https:\/\/www.africa-press.net\/cameroun\/#website"},"primaryImageOfPage":{"@id":"https:\/\/www.africa-press.net\/cameroun\/economie\/elevage-le-transport-nocturne-du-betail-interdit-dans-la-region-de-ladamaoua-en-raison-de-la-recrudescence-du-vol#primaryimage"},"image":{"@id":"https:\/\/www.africa-press.net\/cameroun\/economie\/elevage-le-transport-nocturne-du-betail-interdit-dans-la-region-de-ladamaoua-en-raison-de-la-recrudescence-du-vol#primaryimage"},"thumbnailUrl":"https:\/\/static.africa-press.net\/cameroun\/sites\/57\/2022\/09\/img-63333b6677463.jpg","datePublished":"2022-09-27T17:07:32+00:00","dateModified":"2022-09-27T18:05:47+00:00","author":{"@id":"https:\/\/www.africa-press.net\/cameroun\/#\/schema\/person\/2b1cf3cd81a31e3cd26889ca66d677f1"},"description":"Investir au Cameroun) - Le gouverneur de la re\u0301gion de l\u2019Adamaoua, dans la partie septentrionale du Cameroun, a interdit ...","breadcrumb":{"@id":"https:\/\/www.africa-press.net\/cameroun\/economie\/elevage-le-transport-nocturne-du-betail-interdit-dans-la-region-de-ladamaoua-en-raison-de-la-recrudescence-du-vol#breadcrumb"},"inLanguage":"fr-FR","potentialAction":[{"@type":"ReadAction","target":["https:\/\/www.africa-press.net\/cameroun\/economie\/elevage-le-transport-nocturne-du-betail-interdit-dans-la-region-de-ladamaoua-en-raison-de-la-recrudescence-du-vol"]}]},{"@type":"ImageObject","inLanguage":"fr-FR","@id":"https:\/\/www.africa-press.net\/cameroun\/economie\/elevage-le-transport-nocturne-du-betail-interdit-dans-la-region-de-ladamaoua-en-raison-de-la-recrudescence-du-vol#primaryimage","url":"https:\/\/static.africa-press.net\/cameroun\/sites\/57\/2022\/09\/img-63333b6677463.jpg","contentUrl":"https:\/\/static.africa-press.net\/cameroun\/sites\/57\/2022\/09\/img-63333b6677463.jpg","width":720,"height":480,"caption":"\u00c9levage\u00a0: le transport nocturne du b\u00e9tail interdit dans la r\u00e9gion de l\u2019Adamaoua, en raison de la recrudescence du vol"},{"@type":"BreadcrumbList","@id":"https:\/\/www.africa-press.net\/cameroun\/economie\/elevage-le-transport-nocturne-du-betail-interdit-dans-la-region-de-ladamaoua-en-raison-de-la-recrudescence-du-vol#breadcrumb","itemListElement":[{"@type":"ListItem","position":1,"name":"Accueil","item":"https:\/\/www.africa-press.net\/cameroun\/"},{"@type":"ListItem","position":2,"name":"\u00c9levage\u00a0: le transport nocturne du b\u00e9tail interdit dans la r\u00e9gion de l\u2019Adamaoua, en raison de la recrudescence du vol"}]},{"@type":"WebSite","@id":"https:\/\/www.africa-press.net\/cameroun\/#website","url":"https:\/\/www.africa-press.net\/cameroun\/","name":"Cameroun","description":"Just another Africa News Agency Sites site","potentialAction":[{"@type":"SearchAction","target":{"@type":"EntryPoint","urlTemplate":"https:\/\/www.africa-press.net\/cameroun\/?s={search_term_string}"},"query-input":{"@type":"PropertyValueSpecification","valueRequired":true,"valueName":"search_term_string"}}],"inLanguage":"fr-FR"},{"@type":"Person","@id":"https:\/\/www.africa-press.net\/cameroun\/#\/schema\/person\/2b1cf3cd81a31e3cd26889ca66d677f1","name":"cfeditorfr"}]}},"_links":{"self":[{"href":"https:\/\/www.africa-press.net\/cameroun\/wp-json\/wp\/v2\/posts\/28251","targetHints":{"allow":["GET"]}}],"collection":[{"href":"https:\/\/www.africa-press.net\/cameroun\/wp-json\/wp\/v2\/posts"}],"about":[{"href":"https:\/\/www.africa-press.net\/cameroun\/wp-json\/wp\/v2\/types\/post"}],"author":[{"embeddable":true,"href":"https:\/\/www.africa-press.net\/cameroun\/wp-json\/wp\/v2\/users\/82"}],"replies":[{"embeddable":true,"href":"https:\/\/www.africa-press.net\/cameroun\/wp-json\/wp\/v2\/comments?post=28251"}],"version-history":[{"count":0,"href":"https:\/\/www.africa-press.net\/cameroun\/wp-json\/wp\/v2\/posts\/28251\/revisions"}],"wp:featuredmedia":[{"embeddable":true,"href":"https:\/\/www.africa-press.net\/cameroun\/wp-json\/wp\/v2\/media\/28250"}],"wp:attachment":[{"href":"https:\/\/www.africa-press.net\/cameroun\/wp-json\/wp\/v2\/media?parent=28251"}],"wp:term":[{"taxonomy":"category","embeddable":true,"href":"https:\/\/www.africa-press.net\/cameroun\/wp-json\/wp\/v2\/categories?post=28251"},{"taxonomy":"post_tag","embeddable":true,"href":"https:\/\/www.africa-press.net\/cameroun\/wp-json\/wp\/v2\/tags?post=28251"}],"curies":[{"name":"wp","href":"https:\/\/api.w.org\/{rel}","templated":true}]}}