{"id":28260,"date":"2022-09-28T16:51:32","date_gmt":"2022-09-28T16:51:32","guid":{"rendered":"https:\/\/www.africa-press.net\/cameroun\/politique\/cameroun-france-proces-le-ministre-jean-de-dieu-momo-juge-a-paris"},"modified":"2022-09-28T16:51:48","modified_gmt":"2022-09-28T16:51:48","slug":"cameroun-france-proces-le-ministre-jean-de-dieu-momo-juge-a-paris","status":"publish","type":"post","link":"https:\/\/www.africa-press.net\/cameroun\/toutes-les-actualites\/cameroun-france-proces-le-ministre-jean-de-dieu-momo-juge-a-paris","title":{"rendered":"Cameroun\/France &#8211; Proc\u00e8s: Le ministre Jean De Dieu Momo jug\u00e9 \u00e0 Paris"},"content":{"rendered":"<p><span style=\"color: #ff6600\"><strong>Africa-Press &#8211; Cameroun. <\/strong><\/span>Selon un \u00ab breaking news \u00bb publie\u0301 sur Facebook par Me Christian Ntimbane Bomo et repris ce 28 Septembre 2022 par Radio Equinoxe, le proce\u0300s intente\u0301 par Me Fe\u0301licite\u0301 Esther Zeifman contre le ministre de\u0301le\u0301gue\u0301 a\u0300 la justice s\u2019est ouvert le 27 Septembre 2022 a\u0300 Paris. C\u2019est la conse\u0301quence de la citation directe que l\u2019avocate au barreau de Paris a servie a\u0300 Me Jean De Dieu Momo. Elle se plaignait des faits d\u2019injures a\u0300 caracte\u0300re raciste et sexiste sur WhatsApp et Facebook.<\/p>\n<p>Christian Ntimbane Bomo qui affirme avoir ve\u0301cu la premie\u0300re audience indique que \u00ab le parquet de Paris a requis ce jour devant la 17 e\u0300me chambre correctionnelle du tribunal Judiciaire de Paris que Monsieur Jean De DIEU MOMO, soit reconnu coupable d&rsquo;injures a\u0300 caracte\u0300re raciste et sexiste qu&rsquo;il aurait tenues sur un forum Watsapp et sur Facebook \u00bb. L\u2019on apprend aussi que l&rsquo;affaire a e\u0301te\u0301 mise en de\u0301libe\u0301re\u0301 au 17 novembre 2022.<\/p>\n<p>Me Ntimbane Bomo ajoute que Mai\u0302tre Fe\u0301licite\u0301 Esther ZEIFMANN avait pour Avocat l&rsquo;ancien Vice- Ba\u0302tonnier de Paris, Mai\u0302tre Basile ADER du cabinet August DEBOUZY et le ministre e\u0301tait de\u0301fendu par Mai\u0302tre Marie Claude EDJANG, ancien membre du conseil de l&rsquo;ordre au Barreau de Paris.<\/p>\n<p>Les faits que de\u0301nonce Me Zeifman se sont de\u0301roule\u0301s le 1er Mai 2020. Me Momo l\u2019aurait agresse\u0301e verbalement au cours d\u2019une conversation virtuelle ce jour-la\u0300. Dans la lettre ouverte qu\u2019elle a adresse\u0301e au premier ministre Joseph Dion Ngute le 5 Mai 2020, la juriste sollicitait du Premier Ministre \u00abun rappel a\u0300 l\u2019ordre ferme et formel\u00bb au ministre Jean De Dieu Momo. Cela \u00abafin que son image clivante n\u2019agisse pas comme un repoussoir pour votre gouvernement entier\u00bb, expliquait-elle.<\/p>\n<p><strong>Pour plus d&rsquo;informations et d&rsquo;analyses sur la <a href=\"https:\/\/www.africa-press.net\/cameroun\">Cameroun<\/a>, suivez <a href=\"https:\/\/www.africa-press.net\/\">Africa-Press<\/a><\/strong><\/p>\n","protected":false},"excerpt":{"rendered":"<p>Africa-Press &#8211; Cameroun. Selon un \u00ab breaking news \u00bb publie\u0301 sur Facebook par Me Christian Ntimbane Bomo et repris ce 28 Septembre 2022 par Radio Equinoxe, le proce\u0300s intente\u0301 par Me Fe\u0301licite\u0301 Esther Zeifman contre le ministre de\u0301le\u0301gue\u0301 a\u0300 la justice s\u2019est ouvert le 27 Septembre 2022 a\u0300 Paris. C\u2019est la conse\u0301quence de la citation [&hellip;]<\/p>\n","protected":false},"author":82,"featured_media":28259,"comment_status":"open","ping_status":"closed","sticky":false,"template":"","format":"standard","meta":{"footnotes":""},"categories":[21,10],"tags":[36,50,49],"class_list":["post-28260","post","type-post","status-publish","format-standard","has-post-thumbnail","hentry","category-communaute","category-toutes-les-actualites","tag-africa-press","tag-africa-press-cameroun","tag-cameroun"],"yoast_head":"<!-- This site is optimized with the Yoast SEO Premium plugin v26.1 (Yoast SEO v27.0) - https:\/\/yoast.com\/product\/yoast-seo-premium-wordpress\/ -->\n<title>Cameroun\/France - Proc\u00e8s: Le ministre Jean De Dieu Momo jug\u00e9 \u00e0 Paris - Cameroun<\/title>\n<meta name=\"description\" content=\"Selon un \u00ab breaking news \u00bb publie\u0301 sur Facebook par Me Christian Ntimbane Bomo et repris ce 28 Septembre 2022 par Radio ...\" \/>\n<meta name=\"robots\" content=\"index, follow, max-snippet:-1, max-image-preview:large, max-video-preview:-1\" \/>\n<link rel=\"canonical\" href=\"https:\/\/www.africa-press.net\/cameroun\/toutes-les-actualites\/cameroun-france-proces-le-ministre-jean-de-dieu-momo-juge-a-paris\" \/>\n<meta property=\"og:locale\" content=\"fr_FR\" \/>\n<meta property=\"og:type\" content=\"article\" \/>\n<meta property=\"og:title\" content=\"Cameroun\/France - Proc\u00e8s: Le ministre Jean De Dieu Momo jug\u00e9 \u00e0 Paris\" \/>\n<meta property=\"og:description\" content=\"Selon un \u00ab breaking news \u00bb publie\u0301 sur Facebook par Me Christian Ntimbane Bomo et repris ce 28 Septembre 2022 par Radio ...\" \/>\n<meta property=\"og:url\" content=\"https:\/\/www.africa-press.net\/cameroun\/toutes-les-actualites\/cameroun-france-proces-le-ministre-jean-de-dieu-momo-juge-a-paris\" \/>\n<meta property=\"og:site_name\" content=\"Cameroun\" \/>\n<meta property=\"article:published_time\" content=\"2022-09-28T16:51:32+00:00\" \/>\n<meta property=\"article:modified_time\" content=\"2022-09-28T16:51:48+00:00\" \/>\n<meta property=\"og:image\" content=\"https:\/\/static.africa-press.net\/cameroun\/sites\/57\/2022\/09\/img-63347b87dd4ca.jpg\" \/>\n\t<meta property=\"og:image:width\" content=\"800\" \/>\n\t<meta property=\"og:image:height\" content=\"533\" \/>\n\t<meta property=\"og:image:type\" content=\"image\/jpeg\" \/>\n<meta name=\"author\" content=\"cfeditorfr\" \/>\n<meta name=\"twitter:card\" content=\"summary_large_image\" \/>\n<meta name=\"twitter:label1\" content=\"\u00c9crit par\" \/>\n\t<meta name=\"twitter:data1\" content=\"cfeditorfr\" \/>\n\t<meta name=\"twitter:label2\" content=\"Dur\u00e9e de lecture estim\u00e9e\" \/>\n\t<meta name=\"twitter:data2\" content=\"2 minutes\" \/>\n<script type=\"application\/ld+json\" class=\"yoast-schema-graph\">{\"@context\":\"https:\/\/schema.org\",\"@graph\":[{\"@type\":\"Article\",\"@id\":\"https:\/\/www.africa-press.net\/cameroun\/toutes-les-actualites\/cameroun-france-proces-le-ministre-jean-de-dieu-momo-juge-a-paris#article\",\"isPartOf\":{\"@id\":\"https:\/\/www.africa-press.net\/cameroun\/toutes-les-actualites\/cameroun-france-proces-le-ministre-jean-de-dieu-momo-juge-a-paris\"},\"author\":{\"name\":\"cfeditorfr\",\"@id\":\"https:\/\/www.africa-press.net\/cameroun\/#\/schema\/person\/2b1cf3cd81a31e3cd26889ca66d677f1\"},\"headline\":\"Cameroun\/France &#8211; Proc\u00e8s: Le ministre Jean De Dieu Momo jug\u00e9 \u00e0 Paris\",\"datePublished\":\"2022-09-28T16:51:32+00:00\",\"dateModified\":\"2022-09-28T16:51:48+00:00\",\"mainEntityOfPage\":{\"@id\":\"https:\/\/www.africa-press.net\/cameroun\/toutes-les-actualites\/cameroun-france-proces-le-ministre-jean-de-dieu-momo-juge-a-paris\"},\"wordCount\":329,\"commentCount\":0,\"image\":{\"@id\":\"https:\/\/www.africa-press.net\/cameroun\/toutes-les-actualites\/cameroun-france-proces-le-ministre-jean-de-dieu-momo-juge-a-paris#primaryimage\"},\"thumbnailUrl\":\"https:\/\/static.africa-press.net\/cameroun\/sites\/57\/2022\/09\/img-63347b87dd4ca.jpg\",\"keywords\":[\"Africa Press\",\"Africa Press-Cameroun\",\"Cameroun\"],\"articleSection\":[\"Communaut\u00e9\",\"Toutes les actualit\u00e9s\"],\"inLanguage\":\"fr-FR\",\"potentialAction\":[{\"@type\":\"CommentAction\",\"name\":\"Comment\",\"target\":[\"https:\/\/www.africa-press.net\/cameroun\/toutes-les-actualites\/cameroun-france-proces-le-ministre-jean-de-dieu-momo-juge-a-paris#respond\"]}]},{\"@type\":\"WebPage\",\"@id\":\"https:\/\/www.africa-press.net\/cameroun\/toutes-les-actualites\/cameroun-france-proces-le-ministre-jean-de-dieu-momo-juge-a-paris\",\"url\":\"https:\/\/www.africa-press.net\/cameroun\/toutes-les-actualites\/cameroun-france-proces-le-ministre-jean-de-dieu-momo-juge-a-paris\",\"name\":\"Cameroun\/France - Proc\u00e8s: Le ministre Jean De Dieu Momo jug\u00e9 \u00e0 Paris - Cameroun\",\"isPartOf\":{\"@id\":\"https:\/\/www.africa-press.net\/cameroun\/#website\"},\"primaryImageOfPage\":{\"@id\":\"https:\/\/www.africa-press.net\/cameroun\/toutes-les-actualites\/cameroun-france-proces-le-ministre-jean-de-dieu-momo-juge-a-paris#primaryimage\"},\"image\":{\"@id\":\"https:\/\/www.africa-press.net\/cameroun\/toutes-les-actualites\/cameroun-france-proces-le-ministre-jean-de-dieu-momo-juge-a-paris#primaryimage\"},\"thumbnailUrl\":\"https:\/\/static.africa-press.net\/cameroun\/sites\/57\/2022\/09\/img-63347b87dd4ca.jpg\",\"datePublished\":\"2022-09-28T16:51:32+00:00\",\"dateModified\":\"2022-09-28T16:51:48+00:00\",\"author\":{\"@id\":\"https:\/\/www.africa-press.net\/cameroun\/#\/schema\/person\/2b1cf3cd81a31e3cd26889ca66d677f1\"},\"description\":\"Selon un \u00ab breaking news \u00bb publie\u0301 sur Facebook par Me Christian Ntimbane Bomo et repris ce 28 Septembre 2022 par Radio ...\",\"breadcrumb\":{\"@id\":\"https:\/\/www.africa-press.net\/cameroun\/toutes-les-actualites\/cameroun-france-proces-le-ministre-jean-de-dieu-momo-juge-a-paris#breadcrumb\"},\"inLanguage\":\"fr-FR\",\"potentialAction\":[{\"@type\":\"ReadAction\",\"target\":[\"https:\/\/www.africa-press.net\/cameroun\/toutes-les-actualites\/cameroun-france-proces-le-ministre-jean-de-dieu-momo-juge-a-paris\"]}]},{\"@type\":\"ImageObject\",\"inLanguage\":\"fr-FR\",\"@id\":\"https:\/\/www.africa-press.net\/cameroun\/toutes-les-actualites\/cameroun-france-proces-le-ministre-jean-de-dieu-momo-juge-a-paris#primaryimage\",\"url\":\"https:\/\/static.africa-press.net\/cameroun\/sites\/57\/2022\/09\/img-63347b87dd4ca.jpg\",\"contentUrl\":\"https:\/\/static.africa-press.net\/cameroun\/sites\/57\/2022\/09\/img-63347b87dd4ca.jpg\",\"width\":800,\"height\":533,\"caption\":\"Cameroun\/France - Proc\u00e8s: Le ministre Jean De Dieu Momo jug\u00e9 \u00e0 Paris\"},{\"@type\":\"BreadcrumbList\",\"@id\":\"https:\/\/www.africa-press.net\/cameroun\/toutes-les-actualites\/cameroun-france-proces-le-ministre-jean-de-dieu-momo-juge-a-paris#breadcrumb\",\"itemListElement\":[{\"@type\":\"ListItem\",\"position\":1,\"name\":\"Accueil\",\"item\":\"https:\/\/www.africa-press.net\/cameroun\/\"},{\"@type\":\"ListItem\",\"position\":2,\"name\":\"Cameroun\/France &#8211; Proc\u00e8s: Le ministre Jean De Dieu Momo jug\u00e9 \u00e0 Paris\"}]},{\"@type\":\"WebSite\",\"@id\":\"https:\/\/www.africa-press.net\/cameroun\/#website\",\"url\":\"https:\/\/www.africa-press.net\/cameroun\/\",\"name\":\"Cameroun\",\"description\":\"Just another Africa News Agency Sites site\",\"potentialAction\":[{\"@type\":\"SearchAction\",\"target\":{\"@type\":\"EntryPoint\",\"urlTemplate\":\"https:\/\/www.africa-press.net\/cameroun\/?s={search_term_string}\"},\"query-input\":{\"@type\":\"PropertyValueSpecification\",\"valueRequired\":true,\"valueName\":\"search_term_string\"}}],\"inLanguage\":\"fr-FR\"},{\"@type\":\"Person\",\"@id\":\"https:\/\/www.africa-press.net\/cameroun\/#\/schema\/person\/2b1cf3cd81a31e3cd26889ca66d677f1\",\"name\":\"cfeditorfr\"}]}<\/script>\n<!-- \/ Yoast SEO Premium plugin. -->","yoast_head_json":{"title":"Cameroun\/France - Proc\u00e8s: Le ministre Jean De Dieu Momo jug\u00e9 \u00e0 Paris - Cameroun","description":"Selon un \u00ab breaking news \u00bb publie\u0301 sur Facebook par Me Christian Ntimbane Bomo et repris ce 28 Septembre 2022 par Radio ...","robots":{"index":"index","follow":"follow","max-snippet":"max-snippet:-1","max-image-preview":"max-image-preview:large","max-video-preview":"max-video-preview:-1"},"canonical":"https:\/\/www.africa-press.net\/cameroun\/toutes-les-actualites\/cameroun-france-proces-le-ministre-jean-de-dieu-momo-juge-a-paris","og_locale":"fr_FR","og_type":"article","og_title":"Cameroun\/France - Proc\u00e8s: Le ministre Jean De Dieu Momo jug\u00e9 \u00e0 Paris","og_description":"Selon un \u00ab breaking news \u00bb publie\u0301 sur Facebook par Me Christian Ntimbane Bomo et repris ce 28 Septembre 2022 par Radio ...","og_url":"https:\/\/www.africa-press.net\/cameroun\/toutes-les-actualites\/cameroun-france-proces-le-ministre-jean-de-dieu-momo-juge-a-paris","og_site_name":"Cameroun","article_published_time":"2022-09-28T16:51:32+00:00","article_modified_time":"2022-09-28T16:51:48+00:00","og_image":[{"width":800,"height":533,"url":"https:\/\/static.africa-press.net\/cameroun\/sites\/57\/2022\/09\/img-63347b87dd4ca.jpg","type":"image\/jpeg"}],"author":"cfeditorfr","twitter_card":"summary_large_image","twitter_misc":{"\u00c9crit par":"cfeditorfr","Dur\u00e9e de lecture estim\u00e9e":"2 minutes"},"schema":{"@context":"https:\/\/schema.org","@graph":[{"@type":"Article","@id":"https:\/\/www.africa-press.net\/cameroun\/toutes-les-actualites\/cameroun-france-proces-le-ministre-jean-de-dieu-momo-juge-a-paris#article","isPartOf":{"@id":"https:\/\/www.africa-press.net\/cameroun\/toutes-les-actualites\/cameroun-france-proces-le-ministre-jean-de-dieu-momo-juge-a-paris"},"author":{"name":"cfeditorfr","@id":"https:\/\/www.africa-press.net\/cameroun\/#\/schema\/person\/2b1cf3cd81a31e3cd26889ca66d677f1"},"headline":"Cameroun\/France &#8211; Proc\u00e8s: Le ministre Jean De Dieu Momo jug\u00e9 \u00e0 Paris","datePublished":"2022-09-28T16:51:32+00:00","dateModified":"2022-09-28T16:51:48+00:00","mainEntityOfPage":{"@id":"https:\/\/www.africa-press.net\/cameroun\/toutes-les-actualites\/cameroun-france-proces-le-ministre-jean-de-dieu-momo-juge-a-paris"},"wordCount":329,"commentCount":0,"image":{"@id":"https:\/\/www.africa-press.net\/cameroun\/toutes-les-actualites\/cameroun-france-proces-le-ministre-jean-de-dieu-momo-juge-a-paris#primaryimage"},"thumbnailUrl":"https:\/\/static.africa-press.net\/cameroun\/sites\/57\/2022\/09\/img-63347b87dd4ca.jpg","keywords":["Africa Press","Africa Press-Cameroun","Cameroun"],"articleSection":["Communaut\u00e9","Toutes les actualit\u00e9s"],"inLanguage":"fr-FR","potentialAction":[{"@type":"CommentAction","name":"Comment","target":["https:\/\/www.africa-press.net\/cameroun\/toutes-les-actualites\/cameroun-france-proces-le-ministre-jean-de-dieu-momo-juge-a-paris#respond"]}]},{"@type":"WebPage","@id":"https:\/\/www.africa-press.net\/cameroun\/toutes-les-actualites\/cameroun-france-proces-le-ministre-jean-de-dieu-momo-juge-a-paris","url":"https:\/\/www.africa-press.net\/cameroun\/toutes-les-actualites\/cameroun-france-proces-le-ministre-jean-de-dieu-momo-juge-a-paris","name":"Cameroun\/France - Proc\u00e8s: Le ministre Jean De Dieu Momo jug\u00e9 \u00e0 Paris - Cameroun","isPartOf":{"@id":"https:\/\/www.africa-press.net\/cameroun\/#website"},"primaryImageOfPage":{"@id":"https:\/\/www.africa-press.net\/cameroun\/toutes-les-actualites\/cameroun-france-proces-le-ministre-jean-de-dieu-momo-juge-a-paris#primaryimage"},"image":{"@id":"https:\/\/www.africa-press.net\/cameroun\/toutes-les-actualites\/cameroun-france-proces-le-ministre-jean-de-dieu-momo-juge-a-paris#primaryimage"},"thumbnailUrl":"https:\/\/static.africa-press.net\/cameroun\/sites\/57\/2022\/09\/img-63347b87dd4ca.jpg","datePublished":"2022-09-28T16:51:32+00:00","dateModified":"2022-09-28T16:51:48+00:00","author":{"@id":"https:\/\/www.africa-press.net\/cameroun\/#\/schema\/person\/2b1cf3cd81a31e3cd26889ca66d677f1"},"description":"Selon un \u00ab breaking news \u00bb publie\u0301 sur Facebook par Me Christian Ntimbane Bomo et repris ce 28 Septembre 2022 par Radio ...","breadcrumb":{"@id":"https:\/\/www.africa-press.net\/cameroun\/toutes-les-actualites\/cameroun-france-proces-le-ministre-jean-de-dieu-momo-juge-a-paris#breadcrumb"},"inLanguage":"fr-FR","potentialAction":[{"@type":"ReadAction","target":["https:\/\/www.africa-press.net\/cameroun\/toutes-les-actualites\/cameroun-france-proces-le-ministre-jean-de-dieu-momo-juge-a-paris"]}]},{"@type":"ImageObject","inLanguage":"fr-FR","@id":"https:\/\/www.africa-press.net\/cameroun\/toutes-les-actualites\/cameroun-france-proces-le-ministre-jean-de-dieu-momo-juge-a-paris#primaryimage","url":"https:\/\/static.africa-press.net\/cameroun\/sites\/57\/2022\/09\/img-63347b87dd4ca.jpg","contentUrl":"https:\/\/static.africa-press.net\/cameroun\/sites\/57\/2022\/09\/img-63347b87dd4ca.jpg","width":800,"height":533,"caption":"Cameroun\/France - Proc\u00e8s: Le ministre Jean De Dieu Momo jug\u00e9 \u00e0 Paris"},{"@type":"BreadcrumbList","@id":"https:\/\/www.africa-press.net\/cameroun\/toutes-les-actualites\/cameroun-france-proces-le-ministre-jean-de-dieu-momo-juge-a-paris#breadcrumb","itemListElement":[{"@type":"ListItem","position":1,"name":"Accueil","item":"https:\/\/www.africa-press.net\/cameroun\/"},{"@type":"ListItem","position":2,"name":"Cameroun\/France &#8211; Proc\u00e8s: Le ministre Jean De Dieu Momo jug\u00e9 \u00e0 Paris"}]},{"@type":"WebSite","@id":"https:\/\/www.africa-press.net\/cameroun\/#website","url":"https:\/\/www.africa-press.net\/cameroun\/","name":"Cameroun","description":"Just another Africa News Agency Sites site","potentialAction":[{"@type":"SearchAction","target":{"@type":"EntryPoint","urlTemplate":"https:\/\/www.africa-press.net\/cameroun\/?s={search_term_string}"},"query-input":{"@type":"PropertyValueSpecification","valueRequired":true,"valueName":"search_term_string"}}],"inLanguage":"fr-FR"},{"@type":"Person","@id":"https:\/\/www.africa-press.net\/cameroun\/#\/schema\/person\/2b1cf3cd81a31e3cd26889ca66d677f1","name":"cfeditorfr"}]}},"_links":{"self":[{"href":"https:\/\/www.africa-press.net\/cameroun\/wp-json\/wp\/v2\/posts\/28260","targetHints":{"allow":["GET"]}}],"collection":[{"href":"https:\/\/www.africa-press.net\/cameroun\/wp-json\/wp\/v2\/posts"}],"about":[{"href":"https:\/\/www.africa-press.net\/cameroun\/wp-json\/wp\/v2\/types\/post"}],"author":[{"embeddable":true,"href":"https:\/\/www.africa-press.net\/cameroun\/wp-json\/wp\/v2\/users\/82"}],"replies":[{"embeddable":true,"href":"https:\/\/www.africa-press.net\/cameroun\/wp-json\/wp\/v2\/comments?post=28260"}],"version-history":[{"count":0,"href":"https:\/\/www.africa-press.net\/cameroun\/wp-json\/wp\/v2\/posts\/28260\/revisions"}],"wp:featuredmedia":[{"embeddable":true,"href":"https:\/\/www.africa-press.net\/cameroun\/wp-json\/wp\/v2\/media\/28259"}],"wp:attachment":[{"href":"https:\/\/www.africa-press.net\/cameroun\/wp-json\/wp\/v2\/media?parent=28260"}],"wp:term":[{"taxonomy":"category","embeddable":true,"href":"https:\/\/www.africa-press.net\/cameroun\/wp-json\/wp\/v2\/categories?post=28260"},{"taxonomy":"post_tag","embeddable":true,"href":"https:\/\/www.africa-press.net\/cameroun\/wp-json\/wp\/v2\/tags?post=28260"}],"curies":[{"name":"wp","href":"https:\/\/api.w.org\/{rel}","templated":true}]}}