{"id":28266,"date":"2022-09-28T14:07:47","date_gmt":"2022-09-28T14:07:47","guid":{"rendered":"https:\/\/www.africa-press.net\/cameroun\/politique\/cameroun-le-vice-premier-ministre-amadou-ali-a-fait-sa-derniere-apparition-publique-au-tchad-en-avril-2022-video"},"modified":"2022-09-28T17:47:00","modified_gmt":"2022-09-28T17:47:00","slug":"cameroun-le-vice-premier-ministre-amadou-ali-a-fait-sa-derniere-apparition-publique-au-tchad-en-avril-2022-video","status":"publish","type":"post","link":"https:\/\/www.africa-press.net\/cameroun\/politique\/cameroun-le-vice-premier-ministre-amadou-ali-a-fait-sa-derniere-apparition-publique-au-tchad-en-avril-2022-video","title":{"rendered":"Cameroun: Le vice premier ministre Amadou Ali a fait sa derni\u00e8re apparition publique au Tchad en avril 2022 (vid\u00e9o)"},"content":{"rendered":"<p><span style=\"color: #ff6600\"><strong>Africa-Press &#8211; Cameroun. <\/strong><\/span>Un membre influent du se\u0301rail s\u2019en est alle\u0301. Le vice premier ministre Amadou Ali est de\u0301ce\u0301de\u0301 le mardi 27 septembre 2022 a\u0300 Yaounde\u0301 des suites de maladie. Avant sa disparition, le natif de Kolofata n\u2019avait plus e\u0301te\u0301 aperc\u0327u en public depuis le mois d\u2019avril dernier. Sa dernie\u0300re apparition en public remonte d\u2019ailleurs au 15 avril 2022, a\u0300 l\u2019occasion d\u2019une visite officielle au pre\u0301sident du Conseil militaire de transition tchadien, Mahamat Idriss Deby Itno.<\/p>\n<p>Amadou Ali, physiquement affaibli, avait e\u0301te\u0301 envoye\u0301 a\u0300 Ndjamena par le pre\u0301sident de la Re\u0301publique Paul Biya, dans le cadre des consultations re\u0301gulie\u0300res sur des sujets d\u2019inte\u0301re\u0302ts communs entre les deux pays. A l\u2019occasion, il avait remis un pli ferme\u0301 au pre\u0301sident tchadien, et e\u0301tait porteur d\u2019un message d\u2019amitie\u0301 et de fraternite\u0301 du pre\u0301sident Paul Biya a\u0300 l\u2019endroit de son homologue du Tchad.<\/p>\n<p><strong>Pour plus d&rsquo;informations et d&rsquo;analyses sur la <a href=\"https:\/\/www.africa-press.net\/cameroun\">Cameroun<\/a>, suivez <a href=\"https:\/\/www.africa-press.net\/\">Africa-Press<\/a><\/strong><\/p>\n","protected":false},"excerpt":{"rendered":"<p>Africa-Press &#8211; Cameroun. Un membre influent du se\u0301rail s\u2019en est alle\u0301. Le vice premier ministre Amadou Ali est de\u0301ce\u0301de\u0301 le mardi 27 septembre 2022 a\u0300 Yaounde\u0301 des suites de maladie. Avant sa disparition, le natif de Kolofata n\u2019avait plus e\u0301te\u0301 aperc\u0327u en public depuis le mois d\u2019avril dernier. Sa dernie\u0300re apparition en public remonte d\u2019ailleurs [&hellip;]<\/p>\n","protected":false},"author":82,"featured_media":28265,"comment_status":"open","ping_status":"closed","sticky":false,"template":"","format":"standard","meta":{"footnotes":""},"categories":[2,10],"tags":[36,50,49],"class_list":["post-28266","post","type-post","status-publish","format-standard","has-post-thumbnail","hentry","category-politique","category-toutes-les-actualites","tag-africa-press","tag-africa-press-cameroun","tag-cameroun"],"yoast_head":"<!-- This site is optimized with the Yoast SEO Premium plugin v26.1 (Yoast SEO v27.0) - https:\/\/yoast.com\/product\/yoast-seo-premium-wordpress\/ -->\n<title>Cameroun: Le vice premier ministre Amadou Ali a fait sa derni\u00e8re apparition publique au Tchad en avril 2022 (vid\u00e9o) - Cameroun<\/title>\n<meta name=\"description\" content=\"Un membre influent du se\u0301rail s\u2019en est alle\u0301. Le vice premier ministre Amadou Ali est de\u0301ce\u0301de\u0301 le mardi 27 septembre 20 ...\" \/>\n<meta name=\"robots\" content=\"index, follow, max-snippet:-1, max-image-preview:large, max-video-preview:-1\" \/>\n<link rel=\"canonical\" href=\"https:\/\/www.africa-press.net\/cameroun\/politique\/cameroun-le-vice-premier-ministre-amadou-ali-a-fait-sa-derniere-apparition-publique-au-tchad-en-avril-2022-video\" \/>\n<meta property=\"og:locale\" content=\"fr_FR\" \/>\n<meta property=\"og:type\" content=\"article\" \/>\n<meta property=\"og:title\" content=\"Cameroun: Le vice premier ministre Amadou Ali a fait sa derni\u00e8re apparition publique au Tchad en avril 2022 (vid\u00e9o)\" \/>\n<meta property=\"og:description\" content=\"Un membre influent du se\u0301rail s\u2019en est alle\u0301. Le vice premier ministre Amadou Ali est de\u0301ce\u0301de\u0301 le mardi 27 septembre 20 ...\" \/>\n<meta property=\"og:url\" content=\"https:\/\/www.africa-press.net\/cameroun\/politique\/cameroun-le-vice-premier-ministre-amadou-ali-a-fait-sa-derniere-apparition-publique-au-tchad-en-avril-2022-video\" \/>\n<meta property=\"og:site_name\" content=\"Cameroun\" \/>\n<meta property=\"article:published_time\" content=\"2022-09-28T14:07:47+00:00\" \/>\n<meta property=\"article:modified_time\" content=\"2022-09-28T17:47:00+00:00\" \/>\n<meta property=\"og:image\" content=\"https:\/\/static.africa-press.net\/cameroun\/sites\/57\/2022\/09\/img-63347bd6bdbc8.jpg\" \/>\n\t<meta property=\"og:image:width\" content=\"800\" \/>\n\t<meta property=\"og:image:height\" content=\"538\" \/>\n\t<meta property=\"og:image:type\" content=\"image\/jpeg\" \/>\n<meta name=\"author\" content=\"cfeditorfr\" \/>\n<meta name=\"twitter:card\" content=\"summary_large_image\" \/>\n<meta name=\"twitter:label1\" content=\"\u00c9crit par\" \/>\n\t<meta name=\"twitter:data1\" content=\"cfeditorfr\" \/>\n\t<meta name=\"twitter:label2\" content=\"Dur\u00e9e de lecture estim\u00e9e\" \/>\n\t<meta name=\"twitter:data2\" content=\"1 minute\" \/>\n<script type=\"application\/ld+json\" class=\"yoast-schema-graph\">{\"@context\":\"https:\/\/schema.org\",\"@graph\":[{\"@type\":\"Article\",\"@id\":\"https:\/\/www.africa-press.net\/cameroun\/politique\/cameroun-le-vice-premier-ministre-amadou-ali-a-fait-sa-derniere-apparition-publique-au-tchad-en-avril-2022-video#article\",\"isPartOf\":{\"@id\":\"https:\/\/www.africa-press.net\/cameroun\/politique\/cameroun-le-vice-premier-ministre-amadou-ali-a-fait-sa-derniere-apparition-publique-au-tchad-en-avril-2022-video\"},\"author\":{\"name\":\"cfeditorfr\",\"@id\":\"https:\/\/www.africa-press.net\/cameroun\/#\/schema\/person\/2b1cf3cd81a31e3cd26889ca66d677f1\"},\"headline\":\"Cameroun: Le vice premier ministre Amadou Ali a fait sa derni\u00e8re apparition publique au Tchad en avril 2022 (vid\u00e9o)\",\"datePublished\":\"2022-09-28T14:07:47+00:00\",\"dateModified\":\"2022-09-28T17:47:00+00:00\",\"mainEntityOfPage\":{\"@id\":\"https:\/\/www.africa-press.net\/cameroun\/politique\/cameroun-le-vice-premier-ministre-amadou-ali-a-fait-sa-derniere-apparition-publique-au-tchad-en-avril-2022-video\"},\"wordCount\":195,\"commentCount\":0,\"image\":{\"@id\":\"https:\/\/www.africa-press.net\/cameroun\/politique\/cameroun-le-vice-premier-ministre-amadou-ali-a-fait-sa-derniere-apparition-publique-au-tchad-en-avril-2022-video#primaryimage\"},\"thumbnailUrl\":\"https:\/\/static.africa-press.net\/cameroun\/sites\/57\/2022\/09\/img-63347bd6bdbc8.jpg\",\"keywords\":[\"Africa Press\",\"Africa Press-Cameroun\",\"Cameroun\"],\"articleSection\":[\"Politique\",\"Toutes les actualit\u00e9s\"],\"inLanguage\":\"fr-FR\",\"potentialAction\":[{\"@type\":\"CommentAction\",\"name\":\"Comment\",\"target\":[\"https:\/\/www.africa-press.net\/cameroun\/politique\/cameroun-le-vice-premier-ministre-amadou-ali-a-fait-sa-derniere-apparition-publique-au-tchad-en-avril-2022-video#respond\"]}]},{\"@type\":\"WebPage\",\"@id\":\"https:\/\/www.africa-press.net\/cameroun\/politique\/cameroun-le-vice-premier-ministre-amadou-ali-a-fait-sa-derniere-apparition-publique-au-tchad-en-avril-2022-video\",\"url\":\"https:\/\/www.africa-press.net\/cameroun\/politique\/cameroun-le-vice-premier-ministre-amadou-ali-a-fait-sa-derniere-apparition-publique-au-tchad-en-avril-2022-video\",\"name\":\"Cameroun: Le vice premier ministre Amadou Ali a fait sa derni\u00e8re apparition publique au Tchad en avril 2022 (vid\u00e9o) - Cameroun\",\"isPartOf\":{\"@id\":\"https:\/\/www.africa-press.net\/cameroun\/#website\"},\"primaryImageOfPage\":{\"@id\":\"https:\/\/www.africa-press.net\/cameroun\/politique\/cameroun-le-vice-premier-ministre-amadou-ali-a-fait-sa-derniere-apparition-publique-au-tchad-en-avril-2022-video#primaryimage\"},\"image\":{\"@id\":\"https:\/\/www.africa-press.net\/cameroun\/politique\/cameroun-le-vice-premier-ministre-amadou-ali-a-fait-sa-derniere-apparition-publique-au-tchad-en-avril-2022-video#primaryimage\"},\"thumbnailUrl\":\"https:\/\/static.africa-press.net\/cameroun\/sites\/57\/2022\/09\/img-63347bd6bdbc8.jpg\",\"datePublished\":\"2022-09-28T14:07:47+00:00\",\"dateModified\":\"2022-09-28T17:47:00+00:00\",\"author\":{\"@id\":\"https:\/\/www.africa-press.net\/cameroun\/#\/schema\/person\/2b1cf3cd81a31e3cd26889ca66d677f1\"},\"description\":\"Un membre influent du se\u0301rail s\u2019en est alle\u0301. Le vice premier ministre Amadou Ali est de\u0301ce\u0301de\u0301 le mardi 27 septembre 20 ...\",\"breadcrumb\":{\"@id\":\"https:\/\/www.africa-press.net\/cameroun\/politique\/cameroun-le-vice-premier-ministre-amadou-ali-a-fait-sa-derniere-apparition-publique-au-tchad-en-avril-2022-video#breadcrumb\"},\"inLanguage\":\"fr-FR\",\"potentialAction\":[{\"@type\":\"ReadAction\",\"target\":[\"https:\/\/www.africa-press.net\/cameroun\/politique\/cameroun-le-vice-premier-ministre-amadou-ali-a-fait-sa-derniere-apparition-publique-au-tchad-en-avril-2022-video\"]}]},{\"@type\":\"ImageObject\",\"inLanguage\":\"fr-FR\",\"@id\":\"https:\/\/www.africa-press.net\/cameroun\/politique\/cameroun-le-vice-premier-ministre-amadou-ali-a-fait-sa-derniere-apparition-publique-au-tchad-en-avril-2022-video#primaryimage\",\"url\":\"https:\/\/static.africa-press.net\/cameroun\/sites\/57\/2022\/09\/img-63347bd6bdbc8.jpg\",\"contentUrl\":\"https:\/\/static.africa-press.net\/cameroun\/sites\/57\/2022\/09\/img-63347bd6bdbc8.jpg\",\"width\":800,\"height\":538,\"caption\":\"Cameroun: Le vice premier ministre Amadou Ali a fait sa derni\u00e8re apparition publique au Tchad en avril 2022 (vid\u00e9o)\"},{\"@type\":\"BreadcrumbList\",\"@id\":\"https:\/\/www.africa-press.net\/cameroun\/politique\/cameroun-le-vice-premier-ministre-amadou-ali-a-fait-sa-derniere-apparition-publique-au-tchad-en-avril-2022-video#breadcrumb\",\"itemListElement\":[{\"@type\":\"ListItem\",\"position\":1,\"name\":\"Accueil\",\"item\":\"https:\/\/www.africa-press.net\/cameroun\/\"},{\"@type\":\"ListItem\",\"position\":2,\"name\":\"Cameroun: Le vice premier ministre Amadou Ali a fait sa derni\u00e8re apparition publique au Tchad en avril 2022 (vid\u00e9o)\"}]},{\"@type\":\"WebSite\",\"@id\":\"https:\/\/www.africa-press.net\/cameroun\/#website\",\"url\":\"https:\/\/www.africa-press.net\/cameroun\/\",\"name\":\"Cameroun\",\"description\":\"Just another Africa News Agency Sites site\",\"potentialAction\":[{\"@type\":\"SearchAction\",\"target\":{\"@type\":\"EntryPoint\",\"urlTemplate\":\"https:\/\/www.africa-press.net\/cameroun\/?s={search_term_string}\"},\"query-input\":{\"@type\":\"PropertyValueSpecification\",\"valueRequired\":true,\"valueName\":\"search_term_string\"}}],\"inLanguage\":\"fr-FR\"},{\"@type\":\"Person\",\"@id\":\"https:\/\/www.africa-press.net\/cameroun\/#\/schema\/person\/2b1cf3cd81a31e3cd26889ca66d677f1\",\"name\":\"cfeditorfr\"}]}<\/script>\n<!-- \/ Yoast SEO Premium plugin. -->","yoast_head_json":{"title":"Cameroun: Le vice premier ministre Amadou Ali a fait sa derni\u00e8re apparition publique au Tchad en avril 2022 (vid\u00e9o) - Cameroun","description":"Un membre influent du se\u0301rail s\u2019en est alle\u0301. Le vice premier ministre Amadou Ali est de\u0301ce\u0301de\u0301 le mardi 27 septembre 20 ...","robots":{"index":"index","follow":"follow","max-snippet":"max-snippet:-1","max-image-preview":"max-image-preview:large","max-video-preview":"max-video-preview:-1"},"canonical":"https:\/\/www.africa-press.net\/cameroun\/politique\/cameroun-le-vice-premier-ministre-amadou-ali-a-fait-sa-derniere-apparition-publique-au-tchad-en-avril-2022-video","og_locale":"fr_FR","og_type":"article","og_title":"Cameroun: Le vice premier ministre Amadou Ali a fait sa derni\u00e8re apparition publique au Tchad en avril 2022 (vid\u00e9o)","og_description":"Un membre influent du se\u0301rail s\u2019en est alle\u0301. Le vice premier ministre Amadou Ali est de\u0301ce\u0301de\u0301 le mardi 27 septembre 20 ...","og_url":"https:\/\/www.africa-press.net\/cameroun\/politique\/cameroun-le-vice-premier-ministre-amadou-ali-a-fait-sa-derniere-apparition-publique-au-tchad-en-avril-2022-video","og_site_name":"Cameroun","article_published_time":"2022-09-28T14:07:47+00:00","article_modified_time":"2022-09-28T17:47:00+00:00","og_image":[{"width":800,"height":538,"url":"https:\/\/static.africa-press.net\/cameroun\/sites\/57\/2022\/09\/img-63347bd6bdbc8.jpg","type":"image\/jpeg"}],"author":"cfeditorfr","twitter_card":"summary_large_image","twitter_misc":{"\u00c9crit par":"cfeditorfr","Dur\u00e9e de lecture estim\u00e9e":"1 minute"},"schema":{"@context":"https:\/\/schema.org","@graph":[{"@type":"Article","@id":"https:\/\/www.africa-press.net\/cameroun\/politique\/cameroun-le-vice-premier-ministre-amadou-ali-a-fait-sa-derniere-apparition-publique-au-tchad-en-avril-2022-video#article","isPartOf":{"@id":"https:\/\/www.africa-press.net\/cameroun\/politique\/cameroun-le-vice-premier-ministre-amadou-ali-a-fait-sa-derniere-apparition-publique-au-tchad-en-avril-2022-video"},"author":{"name":"cfeditorfr","@id":"https:\/\/www.africa-press.net\/cameroun\/#\/schema\/person\/2b1cf3cd81a31e3cd26889ca66d677f1"},"headline":"Cameroun: Le vice premier ministre Amadou Ali a fait sa derni\u00e8re apparition publique au Tchad en avril 2022 (vid\u00e9o)","datePublished":"2022-09-28T14:07:47+00:00","dateModified":"2022-09-28T17:47:00+00:00","mainEntityOfPage":{"@id":"https:\/\/www.africa-press.net\/cameroun\/politique\/cameroun-le-vice-premier-ministre-amadou-ali-a-fait-sa-derniere-apparition-publique-au-tchad-en-avril-2022-video"},"wordCount":195,"commentCount":0,"image":{"@id":"https:\/\/www.africa-press.net\/cameroun\/politique\/cameroun-le-vice-premier-ministre-amadou-ali-a-fait-sa-derniere-apparition-publique-au-tchad-en-avril-2022-video#primaryimage"},"thumbnailUrl":"https:\/\/static.africa-press.net\/cameroun\/sites\/57\/2022\/09\/img-63347bd6bdbc8.jpg","keywords":["Africa Press","Africa Press-Cameroun","Cameroun"],"articleSection":["Politique","Toutes les actualit\u00e9s"],"inLanguage":"fr-FR","potentialAction":[{"@type":"CommentAction","name":"Comment","target":["https:\/\/www.africa-press.net\/cameroun\/politique\/cameroun-le-vice-premier-ministre-amadou-ali-a-fait-sa-derniere-apparition-publique-au-tchad-en-avril-2022-video#respond"]}]},{"@type":"WebPage","@id":"https:\/\/www.africa-press.net\/cameroun\/politique\/cameroun-le-vice-premier-ministre-amadou-ali-a-fait-sa-derniere-apparition-publique-au-tchad-en-avril-2022-video","url":"https:\/\/www.africa-press.net\/cameroun\/politique\/cameroun-le-vice-premier-ministre-amadou-ali-a-fait-sa-derniere-apparition-publique-au-tchad-en-avril-2022-video","name":"Cameroun: Le vice premier ministre Amadou Ali a fait sa derni\u00e8re apparition publique au Tchad en avril 2022 (vid\u00e9o) - Cameroun","isPartOf":{"@id":"https:\/\/www.africa-press.net\/cameroun\/#website"},"primaryImageOfPage":{"@id":"https:\/\/www.africa-press.net\/cameroun\/politique\/cameroun-le-vice-premier-ministre-amadou-ali-a-fait-sa-derniere-apparition-publique-au-tchad-en-avril-2022-video#primaryimage"},"image":{"@id":"https:\/\/www.africa-press.net\/cameroun\/politique\/cameroun-le-vice-premier-ministre-amadou-ali-a-fait-sa-derniere-apparition-publique-au-tchad-en-avril-2022-video#primaryimage"},"thumbnailUrl":"https:\/\/static.africa-press.net\/cameroun\/sites\/57\/2022\/09\/img-63347bd6bdbc8.jpg","datePublished":"2022-09-28T14:07:47+00:00","dateModified":"2022-09-28T17:47:00+00:00","author":{"@id":"https:\/\/www.africa-press.net\/cameroun\/#\/schema\/person\/2b1cf3cd81a31e3cd26889ca66d677f1"},"description":"Un membre influent du se\u0301rail s\u2019en est alle\u0301. Le vice premier ministre Amadou Ali est de\u0301ce\u0301de\u0301 le mardi 27 septembre 20 ...","breadcrumb":{"@id":"https:\/\/www.africa-press.net\/cameroun\/politique\/cameroun-le-vice-premier-ministre-amadou-ali-a-fait-sa-derniere-apparition-publique-au-tchad-en-avril-2022-video#breadcrumb"},"inLanguage":"fr-FR","potentialAction":[{"@type":"ReadAction","target":["https:\/\/www.africa-press.net\/cameroun\/politique\/cameroun-le-vice-premier-ministre-amadou-ali-a-fait-sa-derniere-apparition-publique-au-tchad-en-avril-2022-video"]}]},{"@type":"ImageObject","inLanguage":"fr-FR","@id":"https:\/\/www.africa-press.net\/cameroun\/politique\/cameroun-le-vice-premier-ministre-amadou-ali-a-fait-sa-derniere-apparition-publique-au-tchad-en-avril-2022-video#primaryimage","url":"https:\/\/static.africa-press.net\/cameroun\/sites\/57\/2022\/09\/img-63347bd6bdbc8.jpg","contentUrl":"https:\/\/static.africa-press.net\/cameroun\/sites\/57\/2022\/09\/img-63347bd6bdbc8.jpg","width":800,"height":538,"caption":"Cameroun: Le vice premier ministre Amadou Ali a fait sa derni\u00e8re apparition publique au Tchad en avril 2022 (vid\u00e9o)"},{"@type":"BreadcrumbList","@id":"https:\/\/www.africa-press.net\/cameroun\/politique\/cameroun-le-vice-premier-ministre-amadou-ali-a-fait-sa-derniere-apparition-publique-au-tchad-en-avril-2022-video#breadcrumb","itemListElement":[{"@type":"ListItem","position":1,"name":"Accueil","item":"https:\/\/www.africa-press.net\/cameroun\/"},{"@type":"ListItem","position":2,"name":"Cameroun: Le vice premier ministre Amadou Ali a fait sa derni\u00e8re apparition publique au Tchad en avril 2022 (vid\u00e9o)"}]},{"@type":"WebSite","@id":"https:\/\/www.africa-press.net\/cameroun\/#website","url":"https:\/\/www.africa-press.net\/cameroun\/","name":"Cameroun","description":"Just another Africa News Agency Sites site","potentialAction":[{"@type":"SearchAction","target":{"@type":"EntryPoint","urlTemplate":"https:\/\/www.africa-press.net\/cameroun\/?s={search_term_string}"},"query-input":{"@type":"PropertyValueSpecification","valueRequired":true,"valueName":"search_term_string"}}],"inLanguage":"fr-FR"},{"@type":"Person","@id":"https:\/\/www.africa-press.net\/cameroun\/#\/schema\/person\/2b1cf3cd81a31e3cd26889ca66d677f1","name":"cfeditorfr"}]}},"_links":{"self":[{"href":"https:\/\/www.africa-press.net\/cameroun\/wp-json\/wp\/v2\/posts\/28266","targetHints":{"allow":["GET"]}}],"collection":[{"href":"https:\/\/www.africa-press.net\/cameroun\/wp-json\/wp\/v2\/posts"}],"about":[{"href":"https:\/\/www.africa-press.net\/cameroun\/wp-json\/wp\/v2\/types\/post"}],"author":[{"embeddable":true,"href":"https:\/\/www.africa-press.net\/cameroun\/wp-json\/wp\/v2\/users\/82"}],"replies":[{"embeddable":true,"href":"https:\/\/www.africa-press.net\/cameroun\/wp-json\/wp\/v2\/comments?post=28266"}],"version-history":[{"count":0,"href":"https:\/\/www.africa-press.net\/cameroun\/wp-json\/wp\/v2\/posts\/28266\/revisions"}],"wp:featuredmedia":[{"embeddable":true,"href":"https:\/\/www.africa-press.net\/cameroun\/wp-json\/wp\/v2\/media\/28265"}],"wp:attachment":[{"href":"https:\/\/www.africa-press.net\/cameroun\/wp-json\/wp\/v2\/media?parent=28266"}],"wp:term":[{"taxonomy":"category","embeddable":true,"href":"https:\/\/www.africa-press.net\/cameroun\/wp-json\/wp\/v2\/categories?post=28266"},{"taxonomy":"post_tag","embeddable":true,"href":"https:\/\/www.africa-press.net\/cameroun\/wp-json\/wp\/v2\/tags?post=28266"}],"curies":[{"name":"wp","href":"https:\/\/api.w.org\/{rel}","templated":true}]}}