{"id":28269,"date":"2022-09-28T14:18:18","date_gmt":"2022-09-28T14:18:18","guid":{"rendered":"https:\/\/www.africa-press.net\/cameroun\/politique\/diplomatie-christophe-guilhou-ambassadeur-de-france-sortant-il-est-temps-que-la-paix-et-la-stabilite-reviennent-dans-les-regions-du-nord-ouest-et-du-sud-ouest"},"modified":"2022-09-28T16:53:32","modified_gmt":"2022-09-28T16:53:32","slug":"diplomatie-christophe-guilhou-ambassadeur-de-france-sortant-il-est-temps-que-la-paix-et-la-stabilite-reviennent-dans-les-regions-du-nord-ouest-et-du-sud-ouest","status":"publish","type":"post","link":"https:\/\/www.africa-press.net\/cameroun\/politique\/diplomatie-christophe-guilhou-ambassadeur-de-france-sortant-il-est-temps-que-la-paix-et-la-stabilite-reviennent-dans-les-regions-du-nord-ouest-et-du-sud-ouest","title":{"rendered":"Diplomatie\/Christophe Guilhou (Ambassadeur de France sortant): \u00abIl est temps que la paix et la stabilit\u00e9 reviennent dans les r\u00e9gions du Nord-Ouest et du Sud-Ouest\u00bb"},"content":{"rendered":"<p><span style=\"color: #ff6600\"><strong>Africa-Press &#8211; Cameroun. <\/strong><\/span>Apre\u0300s trois anne\u0301es passe\u0301es au Cameroun comme chef de la diplomatie franc\u0327aise, Christophe Guilhou s\u2019en va. L\u2019Ambassadeur de France sortant est alle\u0301 faire ses adieux au pre\u0301sident de la Re\u0301publique Paul Biya le mardi 27 septembre 2022. Avant ce rituel, il a offert quelques jours plus to\u0302t un di\u0302ner d\u2019au revoir au personnel de l\u2019ambassade a\u0300 la Re\u0301sidence de France a\u0300 Yaounde\u0301, en pre\u0301sence d\u2019un parterre de personnalite\u0301s.<\/p>\n<p>Au cours de son discours, le diplomate franc\u0327ais a passe\u0301 en revue les re\u0301alisations de son pays au Cameroun durant son magiste\u0300re, et s\u2019est dit satisfait a\u0300 certains e\u0301gards. Il a reconnu qu\u2019il reste des chantiers inacheve\u0301s sur lesquels la France n\u2019a pas suffisamment \u0153uvre\u0301, notamment la crise dans les re\u0301gions du Nord-Ouest et du Sud-Ouest. \u00ab Il est temps que la paix et la stabilite\u0301 reviennent dans ces re\u0301gions, et que les armes s\u2019y taisent enfin de\u0301finitivement. Cela a trop dure\u0301, c\u2019est un ami du Cameroun qui vous le dit \u00bb, a-t-il lance\u0301, donnant a\u0300 penser entre les lignes qu\u2019il s\u2019agit de l\u2019une des missions assigne\u0301es par l\u2019Elyse\u0301e a\u0300 son successeur, le Ge\u0301ne\u0301ral Thierry Marchand.<\/p>\n<p>Il a e\u0301galement re\u0301ite\u0301re\u0301 la position de Paris sur le processus de de\u0301centralisation, conside\u0301re\u0301 par son pays comme \u00ab une des re\u0301ponses politiques a\u0300 la re\u0301solution de la crise dans les re\u0301gions du Nord-Ouest et du Sud-Ouest \u00bb. Une forme de l\u2019Etat que ne partagent pas les inde\u0301pendantistes anglophones, favorables a\u0300 une se\u0301cession, ainsi que certains leaders de la socie\u0301te\u0301 civile, qui militent pour le fe\u0301de\u0301ralisme.<\/p>\n<p><b>Voici l\u2019inte\u0301gralite\u0301 du discours d\u2019au revoir de Christophe Guilhou : <\/b><\/p>\n<p>Excellences, Mesdames et Messieurs les Ministres,<\/p>\n<p>Honorables membres du Se\u0301nat et de l\u2019Assemble\u0301e nationale,<\/p>\n<p>Mesdames et Messieurs les autorite\u0301s civiles, militaires, religieuses et coutumie\u0300res,<\/p>\n<p>Dear colleagues, Ladies and Gentlemen,<\/p>\n<p>Chers Amis camerounais, mes chers compatriotes,<\/p>\n<p>All protocol duly observed,<\/p>\n<p>Permettez-moi tout d\u2019abord de vous souhaiter la bienvenue a\u0300 toutes et a\u0300 tous, et de vous remercier pour avoir re\u0301pondu pre\u0301sents ce soir a\u0300 mon invitation. Ekie\u0301 ! Je suis tre\u0300s heureux de vous voir si nombreux.<\/p>\n<p>Je tenais a\u0300 vous dire au revoir ce soir, car vous tous, amis, de la France, repre\u0301sentez par vos fonctions, mais aussi votre investissement personnel, la vitalite\u0301, la richesse et la force de la relation bilate\u0301rale franco-camerounaise. Cette relation si dense et vivante.<\/p>\n<p>Je tenais a\u0300 vous dire toute mon estime, ma reconnaissance et mon admiration, alors que je m\u2019appre\u0302te a\u0300 quitter le Cameroun apre\u0300s trois anne\u0301es !<\/p>\n<p>Trois anne\u0301es si denses, si exigeantes, si bouillonnantes, mais aussi si formatrices, si stimulantes et gratifiantes !<\/p>\n<p>En effet, il y a trois ans, j\u2019arrivais dans ce pays, que je pensais de\u0301ja\u0300 connai\u0302tre pour avoir commence\u0301 ma carrie\u0300re comme re\u0301dacteur Cameroun au Quai d\u2019Orsay&#8230; Mboutoukou que j\u2019e\u0301tais !<\/p>\n<p>J\u2019ai en fait tout appris, et de manie\u0300re acce\u0301le\u0301re\u0301e, de la richesse des cultures et des traditions camerounaises ; du foisonnement d\u2019ide\u0301es et d\u2019initiatives que porte la jeunesse du pays ; des lignes de tension, parfois, et du haut degre\u0301 d\u2019exigence, toujours, qui en re\u0301sultent ; de mes nombreux et re\u0301guliers entretiens avec le pre\u0301sident Biya, que je remercie de sa constante disponibilite\u0301 et de son ouverture a\u0300 un dialogue franc et apaise\u0301 ; j\u2019ai tout appris, surtout, de l\u2019appe\u0301tit, voire l\u2019impatience, des Camerounais, a\u0300 construire un nouvel avenir commun.<\/p>\n<p>Ce dynamisme, cette exigence, cette impatience, m\u2019ont force\u0301 a\u0300 donner le meilleur de moi-me\u0302me. C\u2019est ce que j\u2019ai ta\u0302che\u0301 de faire, tout au long de mon mandat, qui aura e\u0301te\u0301 marque\u0301 par des e\u0301pisodes combien importants de l\u2019histoire d\u2019amitie\u0301 franco-camerounaise :<\/p>\n<p>Lors de la visite du ministre Jean-Yves Le Drian, d\u2019abord, en octobre 2019, qui aura dure\u0301 trois jours et aura constitue\u0301 un te\u0301moignage fort de l\u2019attachement de la France au de\u0301veloppement du Cameroun et de ses territoires : quel symbole en effet que celui du de\u0301placement de notre ministre a\u0300 Maroua, aux co\u0302te\u0301s des autorite\u0301s locales et des populations de l\u2019Extre\u0302me-Nord.<\/p>\n<p>La pande\u0301mie, ensuite, nous aura collectivement impose\u0301 de repenser nos me\u0301thodes pour maintenir un dialogue aussi e\u0301troit que possible, en de\u0301pit des restrictions sanitaires. La pande\u0301mie nous aura aussi impose\u0301 de faire face collectivement, et de nous montrer solidaires les uns des autres. Je suis a\u0300 cet e\u0301gard admiratif de ceux d\u2019entre vous qui vous e\u0302tes porte\u0301s en premie\u0300re ligne pour ge\u0301rer la crise sanitaire, qu\u2019il s\u2019agisse des personnels soignants, comme de toutes les e\u0301quipes qui ont sacrifie\u0301 de leur temps pour organiser une campagne de pre\u0301vention et de vaccination sans pre\u0301ce\u0301dent dans cette Ambassade : du fond du c\u0153ur, merci !<\/p>\n<p>La force et l\u2019e\u0301tendue des liens unissant nos deux pays ont aussi e\u0301te\u0301 renforce\u0301es gra\u0302ce a\u0300 l\u2019acce\u0301le\u0301ration des projets dans le domaine des arts, du patrimoine et de la culture. C\u2019est avec fierte\u0301 que j\u2019ai participe\u0301 a\u0300 Paris, au de\u0301but du mois de juillet, a\u0300 la premie\u0300re saison culturelle du Cameroun, un e\u0301ve\u0300nement sans pre\u0301ce\u0301dent au cours duquel vos arts, vos cultures et vos traditions ont e\u0301te\u0301 mis a\u0300 l\u2019honneur dans toute la capitale franc\u0327aise. Et que dire de l\u2019exposition \u00ab sur les routes des chefferies du Cameroun \u00bb, en place du 5 avril au 17 juillet au muse\u0301e du Quai Branly \u2013 Jacques Chirac. Par cette exposition, le Cameroun a partage\u0301 avec la France un patrimoine unique, historique et vivant.<\/p>\n<p>La coope\u0301ration entre nos deux pays s\u2019est aussi enrichie, au cours des trois dernie\u0300res anne\u0301es, pour le de\u0301veloppement, local, rural et urbain. Gra\u0302ce a\u0300 l\u2019AFD, notamment, dont le Directeur ge\u0301ne\u0301ral Re\u0301mi Rioux est venu a\u0300 Yaounde\u0301 en fe\u0301vrier, les villes de Dschang, Bafoussam et Bertoua ont e\u0301te\u0301 transforme\u0301es. La seconde phase du programme va e\u0302tre lance\u0301e, au be\u0301ne\u0301fice des villes de Maroua et Bamenda. Le programme \u00ab Yaounde\u0301 C\u0153ur de Ville \u00bb doit aussi se traduire par des ame\u0301nagements structurants dans la capitale, et une mobilite\u0301 urbaine repense\u0301e.<\/p>\n<p>La force de la relation franco-camerounaise, ce sont e\u0301galement les pre\u0300s de 200 entreprises et filiales de socie\u0301te\u0301s franc\u0327aises implante\u0301es au Cameroun, et au moins autant d\u2019entreprises locales cre\u0301e\u0301es par des Franc\u0327ais au Cameroun, qui contribuent environ 15 000 emplois directs sur le territoire camerounais. Au cours des trois dernie\u0300res anne\u0301es, j\u2019ai eu plus d\u2019une fois l\u2019occasion de me fe\u0301liciter aupre\u0300s de ces entreprises, comme des investisseurs franc\u0327ais, de l\u2019attractivite\u0301 du Cameroun, terre de potentiels, ou\u0300 la socie\u0301te\u0301 civile se distingue par son haut niveau de qualification et d\u2019e\u0301ducation. Nous devons encore, collectivement, travailler a\u0300 renforcer l\u2019attractivite\u0301 du pays, et accroi\u0302tre la confiance des investisseurs franc\u0327ais dans le climat des affaires. Car on le sait tous, ici, les gens aiment trop le gombo (l\u2019argent)&#8230;<\/p>\n<p>Enfin, j\u2019aurais eu le privile\u0300ge de terminer ma mission en organisant ce qui est toujours une e\u0301tape cle\u0301 dans le de\u0301veloppement et le renforcement de la coope\u0301ration entre deux pays : la visite officielle du pre\u0301sident de la Re\u0301publique franc\u0327aise au Cameroun. Cela faisait pre\u0300s de 20 ans qu\u2019un Pre\u0301sident de la Re\u0301publique franc\u0327aise n\u2019avait pas passe\u0301 autant de temps dans ce beau pays. Une visite la\u0300 encore riche, au cours de laquelle le pre\u0301sident a confirme\u0301 l\u2019importance des liens d\u2019amitie\u0301 et de confiance qui nous unissent, et notre engagement a\u0300 soutenir la de\u0301centralisation, en tant qu\u2019une des re\u0301ponses politiques a\u0300 la re\u0301solution de la crise dans les re\u0301gions du Nord-Ouest et du Sud-Ouest. Il est temps que la paix et la stabilite\u0301 reviennent dans ces re\u0301gions, et que les armes s\u2019y taisent enfin de\u0301finitivement. Cela a trop dure\u0301, c\u2019est un ami du Cameroun qui vous le dit.<\/p>\n<p>Au cours de sa visite, le pre\u0301sident a e\u0301galement approfondi les e\u0301changes qu\u2019il avait initie\u0301s avec la jeunesse camerounaise lors du Nouveau Sommet Afrique-France, en octobre 2021, jeunesse dont vous savez qu\u2019elle m\u2019impressionne par son enthousiasme, sa proactivite\u0301, comme sa capacite\u0301 a\u0300 se structurer. C\u2019est ainsi un Conseil forme\u0301 par la jeunesse camerounaise, de sa propre initiative, qui co-organisera un forum re\u0301gional sur le Dialogue Europe-Afrique en de\u0301cembre prochain, a\u0300 Yaounde\u0301. Cette initiative est a\u0300 ce jour unique en Afrique.<\/p>\n<p>Dernier grand engagement pris par le pre\u0301sident de la Re\u0301publique : l\u2019e\u0301tablissement, dans les prochaines semaines, d\u2019une commission conjointe d\u2019historiens, camerounais et franc\u0327ais, qui aura pour mission de travailler sur les e\u0301ve\u0300nements du passe\u0301, notamment au moment des inde\u0301pendances du Cameroun. Le pre\u0301sident de la Re\u0301publique franc\u0327aise a a\u0300 cet effet pris l\u2019engagement solennel d\u2019ouvrir nos archives en totalite\u0301 a\u0300 ce groupe d\u2019historiens conjoint. Il s\u2019agit de cadencer les prochaines anne\u0301es avec de vraies re\u0301alisations, et un retour sur ces travaux. A terme, il s\u2019agit bien d\u2019e\u0301tablir factuellement les e\u0301ventuelles responsabilite\u0301s de chacun. Reconstitution, reconnaissance, et re\u0301conciliation des me\u0301moires : c\u2019est dans la droite ligne de cette de\u0301marche que j\u2019ai participe\u0301 le 13 septembre dernier a\u0300 l\u2019inauguration du monument a\u0300 la me\u0301moire de Ruben Um Nyobe\u0301, a\u0300 Boumnyebel.<\/p>\n<p>Le fil conducteur de toutes ces e\u0301tapes cle\u0301s de notre coope\u0301ration bilate\u0301rale, dont j\u2019ai e\u0301te\u0301 un acteur en me\u0302me temps qu\u2019un te\u0301moin privile\u0301gie\u0301, aura e\u0301te\u0301 l\u2019impe\u0301ratif d\u2019humanite\u0301, la recherche de la proximite\u0301, la connexion constante au re\u0301el.<\/p>\n<p>Et quoi de mieux, pour cela, que la Petite Reine ? Permettez-moi de rappeler que le ve\u0301lo tient ce surnom de la reine Wilhelmine des Pays-Bas qui, a\u0300 partir de 1890, avait pris l\u2019habitude de parcourir le pays a\u0300 bicyclette, jusqu\u2019en 1948. Car pour elle, rien ne valait mieux qu\u2019une promenade a\u0300 ve\u0301lo pour appre\u0301hender les aspirations, les appre\u0301hensions, parfois les re\u0301criminations, dans les territoires. C\u2019est l\u2019essence-me\u0302me du ve\u0301lo que de se faire le te\u0301moin direct des re\u0301alite\u0301s de terrain. J\u2019ai par exemple e\u0301te\u0301 frappe\u0301 de voir manie\u0301e la langue franc\u0327aise, d\u2019un point a\u0300 l\u2019autre du Cameroun, avec tant d\u2019agilite\u0301 et de vivacite\u0301. Et c\u2019est au cours de ces tourne\u0301es cyclistes que j\u2019ai appris a\u0300 faroter !<\/p>\n<p>Aussi, suis-je extre\u0302mement fier d\u2019avoir parcouru le Cameroun, du Nord au Sud, d\u2019Est en Ouest, sur des milliers de kilome\u0300tres, pour ressentir le sentiment populaire a\u0300 l\u2019endroit de la France. Le vrai. Pas celui ve\u0301hicule\u0301 par certains de\u0301tracteurs me\u0301diatiques qui ont pour objectif de fragiliser la relation franco-camerounaise. A ceux-la\u0300, je dis : de\u0301posez-nous, car la France et le Cameroun c\u2019est jusqu\u2019a\u0300 la gare ! Et puisque j\u2019e\u0301voque les mercenaires de la de\u0301sinformation, je me permettrais sous forme de parenthe\u0300se un dernier conseil a\u0300 tous, fruit de mon expe\u0301rience ici : recoupez, recoupez encore, recoupez toujours les informations qui vous sont partage\u0301es, tant les ve\u0301rite\u0301s peuvent e\u0302tre conjugue\u0301es au pluriel.<\/p>\n<p>C\u2019est au cours de mes vire\u0301es cyclistes que j\u2019ai e\u0301te\u0301 frappe\u0301 par l\u2019inoxydable ge\u0301ne\u0301rosite\u0301 et hospitalite\u0301 des Camerounaises et des Camerounais.<\/p>\n<p>Mes tourne\u0301es cyclistes, comme tant d\u2019autres projets dimensionnants et actions de coope\u0301ration mis sur pied au cours des trois dernie\u0300res anne\u0301es, j\u2019en suis fier. Et j\u2019en suis fier, notamment parce que ce sont le de\u0301vouement et l\u2019intelligence collective de tous les agents de cette Ambassade qui ont permis leur re\u0301alisation. A vous tous, aussi pre\u0301sents ce soir, je vous dis merci, du fond du c\u0153ur, et a\u0300 biento\u0302t.<\/p>\n<p>Excellences, Honorables, Mesdames et Messieurs, chers Amis,<\/p>\n<p>Enfin, et pour conclure, vous comprendrez qu\u2019au terme de trois anne\u0301es riches au Cameroun, je porte un regard e\u0301mu, de\u0301ja\u0300 nostalgique, mais toujours plein d\u2019espoir, sur ce pays ou\u0300 ni les talents, ni les bonnes volonte\u0301s, ni le sens du collectif ne manquent. Comme on dit ici, le wat rentre en mbeng (le blanc rentre en France), mais on est ensemble !<\/p>\n<p>Je vous remercie de votre attention.<\/p>\n<p>Vive l\u2019amitie\u0301 franco-camerounaise ! Vive le Cameroun ! Vive la France !<\/p>\n<p><strong>Pour plus d&rsquo;informations et d&rsquo;analyses sur la <a href=\"https:\/\/www.africa-press.net\/cameroun\">Cameroun<\/a>, suivez <a href=\"https:\/\/www.africa-press.net\/\">Africa-Press<\/a><\/strong><\/p>\n","protected":false},"excerpt":{"rendered":"<p>Africa-Press &#8211; Cameroun. Apre\u0300s trois anne\u0301es passe\u0301es au Cameroun comme chef de la diplomatie franc\u0327aise, Christophe Guilhou s\u2019en va. L\u2019Ambassadeur de France sortant est alle\u0301 faire ses adieux au pre\u0301sident de la Re\u0301publique Paul Biya le mardi 27 septembre 2022. Avant ce rituel, il a offert quelques jours plus to\u0302t un di\u0302ner d\u2019au revoir au [&hellip;]<\/p>\n","protected":false},"author":82,"featured_media":28268,"comment_status":"open","ping_status":"closed","sticky":false,"template":"","format":"standard","meta":{"footnotes":""},"categories":[2,10],"tags":[36,50,49],"class_list":["post-28269","post","type-post","status-publish","format-standard","has-post-thumbnail","hentry","category-politique","category-toutes-les-actualites","tag-africa-press","tag-africa-press-cameroun","tag-cameroun"],"yoast_head":"<!-- This site is optimized with the Yoast SEO Premium plugin v26.1 (Yoast SEO v27.0) - https:\/\/yoast.com\/product\/yoast-seo-premium-wordpress\/ -->\n<title>Diplomatie\/Christophe Guilhou (Ambassadeur de France sortant): \u00abIl est temps que la paix et la stabilit\u00e9 reviennent dans les r\u00e9gions du Nord-Ouest et du Sud-Ouest\u00bb - Cameroun<\/title>\n<meta name=\"description\" content=\"Apre\u0300s trois anne\u0301es passe\u0301es au Cameroun comme chef de la diplomatie franc\u0327aise, Christophe Guilhou s\u2019en va. L\u2019Ambassad ...\" \/>\n<meta name=\"robots\" content=\"index, follow, max-snippet:-1, max-image-preview:large, max-video-preview:-1\" \/>\n<link rel=\"canonical\" href=\"https:\/\/www.africa-press.net\/cameroun\/politique\/diplomatie-christophe-guilhou-ambassadeur-de-france-sortant-il-est-temps-que-la-paix-et-la-stabilite-reviennent-dans-les-regions-du-nord-ouest-et-du-sud-ouest\" \/>\n<meta property=\"og:locale\" content=\"fr_FR\" \/>\n<meta property=\"og:type\" content=\"article\" \/>\n<meta property=\"og:title\" content=\"Diplomatie\/Christophe Guilhou (Ambassadeur de France sortant): \u00abIl est temps que la paix et la stabilit\u00e9 reviennent dans les r\u00e9gions du Nord-Ouest et du Sud-Ouest\u00bb\" \/>\n<meta property=\"og:description\" content=\"Apre\u0300s trois anne\u0301es passe\u0301es au Cameroun comme chef de la diplomatie franc\u0327aise, Christophe Guilhou s\u2019en va. L\u2019Ambassad ...\" \/>\n<meta property=\"og:url\" content=\"https:\/\/www.africa-press.net\/cameroun\/politique\/diplomatie-christophe-guilhou-ambassadeur-de-france-sortant-il-est-temps-que-la-paix-et-la-stabilite-reviennent-dans-les-regions-du-nord-ouest-et-du-sud-ouest\" \/>\n<meta property=\"og:site_name\" content=\"Cameroun\" \/>\n<meta property=\"article:published_time\" content=\"2022-09-28T14:18:18+00:00\" \/>\n<meta property=\"article:modified_time\" content=\"2022-09-28T16:53:32+00:00\" \/>\n<meta property=\"og:image\" content=\"https:\/\/static.africa-press.net\/cameroun\/sites\/57\/2022\/09\/img-63347bf637296.jpg\" \/>\n\t<meta property=\"og:image:width\" content=\"800\" \/>\n\t<meta property=\"og:image:height\" content=\"443\" \/>\n\t<meta property=\"og:image:type\" content=\"image\/jpeg\" \/>\n<meta name=\"author\" content=\"cfeditorfr\" \/>\n<meta name=\"twitter:card\" content=\"summary_large_image\" \/>\n<meta name=\"twitter:label1\" content=\"\u00c9crit par\" \/>\n\t<meta name=\"twitter:data1\" content=\"cfeditorfr\" \/>\n\t<meta name=\"twitter:label2\" content=\"Dur\u00e9e de lecture estim\u00e9e\" \/>\n\t<meta name=\"twitter:data2\" content=\"10 minutes\" \/>\n<script type=\"application\/ld+json\" class=\"yoast-schema-graph\">{\"@context\":\"https:\/\/schema.org\",\"@graph\":[{\"@type\":\"Article\",\"@id\":\"https:\/\/www.africa-press.net\/cameroun\/politique\/diplomatie-christophe-guilhou-ambassadeur-de-france-sortant-il-est-temps-que-la-paix-et-la-stabilite-reviennent-dans-les-regions-du-nord-ouest-et-du-sud-ouest#article\",\"isPartOf\":{\"@id\":\"https:\/\/www.africa-press.net\/cameroun\/politique\/diplomatie-christophe-guilhou-ambassadeur-de-france-sortant-il-est-temps-que-la-paix-et-la-stabilite-reviennent-dans-les-regions-du-nord-ouest-et-du-sud-ouest\"},\"author\":{\"name\":\"cfeditorfr\",\"@id\":\"https:\/\/www.africa-press.net\/cameroun\/#\/schema\/person\/2b1cf3cd81a31e3cd26889ca66d677f1\"},\"headline\":\"Diplomatie\/Christophe Guilhou (Ambassadeur de France sortant): \u00abIl est temps que la paix et la stabilit\u00e9 reviennent dans les r\u00e9gions du Nord-Ouest et du Sud-Ouest\u00bb\",\"datePublished\":\"2022-09-28T14:18:18+00:00\",\"dateModified\":\"2022-09-28T16:53:32+00:00\",\"mainEntityOfPage\":{\"@id\":\"https:\/\/www.africa-press.net\/cameroun\/politique\/diplomatie-christophe-guilhou-ambassadeur-de-france-sortant-il-est-temps-que-la-paix-et-la-stabilite-reviennent-dans-les-regions-du-nord-ouest-et-du-sud-ouest\"},\"wordCount\":2222,\"commentCount\":0,\"image\":{\"@id\":\"https:\/\/www.africa-press.net\/cameroun\/politique\/diplomatie-christophe-guilhou-ambassadeur-de-france-sortant-il-est-temps-que-la-paix-et-la-stabilite-reviennent-dans-les-regions-du-nord-ouest-et-du-sud-ouest#primaryimage\"},\"thumbnailUrl\":\"https:\/\/static.africa-press.net\/cameroun\/sites\/57\/2022\/09\/img-63347bf637296.jpg\",\"keywords\":[\"Africa Press\",\"Africa Press-Cameroun\",\"Cameroun\"],\"articleSection\":[\"Politique\",\"Toutes les actualit\u00e9s\"],\"inLanguage\":\"fr-FR\",\"potentialAction\":[{\"@type\":\"CommentAction\",\"name\":\"Comment\",\"target\":[\"https:\/\/www.africa-press.net\/cameroun\/politique\/diplomatie-christophe-guilhou-ambassadeur-de-france-sortant-il-est-temps-que-la-paix-et-la-stabilite-reviennent-dans-les-regions-du-nord-ouest-et-du-sud-ouest#respond\"]}]},{\"@type\":\"WebPage\",\"@id\":\"https:\/\/www.africa-press.net\/cameroun\/politique\/diplomatie-christophe-guilhou-ambassadeur-de-france-sortant-il-est-temps-que-la-paix-et-la-stabilite-reviennent-dans-les-regions-du-nord-ouest-et-du-sud-ouest\",\"url\":\"https:\/\/www.africa-press.net\/cameroun\/politique\/diplomatie-christophe-guilhou-ambassadeur-de-france-sortant-il-est-temps-que-la-paix-et-la-stabilite-reviennent-dans-les-regions-du-nord-ouest-et-du-sud-ouest\",\"name\":\"Diplomatie\/Christophe Guilhou (Ambassadeur de France sortant): \u00abIl est temps que la paix et la stabilit\u00e9 reviennent dans les r\u00e9gions du Nord-Ouest et du Sud-Ouest\u00bb - Cameroun\",\"isPartOf\":{\"@id\":\"https:\/\/www.africa-press.net\/cameroun\/#website\"},\"primaryImageOfPage\":{\"@id\":\"https:\/\/www.africa-press.net\/cameroun\/politique\/diplomatie-christophe-guilhou-ambassadeur-de-france-sortant-il-est-temps-que-la-paix-et-la-stabilite-reviennent-dans-les-regions-du-nord-ouest-et-du-sud-ouest#primaryimage\"},\"image\":{\"@id\":\"https:\/\/www.africa-press.net\/cameroun\/politique\/diplomatie-christophe-guilhou-ambassadeur-de-france-sortant-il-est-temps-que-la-paix-et-la-stabilite-reviennent-dans-les-regions-du-nord-ouest-et-du-sud-ouest#primaryimage\"},\"thumbnailUrl\":\"https:\/\/static.africa-press.net\/cameroun\/sites\/57\/2022\/09\/img-63347bf637296.jpg\",\"datePublished\":\"2022-09-28T14:18:18+00:00\",\"dateModified\":\"2022-09-28T16:53:32+00:00\",\"author\":{\"@id\":\"https:\/\/www.africa-press.net\/cameroun\/#\/schema\/person\/2b1cf3cd81a31e3cd26889ca66d677f1\"},\"description\":\"Apre\u0300s trois anne\u0301es passe\u0301es au Cameroun comme chef de la diplomatie franc\u0327aise, Christophe Guilhou s\u2019en va. L\u2019Ambassad ...\",\"breadcrumb\":{\"@id\":\"https:\/\/www.africa-press.net\/cameroun\/politique\/diplomatie-christophe-guilhou-ambassadeur-de-france-sortant-il-est-temps-que-la-paix-et-la-stabilite-reviennent-dans-les-regions-du-nord-ouest-et-du-sud-ouest#breadcrumb\"},\"inLanguage\":\"fr-FR\",\"potentialAction\":[{\"@type\":\"ReadAction\",\"target\":[\"https:\/\/www.africa-press.net\/cameroun\/politique\/diplomatie-christophe-guilhou-ambassadeur-de-france-sortant-il-est-temps-que-la-paix-et-la-stabilite-reviennent-dans-les-regions-du-nord-ouest-et-du-sud-ouest\"]}]},{\"@type\":\"ImageObject\",\"inLanguage\":\"fr-FR\",\"@id\":\"https:\/\/www.africa-press.net\/cameroun\/politique\/diplomatie-christophe-guilhou-ambassadeur-de-france-sortant-il-est-temps-que-la-paix-et-la-stabilite-reviennent-dans-les-regions-du-nord-ouest-et-du-sud-ouest#primaryimage\",\"url\":\"https:\/\/static.africa-press.net\/cameroun\/sites\/57\/2022\/09\/img-63347bf637296.jpg\",\"contentUrl\":\"https:\/\/static.africa-press.net\/cameroun\/sites\/57\/2022\/09\/img-63347bf637296.jpg\",\"width\":800,\"height\":443,\"caption\":\"Diplomatie\/Christophe Guilhou (Ambassadeur de France sortant): \u00abIl est temps que la paix et la stabilit\u00e9 reviennent dans les r\u00e9gions du Nord-Ouest et du Sud-Ouest\u00bb\"},{\"@type\":\"BreadcrumbList\",\"@id\":\"https:\/\/www.africa-press.net\/cameroun\/politique\/diplomatie-christophe-guilhou-ambassadeur-de-france-sortant-il-est-temps-que-la-paix-et-la-stabilite-reviennent-dans-les-regions-du-nord-ouest-et-du-sud-ouest#breadcrumb\",\"itemListElement\":[{\"@type\":\"ListItem\",\"position\":1,\"name\":\"Accueil\",\"item\":\"https:\/\/www.africa-press.net\/cameroun\/\"},{\"@type\":\"ListItem\",\"position\":2,\"name\":\"Diplomatie\/Christophe Guilhou (Ambassadeur de France sortant): \u00abIl est temps que la paix et la stabilit\u00e9 reviennent dans les r\u00e9gions du Nord-Ouest et du Sud-Ouest\u00bb\"}]},{\"@type\":\"WebSite\",\"@id\":\"https:\/\/www.africa-press.net\/cameroun\/#website\",\"url\":\"https:\/\/www.africa-press.net\/cameroun\/\",\"name\":\"Cameroun\",\"description\":\"Just another Africa News Agency Sites site\",\"potentialAction\":[{\"@type\":\"SearchAction\",\"target\":{\"@type\":\"EntryPoint\",\"urlTemplate\":\"https:\/\/www.africa-press.net\/cameroun\/?s={search_term_string}\"},\"query-input\":{\"@type\":\"PropertyValueSpecification\",\"valueRequired\":true,\"valueName\":\"search_term_string\"}}],\"inLanguage\":\"fr-FR\"},{\"@type\":\"Person\",\"@id\":\"https:\/\/www.africa-press.net\/cameroun\/#\/schema\/person\/2b1cf3cd81a31e3cd26889ca66d677f1\",\"name\":\"cfeditorfr\"}]}<\/script>\n<!-- \/ Yoast SEO Premium plugin. -->","yoast_head_json":{"title":"Diplomatie\/Christophe Guilhou (Ambassadeur de France sortant): \u00abIl est temps que la paix et la stabilit\u00e9 reviennent dans les r\u00e9gions du Nord-Ouest et du Sud-Ouest\u00bb - Cameroun","description":"Apre\u0300s trois anne\u0301es passe\u0301es au Cameroun comme chef de la diplomatie franc\u0327aise, Christophe Guilhou s\u2019en va. L\u2019Ambassad ...","robots":{"index":"index","follow":"follow","max-snippet":"max-snippet:-1","max-image-preview":"max-image-preview:large","max-video-preview":"max-video-preview:-1"},"canonical":"https:\/\/www.africa-press.net\/cameroun\/politique\/diplomatie-christophe-guilhou-ambassadeur-de-france-sortant-il-est-temps-que-la-paix-et-la-stabilite-reviennent-dans-les-regions-du-nord-ouest-et-du-sud-ouest","og_locale":"fr_FR","og_type":"article","og_title":"Diplomatie\/Christophe Guilhou (Ambassadeur de France sortant): \u00abIl est temps que la paix et la stabilit\u00e9 reviennent dans les r\u00e9gions du Nord-Ouest et du Sud-Ouest\u00bb","og_description":"Apre\u0300s trois anne\u0301es passe\u0301es au Cameroun comme chef de la diplomatie franc\u0327aise, Christophe Guilhou s\u2019en va. L\u2019Ambassad ...","og_url":"https:\/\/www.africa-press.net\/cameroun\/politique\/diplomatie-christophe-guilhou-ambassadeur-de-france-sortant-il-est-temps-que-la-paix-et-la-stabilite-reviennent-dans-les-regions-du-nord-ouest-et-du-sud-ouest","og_site_name":"Cameroun","article_published_time":"2022-09-28T14:18:18+00:00","article_modified_time":"2022-09-28T16:53:32+00:00","og_image":[{"width":800,"height":443,"url":"https:\/\/static.africa-press.net\/cameroun\/sites\/57\/2022\/09\/img-63347bf637296.jpg","type":"image\/jpeg"}],"author":"cfeditorfr","twitter_card":"summary_large_image","twitter_misc":{"\u00c9crit par":"cfeditorfr","Dur\u00e9e de lecture estim\u00e9e":"10 minutes"},"schema":{"@context":"https:\/\/schema.org","@graph":[{"@type":"Article","@id":"https:\/\/www.africa-press.net\/cameroun\/politique\/diplomatie-christophe-guilhou-ambassadeur-de-france-sortant-il-est-temps-que-la-paix-et-la-stabilite-reviennent-dans-les-regions-du-nord-ouest-et-du-sud-ouest#article","isPartOf":{"@id":"https:\/\/www.africa-press.net\/cameroun\/politique\/diplomatie-christophe-guilhou-ambassadeur-de-france-sortant-il-est-temps-que-la-paix-et-la-stabilite-reviennent-dans-les-regions-du-nord-ouest-et-du-sud-ouest"},"author":{"name":"cfeditorfr","@id":"https:\/\/www.africa-press.net\/cameroun\/#\/schema\/person\/2b1cf3cd81a31e3cd26889ca66d677f1"},"headline":"Diplomatie\/Christophe Guilhou (Ambassadeur de France sortant): \u00abIl est temps que la paix et la stabilit\u00e9 reviennent dans les r\u00e9gions du Nord-Ouest et du Sud-Ouest\u00bb","datePublished":"2022-09-28T14:18:18+00:00","dateModified":"2022-09-28T16:53:32+00:00","mainEntityOfPage":{"@id":"https:\/\/www.africa-press.net\/cameroun\/politique\/diplomatie-christophe-guilhou-ambassadeur-de-france-sortant-il-est-temps-que-la-paix-et-la-stabilite-reviennent-dans-les-regions-du-nord-ouest-et-du-sud-ouest"},"wordCount":2222,"commentCount":0,"image":{"@id":"https:\/\/www.africa-press.net\/cameroun\/politique\/diplomatie-christophe-guilhou-ambassadeur-de-france-sortant-il-est-temps-que-la-paix-et-la-stabilite-reviennent-dans-les-regions-du-nord-ouest-et-du-sud-ouest#primaryimage"},"thumbnailUrl":"https:\/\/static.africa-press.net\/cameroun\/sites\/57\/2022\/09\/img-63347bf637296.jpg","keywords":["Africa Press","Africa Press-Cameroun","Cameroun"],"articleSection":["Politique","Toutes les actualit\u00e9s"],"inLanguage":"fr-FR","potentialAction":[{"@type":"CommentAction","name":"Comment","target":["https:\/\/www.africa-press.net\/cameroun\/politique\/diplomatie-christophe-guilhou-ambassadeur-de-france-sortant-il-est-temps-que-la-paix-et-la-stabilite-reviennent-dans-les-regions-du-nord-ouest-et-du-sud-ouest#respond"]}]},{"@type":"WebPage","@id":"https:\/\/www.africa-press.net\/cameroun\/politique\/diplomatie-christophe-guilhou-ambassadeur-de-france-sortant-il-est-temps-que-la-paix-et-la-stabilite-reviennent-dans-les-regions-du-nord-ouest-et-du-sud-ouest","url":"https:\/\/www.africa-press.net\/cameroun\/politique\/diplomatie-christophe-guilhou-ambassadeur-de-france-sortant-il-est-temps-que-la-paix-et-la-stabilite-reviennent-dans-les-regions-du-nord-ouest-et-du-sud-ouest","name":"Diplomatie\/Christophe Guilhou (Ambassadeur de France sortant): \u00abIl est temps que la paix et la stabilit\u00e9 reviennent dans les r\u00e9gions du Nord-Ouest et du Sud-Ouest\u00bb - Cameroun","isPartOf":{"@id":"https:\/\/www.africa-press.net\/cameroun\/#website"},"primaryImageOfPage":{"@id":"https:\/\/www.africa-press.net\/cameroun\/politique\/diplomatie-christophe-guilhou-ambassadeur-de-france-sortant-il-est-temps-que-la-paix-et-la-stabilite-reviennent-dans-les-regions-du-nord-ouest-et-du-sud-ouest#primaryimage"},"image":{"@id":"https:\/\/www.africa-press.net\/cameroun\/politique\/diplomatie-christophe-guilhou-ambassadeur-de-france-sortant-il-est-temps-que-la-paix-et-la-stabilite-reviennent-dans-les-regions-du-nord-ouest-et-du-sud-ouest#primaryimage"},"thumbnailUrl":"https:\/\/static.africa-press.net\/cameroun\/sites\/57\/2022\/09\/img-63347bf637296.jpg","datePublished":"2022-09-28T14:18:18+00:00","dateModified":"2022-09-28T16:53:32+00:00","author":{"@id":"https:\/\/www.africa-press.net\/cameroun\/#\/schema\/person\/2b1cf3cd81a31e3cd26889ca66d677f1"},"description":"Apre\u0300s trois anne\u0301es passe\u0301es au Cameroun comme chef de la diplomatie franc\u0327aise, Christophe Guilhou s\u2019en va. L\u2019Ambassad ...","breadcrumb":{"@id":"https:\/\/www.africa-press.net\/cameroun\/politique\/diplomatie-christophe-guilhou-ambassadeur-de-france-sortant-il-est-temps-que-la-paix-et-la-stabilite-reviennent-dans-les-regions-du-nord-ouest-et-du-sud-ouest#breadcrumb"},"inLanguage":"fr-FR","potentialAction":[{"@type":"ReadAction","target":["https:\/\/www.africa-press.net\/cameroun\/politique\/diplomatie-christophe-guilhou-ambassadeur-de-france-sortant-il-est-temps-que-la-paix-et-la-stabilite-reviennent-dans-les-regions-du-nord-ouest-et-du-sud-ouest"]}]},{"@type":"ImageObject","inLanguage":"fr-FR","@id":"https:\/\/www.africa-press.net\/cameroun\/politique\/diplomatie-christophe-guilhou-ambassadeur-de-france-sortant-il-est-temps-que-la-paix-et-la-stabilite-reviennent-dans-les-regions-du-nord-ouest-et-du-sud-ouest#primaryimage","url":"https:\/\/static.africa-press.net\/cameroun\/sites\/57\/2022\/09\/img-63347bf637296.jpg","contentUrl":"https:\/\/static.africa-press.net\/cameroun\/sites\/57\/2022\/09\/img-63347bf637296.jpg","width":800,"height":443,"caption":"Diplomatie\/Christophe Guilhou (Ambassadeur de France sortant): \u00abIl est temps que la paix et la stabilit\u00e9 reviennent dans les r\u00e9gions du Nord-Ouest et du Sud-Ouest\u00bb"},{"@type":"BreadcrumbList","@id":"https:\/\/www.africa-press.net\/cameroun\/politique\/diplomatie-christophe-guilhou-ambassadeur-de-france-sortant-il-est-temps-que-la-paix-et-la-stabilite-reviennent-dans-les-regions-du-nord-ouest-et-du-sud-ouest#breadcrumb","itemListElement":[{"@type":"ListItem","position":1,"name":"Accueil","item":"https:\/\/www.africa-press.net\/cameroun\/"},{"@type":"ListItem","position":2,"name":"Diplomatie\/Christophe Guilhou (Ambassadeur de France sortant): \u00abIl est temps que la paix et la stabilit\u00e9 reviennent dans les r\u00e9gions du Nord-Ouest et du Sud-Ouest\u00bb"}]},{"@type":"WebSite","@id":"https:\/\/www.africa-press.net\/cameroun\/#website","url":"https:\/\/www.africa-press.net\/cameroun\/","name":"Cameroun","description":"Just another Africa News Agency Sites site","potentialAction":[{"@type":"SearchAction","target":{"@type":"EntryPoint","urlTemplate":"https:\/\/www.africa-press.net\/cameroun\/?s={search_term_string}"},"query-input":{"@type":"PropertyValueSpecification","valueRequired":true,"valueName":"search_term_string"}}],"inLanguage":"fr-FR"},{"@type":"Person","@id":"https:\/\/www.africa-press.net\/cameroun\/#\/schema\/person\/2b1cf3cd81a31e3cd26889ca66d677f1","name":"cfeditorfr"}]}},"_links":{"self":[{"href":"https:\/\/www.africa-press.net\/cameroun\/wp-json\/wp\/v2\/posts\/28269","targetHints":{"allow":["GET"]}}],"collection":[{"href":"https:\/\/www.africa-press.net\/cameroun\/wp-json\/wp\/v2\/posts"}],"about":[{"href":"https:\/\/www.africa-press.net\/cameroun\/wp-json\/wp\/v2\/types\/post"}],"author":[{"embeddable":true,"href":"https:\/\/www.africa-press.net\/cameroun\/wp-json\/wp\/v2\/users\/82"}],"replies":[{"embeddable":true,"href":"https:\/\/www.africa-press.net\/cameroun\/wp-json\/wp\/v2\/comments?post=28269"}],"version-history":[{"count":0,"href":"https:\/\/www.africa-press.net\/cameroun\/wp-json\/wp\/v2\/posts\/28269\/revisions"}],"wp:featuredmedia":[{"embeddable":true,"href":"https:\/\/www.africa-press.net\/cameroun\/wp-json\/wp\/v2\/media\/28268"}],"wp:attachment":[{"href":"https:\/\/www.africa-press.net\/cameroun\/wp-json\/wp\/v2\/media?parent=28269"}],"wp:term":[{"taxonomy":"category","embeddable":true,"href":"https:\/\/www.africa-press.net\/cameroun\/wp-json\/wp\/v2\/categories?post=28269"},{"taxonomy":"post_tag","embeddable":true,"href":"https:\/\/www.africa-press.net\/cameroun\/wp-json\/wp\/v2\/tags?post=28269"}],"curies":[{"name":"wp","href":"https:\/\/api.w.org\/{rel}","templated":true}]}}