{"id":28272,"date":"2022-09-28T14:24:51","date_gmt":"2022-09-28T14:24:51","guid":{"rendered":"https:\/\/www.africa-press.net\/cameroun\/politique\/football-le-coq-sportif-deplore-toujours-labsence-de-conciliation-avec-la-fecafoot-et-sen-remet-aux-decisions-de-la-justice"},"modified":"2022-09-28T16:54:05","modified_gmt":"2022-09-28T16:54:05","slug":"football-le-coq-sportif-deplore-toujours-labsence-de-conciliation-avec-la-fecafoot-et-sen-remet-aux-decisions-de-la-justice","status":"publish","type":"post","link":"https:\/\/www.africa-press.net\/cameroun\/sports\/football-le-coq-sportif-deplore-toujours-labsence-de-conciliation-avec-la-fecafoot-et-sen-remet-aux-decisions-de-la-justice","title":{"rendered":"Football: Le Coq Sportif d\u00e9plore (toujours) l\u2019absence de conciliation avec la FECAFOOT et s\u2019en remet aux d\u00e9cisions de la justice"},"content":{"rendered":"<p><span style=\"color: #ff6600\"><strong>Africa-Press &#8211; Cameroun. <\/strong><\/span>L\u2019issue du feuilleton FECAFOOT-Le Coq Sportif est de\u0301sormais tributaire des de\u0301cisions de justice, apre\u0300s la saisine du Tribunal de Commerce de Paris par l\u2019e\u0301quipementier franc\u0327ais pour de\u0301noncer une \u00ab rupture abusive \u00bb qui le liait a\u0300 la Fe\u0301de\u0301ration Camerounaise de Football (FECAFOOT). Le Coq Sportif attend d\u2019ailleurs impatiemment cette de\u0301cision pour connaitre a\u0300 quoi s\u2019en tenir, apre\u0300s avoir e\u0301choue\u0301 plusieurs fois a\u0300 faire changer d\u2019avis a\u0300 l\u2019exe\u0301cutif de la FECAFOOT dirige\u0301 par l\u2019ancien footballeur Samuel Eto\u2019o Fils.<\/p>\n<p>La marque franc\u0327aise l\u2019a d\u2019ailleurs exprime\u0301 dans un communique\u0301 date\u0301 du mardi 27 septembre 2022. \u00ab Aucune conciliation n\u2019a e\u0301te\u0301 possible avec la FECAFOOT pour le moment, malgre\u0301 la volonte\u0301 du Coq sportif de trouver une issue positive. La proce\u0301dure juridique suit son cours et le Coq Sportif attend sereinement les de\u0301cisions qui seront prises et s\u2019y soumettra avec le respect de toutes les parties concerne\u0301es \u00bb, e\u0301crit-t-elle.<\/p>\n<p>Dans le document, le Coq Sportif re\u0301ite\u0300re son soutien aux Lions indomptables qualifie\u0301s pour la Coupe du monde \u00ab Qatar 2022 \u00bb, affiche un brin d\u2019optimisme quant a\u0300 ce que de\u0301cidera la justice. \u00ab Le Coq Sportif re\u0301pe\u0300te son total soutien aux Lions indomptables pour la prochaine coupe du monde quel que soit l\u2019issue des de\u0301cisions de la justice. C\u2019est le message que son PDG, Marc-Henri Beausire, et Yannick Noah ont souhaite\u0301 de\u0301livrer en toute transparence et de vive voix aux interlocuteurs partenaires qui souhaitaient des informations \u00bb, pre\u0301cise le communique\u0301.<\/p>\n<p>Cette affaire a fini par jeter le froid sur les rapports entre Samuel Eto\u2019o Fils et Yannick Noah, le repre\u0301sentant de la marque au Cameroun, et a engendre\u0301 des querelles entre fanatiques des deux ce\u0301le\u0301brite\u0301s du football et du tennis franc\u0327ais, sur des questions identitaires.<\/p>\n<p><strong>Pour plus d&rsquo;informations et d&rsquo;analyses sur la <a href=\"https:\/\/www.africa-press.net\/cameroun\">Cameroun<\/a>, suivez <a href=\"https:\/\/www.africa-press.net\/\">Africa-Press<\/a><\/strong><\/p>\n","protected":false},"excerpt":{"rendered":"<p>Africa-Press &#8211; Cameroun. L\u2019issue du feuilleton FECAFOOT-Le Coq Sportif est de\u0301sormais tributaire des de\u0301cisions de justice, apre\u0300s la saisine du Tribunal de Commerce de Paris par l\u2019e\u0301quipementier franc\u0327ais pour de\u0301noncer une \u00ab rupture abusive \u00bb qui le liait a\u0300 la Fe\u0301de\u0301ration Camerounaise de Football (FECAFOOT). Le Coq Sportif attend d\u2019ailleurs impatiemment cette de\u0301cision pour connaitre [&hellip;]<\/p>\n","protected":false},"author":82,"featured_media":28271,"comment_status":"open","ping_status":"closed","sticky":false,"template":"","format":"standard","meta":{"footnotes":""},"categories":[6,10],"tags":[36,50,49],"class_list":["post-28272","post","type-post","status-publish","format-standard","has-post-thumbnail","hentry","category-sports","category-toutes-les-actualites","tag-africa-press","tag-africa-press-cameroun","tag-cameroun"],"yoast_head":"<!-- This site is optimized with the Yoast SEO Premium plugin v26.1 (Yoast SEO v27.0) - https:\/\/yoast.com\/product\/yoast-seo-premium-wordpress\/ -->\n<title>Football: Le Coq Sportif d\u00e9plore (toujours) l\u2019absence de conciliation avec la FECAFOOT et s\u2019en remet aux d\u00e9cisions de la justice - Cameroun<\/title>\n<meta name=\"description\" content=\"L\u2019issue du feuilleton FECAFOOT-Le Coq Sportif est de\u0301sormais tributaire des de\u0301cisions de justice, apre\u0300s la saisine du ...\" \/>\n<meta name=\"robots\" content=\"index, follow, max-snippet:-1, max-image-preview:large, max-video-preview:-1\" \/>\n<link rel=\"canonical\" href=\"https:\/\/www.africa-press.net\/cameroun\/sports\/football-le-coq-sportif-deplore-toujours-labsence-de-conciliation-avec-la-fecafoot-et-sen-remet-aux-decisions-de-la-justice\" \/>\n<meta property=\"og:locale\" content=\"fr_FR\" \/>\n<meta property=\"og:type\" content=\"article\" \/>\n<meta property=\"og:title\" content=\"Football: Le Coq Sportif d\u00e9plore (toujours) l\u2019absence de conciliation avec la FECAFOOT et s\u2019en remet aux d\u00e9cisions de la justice\" \/>\n<meta property=\"og:description\" content=\"L\u2019issue du feuilleton FECAFOOT-Le Coq Sportif est de\u0301sormais tributaire des de\u0301cisions de justice, apre\u0300s la saisine du ...\" \/>\n<meta property=\"og:url\" content=\"https:\/\/www.africa-press.net\/cameroun\/sports\/football-le-coq-sportif-deplore-toujours-labsence-de-conciliation-avec-la-fecafoot-et-sen-remet-aux-decisions-de-la-justice\" \/>\n<meta property=\"og:site_name\" content=\"Cameroun\" \/>\n<meta property=\"article:published_time\" content=\"2022-09-28T14:24:51+00:00\" \/>\n<meta property=\"article:modified_time\" content=\"2022-09-28T16:54:05+00:00\" \/>\n<meta property=\"og:image\" content=\"https:\/\/static.africa-press.net\/cameroun\/sites\/57\/2022\/09\/img-63347c159a708.jpg\" \/>\n\t<meta property=\"og:image:width\" content=\"800\" \/>\n\t<meta property=\"og:image:height\" content=\"487\" \/>\n\t<meta property=\"og:image:type\" content=\"image\/jpeg\" \/>\n<meta name=\"author\" content=\"cfeditorfr\" \/>\n<meta name=\"twitter:card\" content=\"summary_large_image\" \/>\n<meta name=\"twitter:label1\" content=\"\u00c9crit par\" \/>\n\t<meta name=\"twitter:data1\" content=\"cfeditorfr\" \/>\n\t<meta name=\"twitter:label2\" content=\"Dur\u00e9e de lecture estim\u00e9e\" \/>\n\t<meta name=\"twitter:data2\" content=\"2 minutes\" \/>\n<script type=\"application\/ld+json\" class=\"yoast-schema-graph\">{\"@context\":\"https:\/\/schema.org\",\"@graph\":[{\"@type\":\"Article\",\"@id\":\"https:\/\/www.africa-press.net\/cameroun\/sports\/football-le-coq-sportif-deplore-toujours-labsence-de-conciliation-avec-la-fecafoot-et-sen-remet-aux-decisions-de-la-justice#article\",\"isPartOf\":{\"@id\":\"https:\/\/www.africa-press.net\/cameroun\/sports\/football-le-coq-sportif-deplore-toujours-labsence-de-conciliation-avec-la-fecafoot-et-sen-remet-aux-decisions-de-la-justice\"},\"author\":{\"name\":\"cfeditorfr\",\"@id\":\"https:\/\/www.africa-press.net\/cameroun\/#\/schema\/person\/2b1cf3cd81a31e3cd26889ca66d677f1\"},\"headline\":\"Football: Le Coq Sportif d\u00e9plore (toujours) l\u2019absence de conciliation avec la FECAFOOT et s\u2019en remet aux d\u00e9cisions de la justice\",\"datePublished\":\"2022-09-28T14:24:51+00:00\",\"dateModified\":\"2022-09-28T16:54:05+00:00\",\"mainEntityOfPage\":{\"@id\":\"https:\/\/www.africa-press.net\/cameroun\/sports\/football-le-coq-sportif-deplore-toujours-labsence-de-conciliation-avec-la-fecafoot-et-sen-remet-aux-decisions-de-la-justice\"},\"wordCount\":357,\"commentCount\":0,\"image\":{\"@id\":\"https:\/\/www.africa-press.net\/cameroun\/sports\/football-le-coq-sportif-deplore-toujours-labsence-de-conciliation-avec-la-fecafoot-et-sen-remet-aux-decisions-de-la-justice#primaryimage\"},\"thumbnailUrl\":\"https:\/\/static.africa-press.net\/cameroun\/sites\/57\/2022\/09\/img-63347c159a708.jpg\",\"keywords\":[\"Africa Press\",\"Africa Press-Cameroun\",\"Cameroun\"],\"articleSection\":[\"Sports\",\"Toutes les actualit\u00e9s\"],\"inLanguage\":\"fr-FR\",\"potentialAction\":[{\"@type\":\"CommentAction\",\"name\":\"Comment\",\"target\":[\"https:\/\/www.africa-press.net\/cameroun\/sports\/football-le-coq-sportif-deplore-toujours-labsence-de-conciliation-avec-la-fecafoot-et-sen-remet-aux-decisions-de-la-justice#respond\"]}]},{\"@type\":\"WebPage\",\"@id\":\"https:\/\/www.africa-press.net\/cameroun\/sports\/football-le-coq-sportif-deplore-toujours-labsence-de-conciliation-avec-la-fecafoot-et-sen-remet-aux-decisions-de-la-justice\",\"url\":\"https:\/\/www.africa-press.net\/cameroun\/sports\/football-le-coq-sportif-deplore-toujours-labsence-de-conciliation-avec-la-fecafoot-et-sen-remet-aux-decisions-de-la-justice\",\"name\":\"Football: Le Coq Sportif d\u00e9plore (toujours) l\u2019absence de conciliation avec la FECAFOOT et s\u2019en remet aux d\u00e9cisions de la justice - Cameroun\",\"isPartOf\":{\"@id\":\"https:\/\/www.africa-press.net\/cameroun\/#website\"},\"primaryImageOfPage\":{\"@id\":\"https:\/\/www.africa-press.net\/cameroun\/sports\/football-le-coq-sportif-deplore-toujours-labsence-de-conciliation-avec-la-fecafoot-et-sen-remet-aux-decisions-de-la-justice#primaryimage\"},\"image\":{\"@id\":\"https:\/\/www.africa-press.net\/cameroun\/sports\/football-le-coq-sportif-deplore-toujours-labsence-de-conciliation-avec-la-fecafoot-et-sen-remet-aux-decisions-de-la-justice#primaryimage\"},\"thumbnailUrl\":\"https:\/\/static.africa-press.net\/cameroun\/sites\/57\/2022\/09\/img-63347c159a708.jpg\",\"datePublished\":\"2022-09-28T14:24:51+00:00\",\"dateModified\":\"2022-09-28T16:54:05+00:00\",\"author\":{\"@id\":\"https:\/\/www.africa-press.net\/cameroun\/#\/schema\/person\/2b1cf3cd81a31e3cd26889ca66d677f1\"},\"description\":\"L\u2019issue du feuilleton FECAFOOT-Le Coq Sportif est de\u0301sormais tributaire des de\u0301cisions de justice, apre\u0300s la saisine du ...\",\"breadcrumb\":{\"@id\":\"https:\/\/www.africa-press.net\/cameroun\/sports\/football-le-coq-sportif-deplore-toujours-labsence-de-conciliation-avec-la-fecafoot-et-sen-remet-aux-decisions-de-la-justice#breadcrumb\"},\"inLanguage\":\"fr-FR\",\"potentialAction\":[{\"@type\":\"ReadAction\",\"target\":[\"https:\/\/www.africa-press.net\/cameroun\/sports\/football-le-coq-sportif-deplore-toujours-labsence-de-conciliation-avec-la-fecafoot-et-sen-remet-aux-decisions-de-la-justice\"]}]},{\"@type\":\"ImageObject\",\"inLanguage\":\"fr-FR\",\"@id\":\"https:\/\/www.africa-press.net\/cameroun\/sports\/football-le-coq-sportif-deplore-toujours-labsence-de-conciliation-avec-la-fecafoot-et-sen-remet-aux-decisions-de-la-justice#primaryimage\",\"url\":\"https:\/\/static.africa-press.net\/cameroun\/sites\/57\/2022\/09\/img-63347c159a708.jpg\",\"contentUrl\":\"https:\/\/static.africa-press.net\/cameroun\/sites\/57\/2022\/09\/img-63347c159a708.jpg\",\"width\":800,\"height\":487,\"caption\":\"Football: Le Coq Sportif d\u00e9plore (toujours) l\u2019absence de conciliation avec la FECAFOOT et s\u2019en remet aux d\u00e9cisions de la justice\"},{\"@type\":\"BreadcrumbList\",\"@id\":\"https:\/\/www.africa-press.net\/cameroun\/sports\/football-le-coq-sportif-deplore-toujours-labsence-de-conciliation-avec-la-fecafoot-et-sen-remet-aux-decisions-de-la-justice#breadcrumb\",\"itemListElement\":[{\"@type\":\"ListItem\",\"position\":1,\"name\":\"Accueil\",\"item\":\"https:\/\/www.africa-press.net\/cameroun\/\"},{\"@type\":\"ListItem\",\"position\":2,\"name\":\"Football: Le Coq Sportif d\u00e9plore (toujours) l\u2019absence de conciliation avec la FECAFOOT et s\u2019en remet aux d\u00e9cisions de la justice\"}]},{\"@type\":\"WebSite\",\"@id\":\"https:\/\/www.africa-press.net\/cameroun\/#website\",\"url\":\"https:\/\/www.africa-press.net\/cameroun\/\",\"name\":\"Cameroun\",\"description\":\"Just another Africa News Agency Sites site\",\"potentialAction\":[{\"@type\":\"SearchAction\",\"target\":{\"@type\":\"EntryPoint\",\"urlTemplate\":\"https:\/\/www.africa-press.net\/cameroun\/?s={search_term_string}\"},\"query-input\":{\"@type\":\"PropertyValueSpecification\",\"valueRequired\":true,\"valueName\":\"search_term_string\"}}],\"inLanguage\":\"fr-FR\"},{\"@type\":\"Person\",\"@id\":\"https:\/\/www.africa-press.net\/cameroun\/#\/schema\/person\/2b1cf3cd81a31e3cd26889ca66d677f1\",\"name\":\"cfeditorfr\"}]}<\/script>\n<!-- \/ Yoast SEO Premium plugin. -->","yoast_head_json":{"title":"Football: Le Coq Sportif d\u00e9plore (toujours) l\u2019absence de conciliation avec la FECAFOOT et s\u2019en remet aux d\u00e9cisions de la justice - Cameroun","description":"L\u2019issue du feuilleton FECAFOOT-Le Coq Sportif est de\u0301sormais tributaire des de\u0301cisions de justice, apre\u0300s la saisine du ...","robots":{"index":"index","follow":"follow","max-snippet":"max-snippet:-1","max-image-preview":"max-image-preview:large","max-video-preview":"max-video-preview:-1"},"canonical":"https:\/\/www.africa-press.net\/cameroun\/sports\/football-le-coq-sportif-deplore-toujours-labsence-de-conciliation-avec-la-fecafoot-et-sen-remet-aux-decisions-de-la-justice","og_locale":"fr_FR","og_type":"article","og_title":"Football: Le Coq Sportif d\u00e9plore (toujours) l\u2019absence de conciliation avec la FECAFOOT et s\u2019en remet aux d\u00e9cisions de la justice","og_description":"L\u2019issue du feuilleton FECAFOOT-Le Coq Sportif est de\u0301sormais tributaire des de\u0301cisions de justice, apre\u0300s la saisine du ...","og_url":"https:\/\/www.africa-press.net\/cameroun\/sports\/football-le-coq-sportif-deplore-toujours-labsence-de-conciliation-avec-la-fecafoot-et-sen-remet-aux-decisions-de-la-justice","og_site_name":"Cameroun","article_published_time":"2022-09-28T14:24:51+00:00","article_modified_time":"2022-09-28T16:54:05+00:00","og_image":[{"width":800,"height":487,"url":"https:\/\/static.africa-press.net\/cameroun\/sites\/57\/2022\/09\/img-63347c159a708.jpg","type":"image\/jpeg"}],"author":"cfeditorfr","twitter_card":"summary_large_image","twitter_misc":{"\u00c9crit par":"cfeditorfr","Dur\u00e9e de lecture estim\u00e9e":"2 minutes"},"schema":{"@context":"https:\/\/schema.org","@graph":[{"@type":"Article","@id":"https:\/\/www.africa-press.net\/cameroun\/sports\/football-le-coq-sportif-deplore-toujours-labsence-de-conciliation-avec-la-fecafoot-et-sen-remet-aux-decisions-de-la-justice#article","isPartOf":{"@id":"https:\/\/www.africa-press.net\/cameroun\/sports\/football-le-coq-sportif-deplore-toujours-labsence-de-conciliation-avec-la-fecafoot-et-sen-remet-aux-decisions-de-la-justice"},"author":{"name":"cfeditorfr","@id":"https:\/\/www.africa-press.net\/cameroun\/#\/schema\/person\/2b1cf3cd81a31e3cd26889ca66d677f1"},"headline":"Football: Le Coq Sportif d\u00e9plore (toujours) l\u2019absence de conciliation avec la FECAFOOT et s\u2019en remet aux d\u00e9cisions de la justice","datePublished":"2022-09-28T14:24:51+00:00","dateModified":"2022-09-28T16:54:05+00:00","mainEntityOfPage":{"@id":"https:\/\/www.africa-press.net\/cameroun\/sports\/football-le-coq-sportif-deplore-toujours-labsence-de-conciliation-avec-la-fecafoot-et-sen-remet-aux-decisions-de-la-justice"},"wordCount":357,"commentCount":0,"image":{"@id":"https:\/\/www.africa-press.net\/cameroun\/sports\/football-le-coq-sportif-deplore-toujours-labsence-de-conciliation-avec-la-fecafoot-et-sen-remet-aux-decisions-de-la-justice#primaryimage"},"thumbnailUrl":"https:\/\/static.africa-press.net\/cameroun\/sites\/57\/2022\/09\/img-63347c159a708.jpg","keywords":["Africa Press","Africa Press-Cameroun","Cameroun"],"articleSection":["Sports","Toutes les actualit\u00e9s"],"inLanguage":"fr-FR","potentialAction":[{"@type":"CommentAction","name":"Comment","target":["https:\/\/www.africa-press.net\/cameroun\/sports\/football-le-coq-sportif-deplore-toujours-labsence-de-conciliation-avec-la-fecafoot-et-sen-remet-aux-decisions-de-la-justice#respond"]}]},{"@type":"WebPage","@id":"https:\/\/www.africa-press.net\/cameroun\/sports\/football-le-coq-sportif-deplore-toujours-labsence-de-conciliation-avec-la-fecafoot-et-sen-remet-aux-decisions-de-la-justice","url":"https:\/\/www.africa-press.net\/cameroun\/sports\/football-le-coq-sportif-deplore-toujours-labsence-de-conciliation-avec-la-fecafoot-et-sen-remet-aux-decisions-de-la-justice","name":"Football: Le Coq Sportif d\u00e9plore (toujours) l\u2019absence de conciliation avec la FECAFOOT et s\u2019en remet aux d\u00e9cisions de la justice - Cameroun","isPartOf":{"@id":"https:\/\/www.africa-press.net\/cameroun\/#website"},"primaryImageOfPage":{"@id":"https:\/\/www.africa-press.net\/cameroun\/sports\/football-le-coq-sportif-deplore-toujours-labsence-de-conciliation-avec-la-fecafoot-et-sen-remet-aux-decisions-de-la-justice#primaryimage"},"image":{"@id":"https:\/\/www.africa-press.net\/cameroun\/sports\/football-le-coq-sportif-deplore-toujours-labsence-de-conciliation-avec-la-fecafoot-et-sen-remet-aux-decisions-de-la-justice#primaryimage"},"thumbnailUrl":"https:\/\/static.africa-press.net\/cameroun\/sites\/57\/2022\/09\/img-63347c159a708.jpg","datePublished":"2022-09-28T14:24:51+00:00","dateModified":"2022-09-28T16:54:05+00:00","author":{"@id":"https:\/\/www.africa-press.net\/cameroun\/#\/schema\/person\/2b1cf3cd81a31e3cd26889ca66d677f1"},"description":"L\u2019issue du feuilleton FECAFOOT-Le Coq Sportif est de\u0301sormais tributaire des de\u0301cisions de justice, apre\u0300s la saisine du ...","breadcrumb":{"@id":"https:\/\/www.africa-press.net\/cameroun\/sports\/football-le-coq-sportif-deplore-toujours-labsence-de-conciliation-avec-la-fecafoot-et-sen-remet-aux-decisions-de-la-justice#breadcrumb"},"inLanguage":"fr-FR","potentialAction":[{"@type":"ReadAction","target":["https:\/\/www.africa-press.net\/cameroun\/sports\/football-le-coq-sportif-deplore-toujours-labsence-de-conciliation-avec-la-fecafoot-et-sen-remet-aux-decisions-de-la-justice"]}]},{"@type":"ImageObject","inLanguage":"fr-FR","@id":"https:\/\/www.africa-press.net\/cameroun\/sports\/football-le-coq-sportif-deplore-toujours-labsence-de-conciliation-avec-la-fecafoot-et-sen-remet-aux-decisions-de-la-justice#primaryimage","url":"https:\/\/static.africa-press.net\/cameroun\/sites\/57\/2022\/09\/img-63347c159a708.jpg","contentUrl":"https:\/\/static.africa-press.net\/cameroun\/sites\/57\/2022\/09\/img-63347c159a708.jpg","width":800,"height":487,"caption":"Football: Le Coq Sportif d\u00e9plore (toujours) l\u2019absence de conciliation avec la FECAFOOT et s\u2019en remet aux d\u00e9cisions de la justice"},{"@type":"BreadcrumbList","@id":"https:\/\/www.africa-press.net\/cameroun\/sports\/football-le-coq-sportif-deplore-toujours-labsence-de-conciliation-avec-la-fecafoot-et-sen-remet-aux-decisions-de-la-justice#breadcrumb","itemListElement":[{"@type":"ListItem","position":1,"name":"Accueil","item":"https:\/\/www.africa-press.net\/cameroun\/"},{"@type":"ListItem","position":2,"name":"Football: Le Coq Sportif d\u00e9plore (toujours) l\u2019absence de conciliation avec la FECAFOOT et s\u2019en remet aux d\u00e9cisions de la justice"}]},{"@type":"WebSite","@id":"https:\/\/www.africa-press.net\/cameroun\/#website","url":"https:\/\/www.africa-press.net\/cameroun\/","name":"Cameroun","description":"Just another Africa News Agency Sites site","potentialAction":[{"@type":"SearchAction","target":{"@type":"EntryPoint","urlTemplate":"https:\/\/www.africa-press.net\/cameroun\/?s={search_term_string}"},"query-input":{"@type":"PropertyValueSpecification","valueRequired":true,"valueName":"search_term_string"}}],"inLanguage":"fr-FR"},{"@type":"Person","@id":"https:\/\/www.africa-press.net\/cameroun\/#\/schema\/person\/2b1cf3cd81a31e3cd26889ca66d677f1","name":"cfeditorfr"}]}},"_links":{"self":[{"href":"https:\/\/www.africa-press.net\/cameroun\/wp-json\/wp\/v2\/posts\/28272","targetHints":{"allow":["GET"]}}],"collection":[{"href":"https:\/\/www.africa-press.net\/cameroun\/wp-json\/wp\/v2\/posts"}],"about":[{"href":"https:\/\/www.africa-press.net\/cameroun\/wp-json\/wp\/v2\/types\/post"}],"author":[{"embeddable":true,"href":"https:\/\/www.africa-press.net\/cameroun\/wp-json\/wp\/v2\/users\/82"}],"replies":[{"embeddable":true,"href":"https:\/\/www.africa-press.net\/cameroun\/wp-json\/wp\/v2\/comments?post=28272"}],"version-history":[{"count":0,"href":"https:\/\/www.africa-press.net\/cameroun\/wp-json\/wp\/v2\/posts\/28272\/revisions"}],"wp:featuredmedia":[{"embeddable":true,"href":"https:\/\/www.africa-press.net\/cameroun\/wp-json\/wp\/v2\/media\/28271"}],"wp:attachment":[{"href":"https:\/\/www.africa-press.net\/cameroun\/wp-json\/wp\/v2\/media?parent=28272"}],"wp:term":[{"taxonomy":"category","embeddable":true,"href":"https:\/\/www.africa-press.net\/cameroun\/wp-json\/wp\/v2\/categories?post=28272"},{"taxonomy":"post_tag","embeddable":true,"href":"https:\/\/www.africa-press.net\/cameroun\/wp-json\/wp\/v2\/tags?post=28272"}],"curies":[{"name":"wp","href":"https:\/\/api.w.org\/{rel}","templated":true}]}}