{"id":28278,"date":"2022-09-28T14:41:12","date_gmt":"2022-09-28T14:41:12","guid":{"rendered":"https:\/\/www.africa-press.net\/cameroun\/politique\/manifestation-1500-chefs-traditionnels-marchent-pour-la-paix-et-le-vivre-ensemble-a-yaounde"},"modified":"2022-09-28T16:55:56","modified_gmt":"2022-09-28T16:55:56","slug":"manifestation-1500-chefs-traditionnels-marchent-pour-la-paix-et-le-vivre-ensemble-a-yaounde","status":"publish","type":"post","link":"https:\/\/www.africa-press.net\/cameroun\/politique\/manifestation-1500-chefs-traditionnels-marchent-pour-la-paix-et-le-vivre-ensemble-a-yaounde","title":{"rendered":"Manifestation: 1500 chefs traditionnels marchent pour la paix et le vivre-ensemble \u00e0 Yaound\u00e9"},"content":{"rendered":"<p><span style=\"color: #ff6600\"><strong>Africa-Press &#8211; Cameroun. <\/strong><\/span>Le Conseil Panafricain des Autorite\u0301s Traditionnelles et Coutumie\u0300res (CPATC) de nouveau en action. Il conduit ce jour a\u0300 Yaounde\u0301 la 7e\u0300me e\u0301dition de la \u00ab Caravane pour la paix et le vivre ensemble au Cameroun \u00bb. 1500 chefs traditionnels venus des dix re\u0301gions du Cameroun ont poursuivi les manifestations entame\u0301es le 27 Septembre 2022.<\/p>\n<p>La journe\u0301e a\u0300 commence\u0301 de\u0300s 06 heures par un rituel traditionnel restreint. A 8heures les de\u0301le\u0301gations sont arrive\u0301es au monument de la Re\u0301unification sis au lieu dit \u00ab plateau Atemengue \u00bb. Un conclave a suivi a\u0300 9 heures. Une procession de paix autour du monument de la Re\u0301unification s\u2019est de\u0301roule\u0301e a\u0300 10 heures. Le programme s\u2019est poursuivi par la constitution de la colonne royale et le de\u0301but de la marche royale sur l\u2019itine\u0301raire qui de\u0301bouche sur l\u2019emplacement du monument de la Re\u0301unification. Elle s\u2019est poursuivie sur l\u2019itine\u0301raire Poste centrale- Boulevard du 20 Mai-Rond &#8211; point Primature-Carrefour Warda- Ho\u0302tel de Ville jusqu\u2019a\u0300 11heures 30. C\u2019est sur l\u2019esplanade de l\u2019Ho\u0302tel de Ville, rallie\u0301 par la caravane a\u0300 11 heures que les ce\u0301re\u0301monies ont eu lieu de 12 heures a\u0300 14 heures.<\/p>\n<p>\u00ab Il e\u0301tait impe\u0301ratif de remobiliser les troupes. En mendiant de la paix et du vivre ensemble, les gardiens de la tradition re\u0301unies au sein du Conseil Panafricain des Autorite\u0301s Traditionnelles et Coutumie\u0300res (CPATC) renouent avec la \u00ab Caravane pour la paix et le vivre ensemble au Cameroun \u00bb, apre\u0300s une tre\u0302ve observe\u0301e a\u0300 la sixie\u0300me e\u0301tape. Apres les pre\u0301mices de la Caravane des autorite\u0301s traditionnelles et coutumie\u0300res a\u0300 la chefferie supe\u0301rieure de Batchenga le 22 juin 2019 \u00bb, explique Joe\u0308l Constant Tchoecgnia, le communicateur du CPATC.<\/p>\n<p>Apre\u0300s la premie\u0300re e\u0301tape de la caravane organise\u0301e dans le Littoral (a\u0300 Douala) les 03 et 04 aout 2019, la Re\u0301gion de l\u2019Est a pris le relais les 13 et 14 aout. Le cap a ensuite e\u0301te\u0301 mis sur l\u2019Ouest pour la troisie\u0300me e\u0301tape les 16 et 17 aout. La Re\u0301gion du Sud a pris le relais du 23 au 24 aout 2019. La cinquie\u0300me e\u0301tape s\u2019est de\u0301roule\u0301e au Sud-ouest les 06 et 07 septembre. La sixie\u0300me s\u2019est tenue les 27 et 28 du me\u0302me mois.<\/p>\n<p>Des soucis financiers et logistiques ont grippe\u0301 la machine de la caravane, la contraignant a\u0300 un arre\u0302t force\u0301. Joel Constant Tchoecgnia fait savoir qu\u2019en raison de l\u2019agenda politique du Cameroun, la Coordination Nationale du Conseil Panafricain des Autorite\u0301s Traditionnelles et Coutumie\u0300res (CPATC) a juge\u0301 bon de relancer cette importante activite\u0301 pour parachever sa mission pour la paix et le vivre ensemble au Cameroun, avec la septie\u0300me e\u0301tape que la Re\u0301gion du Centre vient d\u2019abriter.<\/p>\n<p><strong>Pour plus d&rsquo;informations et d&rsquo;analyses sur la <a href=\"https:\/\/www.africa-press.net\/cameroun\">Cameroun<\/a>, suivez <a href=\"https:\/\/www.africa-press.net\/\">Africa-Press<\/a><\/strong><\/p>\n","protected":false},"excerpt":{"rendered":"<p>Africa-Press &#8211; Cameroun. Le Conseil Panafricain des Autorite\u0301s Traditionnelles et Coutumie\u0300res (CPATC) de nouveau en action. Il conduit ce jour a\u0300 Yaounde\u0301 la 7e\u0300me e\u0301dition de la \u00ab Caravane pour la paix et le vivre ensemble au Cameroun \u00bb. 1500 chefs traditionnels venus des dix re\u0301gions du Cameroun ont poursuivi les manifestations entame\u0301es le 27 [&hellip;]<\/p>\n","protected":false},"author":82,"featured_media":28277,"comment_status":"open","ping_status":"closed","sticky":false,"template":"","format":"standard","meta":{"footnotes":""},"categories":[2,10],"tags":[36,50,49],"class_list":["post-28278","post","type-post","status-publish","format-standard","has-post-thumbnail","hentry","category-politique","category-toutes-les-actualites","tag-africa-press","tag-africa-press-cameroun","tag-cameroun"],"yoast_head":"<!-- This site is optimized with the Yoast SEO Premium plugin v26.1 (Yoast SEO v27.0) - https:\/\/yoast.com\/product\/yoast-seo-premium-wordpress\/ -->\n<title>Manifestation: 1500 chefs traditionnels marchent pour la paix et le vivre-ensemble \u00e0 Yaound\u00e9 - Cameroun<\/title>\n<meta name=\"description\" content=\"Le Conseil Panafricain des Autorite\u0301s Traditionnelles et Coutumie\u0300res (CPATC) de nouveau en action. Il conduit ce jour a ...\" \/>\n<meta name=\"robots\" content=\"index, follow, max-snippet:-1, max-image-preview:large, max-video-preview:-1\" \/>\n<link rel=\"canonical\" href=\"https:\/\/www.africa-press.net\/cameroun\/politique\/manifestation-1500-chefs-traditionnels-marchent-pour-la-paix-et-le-vivre-ensemble-a-yaounde\" \/>\n<meta property=\"og:locale\" content=\"fr_FR\" \/>\n<meta property=\"og:type\" content=\"article\" \/>\n<meta property=\"og:title\" content=\"Manifestation: 1500 chefs traditionnels marchent pour la paix et le vivre-ensemble \u00e0 Yaound\u00e9\" \/>\n<meta property=\"og:description\" content=\"Le Conseil Panafricain des Autorite\u0301s Traditionnelles et Coutumie\u0300res (CPATC) de nouveau en action. Il conduit ce jour a ...\" \/>\n<meta property=\"og:url\" content=\"https:\/\/www.africa-press.net\/cameroun\/politique\/manifestation-1500-chefs-traditionnels-marchent-pour-la-paix-et-le-vivre-ensemble-a-yaounde\" \/>\n<meta property=\"og:site_name\" content=\"Cameroun\" \/>\n<meta property=\"article:published_time\" content=\"2022-09-28T14:41:12+00:00\" \/>\n<meta property=\"article:modified_time\" content=\"2022-09-28T16:55:56+00:00\" \/>\n<meta property=\"og:image\" content=\"https:\/\/static.africa-press.net\/cameroun\/sites\/57\/2022\/09\/img-63347c5db61a6.jpg\" \/>\n\t<meta property=\"og:image:width\" content=\"800\" \/>\n\t<meta property=\"og:image:height\" content=\"450\" \/>\n\t<meta property=\"og:image:type\" content=\"image\/jpeg\" \/>\n<meta name=\"author\" content=\"cfeditorfr\" \/>\n<meta name=\"twitter:card\" content=\"summary_large_image\" \/>\n<meta name=\"twitter:label1\" content=\"\u00c9crit par\" \/>\n\t<meta name=\"twitter:data1\" content=\"cfeditorfr\" \/>\n\t<meta name=\"twitter:label2\" content=\"Dur\u00e9e de lecture estim\u00e9e\" \/>\n\t<meta name=\"twitter:data2\" content=\"3 minutes\" \/>\n<script type=\"application\/ld+json\" class=\"yoast-schema-graph\">{\"@context\":\"https:\/\/schema.org\",\"@graph\":[{\"@type\":\"Article\",\"@id\":\"https:\/\/www.africa-press.net\/cameroun\/politique\/manifestation-1500-chefs-traditionnels-marchent-pour-la-paix-et-le-vivre-ensemble-a-yaounde#article\",\"isPartOf\":{\"@id\":\"https:\/\/www.africa-press.net\/cameroun\/politique\/manifestation-1500-chefs-traditionnels-marchent-pour-la-paix-et-le-vivre-ensemble-a-yaounde\"},\"author\":{\"name\":\"cfeditorfr\",\"@id\":\"https:\/\/www.africa-press.net\/cameroun\/#\/schema\/person\/2b1cf3cd81a31e3cd26889ca66d677f1\"},\"headline\":\"Manifestation: 1500 chefs traditionnels marchent pour la paix et le vivre-ensemble \u00e0 Yaound\u00e9\",\"datePublished\":\"2022-09-28T14:41:12+00:00\",\"dateModified\":\"2022-09-28T16:55:56+00:00\",\"mainEntityOfPage\":{\"@id\":\"https:\/\/www.africa-press.net\/cameroun\/politique\/manifestation-1500-chefs-traditionnels-marchent-pour-la-paix-et-le-vivre-ensemble-a-yaounde\"},\"wordCount\":498,\"commentCount\":0,\"image\":{\"@id\":\"https:\/\/www.africa-press.net\/cameroun\/politique\/manifestation-1500-chefs-traditionnels-marchent-pour-la-paix-et-le-vivre-ensemble-a-yaounde#primaryimage\"},\"thumbnailUrl\":\"https:\/\/static.africa-press.net\/cameroun\/sites\/57\/2022\/09\/img-63347c5db61a6.jpg\",\"keywords\":[\"Africa Press\",\"Africa Press-Cameroun\",\"Cameroun\"],\"articleSection\":[\"Politique\",\"Toutes les actualit\u00e9s\"],\"inLanguage\":\"fr-FR\",\"potentialAction\":[{\"@type\":\"CommentAction\",\"name\":\"Comment\",\"target\":[\"https:\/\/www.africa-press.net\/cameroun\/politique\/manifestation-1500-chefs-traditionnels-marchent-pour-la-paix-et-le-vivre-ensemble-a-yaounde#respond\"]}]},{\"@type\":\"WebPage\",\"@id\":\"https:\/\/www.africa-press.net\/cameroun\/politique\/manifestation-1500-chefs-traditionnels-marchent-pour-la-paix-et-le-vivre-ensemble-a-yaounde\",\"url\":\"https:\/\/www.africa-press.net\/cameroun\/politique\/manifestation-1500-chefs-traditionnels-marchent-pour-la-paix-et-le-vivre-ensemble-a-yaounde\",\"name\":\"Manifestation: 1500 chefs traditionnels marchent pour la paix et le vivre-ensemble \u00e0 Yaound\u00e9 - Cameroun\",\"isPartOf\":{\"@id\":\"https:\/\/www.africa-press.net\/cameroun\/#website\"},\"primaryImageOfPage\":{\"@id\":\"https:\/\/www.africa-press.net\/cameroun\/politique\/manifestation-1500-chefs-traditionnels-marchent-pour-la-paix-et-le-vivre-ensemble-a-yaounde#primaryimage\"},\"image\":{\"@id\":\"https:\/\/www.africa-press.net\/cameroun\/politique\/manifestation-1500-chefs-traditionnels-marchent-pour-la-paix-et-le-vivre-ensemble-a-yaounde#primaryimage\"},\"thumbnailUrl\":\"https:\/\/static.africa-press.net\/cameroun\/sites\/57\/2022\/09\/img-63347c5db61a6.jpg\",\"datePublished\":\"2022-09-28T14:41:12+00:00\",\"dateModified\":\"2022-09-28T16:55:56+00:00\",\"author\":{\"@id\":\"https:\/\/www.africa-press.net\/cameroun\/#\/schema\/person\/2b1cf3cd81a31e3cd26889ca66d677f1\"},\"description\":\"Le Conseil Panafricain des Autorite\u0301s Traditionnelles et Coutumie\u0300res (CPATC) de nouveau en action. Il conduit ce jour a ...\",\"breadcrumb\":{\"@id\":\"https:\/\/www.africa-press.net\/cameroun\/politique\/manifestation-1500-chefs-traditionnels-marchent-pour-la-paix-et-le-vivre-ensemble-a-yaounde#breadcrumb\"},\"inLanguage\":\"fr-FR\",\"potentialAction\":[{\"@type\":\"ReadAction\",\"target\":[\"https:\/\/www.africa-press.net\/cameroun\/politique\/manifestation-1500-chefs-traditionnels-marchent-pour-la-paix-et-le-vivre-ensemble-a-yaounde\"]}]},{\"@type\":\"ImageObject\",\"inLanguage\":\"fr-FR\",\"@id\":\"https:\/\/www.africa-press.net\/cameroun\/politique\/manifestation-1500-chefs-traditionnels-marchent-pour-la-paix-et-le-vivre-ensemble-a-yaounde#primaryimage\",\"url\":\"https:\/\/static.africa-press.net\/cameroun\/sites\/57\/2022\/09\/img-63347c5db61a6.jpg\",\"contentUrl\":\"https:\/\/static.africa-press.net\/cameroun\/sites\/57\/2022\/09\/img-63347c5db61a6.jpg\",\"width\":800,\"height\":450,\"caption\":\"Manifestation: 1500 chefs traditionnels marchent pour la paix et le vivre-ensemble \u00e0 Yaound\u00e9\"},{\"@type\":\"BreadcrumbList\",\"@id\":\"https:\/\/www.africa-press.net\/cameroun\/politique\/manifestation-1500-chefs-traditionnels-marchent-pour-la-paix-et-le-vivre-ensemble-a-yaounde#breadcrumb\",\"itemListElement\":[{\"@type\":\"ListItem\",\"position\":1,\"name\":\"Accueil\",\"item\":\"https:\/\/www.africa-press.net\/cameroun\/\"},{\"@type\":\"ListItem\",\"position\":2,\"name\":\"Manifestation: 1500 chefs traditionnels marchent pour la paix et le vivre-ensemble \u00e0 Yaound\u00e9\"}]},{\"@type\":\"WebSite\",\"@id\":\"https:\/\/www.africa-press.net\/cameroun\/#website\",\"url\":\"https:\/\/www.africa-press.net\/cameroun\/\",\"name\":\"Cameroun\",\"description\":\"Just another Africa News Agency Sites site\",\"potentialAction\":[{\"@type\":\"SearchAction\",\"target\":{\"@type\":\"EntryPoint\",\"urlTemplate\":\"https:\/\/www.africa-press.net\/cameroun\/?s={search_term_string}\"},\"query-input\":{\"@type\":\"PropertyValueSpecification\",\"valueRequired\":true,\"valueName\":\"search_term_string\"}}],\"inLanguage\":\"fr-FR\"},{\"@type\":\"Person\",\"@id\":\"https:\/\/www.africa-press.net\/cameroun\/#\/schema\/person\/2b1cf3cd81a31e3cd26889ca66d677f1\",\"name\":\"cfeditorfr\"}]}<\/script>\n<!-- \/ Yoast SEO Premium plugin. -->","yoast_head_json":{"title":"Manifestation: 1500 chefs traditionnels marchent pour la paix et le vivre-ensemble \u00e0 Yaound\u00e9 - Cameroun","description":"Le Conseil Panafricain des Autorite\u0301s Traditionnelles et Coutumie\u0300res (CPATC) de nouveau en action. Il conduit ce jour a ...","robots":{"index":"index","follow":"follow","max-snippet":"max-snippet:-1","max-image-preview":"max-image-preview:large","max-video-preview":"max-video-preview:-1"},"canonical":"https:\/\/www.africa-press.net\/cameroun\/politique\/manifestation-1500-chefs-traditionnels-marchent-pour-la-paix-et-le-vivre-ensemble-a-yaounde","og_locale":"fr_FR","og_type":"article","og_title":"Manifestation: 1500 chefs traditionnels marchent pour la paix et le vivre-ensemble \u00e0 Yaound\u00e9","og_description":"Le Conseil Panafricain des Autorite\u0301s Traditionnelles et Coutumie\u0300res (CPATC) de nouveau en action. Il conduit ce jour a ...","og_url":"https:\/\/www.africa-press.net\/cameroun\/politique\/manifestation-1500-chefs-traditionnels-marchent-pour-la-paix-et-le-vivre-ensemble-a-yaounde","og_site_name":"Cameroun","article_published_time":"2022-09-28T14:41:12+00:00","article_modified_time":"2022-09-28T16:55:56+00:00","og_image":[{"width":800,"height":450,"url":"https:\/\/static.africa-press.net\/cameroun\/sites\/57\/2022\/09\/img-63347c5db61a6.jpg","type":"image\/jpeg"}],"author":"cfeditorfr","twitter_card":"summary_large_image","twitter_misc":{"\u00c9crit par":"cfeditorfr","Dur\u00e9e de lecture estim\u00e9e":"3 minutes"},"schema":{"@context":"https:\/\/schema.org","@graph":[{"@type":"Article","@id":"https:\/\/www.africa-press.net\/cameroun\/politique\/manifestation-1500-chefs-traditionnels-marchent-pour-la-paix-et-le-vivre-ensemble-a-yaounde#article","isPartOf":{"@id":"https:\/\/www.africa-press.net\/cameroun\/politique\/manifestation-1500-chefs-traditionnels-marchent-pour-la-paix-et-le-vivre-ensemble-a-yaounde"},"author":{"name":"cfeditorfr","@id":"https:\/\/www.africa-press.net\/cameroun\/#\/schema\/person\/2b1cf3cd81a31e3cd26889ca66d677f1"},"headline":"Manifestation: 1500 chefs traditionnels marchent pour la paix et le vivre-ensemble \u00e0 Yaound\u00e9","datePublished":"2022-09-28T14:41:12+00:00","dateModified":"2022-09-28T16:55:56+00:00","mainEntityOfPage":{"@id":"https:\/\/www.africa-press.net\/cameroun\/politique\/manifestation-1500-chefs-traditionnels-marchent-pour-la-paix-et-le-vivre-ensemble-a-yaounde"},"wordCount":498,"commentCount":0,"image":{"@id":"https:\/\/www.africa-press.net\/cameroun\/politique\/manifestation-1500-chefs-traditionnels-marchent-pour-la-paix-et-le-vivre-ensemble-a-yaounde#primaryimage"},"thumbnailUrl":"https:\/\/static.africa-press.net\/cameroun\/sites\/57\/2022\/09\/img-63347c5db61a6.jpg","keywords":["Africa Press","Africa Press-Cameroun","Cameroun"],"articleSection":["Politique","Toutes les actualit\u00e9s"],"inLanguage":"fr-FR","potentialAction":[{"@type":"CommentAction","name":"Comment","target":["https:\/\/www.africa-press.net\/cameroun\/politique\/manifestation-1500-chefs-traditionnels-marchent-pour-la-paix-et-le-vivre-ensemble-a-yaounde#respond"]}]},{"@type":"WebPage","@id":"https:\/\/www.africa-press.net\/cameroun\/politique\/manifestation-1500-chefs-traditionnels-marchent-pour-la-paix-et-le-vivre-ensemble-a-yaounde","url":"https:\/\/www.africa-press.net\/cameroun\/politique\/manifestation-1500-chefs-traditionnels-marchent-pour-la-paix-et-le-vivre-ensemble-a-yaounde","name":"Manifestation: 1500 chefs traditionnels marchent pour la paix et le vivre-ensemble \u00e0 Yaound\u00e9 - Cameroun","isPartOf":{"@id":"https:\/\/www.africa-press.net\/cameroun\/#website"},"primaryImageOfPage":{"@id":"https:\/\/www.africa-press.net\/cameroun\/politique\/manifestation-1500-chefs-traditionnels-marchent-pour-la-paix-et-le-vivre-ensemble-a-yaounde#primaryimage"},"image":{"@id":"https:\/\/www.africa-press.net\/cameroun\/politique\/manifestation-1500-chefs-traditionnels-marchent-pour-la-paix-et-le-vivre-ensemble-a-yaounde#primaryimage"},"thumbnailUrl":"https:\/\/static.africa-press.net\/cameroun\/sites\/57\/2022\/09\/img-63347c5db61a6.jpg","datePublished":"2022-09-28T14:41:12+00:00","dateModified":"2022-09-28T16:55:56+00:00","author":{"@id":"https:\/\/www.africa-press.net\/cameroun\/#\/schema\/person\/2b1cf3cd81a31e3cd26889ca66d677f1"},"description":"Le Conseil Panafricain des Autorite\u0301s Traditionnelles et Coutumie\u0300res (CPATC) de nouveau en action. Il conduit ce jour a ...","breadcrumb":{"@id":"https:\/\/www.africa-press.net\/cameroun\/politique\/manifestation-1500-chefs-traditionnels-marchent-pour-la-paix-et-le-vivre-ensemble-a-yaounde#breadcrumb"},"inLanguage":"fr-FR","potentialAction":[{"@type":"ReadAction","target":["https:\/\/www.africa-press.net\/cameroun\/politique\/manifestation-1500-chefs-traditionnels-marchent-pour-la-paix-et-le-vivre-ensemble-a-yaounde"]}]},{"@type":"ImageObject","inLanguage":"fr-FR","@id":"https:\/\/www.africa-press.net\/cameroun\/politique\/manifestation-1500-chefs-traditionnels-marchent-pour-la-paix-et-le-vivre-ensemble-a-yaounde#primaryimage","url":"https:\/\/static.africa-press.net\/cameroun\/sites\/57\/2022\/09\/img-63347c5db61a6.jpg","contentUrl":"https:\/\/static.africa-press.net\/cameroun\/sites\/57\/2022\/09\/img-63347c5db61a6.jpg","width":800,"height":450,"caption":"Manifestation: 1500 chefs traditionnels marchent pour la paix et le vivre-ensemble \u00e0 Yaound\u00e9"},{"@type":"BreadcrumbList","@id":"https:\/\/www.africa-press.net\/cameroun\/politique\/manifestation-1500-chefs-traditionnels-marchent-pour-la-paix-et-le-vivre-ensemble-a-yaounde#breadcrumb","itemListElement":[{"@type":"ListItem","position":1,"name":"Accueil","item":"https:\/\/www.africa-press.net\/cameroun\/"},{"@type":"ListItem","position":2,"name":"Manifestation: 1500 chefs traditionnels marchent pour la paix et le vivre-ensemble \u00e0 Yaound\u00e9"}]},{"@type":"WebSite","@id":"https:\/\/www.africa-press.net\/cameroun\/#website","url":"https:\/\/www.africa-press.net\/cameroun\/","name":"Cameroun","description":"Just another Africa News Agency Sites site","potentialAction":[{"@type":"SearchAction","target":{"@type":"EntryPoint","urlTemplate":"https:\/\/www.africa-press.net\/cameroun\/?s={search_term_string}"},"query-input":{"@type":"PropertyValueSpecification","valueRequired":true,"valueName":"search_term_string"}}],"inLanguage":"fr-FR"},{"@type":"Person","@id":"https:\/\/www.africa-press.net\/cameroun\/#\/schema\/person\/2b1cf3cd81a31e3cd26889ca66d677f1","name":"cfeditorfr"}]}},"_links":{"self":[{"href":"https:\/\/www.africa-press.net\/cameroun\/wp-json\/wp\/v2\/posts\/28278","targetHints":{"allow":["GET"]}}],"collection":[{"href":"https:\/\/www.africa-press.net\/cameroun\/wp-json\/wp\/v2\/posts"}],"about":[{"href":"https:\/\/www.africa-press.net\/cameroun\/wp-json\/wp\/v2\/types\/post"}],"author":[{"embeddable":true,"href":"https:\/\/www.africa-press.net\/cameroun\/wp-json\/wp\/v2\/users\/82"}],"replies":[{"embeddable":true,"href":"https:\/\/www.africa-press.net\/cameroun\/wp-json\/wp\/v2\/comments?post=28278"}],"version-history":[{"count":0,"href":"https:\/\/www.africa-press.net\/cameroun\/wp-json\/wp\/v2\/posts\/28278\/revisions"}],"wp:featuredmedia":[{"embeddable":true,"href":"https:\/\/www.africa-press.net\/cameroun\/wp-json\/wp\/v2\/media\/28277"}],"wp:attachment":[{"href":"https:\/\/www.africa-press.net\/cameroun\/wp-json\/wp\/v2\/media?parent=28278"}],"wp:term":[{"taxonomy":"category","embeddable":true,"href":"https:\/\/www.africa-press.net\/cameroun\/wp-json\/wp\/v2\/categories?post=28278"},{"taxonomy":"post_tag","embeddable":true,"href":"https:\/\/www.africa-press.net\/cameroun\/wp-json\/wp\/v2\/tags?post=28278"}],"curies":[{"name":"wp","href":"https:\/\/api.w.org\/{rel}","templated":true}]}}