{"id":28281,"date":"2022-09-28T14:46:32","date_gmt":"2022-09-28T14:46:32","guid":{"rendered":"https:\/\/www.africa-press.net\/cameroun\/politique\/deces-damadou-ali-gregoire-owona-cabral-libii-mila-assoute-ousmane-mey-lemoi-collectif-de-la-classe-politique"},"modified":"2022-09-28T16:57:18","modified_gmt":"2022-09-28T16:57:18","slug":"deces-damadou-ali-gregoire-owona-cabral-libii-mila-assoute-ousmane-mey-lemoi-collectif-de-la-classe-politique","status":"publish","type":"post","link":"https:\/\/www.africa-press.net\/cameroun\/politique\/deces-damadou-ali-gregoire-owona-cabral-libii-mila-assoute-ousmane-mey-lemoi-collectif-de-la-classe-politique","title":{"rendered":"D\u00e9c\u00e8s d\u2019Amadou Ali: Gr\u00e9goire Owona, Cabral Libii, Mila Assout\u00e9, Ousmane Mey\u2026, l\u2019\u00e9moi collectif de la classe politique"},"content":{"rendered":"<p><span style=\"color: #ff6600\"><strong>Africa-Press &#8211; Cameroun. <\/strong><\/span>L\u2019ancien vice premier ministre Amadou Ali, de\u0301ce\u0301de\u0301 a\u0300 Yaounde\u0301 le mardi 27 septembre 2022, sera inhume\u0301 ce mercredi 28 septembre a\u0300 Kolofata dans la re\u0301gion de l\u2019Extre\u0302me-Nord, dans les us et coutumes de la religion musulmane. L\u2019annonce de sa disparition a suscite\u0301 une vague de re\u0301actions au sein de la classe politique camerounaise.<\/p>\n<p>D\u2019abord, au sein de son parti le Rassemblement De\u0301mocratique du Peuple Camerounais (RDPC), ou\u0300 le ministre du Travail Gre\u0301goire Owona, par ailleurs secre\u0301taire ge\u0301ne\u0301ral adjoint du comite\u0301 central du RDPC, lui a rendu hommage sur son compte Facebook ce mercredi matin et pleure un \u00ab grand-fre\u0300re \u00bb et \u00ab un aine\u0301 dans le Gouvernement \u00bb ; pour sa part, Cabral Libii, le pre\u0301sident du Parti Camerounais pour la Re\u0301conciliation Nationale (PCRN), a utilise\u0301 le me\u0302me re\u0301seau social pour exalter la me\u0301moire d\u2019un \u00ab homme assez discret et flegmatique \u00bb.<\/p>\n<p>L\u2019opposant Pierre Mila Assoute\u0301, pre\u0301sident du Rassemblement de\u0301mocratique pour la modernite\u0301 du Cameroun (RDMC), abonde quasiment dans le me\u0302me sens, et ce\u0301le\u0300bre un \u00ab homme d\u2019E\u0301tat digne, un serviteur se\u0301rieux, loyal et inte\u0300gre \u00bb.<\/p>\n<p>Un autre opposant, Aboubakar Ousmane Mey, leader de l&rsquo;Alliance nationale camerounaise (ANC), salue la me\u0301moire du disparu sur son compte Twitter.<\/p>\n<p><b>Se\u0301lection de quelque hommages a\u0300 Amadou Ali : <\/b><\/p>\n<p><b>Pierre Mila Assoute\u0301, RDMC<\/b><\/p>\n<p>Mes Condole\u0301ances Tre\u0300s Attriste\u0301es a la famille de mon Ami, M. Amadou Ali, de\u0301ce\u0301de\u0301. Ma tre\u0300s profonde compassion a\u0300 son E\u0301pouse.<\/p>\n<p>Je garde de lui, en marge des faiblesses humaines et au-dessus de toutes divergences politiques et opportunistes, un Homme d E\u0301tat digne, un serviteur se\u0301rieux, loyal et inte\u0300gre. Il nourrissait une haute ide\u0301e de l&rsquo;Etat et du Cameroun que j&rsquo;ai eu l&rsquo;occasion de servir avec lui&#8230;<\/p>\n<p>Puisse Dieu rec\u0327evoir son A\u0302me avec son e\u0301ternelle bonte\u0301 dans son royaume de lumie\u0300res ou tout est pardon, mise\u0301ricorde et vie e\u0301ternelle.<\/p>\n<p>Avec mes Amitie\u0301s compassionnelles a sa femme, l&rsquo;Etat du Cameroun et au peuple de Kolofata son village.<\/p>\n<p><b>Gregoire Owona, RDPC <\/b><\/p>\n<p>Puisse Dieu t\u2019ouvrir les portes du paradis pour un repos paisible et serein. Tu auras e\u0301te\u0301, cher Ali, pas seulement un ai\u0302ne\u0301 dans le Gouvernement mais tout simplement un Grand Fre\u0300re pour nombreux d&rsquo;entre nous !! Face a\u0300 la douleur et a\u0300 la de\u0301solation dans laquelle nous plonge ton de\u0301ce\u0300s aujourd&rsquo;hui, nous voulons remercier Dieu pour la chance qu&rsquo;il nous a donne\u0301 de te connai\u0302tre et pour la grande humanite\u0301 que tu nous as te\u0301moigne\u0301e. RIP.<\/p>\n<p><b>Cabral Libii, PCRN <\/b><\/p>\n<p>J\u2019ai appris avec contrition le de\u0301ce\u0300s de l&rsquo;ancien Vice-premier Ministre Amadou ALI, survenu ce mardi 27 Septembre 2022 a\u0300 Yaounde\u0301. La disparition de cette personnalite\u0301 de premier plan de notre pays repre\u0301sente une perte e\u0301norme pour le Cameroun au regard de sa longue expe\u0301rience. Je mesure la douleur et l&rsquo;e\u0301moi que son de\u0301ce\u0300s cre\u0301e\u0301 au sein de sa famille nucle\u0301aire, sa communaute\u0301 et toutes les composantes auxquelles il appartenait. Je m&rsquo;associe a\u0300 ce lourd chagrin, et j&rsquo;adresse a\u0300 tous ceux qui l&rsquo;ont connu et aime\u0301 ma profonde compassion e\u0301mue.<\/p>\n<p>Cet e\u0301minent fils de Kolofata dans le de\u0301partement du Mayo-Sava, Re\u0301gion de l&rsquo;Extre\u0302me-Nord e\u0301tait un homme assez discret et flegmatique. C&rsquo;est d&rsquo;ailleurs ces traits de caracte\u0300re qui le caracte\u0301risaient, qu&rsquo;il a dignement et avec maturite\u0301 de\u0301montre\u0301 lors du rapt courant 2014, d&rsquo;une vingtaine des membres de sa famille parmi lesquelles sa propre e\u0301pouse, par des terroristes de la secte islamiste Boko Haram.<\/p>\n<p>Incontestablement une des pie\u0300ces mai\u0302tresses de ce re\u0301gime au regard des tre\u0300s hautes fonctions e\u0301tatiques qu&rsquo;il aura occupe\u0301es, l&rsquo;illustre disparu s&rsquo;est particulie\u0300rement distingue\u0301 de l&rsquo;avis de ceux qui l&rsquo;ont co\u0302toye\u0301 de pre\u0300s par sa loyaute\u0301, le sens du devoir et une conscience professionnelle hors du commun.<\/p>\n<p>Puisse son a\u0302me reposer en paix.<\/p>\n<p><b>Aboubakar Ousmane Mey, ANC<\/b><\/p>\n<p>La triste nouvelle du de\u0301ce\u0300s aujourd\u2019hui me\u0302me de l\u2019ancien Vice-PM Amadou Ali m\u2019incline a\u0300 saluer sa me\u0301moire et pre\u0301senter mes condole\u0301ances les plus attriste\u0301es a\u0300 sa veuve, ses enfants (Aissatou, Mariam, Idriss), Ses proches et nombreux amis. Que son a\u0302me repose en paix.<\/p>\n<p><strong>Pour plus d&rsquo;informations et d&rsquo;analyses sur la <a href=\"https:\/\/www.africa-press.net\/cameroun\">Cameroun<\/a>, suivez <a href=\"https:\/\/www.africa-press.net\/\">Africa-Press<\/a><\/strong><\/p>\n","protected":false},"excerpt":{"rendered":"<p>Africa-Press &#8211; Cameroun. L\u2019ancien vice premier ministre Amadou Ali, de\u0301ce\u0301de\u0301 a\u0300 Yaounde\u0301 le mardi 27 septembre 2022, sera inhume\u0301 ce mercredi 28 septembre a\u0300 Kolofata dans la re\u0301gion de l\u2019Extre\u0302me-Nord, dans les us et coutumes de la religion musulmane. L\u2019annonce de sa disparition a suscite\u0301 une vague de re\u0301actions au sein de la classe politique [&hellip;]<\/p>\n","protected":false},"author":82,"featured_media":28280,"comment_status":"open","ping_status":"closed","sticky":false,"template":"","format":"standard","meta":{"footnotes":""},"categories":[2,10],"tags":[36,50,49],"class_list":["post-28281","post","type-post","status-publish","format-standard","has-post-thumbnail","hentry","category-politique","category-toutes-les-actualites","tag-africa-press","tag-africa-press-cameroun","tag-cameroun"],"yoast_head":"<!-- This site is optimized with the Yoast SEO Premium plugin v26.1 (Yoast SEO v27.0) - https:\/\/yoast.com\/product\/yoast-seo-premium-wordpress\/ -->\n<title>D\u00e9c\u00e8s d\u2019Amadou Ali: Gr\u00e9goire Owona, Cabral Libii, Mila Assout\u00e9, Ousmane Mey\u2026, l\u2019\u00e9moi collectif de la classe politique - Cameroun<\/title>\n<meta name=\"description\" content=\"L\u2019ancien vice premier ministre Amadou Ali, de\u0301ce\u0301de\u0301 a\u0300 Yaounde\u0301 le mardi 27 septembre 2022, sera inhume\u0301 ce mercredi 28 ...\" \/>\n<meta name=\"robots\" content=\"index, follow, max-snippet:-1, max-image-preview:large, max-video-preview:-1\" \/>\n<link rel=\"canonical\" href=\"https:\/\/www.africa-press.net\/cameroun\/politique\/deces-damadou-ali-gregoire-owona-cabral-libii-mila-assoute-ousmane-mey-lemoi-collectif-de-la-classe-politique\" \/>\n<meta property=\"og:locale\" content=\"fr_FR\" \/>\n<meta property=\"og:type\" content=\"article\" \/>\n<meta property=\"og:title\" content=\"D\u00e9c\u00e8s d\u2019Amadou Ali: Gr\u00e9goire Owona, Cabral Libii, Mila Assout\u00e9, Ousmane Mey\u2026, l\u2019\u00e9moi collectif de la classe politique\" \/>\n<meta property=\"og:description\" content=\"L\u2019ancien vice premier ministre Amadou Ali, de\u0301ce\u0301de\u0301 a\u0300 Yaounde\u0301 le mardi 27 septembre 2022, sera inhume\u0301 ce mercredi 28 ...\" \/>\n<meta property=\"og:url\" content=\"https:\/\/www.africa-press.net\/cameroun\/politique\/deces-damadou-ali-gregoire-owona-cabral-libii-mila-assoute-ousmane-mey-lemoi-collectif-de-la-classe-politique\" \/>\n<meta property=\"og:site_name\" content=\"Cameroun\" \/>\n<meta property=\"article:published_time\" content=\"2022-09-28T14:46:32+00:00\" \/>\n<meta property=\"article:modified_time\" content=\"2022-09-28T16:57:18+00:00\" \/>\n<meta property=\"og:image\" content=\"https:\/\/static.africa-press.net\/cameroun\/sites\/57\/2022\/09\/img-63347caabc934.jpg\" \/>\n\t<meta property=\"og:image:width\" content=\"800\" \/>\n\t<meta property=\"og:image:height\" content=\"571\" \/>\n\t<meta property=\"og:image:type\" content=\"image\/jpeg\" \/>\n<meta name=\"author\" content=\"cfeditorfr\" \/>\n<meta name=\"twitter:card\" content=\"summary_large_image\" \/>\n<meta name=\"twitter:label1\" content=\"\u00c9crit par\" \/>\n\t<meta name=\"twitter:data1\" content=\"cfeditorfr\" \/>\n\t<meta name=\"twitter:label2\" content=\"Dur\u00e9e de lecture estim\u00e9e\" \/>\n\t<meta name=\"twitter:data2\" content=\"4 minutes\" \/>\n<script type=\"application\/ld+json\" class=\"yoast-schema-graph\">{\"@context\":\"https:\/\/schema.org\",\"@graph\":[{\"@type\":\"Article\",\"@id\":\"https:\/\/www.africa-press.net\/cameroun\/politique\/deces-damadou-ali-gregoire-owona-cabral-libii-mila-assoute-ousmane-mey-lemoi-collectif-de-la-classe-politique#article\",\"isPartOf\":{\"@id\":\"https:\/\/www.africa-press.net\/cameroun\/politique\/deces-damadou-ali-gregoire-owona-cabral-libii-mila-assoute-ousmane-mey-lemoi-collectif-de-la-classe-politique\"},\"author\":{\"name\":\"cfeditorfr\",\"@id\":\"https:\/\/www.africa-press.net\/cameroun\/#\/schema\/person\/2b1cf3cd81a31e3cd26889ca66d677f1\"},\"headline\":\"D\u00e9c\u00e8s d\u2019Amadou Ali: Gr\u00e9goire Owona, Cabral Libii, Mila Assout\u00e9, Ousmane Mey\u2026, l\u2019\u00e9moi collectif de la classe politique\",\"datePublished\":\"2022-09-28T14:46:32+00:00\",\"dateModified\":\"2022-09-28T16:57:18+00:00\",\"mainEntityOfPage\":{\"@id\":\"https:\/\/www.africa-press.net\/cameroun\/politique\/deces-damadou-ali-gregoire-owona-cabral-libii-mila-assoute-ousmane-mey-lemoi-collectif-de-la-classe-politique\"},\"wordCount\":793,\"commentCount\":0,\"image\":{\"@id\":\"https:\/\/www.africa-press.net\/cameroun\/politique\/deces-damadou-ali-gregoire-owona-cabral-libii-mila-assoute-ousmane-mey-lemoi-collectif-de-la-classe-politique#primaryimage\"},\"thumbnailUrl\":\"https:\/\/static.africa-press.net\/cameroun\/sites\/57\/2022\/09\/img-63347caabc934.jpg\",\"keywords\":[\"Africa Press\",\"Africa Press-Cameroun\",\"Cameroun\"],\"articleSection\":[\"Politique\",\"Toutes les actualit\u00e9s\"],\"inLanguage\":\"fr-FR\",\"potentialAction\":[{\"@type\":\"CommentAction\",\"name\":\"Comment\",\"target\":[\"https:\/\/www.africa-press.net\/cameroun\/politique\/deces-damadou-ali-gregoire-owona-cabral-libii-mila-assoute-ousmane-mey-lemoi-collectif-de-la-classe-politique#respond\"]}]},{\"@type\":\"WebPage\",\"@id\":\"https:\/\/www.africa-press.net\/cameroun\/politique\/deces-damadou-ali-gregoire-owona-cabral-libii-mila-assoute-ousmane-mey-lemoi-collectif-de-la-classe-politique\",\"url\":\"https:\/\/www.africa-press.net\/cameroun\/politique\/deces-damadou-ali-gregoire-owona-cabral-libii-mila-assoute-ousmane-mey-lemoi-collectif-de-la-classe-politique\",\"name\":\"D\u00e9c\u00e8s d\u2019Amadou Ali: Gr\u00e9goire Owona, Cabral Libii, Mila Assout\u00e9, Ousmane Mey\u2026, l\u2019\u00e9moi collectif de la classe politique - Cameroun\",\"isPartOf\":{\"@id\":\"https:\/\/www.africa-press.net\/cameroun\/#website\"},\"primaryImageOfPage\":{\"@id\":\"https:\/\/www.africa-press.net\/cameroun\/politique\/deces-damadou-ali-gregoire-owona-cabral-libii-mila-assoute-ousmane-mey-lemoi-collectif-de-la-classe-politique#primaryimage\"},\"image\":{\"@id\":\"https:\/\/www.africa-press.net\/cameroun\/politique\/deces-damadou-ali-gregoire-owona-cabral-libii-mila-assoute-ousmane-mey-lemoi-collectif-de-la-classe-politique#primaryimage\"},\"thumbnailUrl\":\"https:\/\/static.africa-press.net\/cameroun\/sites\/57\/2022\/09\/img-63347caabc934.jpg\",\"datePublished\":\"2022-09-28T14:46:32+00:00\",\"dateModified\":\"2022-09-28T16:57:18+00:00\",\"author\":{\"@id\":\"https:\/\/www.africa-press.net\/cameroun\/#\/schema\/person\/2b1cf3cd81a31e3cd26889ca66d677f1\"},\"description\":\"L\u2019ancien vice premier ministre Amadou Ali, de\u0301ce\u0301de\u0301 a\u0300 Yaounde\u0301 le mardi 27 septembre 2022, sera inhume\u0301 ce mercredi 28 ...\",\"breadcrumb\":{\"@id\":\"https:\/\/www.africa-press.net\/cameroun\/politique\/deces-damadou-ali-gregoire-owona-cabral-libii-mila-assoute-ousmane-mey-lemoi-collectif-de-la-classe-politique#breadcrumb\"},\"inLanguage\":\"fr-FR\",\"potentialAction\":[{\"@type\":\"ReadAction\",\"target\":[\"https:\/\/www.africa-press.net\/cameroun\/politique\/deces-damadou-ali-gregoire-owona-cabral-libii-mila-assoute-ousmane-mey-lemoi-collectif-de-la-classe-politique\"]}]},{\"@type\":\"ImageObject\",\"inLanguage\":\"fr-FR\",\"@id\":\"https:\/\/www.africa-press.net\/cameroun\/politique\/deces-damadou-ali-gregoire-owona-cabral-libii-mila-assoute-ousmane-mey-lemoi-collectif-de-la-classe-politique#primaryimage\",\"url\":\"https:\/\/static.africa-press.net\/cameroun\/sites\/57\/2022\/09\/img-63347caabc934.jpg\",\"contentUrl\":\"https:\/\/static.africa-press.net\/cameroun\/sites\/57\/2022\/09\/img-63347caabc934.jpg\",\"width\":800,\"height\":571,\"caption\":\"D\u00e9c\u00e8s d\u2019Amadou Ali: Gr\u00e9goire Owona, Cabral Libii, Mila Assout\u00e9, Ousmane Mey\u2026, l\u2019\u00e9moi collectif de la classe politique\"},{\"@type\":\"BreadcrumbList\",\"@id\":\"https:\/\/www.africa-press.net\/cameroun\/politique\/deces-damadou-ali-gregoire-owona-cabral-libii-mila-assoute-ousmane-mey-lemoi-collectif-de-la-classe-politique#breadcrumb\",\"itemListElement\":[{\"@type\":\"ListItem\",\"position\":1,\"name\":\"Accueil\",\"item\":\"https:\/\/www.africa-press.net\/cameroun\/\"},{\"@type\":\"ListItem\",\"position\":2,\"name\":\"D\u00e9c\u00e8s d\u2019Amadou Ali: Gr\u00e9goire Owona, Cabral Libii, Mila Assout\u00e9, Ousmane Mey\u2026, l\u2019\u00e9moi collectif de la classe politique\"}]},{\"@type\":\"WebSite\",\"@id\":\"https:\/\/www.africa-press.net\/cameroun\/#website\",\"url\":\"https:\/\/www.africa-press.net\/cameroun\/\",\"name\":\"Cameroun\",\"description\":\"Just another Africa News Agency Sites site\",\"potentialAction\":[{\"@type\":\"SearchAction\",\"target\":{\"@type\":\"EntryPoint\",\"urlTemplate\":\"https:\/\/www.africa-press.net\/cameroun\/?s={search_term_string}\"},\"query-input\":{\"@type\":\"PropertyValueSpecification\",\"valueRequired\":true,\"valueName\":\"search_term_string\"}}],\"inLanguage\":\"fr-FR\"},{\"@type\":\"Person\",\"@id\":\"https:\/\/www.africa-press.net\/cameroun\/#\/schema\/person\/2b1cf3cd81a31e3cd26889ca66d677f1\",\"name\":\"cfeditorfr\"}]}<\/script>\n<!-- \/ Yoast SEO Premium plugin. -->","yoast_head_json":{"title":"D\u00e9c\u00e8s d\u2019Amadou Ali: Gr\u00e9goire Owona, Cabral Libii, Mila Assout\u00e9, Ousmane Mey\u2026, l\u2019\u00e9moi collectif de la classe politique - Cameroun","description":"L\u2019ancien vice premier ministre Amadou Ali, de\u0301ce\u0301de\u0301 a\u0300 Yaounde\u0301 le mardi 27 septembre 2022, sera inhume\u0301 ce mercredi 28 ...","robots":{"index":"index","follow":"follow","max-snippet":"max-snippet:-1","max-image-preview":"max-image-preview:large","max-video-preview":"max-video-preview:-1"},"canonical":"https:\/\/www.africa-press.net\/cameroun\/politique\/deces-damadou-ali-gregoire-owona-cabral-libii-mila-assoute-ousmane-mey-lemoi-collectif-de-la-classe-politique","og_locale":"fr_FR","og_type":"article","og_title":"D\u00e9c\u00e8s d\u2019Amadou Ali: Gr\u00e9goire Owona, Cabral Libii, Mila Assout\u00e9, Ousmane Mey\u2026, l\u2019\u00e9moi collectif de la classe politique","og_description":"L\u2019ancien vice premier ministre Amadou Ali, de\u0301ce\u0301de\u0301 a\u0300 Yaounde\u0301 le mardi 27 septembre 2022, sera inhume\u0301 ce mercredi 28 ...","og_url":"https:\/\/www.africa-press.net\/cameroun\/politique\/deces-damadou-ali-gregoire-owona-cabral-libii-mila-assoute-ousmane-mey-lemoi-collectif-de-la-classe-politique","og_site_name":"Cameroun","article_published_time":"2022-09-28T14:46:32+00:00","article_modified_time":"2022-09-28T16:57:18+00:00","og_image":[{"width":800,"height":571,"url":"https:\/\/static.africa-press.net\/cameroun\/sites\/57\/2022\/09\/img-63347caabc934.jpg","type":"image\/jpeg"}],"author":"cfeditorfr","twitter_card":"summary_large_image","twitter_misc":{"\u00c9crit par":"cfeditorfr","Dur\u00e9e de lecture estim\u00e9e":"4 minutes"},"schema":{"@context":"https:\/\/schema.org","@graph":[{"@type":"Article","@id":"https:\/\/www.africa-press.net\/cameroun\/politique\/deces-damadou-ali-gregoire-owona-cabral-libii-mila-assoute-ousmane-mey-lemoi-collectif-de-la-classe-politique#article","isPartOf":{"@id":"https:\/\/www.africa-press.net\/cameroun\/politique\/deces-damadou-ali-gregoire-owona-cabral-libii-mila-assoute-ousmane-mey-lemoi-collectif-de-la-classe-politique"},"author":{"name":"cfeditorfr","@id":"https:\/\/www.africa-press.net\/cameroun\/#\/schema\/person\/2b1cf3cd81a31e3cd26889ca66d677f1"},"headline":"D\u00e9c\u00e8s d\u2019Amadou Ali: Gr\u00e9goire Owona, Cabral Libii, Mila Assout\u00e9, Ousmane Mey\u2026, l\u2019\u00e9moi collectif de la classe politique","datePublished":"2022-09-28T14:46:32+00:00","dateModified":"2022-09-28T16:57:18+00:00","mainEntityOfPage":{"@id":"https:\/\/www.africa-press.net\/cameroun\/politique\/deces-damadou-ali-gregoire-owona-cabral-libii-mila-assoute-ousmane-mey-lemoi-collectif-de-la-classe-politique"},"wordCount":793,"commentCount":0,"image":{"@id":"https:\/\/www.africa-press.net\/cameroun\/politique\/deces-damadou-ali-gregoire-owona-cabral-libii-mila-assoute-ousmane-mey-lemoi-collectif-de-la-classe-politique#primaryimage"},"thumbnailUrl":"https:\/\/static.africa-press.net\/cameroun\/sites\/57\/2022\/09\/img-63347caabc934.jpg","keywords":["Africa Press","Africa Press-Cameroun","Cameroun"],"articleSection":["Politique","Toutes les actualit\u00e9s"],"inLanguage":"fr-FR","potentialAction":[{"@type":"CommentAction","name":"Comment","target":["https:\/\/www.africa-press.net\/cameroun\/politique\/deces-damadou-ali-gregoire-owona-cabral-libii-mila-assoute-ousmane-mey-lemoi-collectif-de-la-classe-politique#respond"]}]},{"@type":"WebPage","@id":"https:\/\/www.africa-press.net\/cameroun\/politique\/deces-damadou-ali-gregoire-owona-cabral-libii-mila-assoute-ousmane-mey-lemoi-collectif-de-la-classe-politique","url":"https:\/\/www.africa-press.net\/cameroun\/politique\/deces-damadou-ali-gregoire-owona-cabral-libii-mila-assoute-ousmane-mey-lemoi-collectif-de-la-classe-politique","name":"D\u00e9c\u00e8s d\u2019Amadou Ali: Gr\u00e9goire Owona, Cabral Libii, Mila Assout\u00e9, Ousmane Mey\u2026, l\u2019\u00e9moi collectif de la classe politique - Cameroun","isPartOf":{"@id":"https:\/\/www.africa-press.net\/cameroun\/#website"},"primaryImageOfPage":{"@id":"https:\/\/www.africa-press.net\/cameroun\/politique\/deces-damadou-ali-gregoire-owona-cabral-libii-mila-assoute-ousmane-mey-lemoi-collectif-de-la-classe-politique#primaryimage"},"image":{"@id":"https:\/\/www.africa-press.net\/cameroun\/politique\/deces-damadou-ali-gregoire-owona-cabral-libii-mila-assoute-ousmane-mey-lemoi-collectif-de-la-classe-politique#primaryimage"},"thumbnailUrl":"https:\/\/static.africa-press.net\/cameroun\/sites\/57\/2022\/09\/img-63347caabc934.jpg","datePublished":"2022-09-28T14:46:32+00:00","dateModified":"2022-09-28T16:57:18+00:00","author":{"@id":"https:\/\/www.africa-press.net\/cameroun\/#\/schema\/person\/2b1cf3cd81a31e3cd26889ca66d677f1"},"description":"L\u2019ancien vice premier ministre Amadou Ali, de\u0301ce\u0301de\u0301 a\u0300 Yaounde\u0301 le mardi 27 septembre 2022, sera inhume\u0301 ce mercredi 28 ...","breadcrumb":{"@id":"https:\/\/www.africa-press.net\/cameroun\/politique\/deces-damadou-ali-gregoire-owona-cabral-libii-mila-assoute-ousmane-mey-lemoi-collectif-de-la-classe-politique#breadcrumb"},"inLanguage":"fr-FR","potentialAction":[{"@type":"ReadAction","target":["https:\/\/www.africa-press.net\/cameroun\/politique\/deces-damadou-ali-gregoire-owona-cabral-libii-mila-assoute-ousmane-mey-lemoi-collectif-de-la-classe-politique"]}]},{"@type":"ImageObject","inLanguage":"fr-FR","@id":"https:\/\/www.africa-press.net\/cameroun\/politique\/deces-damadou-ali-gregoire-owona-cabral-libii-mila-assoute-ousmane-mey-lemoi-collectif-de-la-classe-politique#primaryimage","url":"https:\/\/static.africa-press.net\/cameroun\/sites\/57\/2022\/09\/img-63347caabc934.jpg","contentUrl":"https:\/\/static.africa-press.net\/cameroun\/sites\/57\/2022\/09\/img-63347caabc934.jpg","width":800,"height":571,"caption":"D\u00e9c\u00e8s d\u2019Amadou Ali: Gr\u00e9goire Owona, Cabral Libii, Mila Assout\u00e9, Ousmane Mey\u2026, l\u2019\u00e9moi collectif de la classe politique"},{"@type":"BreadcrumbList","@id":"https:\/\/www.africa-press.net\/cameroun\/politique\/deces-damadou-ali-gregoire-owona-cabral-libii-mila-assoute-ousmane-mey-lemoi-collectif-de-la-classe-politique#breadcrumb","itemListElement":[{"@type":"ListItem","position":1,"name":"Accueil","item":"https:\/\/www.africa-press.net\/cameroun\/"},{"@type":"ListItem","position":2,"name":"D\u00e9c\u00e8s d\u2019Amadou Ali: Gr\u00e9goire Owona, Cabral Libii, Mila Assout\u00e9, Ousmane Mey\u2026, l\u2019\u00e9moi collectif de la classe politique"}]},{"@type":"WebSite","@id":"https:\/\/www.africa-press.net\/cameroun\/#website","url":"https:\/\/www.africa-press.net\/cameroun\/","name":"Cameroun","description":"Just another Africa News Agency Sites site","potentialAction":[{"@type":"SearchAction","target":{"@type":"EntryPoint","urlTemplate":"https:\/\/www.africa-press.net\/cameroun\/?s={search_term_string}"},"query-input":{"@type":"PropertyValueSpecification","valueRequired":true,"valueName":"search_term_string"}}],"inLanguage":"fr-FR"},{"@type":"Person","@id":"https:\/\/www.africa-press.net\/cameroun\/#\/schema\/person\/2b1cf3cd81a31e3cd26889ca66d677f1","name":"cfeditorfr"}]}},"_links":{"self":[{"href":"https:\/\/www.africa-press.net\/cameroun\/wp-json\/wp\/v2\/posts\/28281","targetHints":{"allow":["GET"]}}],"collection":[{"href":"https:\/\/www.africa-press.net\/cameroun\/wp-json\/wp\/v2\/posts"}],"about":[{"href":"https:\/\/www.africa-press.net\/cameroun\/wp-json\/wp\/v2\/types\/post"}],"author":[{"embeddable":true,"href":"https:\/\/www.africa-press.net\/cameroun\/wp-json\/wp\/v2\/users\/82"}],"replies":[{"embeddable":true,"href":"https:\/\/www.africa-press.net\/cameroun\/wp-json\/wp\/v2\/comments?post=28281"}],"version-history":[{"count":0,"href":"https:\/\/www.africa-press.net\/cameroun\/wp-json\/wp\/v2\/posts\/28281\/revisions"}],"wp:featuredmedia":[{"embeddable":true,"href":"https:\/\/www.africa-press.net\/cameroun\/wp-json\/wp\/v2\/media\/28280"}],"wp:attachment":[{"href":"https:\/\/www.africa-press.net\/cameroun\/wp-json\/wp\/v2\/media?parent=28281"}],"wp:term":[{"taxonomy":"category","embeddable":true,"href":"https:\/\/www.africa-press.net\/cameroun\/wp-json\/wp\/v2\/categories?post=28281"},{"taxonomy":"post_tag","embeddable":true,"href":"https:\/\/www.africa-press.net\/cameroun\/wp-json\/wp\/v2\/tags?post=28281"}],"curies":[{"name":"wp","href":"https:\/\/api.w.org\/{rel}","templated":true}]}}