{"id":28284,"date":"2022-09-28T14:57:43","date_gmt":"2022-09-28T14:57:43","guid":{"rendered":"https:\/\/www.africa-press.net\/cameroun\/politique\/jean-lambert-nang-recoit-les-honneurs-de-la-fecafoot"},"modified":"2022-09-28T16:58:11","modified_gmt":"2022-09-28T16:58:11","slug":"jean-lambert-nang-recoit-les-honneurs-de-la-fecafoot","status":"publish","type":"post","link":"https:\/\/www.africa-press.net\/cameroun\/sports\/jean-lambert-nang-recoit-les-honneurs-de-la-fecafoot","title":{"rendered":"Jean Lambert Nang re\u00e7oit les honneurs de la F\u00e9cafoot"},"content":{"rendered":"<p><span style=\"color: #ff6600\"><strong>Africa-Press &#8211; Cameroun. <\/strong><\/span>L\u2019instance que dirige Samuel Eto\u2019o a de\u0301cide\u0301 d\u2019honorer le journaliste qui a longtemps exerce\u0301 dans le milieu sportif en faisant de lui le pre\u0301sident du jury du ballon d\u2019Or camerounais, e\u0301dition 2022.<\/p>\n<p>\u00ab Eto\u2019o n\u2019est pas la cle\u0301, mais le trousseau de cle\u0301s qui ouvre toutes les portes \u00bb disait <b>Jean Lambert Nang<\/b> dans une de ses tribunes ou\u0300 il saluait le travail qu\u2019effectue l\u2019actuel pre\u0301sident de la Fe\u0301de\u0301ration camerounaise de football, (<b>Fe\u0301cafoot<\/b>).<\/p>\n<p>Quelques mois apre\u0300s, cette instance que dirige <b>Samuel Eto\u2019o<\/b> depuis de\u0301cembre 2022 vient d\u2019ouvrir la porte de la pre\u0301sidence du jury du <b>Ballon d\u2019Or camerounais<\/b> e\u0301dition 2022 a\u0300 <b>Jean Lambert Nang<\/b>. Lui qui a longtemps commente\u0301 les matchs de la Coupe du monde ou encore de la Can avec maestria sur les antennes de la <b>CRTV<\/b> va aujourd\u2019hui pre\u0301sider le jury charge\u0301 de distinguer les joueurs qui se sont le plus illustre\u0301s tout au long de la dernie\u0300re saison.<\/p>\n<p>L\u2019expertise de <b>Jean Lambert Nang<\/b> des questions de football sera associe\u0301e a\u0300 celle <b>d\u2019Alioum Boukar<\/b> entrai\u0302neur des gardiens de la se\u0301lection a\u0300 la Can 2017 (remporte\u0301e par le Cameroun) et vainqueur de la Can 2000 et 2002 avec les Lions. Les deux autres membres du jury sont la coach Victorine Fomum et Stephan Edzigui avec comme rapporteur, Landy Tsogo.<\/p>\n<p>Pour cette ce\u0301re\u0301monie autrefois organise\u0301e par la Ligue de Football Professionnel avec pour appellation, LFPC awards, 21 journalistes ont e\u0301te\u0301 invite\u0301s a\u0300 faire du jury et ceci, gratuitement.<\/p>\n<p>Liste des journalistes de\u0301signe\u0301s dans le jury du <b>Ballon d\u2019or camerounais<\/b> e\u0301dition 2022 :<\/p>\n<p>Membres du jury du ballon d\u2019Or camerounais<\/p>\n<p><strong>Pour plus d&rsquo;informations et d&rsquo;analyses sur la <a href=\"https:\/\/www.africa-press.net\/cameroun\">Cameroun<\/a>, suivez <a href=\"https:\/\/www.africa-press.net\/\">Africa-Press<\/a><\/strong><\/p>\n","protected":false},"excerpt":{"rendered":"<p>Africa-Press &#8211; Cameroun. L\u2019instance que dirige Samuel Eto\u2019o a de\u0301cide\u0301 d\u2019honorer le journaliste qui a longtemps exerce\u0301 dans le milieu sportif en faisant de lui le pre\u0301sident du jury du ballon d\u2019Or camerounais, e\u0301dition 2022. \u00ab Eto\u2019o n\u2019est pas la cle\u0301, mais le trousseau de cle\u0301s qui ouvre toutes les portes \u00bb disait Jean Lambert [&hellip;]<\/p>\n","protected":false},"author":82,"featured_media":28283,"comment_status":"open","ping_status":"closed","sticky":false,"template":"","format":"standard","meta":{"footnotes":""},"categories":[6,10],"tags":[36,50,49],"class_list":["post-28284","post","type-post","status-publish","format-standard","has-post-thumbnail","hentry","category-sports","category-toutes-les-actualites","tag-africa-press","tag-africa-press-cameroun","tag-cameroun"],"yoast_head":"<!-- This site is optimized with the Yoast SEO Premium plugin v26.1 (Yoast SEO v27.0) - https:\/\/yoast.com\/product\/yoast-seo-premium-wordpress\/ -->\n<title>Jean Lambert Nang re\u00e7oit les honneurs de la F\u00e9cafoot - Cameroun<\/title>\n<meta name=\"description\" content=\"L\u2019instance que dirige Samuel Eto\u2019o a de\u0301cide\u0301 d\u2019honorer le journaliste qui a longtemps exerce\u0301 dans le milieu sportif en ...\" \/>\n<meta name=\"robots\" content=\"index, follow, max-snippet:-1, max-image-preview:large, max-video-preview:-1\" \/>\n<link rel=\"canonical\" href=\"https:\/\/www.africa-press.net\/cameroun\/sports\/jean-lambert-nang-recoit-les-honneurs-de-la-fecafoot\" \/>\n<meta property=\"og:locale\" content=\"fr_FR\" \/>\n<meta property=\"og:type\" content=\"article\" \/>\n<meta property=\"og:title\" content=\"Jean Lambert Nang re\u00e7oit les honneurs de la F\u00e9cafoot\" \/>\n<meta property=\"og:description\" content=\"L\u2019instance que dirige Samuel Eto\u2019o a de\u0301cide\u0301 d\u2019honorer le journaliste qui a longtemps exerce\u0301 dans le milieu sportif en ...\" \/>\n<meta property=\"og:url\" content=\"https:\/\/www.africa-press.net\/cameroun\/sports\/jean-lambert-nang-recoit-les-honneurs-de-la-fecafoot\" \/>\n<meta property=\"og:site_name\" content=\"Cameroun\" \/>\n<meta property=\"article:published_time\" content=\"2022-09-28T14:57:43+00:00\" \/>\n<meta property=\"article:modified_time\" content=\"2022-09-28T16:58:11+00:00\" \/>\n<meta property=\"og:image\" content=\"https:\/\/static.africa-press.net\/cameroun\/sites\/57\/2022\/09\/img-63347cf61ab07.jpg\" \/>\n\t<meta property=\"og:image:width\" content=\"828\" \/>\n\t<meta property=\"og:image:height\" content=\"499\" \/>\n\t<meta property=\"og:image:type\" content=\"image\/jpeg\" \/>\n<meta name=\"author\" content=\"cfeditorfr\" \/>\n<meta name=\"twitter:card\" content=\"summary_large_image\" \/>\n<meta name=\"twitter:label1\" content=\"\u00c9crit par\" \/>\n\t<meta name=\"twitter:data1\" content=\"cfeditorfr\" \/>\n\t<meta name=\"twitter:label2\" content=\"Dur\u00e9e de lecture estim\u00e9e\" \/>\n\t<meta name=\"twitter:data2\" content=\"2 minutes\" \/>\n<script type=\"application\/ld+json\" class=\"yoast-schema-graph\">{\"@context\":\"https:\/\/schema.org\",\"@graph\":[{\"@type\":\"Article\",\"@id\":\"https:\/\/www.africa-press.net\/cameroun\/sports\/jean-lambert-nang-recoit-les-honneurs-de-la-fecafoot#article\",\"isPartOf\":{\"@id\":\"https:\/\/www.africa-press.net\/cameroun\/sports\/jean-lambert-nang-recoit-les-honneurs-de-la-fecafoot\"},\"author\":{\"name\":\"cfeditorfr\",\"@id\":\"https:\/\/www.africa-press.net\/cameroun\/#\/schema\/person\/2b1cf3cd81a31e3cd26889ca66d677f1\"},\"headline\":\"Jean Lambert Nang re\u00e7oit les honneurs de la F\u00e9cafoot\",\"datePublished\":\"2022-09-28T14:57:43+00:00\",\"dateModified\":\"2022-09-28T16:58:11+00:00\",\"mainEntityOfPage\":{\"@id\":\"https:\/\/www.africa-press.net\/cameroun\/sports\/jean-lambert-nang-recoit-les-honneurs-de-la-fecafoot\"},\"wordCount\":318,\"commentCount\":0,\"image\":{\"@id\":\"https:\/\/www.africa-press.net\/cameroun\/sports\/jean-lambert-nang-recoit-les-honneurs-de-la-fecafoot#primaryimage\"},\"thumbnailUrl\":\"https:\/\/static.africa-press.net\/cameroun\/sites\/57\/2022\/09\/img-63347cf61ab07.jpg\",\"keywords\":[\"Africa Press\",\"Africa Press-Cameroun\",\"Cameroun\"],\"articleSection\":[\"Sports\",\"Toutes les actualit\u00e9s\"],\"inLanguage\":\"fr-FR\",\"potentialAction\":[{\"@type\":\"CommentAction\",\"name\":\"Comment\",\"target\":[\"https:\/\/www.africa-press.net\/cameroun\/sports\/jean-lambert-nang-recoit-les-honneurs-de-la-fecafoot#respond\"]}]},{\"@type\":\"WebPage\",\"@id\":\"https:\/\/www.africa-press.net\/cameroun\/sports\/jean-lambert-nang-recoit-les-honneurs-de-la-fecafoot\",\"url\":\"https:\/\/www.africa-press.net\/cameroun\/sports\/jean-lambert-nang-recoit-les-honneurs-de-la-fecafoot\",\"name\":\"Jean Lambert Nang re\u00e7oit les honneurs de la F\u00e9cafoot - Cameroun\",\"isPartOf\":{\"@id\":\"https:\/\/www.africa-press.net\/cameroun\/#website\"},\"primaryImageOfPage\":{\"@id\":\"https:\/\/www.africa-press.net\/cameroun\/sports\/jean-lambert-nang-recoit-les-honneurs-de-la-fecafoot#primaryimage\"},\"image\":{\"@id\":\"https:\/\/www.africa-press.net\/cameroun\/sports\/jean-lambert-nang-recoit-les-honneurs-de-la-fecafoot#primaryimage\"},\"thumbnailUrl\":\"https:\/\/static.africa-press.net\/cameroun\/sites\/57\/2022\/09\/img-63347cf61ab07.jpg\",\"datePublished\":\"2022-09-28T14:57:43+00:00\",\"dateModified\":\"2022-09-28T16:58:11+00:00\",\"author\":{\"@id\":\"https:\/\/www.africa-press.net\/cameroun\/#\/schema\/person\/2b1cf3cd81a31e3cd26889ca66d677f1\"},\"description\":\"L\u2019instance que dirige Samuel Eto\u2019o a de\u0301cide\u0301 d\u2019honorer le journaliste qui a longtemps exerce\u0301 dans le milieu sportif en ...\",\"breadcrumb\":{\"@id\":\"https:\/\/www.africa-press.net\/cameroun\/sports\/jean-lambert-nang-recoit-les-honneurs-de-la-fecafoot#breadcrumb\"},\"inLanguage\":\"fr-FR\",\"potentialAction\":[{\"@type\":\"ReadAction\",\"target\":[\"https:\/\/www.africa-press.net\/cameroun\/sports\/jean-lambert-nang-recoit-les-honneurs-de-la-fecafoot\"]}]},{\"@type\":\"ImageObject\",\"inLanguage\":\"fr-FR\",\"@id\":\"https:\/\/www.africa-press.net\/cameroun\/sports\/jean-lambert-nang-recoit-les-honneurs-de-la-fecafoot#primaryimage\",\"url\":\"https:\/\/static.africa-press.net\/cameroun\/sites\/57\/2022\/09\/img-63347cf61ab07.jpg\",\"contentUrl\":\"https:\/\/static.africa-press.net\/cameroun\/sites\/57\/2022\/09\/img-63347cf61ab07.jpg\",\"width\":828,\"height\":499,\"caption\":\"Jean Lambert Nang re\u00e7oit les honneurs de la F\u00e9cafoot\"},{\"@type\":\"BreadcrumbList\",\"@id\":\"https:\/\/www.africa-press.net\/cameroun\/sports\/jean-lambert-nang-recoit-les-honneurs-de-la-fecafoot#breadcrumb\",\"itemListElement\":[{\"@type\":\"ListItem\",\"position\":1,\"name\":\"Accueil\",\"item\":\"https:\/\/www.africa-press.net\/cameroun\/\"},{\"@type\":\"ListItem\",\"position\":2,\"name\":\"Jean Lambert Nang re\u00e7oit les honneurs de la F\u00e9cafoot\"}]},{\"@type\":\"WebSite\",\"@id\":\"https:\/\/www.africa-press.net\/cameroun\/#website\",\"url\":\"https:\/\/www.africa-press.net\/cameroun\/\",\"name\":\"Cameroun\",\"description\":\"Just another Africa News Agency Sites site\",\"potentialAction\":[{\"@type\":\"SearchAction\",\"target\":{\"@type\":\"EntryPoint\",\"urlTemplate\":\"https:\/\/www.africa-press.net\/cameroun\/?s={search_term_string}\"},\"query-input\":{\"@type\":\"PropertyValueSpecification\",\"valueRequired\":true,\"valueName\":\"search_term_string\"}}],\"inLanguage\":\"fr-FR\"},{\"@type\":\"Person\",\"@id\":\"https:\/\/www.africa-press.net\/cameroun\/#\/schema\/person\/2b1cf3cd81a31e3cd26889ca66d677f1\",\"name\":\"cfeditorfr\"}]}<\/script>\n<!-- \/ Yoast SEO Premium plugin. -->","yoast_head_json":{"title":"Jean Lambert Nang re\u00e7oit les honneurs de la F\u00e9cafoot - Cameroun","description":"L\u2019instance que dirige Samuel Eto\u2019o a de\u0301cide\u0301 d\u2019honorer le journaliste qui a longtemps exerce\u0301 dans le milieu sportif en ...","robots":{"index":"index","follow":"follow","max-snippet":"max-snippet:-1","max-image-preview":"max-image-preview:large","max-video-preview":"max-video-preview:-1"},"canonical":"https:\/\/www.africa-press.net\/cameroun\/sports\/jean-lambert-nang-recoit-les-honneurs-de-la-fecafoot","og_locale":"fr_FR","og_type":"article","og_title":"Jean Lambert Nang re\u00e7oit les honneurs de la F\u00e9cafoot","og_description":"L\u2019instance que dirige Samuel Eto\u2019o a de\u0301cide\u0301 d\u2019honorer le journaliste qui a longtemps exerce\u0301 dans le milieu sportif en ...","og_url":"https:\/\/www.africa-press.net\/cameroun\/sports\/jean-lambert-nang-recoit-les-honneurs-de-la-fecafoot","og_site_name":"Cameroun","article_published_time":"2022-09-28T14:57:43+00:00","article_modified_time":"2022-09-28T16:58:11+00:00","og_image":[{"width":828,"height":499,"url":"https:\/\/static.africa-press.net\/cameroun\/sites\/57\/2022\/09\/img-63347cf61ab07.jpg","type":"image\/jpeg"}],"author":"cfeditorfr","twitter_card":"summary_large_image","twitter_misc":{"\u00c9crit par":"cfeditorfr","Dur\u00e9e de lecture estim\u00e9e":"2 minutes"},"schema":{"@context":"https:\/\/schema.org","@graph":[{"@type":"Article","@id":"https:\/\/www.africa-press.net\/cameroun\/sports\/jean-lambert-nang-recoit-les-honneurs-de-la-fecafoot#article","isPartOf":{"@id":"https:\/\/www.africa-press.net\/cameroun\/sports\/jean-lambert-nang-recoit-les-honneurs-de-la-fecafoot"},"author":{"name":"cfeditorfr","@id":"https:\/\/www.africa-press.net\/cameroun\/#\/schema\/person\/2b1cf3cd81a31e3cd26889ca66d677f1"},"headline":"Jean Lambert Nang re\u00e7oit les honneurs de la F\u00e9cafoot","datePublished":"2022-09-28T14:57:43+00:00","dateModified":"2022-09-28T16:58:11+00:00","mainEntityOfPage":{"@id":"https:\/\/www.africa-press.net\/cameroun\/sports\/jean-lambert-nang-recoit-les-honneurs-de-la-fecafoot"},"wordCount":318,"commentCount":0,"image":{"@id":"https:\/\/www.africa-press.net\/cameroun\/sports\/jean-lambert-nang-recoit-les-honneurs-de-la-fecafoot#primaryimage"},"thumbnailUrl":"https:\/\/static.africa-press.net\/cameroun\/sites\/57\/2022\/09\/img-63347cf61ab07.jpg","keywords":["Africa Press","Africa Press-Cameroun","Cameroun"],"articleSection":["Sports","Toutes les actualit\u00e9s"],"inLanguage":"fr-FR","potentialAction":[{"@type":"CommentAction","name":"Comment","target":["https:\/\/www.africa-press.net\/cameroun\/sports\/jean-lambert-nang-recoit-les-honneurs-de-la-fecafoot#respond"]}]},{"@type":"WebPage","@id":"https:\/\/www.africa-press.net\/cameroun\/sports\/jean-lambert-nang-recoit-les-honneurs-de-la-fecafoot","url":"https:\/\/www.africa-press.net\/cameroun\/sports\/jean-lambert-nang-recoit-les-honneurs-de-la-fecafoot","name":"Jean Lambert Nang re\u00e7oit les honneurs de la F\u00e9cafoot - Cameroun","isPartOf":{"@id":"https:\/\/www.africa-press.net\/cameroun\/#website"},"primaryImageOfPage":{"@id":"https:\/\/www.africa-press.net\/cameroun\/sports\/jean-lambert-nang-recoit-les-honneurs-de-la-fecafoot#primaryimage"},"image":{"@id":"https:\/\/www.africa-press.net\/cameroun\/sports\/jean-lambert-nang-recoit-les-honneurs-de-la-fecafoot#primaryimage"},"thumbnailUrl":"https:\/\/static.africa-press.net\/cameroun\/sites\/57\/2022\/09\/img-63347cf61ab07.jpg","datePublished":"2022-09-28T14:57:43+00:00","dateModified":"2022-09-28T16:58:11+00:00","author":{"@id":"https:\/\/www.africa-press.net\/cameroun\/#\/schema\/person\/2b1cf3cd81a31e3cd26889ca66d677f1"},"description":"L\u2019instance que dirige Samuel Eto\u2019o a de\u0301cide\u0301 d\u2019honorer le journaliste qui a longtemps exerce\u0301 dans le milieu sportif en ...","breadcrumb":{"@id":"https:\/\/www.africa-press.net\/cameroun\/sports\/jean-lambert-nang-recoit-les-honneurs-de-la-fecafoot#breadcrumb"},"inLanguage":"fr-FR","potentialAction":[{"@type":"ReadAction","target":["https:\/\/www.africa-press.net\/cameroun\/sports\/jean-lambert-nang-recoit-les-honneurs-de-la-fecafoot"]}]},{"@type":"ImageObject","inLanguage":"fr-FR","@id":"https:\/\/www.africa-press.net\/cameroun\/sports\/jean-lambert-nang-recoit-les-honneurs-de-la-fecafoot#primaryimage","url":"https:\/\/static.africa-press.net\/cameroun\/sites\/57\/2022\/09\/img-63347cf61ab07.jpg","contentUrl":"https:\/\/static.africa-press.net\/cameroun\/sites\/57\/2022\/09\/img-63347cf61ab07.jpg","width":828,"height":499,"caption":"Jean Lambert Nang re\u00e7oit les honneurs de la F\u00e9cafoot"},{"@type":"BreadcrumbList","@id":"https:\/\/www.africa-press.net\/cameroun\/sports\/jean-lambert-nang-recoit-les-honneurs-de-la-fecafoot#breadcrumb","itemListElement":[{"@type":"ListItem","position":1,"name":"Accueil","item":"https:\/\/www.africa-press.net\/cameroun\/"},{"@type":"ListItem","position":2,"name":"Jean Lambert Nang re\u00e7oit les honneurs de la F\u00e9cafoot"}]},{"@type":"WebSite","@id":"https:\/\/www.africa-press.net\/cameroun\/#website","url":"https:\/\/www.africa-press.net\/cameroun\/","name":"Cameroun","description":"Just another Africa News Agency Sites site","potentialAction":[{"@type":"SearchAction","target":{"@type":"EntryPoint","urlTemplate":"https:\/\/www.africa-press.net\/cameroun\/?s={search_term_string}"},"query-input":{"@type":"PropertyValueSpecification","valueRequired":true,"valueName":"search_term_string"}}],"inLanguage":"fr-FR"},{"@type":"Person","@id":"https:\/\/www.africa-press.net\/cameroun\/#\/schema\/person\/2b1cf3cd81a31e3cd26889ca66d677f1","name":"cfeditorfr"}]}},"_links":{"self":[{"href":"https:\/\/www.africa-press.net\/cameroun\/wp-json\/wp\/v2\/posts\/28284","targetHints":{"allow":["GET"]}}],"collection":[{"href":"https:\/\/www.africa-press.net\/cameroun\/wp-json\/wp\/v2\/posts"}],"about":[{"href":"https:\/\/www.africa-press.net\/cameroun\/wp-json\/wp\/v2\/types\/post"}],"author":[{"embeddable":true,"href":"https:\/\/www.africa-press.net\/cameroun\/wp-json\/wp\/v2\/users\/82"}],"replies":[{"embeddable":true,"href":"https:\/\/www.africa-press.net\/cameroun\/wp-json\/wp\/v2\/comments?post=28284"}],"version-history":[{"count":0,"href":"https:\/\/www.africa-press.net\/cameroun\/wp-json\/wp\/v2\/posts\/28284\/revisions"}],"wp:featuredmedia":[{"embeddable":true,"href":"https:\/\/www.africa-press.net\/cameroun\/wp-json\/wp\/v2\/media\/28283"}],"wp:attachment":[{"href":"https:\/\/www.africa-press.net\/cameroun\/wp-json\/wp\/v2\/media?parent=28284"}],"wp:term":[{"taxonomy":"category","embeddable":true,"href":"https:\/\/www.africa-press.net\/cameroun\/wp-json\/wp\/v2\/categories?post=28284"},{"taxonomy":"post_tag","embeddable":true,"href":"https:\/\/www.africa-press.net\/cameroun\/wp-json\/wp\/v2\/tags?post=28284"}],"curies":[{"name":"wp","href":"https:\/\/api.w.org\/{rel}","templated":true}]}}