{"id":28287,"date":"2022-09-28T15:06:29","date_gmt":"2022-09-28T15:06:29","guid":{"rendered":"https:\/\/www.africa-press.net\/cameroun\/politique\/defaite-du-cameroun-par-la-coree-du-sud-voici-la-reaction-de-rigobert-song-apres-le-match"},"modified":"2022-09-28T16:58:43","modified_gmt":"2022-09-28T16:58:43","slug":"defaite-du-cameroun-par-la-coree-du-sud-voici-la-reaction-de-rigobert-song-apres-le-match","status":"publish","type":"post","link":"https:\/\/www.africa-press.net\/cameroun\/sports\/defaite-du-cameroun-par-la-coree-du-sud-voici-la-reaction-de-rigobert-song-apres-le-match","title":{"rendered":"D\u00e9faite du Cameroun par la Cor\u00e9e du Sud : voici la r\u00e9action de Rigobert Song apr\u00e8s le match"},"content":{"rendered":"<p><span style=\"color: #ff6600\"><strong>Africa-Press &#8211; Cameroun. <\/strong><\/span><b>Le manager-se\u0301lectionneur des Lions indomptables exprime sa satisfaction apre\u0300s l\u2019e\u0301chec enregistre\u0301 avec une e\u0301quipe qui n\u2019a jamais pu inscrire le moindre but en deux matchs.<\/b><\/p>\n<p>\u00ab J\u2019ai trouve\u0301 ce que je cherchais pour cette pe\u0301riode <b>FIFA<\/b>. C\u2019est vrai que le re\u0301sultat n\u2019a pas suivi mais je retrouve\u0301 une e\u0301quipe en progression qui a juste dd petites choses a\u0300 re\u0301gler. C\u2019e\u0301tait un match digne d\u2019une Coupe du monde et je suis satisfait de mes joueurs. Ils ont bien re\u0301agi et je suis fier car je retrouve un e\u0301tat d\u2019esprit conque\u0301rant.<\/p>\n<p>Nous sommes dans l\u2019objectif d\u2019observer des joueurs et il fallait donc que certains entrent. Vous avez vu qu\u2019en deux matchs, j\u2019ai utilise\u0301 deux syste\u0300mes de jeu. Aujourd\u2019hui (mardi 27 septembre, Ndlr), je suis content car on a retrouve\u0301 un syste\u0300me qui correspond a\u0300 mes joueurs.<\/p>\n<p>Mais je ne peux pas encore de\u0301voiler ce que je vais faire contre la Suisse. Je suis content des nouveaux joueurs. Ils ont de\u0301montre\u0301 ce qu\u2019ils savent faire. Chacun a eu le temps de s\u2019ame\u0301liorer.<\/p>\n<p><b>Choupo-Moting<\/b> et<b> Zambo Anguissa<\/b> font partie du groupe. Ils ont juste e\u0301te\u0301 mis au repos. Il fallait que je vois les autres car la porte est ouverte a\u0300 tout le monde. Il n\u2019y a pas lieu d\u2019avoir de\u0301bat. \u00bb<\/p>\n<p><strong>Pour plus d&rsquo;informations et d&rsquo;analyses sur la <a href=\"https:\/\/www.africa-press.net\/cameroun\">Cameroun<\/a>, suivez <a href=\"https:\/\/www.africa-press.net\/\">Africa-Press<\/a><\/strong><\/p>\n","protected":false},"excerpt":{"rendered":"<p>Africa-Press &#8211; Cameroun. Le manager-se\u0301lectionneur des Lions indomptables exprime sa satisfaction apre\u0300s l\u2019e\u0301chec enregistre\u0301 avec une e\u0301quipe qui n\u2019a jamais pu inscrire le moindre but en deux matchs. \u00ab J\u2019ai trouve\u0301 ce que je cherchais pour cette pe\u0301riode FIFA. C\u2019est vrai que le re\u0301sultat n\u2019a pas suivi mais je retrouve\u0301 une e\u0301quipe en progression qui [&hellip;]<\/p>\n","protected":false},"author":82,"featured_media":28286,"comment_status":"open","ping_status":"closed","sticky":false,"template":"","format":"standard","meta":{"footnotes":""},"categories":[6,10],"tags":[36,50,49],"class_list":["post-28287","post","type-post","status-publish","format-standard","has-post-thumbnail","hentry","category-sports","category-toutes-les-actualites","tag-africa-press","tag-africa-press-cameroun","tag-cameroun"],"yoast_head":"<!-- This site is optimized with the Yoast SEO Premium plugin v26.1 (Yoast SEO v27.0) - https:\/\/yoast.com\/product\/yoast-seo-premium-wordpress\/ -->\n<title>D\u00e9faite du Cameroun par la Cor\u00e9e du Sud : voici la r\u00e9action de Rigobert Song apr\u00e8s le match - Cameroun<\/title>\n<meta name=\"description\" content=\"Le manager-se\u0301lectionneur des Lions indomptables exprime sa satisfaction apre\u0300s l\u2019e\u0301chec enregistre\u0301 avec une e\u0301quipe ...\" \/>\n<meta name=\"robots\" content=\"index, follow, max-snippet:-1, max-image-preview:large, max-video-preview:-1\" \/>\n<link rel=\"canonical\" href=\"https:\/\/www.africa-press.net\/cameroun\/sports\/defaite-du-cameroun-par-la-coree-du-sud-voici-la-reaction-de-rigobert-song-apres-le-match\" \/>\n<meta property=\"og:locale\" content=\"fr_FR\" \/>\n<meta property=\"og:type\" content=\"article\" \/>\n<meta property=\"og:title\" content=\"D\u00e9faite du Cameroun par la Cor\u00e9e du Sud : voici la r\u00e9action de Rigobert Song apr\u00e8s le match\" \/>\n<meta property=\"og:description\" content=\"Le manager-se\u0301lectionneur des Lions indomptables exprime sa satisfaction apre\u0300s l\u2019e\u0301chec enregistre\u0301 avec une e\u0301quipe ...\" \/>\n<meta property=\"og:url\" content=\"https:\/\/www.africa-press.net\/cameroun\/sports\/defaite-du-cameroun-par-la-coree-du-sud-voici-la-reaction-de-rigobert-song-apres-le-match\" \/>\n<meta property=\"og:site_name\" content=\"Cameroun\" \/>\n<meta property=\"article:published_time\" content=\"2022-09-28T15:06:29+00:00\" \/>\n<meta property=\"article:modified_time\" content=\"2022-09-28T16:58:43+00:00\" \/>\n<meta property=\"og:image\" content=\"https:\/\/static.africa-press.net\/cameroun\/sites\/57\/2022\/09\/img-63347d2b2956b.jpg\" \/>\n\t<meta property=\"og:image:width\" content=\"720\" \/>\n\t<meta property=\"og:image:height\" content=\"456\" \/>\n\t<meta property=\"og:image:type\" content=\"image\/jpeg\" \/>\n<meta name=\"author\" content=\"cfeditorfr\" \/>\n<meta name=\"twitter:card\" content=\"summary_large_image\" \/>\n<meta name=\"twitter:label1\" content=\"\u00c9crit par\" \/>\n\t<meta name=\"twitter:data1\" content=\"cfeditorfr\" \/>\n\t<meta name=\"twitter:label2\" content=\"Dur\u00e9e de lecture estim\u00e9e\" \/>\n\t<meta name=\"twitter:data2\" content=\"2 minutes\" \/>\n<script type=\"application\/ld+json\" class=\"yoast-schema-graph\">{\"@context\":\"https:\/\/schema.org\",\"@graph\":[{\"@type\":\"Article\",\"@id\":\"https:\/\/www.africa-press.net\/cameroun\/sports\/defaite-du-cameroun-par-la-coree-du-sud-voici-la-reaction-de-rigobert-song-apres-le-match#article\",\"isPartOf\":{\"@id\":\"https:\/\/www.africa-press.net\/cameroun\/sports\/defaite-du-cameroun-par-la-coree-du-sud-voici-la-reaction-de-rigobert-song-apres-le-match\"},\"author\":{\"name\":\"cfeditorfr\",\"@id\":\"https:\/\/www.africa-press.net\/cameroun\/#\/schema\/person\/2b1cf3cd81a31e3cd26889ca66d677f1\"},\"headline\":\"D\u00e9faite du Cameroun par la Cor\u00e9e du Sud : voici la r\u00e9action de Rigobert Song apr\u00e8s le match\",\"datePublished\":\"2022-09-28T15:06:29+00:00\",\"dateModified\":\"2022-09-28T16:58:43+00:00\",\"mainEntityOfPage\":{\"@id\":\"https:\/\/www.africa-press.net\/cameroun\/sports\/defaite-du-cameroun-par-la-coree-du-sud-voici-la-reaction-de-rigobert-song-apres-le-match\"},\"wordCount\":277,\"commentCount\":0,\"image\":{\"@id\":\"https:\/\/www.africa-press.net\/cameroun\/sports\/defaite-du-cameroun-par-la-coree-du-sud-voici-la-reaction-de-rigobert-song-apres-le-match#primaryimage\"},\"thumbnailUrl\":\"https:\/\/static.africa-press.net\/cameroun\/sites\/57\/2022\/09\/img-63347d2b2956b.jpg\",\"keywords\":[\"Africa Press\",\"Africa Press-Cameroun\",\"Cameroun\"],\"articleSection\":[\"Sports\",\"Toutes les actualit\u00e9s\"],\"inLanguage\":\"fr-FR\",\"potentialAction\":[{\"@type\":\"CommentAction\",\"name\":\"Comment\",\"target\":[\"https:\/\/www.africa-press.net\/cameroun\/sports\/defaite-du-cameroun-par-la-coree-du-sud-voici-la-reaction-de-rigobert-song-apres-le-match#respond\"]}]},{\"@type\":\"WebPage\",\"@id\":\"https:\/\/www.africa-press.net\/cameroun\/sports\/defaite-du-cameroun-par-la-coree-du-sud-voici-la-reaction-de-rigobert-song-apres-le-match\",\"url\":\"https:\/\/www.africa-press.net\/cameroun\/sports\/defaite-du-cameroun-par-la-coree-du-sud-voici-la-reaction-de-rigobert-song-apres-le-match\",\"name\":\"D\u00e9faite du Cameroun par la Cor\u00e9e du Sud : voici la r\u00e9action de Rigobert Song apr\u00e8s le match - Cameroun\",\"isPartOf\":{\"@id\":\"https:\/\/www.africa-press.net\/cameroun\/#website\"},\"primaryImageOfPage\":{\"@id\":\"https:\/\/www.africa-press.net\/cameroun\/sports\/defaite-du-cameroun-par-la-coree-du-sud-voici-la-reaction-de-rigobert-song-apres-le-match#primaryimage\"},\"image\":{\"@id\":\"https:\/\/www.africa-press.net\/cameroun\/sports\/defaite-du-cameroun-par-la-coree-du-sud-voici-la-reaction-de-rigobert-song-apres-le-match#primaryimage\"},\"thumbnailUrl\":\"https:\/\/static.africa-press.net\/cameroun\/sites\/57\/2022\/09\/img-63347d2b2956b.jpg\",\"datePublished\":\"2022-09-28T15:06:29+00:00\",\"dateModified\":\"2022-09-28T16:58:43+00:00\",\"author\":{\"@id\":\"https:\/\/www.africa-press.net\/cameroun\/#\/schema\/person\/2b1cf3cd81a31e3cd26889ca66d677f1\"},\"description\":\"Le manager-se\u0301lectionneur des Lions indomptables exprime sa satisfaction apre\u0300s l\u2019e\u0301chec enregistre\u0301 avec une e\u0301quipe ...\",\"breadcrumb\":{\"@id\":\"https:\/\/www.africa-press.net\/cameroun\/sports\/defaite-du-cameroun-par-la-coree-du-sud-voici-la-reaction-de-rigobert-song-apres-le-match#breadcrumb\"},\"inLanguage\":\"fr-FR\",\"potentialAction\":[{\"@type\":\"ReadAction\",\"target\":[\"https:\/\/www.africa-press.net\/cameroun\/sports\/defaite-du-cameroun-par-la-coree-du-sud-voici-la-reaction-de-rigobert-song-apres-le-match\"]}]},{\"@type\":\"ImageObject\",\"inLanguage\":\"fr-FR\",\"@id\":\"https:\/\/www.africa-press.net\/cameroun\/sports\/defaite-du-cameroun-par-la-coree-du-sud-voici-la-reaction-de-rigobert-song-apres-le-match#primaryimage\",\"url\":\"https:\/\/static.africa-press.net\/cameroun\/sites\/57\/2022\/09\/img-63347d2b2956b.jpg\",\"contentUrl\":\"https:\/\/static.africa-press.net\/cameroun\/sites\/57\/2022\/09\/img-63347d2b2956b.jpg\",\"width\":720,\"height\":456,\"caption\":\"D\u00e9faite du Cameroun par la Cor\u00e9e du Sud : voici la r\u00e9action de Rigobert Song apr\u00e8s le match\"},{\"@type\":\"BreadcrumbList\",\"@id\":\"https:\/\/www.africa-press.net\/cameroun\/sports\/defaite-du-cameroun-par-la-coree-du-sud-voici-la-reaction-de-rigobert-song-apres-le-match#breadcrumb\",\"itemListElement\":[{\"@type\":\"ListItem\",\"position\":1,\"name\":\"Accueil\",\"item\":\"https:\/\/www.africa-press.net\/cameroun\/\"},{\"@type\":\"ListItem\",\"position\":2,\"name\":\"D\u00e9faite du Cameroun par la Cor\u00e9e du Sud : voici la r\u00e9action de Rigobert Song apr\u00e8s le match\"}]},{\"@type\":\"WebSite\",\"@id\":\"https:\/\/www.africa-press.net\/cameroun\/#website\",\"url\":\"https:\/\/www.africa-press.net\/cameroun\/\",\"name\":\"Cameroun\",\"description\":\"Just another Africa News Agency Sites site\",\"potentialAction\":[{\"@type\":\"SearchAction\",\"target\":{\"@type\":\"EntryPoint\",\"urlTemplate\":\"https:\/\/www.africa-press.net\/cameroun\/?s={search_term_string}\"},\"query-input\":{\"@type\":\"PropertyValueSpecification\",\"valueRequired\":true,\"valueName\":\"search_term_string\"}}],\"inLanguage\":\"fr-FR\"},{\"@type\":\"Person\",\"@id\":\"https:\/\/www.africa-press.net\/cameroun\/#\/schema\/person\/2b1cf3cd81a31e3cd26889ca66d677f1\",\"name\":\"cfeditorfr\"}]}<\/script>\n<!-- \/ Yoast SEO Premium plugin. -->","yoast_head_json":{"title":"D\u00e9faite du Cameroun par la Cor\u00e9e du Sud : voici la r\u00e9action de Rigobert Song apr\u00e8s le match - Cameroun","description":"Le manager-se\u0301lectionneur des Lions indomptables exprime sa satisfaction apre\u0300s l\u2019e\u0301chec enregistre\u0301 avec une e\u0301quipe ...","robots":{"index":"index","follow":"follow","max-snippet":"max-snippet:-1","max-image-preview":"max-image-preview:large","max-video-preview":"max-video-preview:-1"},"canonical":"https:\/\/www.africa-press.net\/cameroun\/sports\/defaite-du-cameroun-par-la-coree-du-sud-voici-la-reaction-de-rigobert-song-apres-le-match","og_locale":"fr_FR","og_type":"article","og_title":"D\u00e9faite du Cameroun par la Cor\u00e9e du Sud : voici la r\u00e9action de Rigobert Song apr\u00e8s le match","og_description":"Le manager-se\u0301lectionneur des Lions indomptables exprime sa satisfaction apre\u0300s l\u2019e\u0301chec enregistre\u0301 avec une e\u0301quipe ...","og_url":"https:\/\/www.africa-press.net\/cameroun\/sports\/defaite-du-cameroun-par-la-coree-du-sud-voici-la-reaction-de-rigobert-song-apres-le-match","og_site_name":"Cameroun","article_published_time":"2022-09-28T15:06:29+00:00","article_modified_time":"2022-09-28T16:58:43+00:00","og_image":[{"width":720,"height":456,"url":"https:\/\/static.africa-press.net\/cameroun\/sites\/57\/2022\/09\/img-63347d2b2956b.jpg","type":"image\/jpeg"}],"author":"cfeditorfr","twitter_card":"summary_large_image","twitter_misc":{"\u00c9crit par":"cfeditorfr","Dur\u00e9e de lecture estim\u00e9e":"2 minutes"},"schema":{"@context":"https:\/\/schema.org","@graph":[{"@type":"Article","@id":"https:\/\/www.africa-press.net\/cameroun\/sports\/defaite-du-cameroun-par-la-coree-du-sud-voici-la-reaction-de-rigobert-song-apres-le-match#article","isPartOf":{"@id":"https:\/\/www.africa-press.net\/cameroun\/sports\/defaite-du-cameroun-par-la-coree-du-sud-voici-la-reaction-de-rigobert-song-apres-le-match"},"author":{"name":"cfeditorfr","@id":"https:\/\/www.africa-press.net\/cameroun\/#\/schema\/person\/2b1cf3cd81a31e3cd26889ca66d677f1"},"headline":"D\u00e9faite du Cameroun par la Cor\u00e9e du Sud : voici la r\u00e9action de Rigobert Song apr\u00e8s le match","datePublished":"2022-09-28T15:06:29+00:00","dateModified":"2022-09-28T16:58:43+00:00","mainEntityOfPage":{"@id":"https:\/\/www.africa-press.net\/cameroun\/sports\/defaite-du-cameroun-par-la-coree-du-sud-voici-la-reaction-de-rigobert-song-apres-le-match"},"wordCount":277,"commentCount":0,"image":{"@id":"https:\/\/www.africa-press.net\/cameroun\/sports\/defaite-du-cameroun-par-la-coree-du-sud-voici-la-reaction-de-rigobert-song-apres-le-match#primaryimage"},"thumbnailUrl":"https:\/\/static.africa-press.net\/cameroun\/sites\/57\/2022\/09\/img-63347d2b2956b.jpg","keywords":["Africa Press","Africa Press-Cameroun","Cameroun"],"articleSection":["Sports","Toutes les actualit\u00e9s"],"inLanguage":"fr-FR","potentialAction":[{"@type":"CommentAction","name":"Comment","target":["https:\/\/www.africa-press.net\/cameroun\/sports\/defaite-du-cameroun-par-la-coree-du-sud-voici-la-reaction-de-rigobert-song-apres-le-match#respond"]}]},{"@type":"WebPage","@id":"https:\/\/www.africa-press.net\/cameroun\/sports\/defaite-du-cameroun-par-la-coree-du-sud-voici-la-reaction-de-rigobert-song-apres-le-match","url":"https:\/\/www.africa-press.net\/cameroun\/sports\/defaite-du-cameroun-par-la-coree-du-sud-voici-la-reaction-de-rigobert-song-apres-le-match","name":"D\u00e9faite du Cameroun par la Cor\u00e9e du Sud : voici la r\u00e9action de Rigobert Song apr\u00e8s le match - Cameroun","isPartOf":{"@id":"https:\/\/www.africa-press.net\/cameroun\/#website"},"primaryImageOfPage":{"@id":"https:\/\/www.africa-press.net\/cameroun\/sports\/defaite-du-cameroun-par-la-coree-du-sud-voici-la-reaction-de-rigobert-song-apres-le-match#primaryimage"},"image":{"@id":"https:\/\/www.africa-press.net\/cameroun\/sports\/defaite-du-cameroun-par-la-coree-du-sud-voici-la-reaction-de-rigobert-song-apres-le-match#primaryimage"},"thumbnailUrl":"https:\/\/static.africa-press.net\/cameroun\/sites\/57\/2022\/09\/img-63347d2b2956b.jpg","datePublished":"2022-09-28T15:06:29+00:00","dateModified":"2022-09-28T16:58:43+00:00","author":{"@id":"https:\/\/www.africa-press.net\/cameroun\/#\/schema\/person\/2b1cf3cd81a31e3cd26889ca66d677f1"},"description":"Le manager-se\u0301lectionneur des Lions indomptables exprime sa satisfaction apre\u0300s l\u2019e\u0301chec enregistre\u0301 avec une e\u0301quipe ...","breadcrumb":{"@id":"https:\/\/www.africa-press.net\/cameroun\/sports\/defaite-du-cameroun-par-la-coree-du-sud-voici-la-reaction-de-rigobert-song-apres-le-match#breadcrumb"},"inLanguage":"fr-FR","potentialAction":[{"@type":"ReadAction","target":["https:\/\/www.africa-press.net\/cameroun\/sports\/defaite-du-cameroun-par-la-coree-du-sud-voici-la-reaction-de-rigobert-song-apres-le-match"]}]},{"@type":"ImageObject","inLanguage":"fr-FR","@id":"https:\/\/www.africa-press.net\/cameroun\/sports\/defaite-du-cameroun-par-la-coree-du-sud-voici-la-reaction-de-rigobert-song-apres-le-match#primaryimage","url":"https:\/\/static.africa-press.net\/cameroun\/sites\/57\/2022\/09\/img-63347d2b2956b.jpg","contentUrl":"https:\/\/static.africa-press.net\/cameroun\/sites\/57\/2022\/09\/img-63347d2b2956b.jpg","width":720,"height":456,"caption":"D\u00e9faite du Cameroun par la Cor\u00e9e du Sud : voici la r\u00e9action de Rigobert Song apr\u00e8s le match"},{"@type":"BreadcrumbList","@id":"https:\/\/www.africa-press.net\/cameroun\/sports\/defaite-du-cameroun-par-la-coree-du-sud-voici-la-reaction-de-rigobert-song-apres-le-match#breadcrumb","itemListElement":[{"@type":"ListItem","position":1,"name":"Accueil","item":"https:\/\/www.africa-press.net\/cameroun\/"},{"@type":"ListItem","position":2,"name":"D\u00e9faite du Cameroun par la Cor\u00e9e du Sud : voici la r\u00e9action de Rigobert Song apr\u00e8s le match"}]},{"@type":"WebSite","@id":"https:\/\/www.africa-press.net\/cameroun\/#website","url":"https:\/\/www.africa-press.net\/cameroun\/","name":"Cameroun","description":"Just another Africa News Agency Sites site","potentialAction":[{"@type":"SearchAction","target":{"@type":"EntryPoint","urlTemplate":"https:\/\/www.africa-press.net\/cameroun\/?s={search_term_string}"},"query-input":{"@type":"PropertyValueSpecification","valueRequired":true,"valueName":"search_term_string"}}],"inLanguage":"fr-FR"},{"@type":"Person","@id":"https:\/\/www.africa-press.net\/cameroun\/#\/schema\/person\/2b1cf3cd81a31e3cd26889ca66d677f1","name":"cfeditorfr"}]}},"_links":{"self":[{"href":"https:\/\/www.africa-press.net\/cameroun\/wp-json\/wp\/v2\/posts\/28287","targetHints":{"allow":["GET"]}}],"collection":[{"href":"https:\/\/www.africa-press.net\/cameroun\/wp-json\/wp\/v2\/posts"}],"about":[{"href":"https:\/\/www.africa-press.net\/cameroun\/wp-json\/wp\/v2\/types\/post"}],"author":[{"embeddable":true,"href":"https:\/\/www.africa-press.net\/cameroun\/wp-json\/wp\/v2\/users\/82"}],"replies":[{"embeddable":true,"href":"https:\/\/www.africa-press.net\/cameroun\/wp-json\/wp\/v2\/comments?post=28287"}],"version-history":[{"count":0,"href":"https:\/\/www.africa-press.net\/cameroun\/wp-json\/wp\/v2\/posts\/28287\/revisions"}],"wp:featuredmedia":[{"embeddable":true,"href":"https:\/\/www.africa-press.net\/cameroun\/wp-json\/wp\/v2\/media\/28286"}],"wp:attachment":[{"href":"https:\/\/www.africa-press.net\/cameroun\/wp-json\/wp\/v2\/media?parent=28287"}],"wp:term":[{"taxonomy":"category","embeddable":true,"href":"https:\/\/www.africa-press.net\/cameroun\/wp-json\/wp\/v2\/categories?post=28287"},{"taxonomy":"post_tag","embeddable":true,"href":"https:\/\/www.africa-press.net\/cameroun\/wp-json\/wp\/v2\/tags?post=28287"}],"curies":[{"name":"wp","href":"https:\/\/api.w.org\/{rel}","templated":true}]}}