{"id":28290,"date":"2022-09-28T15:14:01","date_gmt":"2022-09-28T15:14:01","guid":{"rendered":"https:\/\/www.africa-press.net\/cameroun\/politique\/cameroun-paul-biya-recoit-christophe-guilhou-avant-son-depart"},"modified":"2022-09-28T16:59:15","modified_gmt":"2022-09-28T16:59:15","slug":"cameroun-paul-biya-recoit-christophe-guilhou-avant-son-depart","status":"publish","type":"post","link":"https:\/\/www.africa-press.net\/cameroun\/politique\/cameroun-paul-biya-recoit-christophe-guilhou-avant-son-depart","title":{"rendered":"Cameroun : Paul Biya re\u00e7oit Christophe Guilhou avant son d\u00e9part"},"content":{"rendered":"<p><span style=\"color: #ff6600\"><strong>Africa-Press &#8211; Cameroun. <\/strong><\/span><b>Le pre\u0301sident de la Re\u0301publique a rec\u0327u en audience le 27 septembre 2022 l\u2019ambassadeur de France arrive\u0301 en fin de mission.<\/b><\/p>\n<p>Parvenu en fin de se\u0301jour au Cameroun, Christophe Guilhou s\u2019appre\u0302te a\u0300 quitter Yaounde\u0301. Le pre\u0301de\u0301cesseur de Thierry Marchand, l\u2019actuel ambassadeur nomme\u0301 le 15 septembre dernier, est alle\u0301 faire ses adieux au chef de l\u2019Etat camerounais. Paul Biya a rec\u0327u le diplomate au Palais de l\u2019Unite\u0301 dans l\u2019apre\u0300s-midi du mardi 27 septembre. Les deux personnalite\u0301s ont passe\u0301 en revue la situation internationale, l\u2019e\u0301tat des relations de coope\u0301ration entre leurs deux pays, ainsi que les de\u0301fis qui interpellent la Cameroun.<\/p>\n<p>Au sortir de cette audience, Christophe Guilhou remercie le pre\u0301sident Paul Biya de l\u2019avoir rec\u0327u avant son de\u0301part du Cameroun. En trois ans de mission, le diplomate avoir e\u0301te\u0301 rec\u0327u en audience au Palais de l\u2019Unite\u0301 une dizaine de fois. De quoi se re\u0301jouir au terme de sa mission en terre camerounaise, car ces rencontres lui ont permis de connai\u0302tre le pays et le peuple camerounais. Ces trois anne\u0301es, auront e\u0301te\u0301 \u00ab si exigeantes, si bouillonnantes, mais aussi formatrices, si stimulantes et gratifiantes \u00bb selon le diplomate.<\/p>\n<p>Bien cette audience au Palais de l\u2019Unite\u0301, Christophe Guilhou a tenu a\u0300 dire au revoir aux membres du gouvernement, aux parlementaires et a\u0300 tous ses amis camerounais. C\u2019e\u0301tait le 20 septembre dernier a\u0300 l\u2019occasion du cocktail organise\u0301 pour son de\u0301part a\u0300 la re\u0301sidence de France. Dans son discours de circonstance, le diplomate a tenu a\u0300 leur dire son \u00ab estime \u00bb, sa \u00ab reconnaissance \u00bb, son \u00ab admiration\u00bb.<\/p>\n<p>Au moment ou\u0300 le de\u0301sormais ancien ambassadeur de France s\u2019en va, son successeur va s\u2019installer. Le ge\u0301ne\u0301ral des corps d\u2019arme\u0301e Thierry Marchand est le nouvel ambassadeur extraordinaire et ple\u0301nipotentiaire de la Re\u0301publique franc\u0327aise aupre\u0300s de la Re\u0301publique du Cameroun.<\/p>\n<p><strong>Pour plus d&rsquo;informations et d&rsquo;analyses sur la <a href=\"https:\/\/www.africa-press.net\/cameroun\">Cameroun<\/a>, suivez <a href=\"https:\/\/www.africa-press.net\/\">Africa-Press<\/a><\/strong><\/p>\n","protected":false},"excerpt":{"rendered":"<p>Africa-Press &#8211; Cameroun. Le pre\u0301sident de la Re\u0301publique a rec\u0327u en audience le 27 septembre 2022 l\u2019ambassadeur de France arrive\u0301 en fin de mission. Parvenu en fin de se\u0301jour au Cameroun, Christophe Guilhou s\u2019appre\u0302te a\u0300 quitter Yaounde\u0301. Le pre\u0301de\u0301cesseur de Thierry Marchand, l\u2019actuel ambassadeur nomme\u0301 le 15 septembre dernier, est alle\u0301 faire ses adieux au [&hellip;]<\/p>\n","protected":false},"author":82,"featured_media":28289,"comment_status":"open","ping_status":"closed","sticky":false,"template":"","format":"standard","meta":{"footnotes":""},"categories":[2,10],"tags":[36,50,49],"class_list":["post-28290","post","type-post","status-publish","format-standard","has-post-thumbnail","hentry","category-politique","category-toutes-les-actualites","tag-africa-press","tag-africa-press-cameroun","tag-cameroun"],"yoast_head":"<!-- This site is optimized with the Yoast SEO Premium plugin v26.1 (Yoast SEO v27.0) - https:\/\/yoast.com\/product\/yoast-seo-premium-wordpress\/ -->\n<title>Cameroun : Paul Biya re\u00e7oit Christophe Guilhou avant son d\u00e9part - Cameroun<\/title>\n<meta name=\"description\" content=\"Le pre\u0301sident de la Re\u0301publique a rec\u0327u en audience le 27 septembre 2022 l\u2019ambassadeur de France arrive\u0301 en fin de mi ...\" \/>\n<meta name=\"robots\" content=\"index, follow, max-snippet:-1, max-image-preview:large, max-video-preview:-1\" \/>\n<link rel=\"canonical\" href=\"https:\/\/www.africa-press.net\/cameroun\/politique\/cameroun-paul-biya-recoit-christophe-guilhou-avant-son-depart\" \/>\n<meta property=\"og:locale\" content=\"fr_FR\" \/>\n<meta property=\"og:type\" content=\"article\" \/>\n<meta property=\"og:title\" content=\"Cameroun : Paul Biya re\u00e7oit Christophe Guilhou avant son d\u00e9part\" \/>\n<meta property=\"og:description\" content=\"Le pre\u0301sident de la Re\u0301publique a rec\u0327u en audience le 27 septembre 2022 l\u2019ambassadeur de France arrive\u0301 en fin de mi ...\" \/>\n<meta property=\"og:url\" content=\"https:\/\/www.africa-press.net\/cameroun\/politique\/cameroun-paul-biya-recoit-christophe-guilhou-avant-son-depart\" \/>\n<meta property=\"og:site_name\" content=\"Cameroun\" \/>\n<meta property=\"article:published_time\" content=\"2022-09-28T15:14:01+00:00\" \/>\n<meta property=\"article:modified_time\" content=\"2022-09-28T16:59:15+00:00\" \/>\n<meta property=\"og:image\" content=\"https:\/\/static.africa-press.net\/cameroun\/sites\/57\/2022\/09\/img-63347d4d4a674.jpg\" \/>\n\t<meta property=\"og:image:width\" content=\"750\" \/>\n\t<meta property=\"og:image:height\" content=\"462\" \/>\n\t<meta property=\"og:image:type\" content=\"image\/jpeg\" \/>\n<meta name=\"author\" content=\"cfeditorfr\" \/>\n<meta name=\"twitter:card\" content=\"summary_large_image\" \/>\n<meta name=\"twitter:label1\" content=\"\u00c9crit par\" \/>\n\t<meta name=\"twitter:data1\" content=\"cfeditorfr\" \/>\n\t<meta name=\"twitter:label2\" content=\"Dur\u00e9e de lecture estim\u00e9e\" \/>\n\t<meta name=\"twitter:data2\" content=\"2 minutes\" \/>\n<script type=\"application\/ld+json\" class=\"yoast-schema-graph\">{\"@context\":\"https:\/\/schema.org\",\"@graph\":[{\"@type\":\"Article\",\"@id\":\"https:\/\/www.africa-press.net\/cameroun\/politique\/cameroun-paul-biya-recoit-christophe-guilhou-avant-son-depart#article\",\"isPartOf\":{\"@id\":\"https:\/\/www.africa-press.net\/cameroun\/politique\/cameroun-paul-biya-recoit-christophe-guilhou-avant-son-depart\"},\"author\":{\"name\":\"cfeditorfr\",\"@id\":\"https:\/\/www.africa-press.net\/cameroun\/#\/schema\/person\/2b1cf3cd81a31e3cd26889ca66d677f1\"},\"headline\":\"Cameroun : Paul Biya re\u00e7oit Christophe Guilhou avant son d\u00e9part\",\"datePublished\":\"2022-09-28T15:14:01+00:00\",\"dateModified\":\"2022-09-28T16:59:15+00:00\",\"mainEntityOfPage\":{\"@id\":\"https:\/\/www.africa-press.net\/cameroun\/politique\/cameroun-paul-biya-recoit-christophe-guilhou-avant-son-depart\"},\"wordCount\":356,\"commentCount\":0,\"image\":{\"@id\":\"https:\/\/www.africa-press.net\/cameroun\/politique\/cameroun-paul-biya-recoit-christophe-guilhou-avant-son-depart#primaryimage\"},\"thumbnailUrl\":\"https:\/\/static.africa-press.net\/cameroun\/sites\/57\/2022\/09\/img-63347d4d4a674.jpg\",\"keywords\":[\"Africa Press\",\"Africa Press-Cameroun\",\"Cameroun\"],\"articleSection\":[\"Politique\",\"Toutes les actualit\u00e9s\"],\"inLanguage\":\"fr-FR\",\"potentialAction\":[{\"@type\":\"CommentAction\",\"name\":\"Comment\",\"target\":[\"https:\/\/www.africa-press.net\/cameroun\/politique\/cameroun-paul-biya-recoit-christophe-guilhou-avant-son-depart#respond\"]}]},{\"@type\":\"WebPage\",\"@id\":\"https:\/\/www.africa-press.net\/cameroun\/politique\/cameroun-paul-biya-recoit-christophe-guilhou-avant-son-depart\",\"url\":\"https:\/\/www.africa-press.net\/cameroun\/politique\/cameroun-paul-biya-recoit-christophe-guilhou-avant-son-depart\",\"name\":\"Cameroun : Paul Biya re\u00e7oit Christophe Guilhou avant son d\u00e9part - Cameroun\",\"isPartOf\":{\"@id\":\"https:\/\/www.africa-press.net\/cameroun\/#website\"},\"primaryImageOfPage\":{\"@id\":\"https:\/\/www.africa-press.net\/cameroun\/politique\/cameroun-paul-biya-recoit-christophe-guilhou-avant-son-depart#primaryimage\"},\"image\":{\"@id\":\"https:\/\/www.africa-press.net\/cameroun\/politique\/cameroun-paul-biya-recoit-christophe-guilhou-avant-son-depart#primaryimage\"},\"thumbnailUrl\":\"https:\/\/static.africa-press.net\/cameroun\/sites\/57\/2022\/09\/img-63347d4d4a674.jpg\",\"datePublished\":\"2022-09-28T15:14:01+00:00\",\"dateModified\":\"2022-09-28T16:59:15+00:00\",\"author\":{\"@id\":\"https:\/\/www.africa-press.net\/cameroun\/#\/schema\/person\/2b1cf3cd81a31e3cd26889ca66d677f1\"},\"description\":\"Le pre\u0301sident de la Re\u0301publique a rec\u0327u en audience le 27 septembre 2022 l\u2019ambassadeur de France arrive\u0301 en fin de mi ...\",\"breadcrumb\":{\"@id\":\"https:\/\/www.africa-press.net\/cameroun\/politique\/cameroun-paul-biya-recoit-christophe-guilhou-avant-son-depart#breadcrumb\"},\"inLanguage\":\"fr-FR\",\"potentialAction\":[{\"@type\":\"ReadAction\",\"target\":[\"https:\/\/www.africa-press.net\/cameroun\/politique\/cameroun-paul-biya-recoit-christophe-guilhou-avant-son-depart\"]}]},{\"@type\":\"ImageObject\",\"inLanguage\":\"fr-FR\",\"@id\":\"https:\/\/www.africa-press.net\/cameroun\/politique\/cameroun-paul-biya-recoit-christophe-guilhou-avant-son-depart#primaryimage\",\"url\":\"https:\/\/static.africa-press.net\/cameroun\/sites\/57\/2022\/09\/img-63347d4d4a674.jpg\",\"contentUrl\":\"https:\/\/static.africa-press.net\/cameroun\/sites\/57\/2022\/09\/img-63347d4d4a674.jpg\",\"width\":750,\"height\":462,\"caption\":\"Cameroun : Paul Biya re\u00e7oit Christophe Guilhou avant son d\u00e9part\"},{\"@type\":\"BreadcrumbList\",\"@id\":\"https:\/\/www.africa-press.net\/cameroun\/politique\/cameroun-paul-biya-recoit-christophe-guilhou-avant-son-depart#breadcrumb\",\"itemListElement\":[{\"@type\":\"ListItem\",\"position\":1,\"name\":\"Accueil\",\"item\":\"https:\/\/www.africa-press.net\/cameroun\/\"},{\"@type\":\"ListItem\",\"position\":2,\"name\":\"Cameroun : Paul Biya re\u00e7oit Christophe Guilhou avant son d\u00e9part\"}]},{\"@type\":\"WebSite\",\"@id\":\"https:\/\/www.africa-press.net\/cameroun\/#website\",\"url\":\"https:\/\/www.africa-press.net\/cameroun\/\",\"name\":\"Cameroun\",\"description\":\"Just another Africa News Agency Sites site\",\"potentialAction\":[{\"@type\":\"SearchAction\",\"target\":{\"@type\":\"EntryPoint\",\"urlTemplate\":\"https:\/\/www.africa-press.net\/cameroun\/?s={search_term_string}\"},\"query-input\":{\"@type\":\"PropertyValueSpecification\",\"valueRequired\":true,\"valueName\":\"search_term_string\"}}],\"inLanguage\":\"fr-FR\"},{\"@type\":\"Person\",\"@id\":\"https:\/\/www.africa-press.net\/cameroun\/#\/schema\/person\/2b1cf3cd81a31e3cd26889ca66d677f1\",\"name\":\"cfeditorfr\"}]}<\/script>\n<!-- \/ Yoast SEO Premium plugin. -->","yoast_head_json":{"title":"Cameroun : Paul Biya re\u00e7oit Christophe Guilhou avant son d\u00e9part - Cameroun","description":"Le pre\u0301sident de la Re\u0301publique a rec\u0327u en audience le 27 septembre 2022 l\u2019ambassadeur de France arrive\u0301 en fin de mi ...","robots":{"index":"index","follow":"follow","max-snippet":"max-snippet:-1","max-image-preview":"max-image-preview:large","max-video-preview":"max-video-preview:-1"},"canonical":"https:\/\/www.africa-press.net\/cameroun\/politique\/cameroun-paul-biya-recoit-christophe-guilhou-avant-son-depart","og_locale":"fr_FR","og_type":"article","og_title":"Cameroun : Paul Biya re\u00e7oit Christophe Guilhou avant son d\u00e9part","og_description":"Le pre\u0301sident de la Re\u0301publique a rec\u0327u en audience le 27 septembre 2022 l\u2019ambassadeur de France arrive\u0301 en fin de mi ...","og_url":"https:\/\/www.africa-press.net\/cameroun\/politique\/cameroun-paul-biya-recoit-christophe-guilhou-avant-son-depart","og_site_name":"Cameroun","article_published_time":"2022-09-28T15:14:01+00:00","article_modified_time":"2022-09-28T16:59:15+00:00","og_image":[{"width":750,"height":462,"url":"https:\/\/static.africa-press.net\/cameroun\/sites\/57\/2022\/09\/img-63347d4d4a674.jpg","type":"image\/jpeg"}],"author":"cfeditorfr","twitter_card":"summary_large_image","twitter_misc":{"\u00c9crit par":"cfeditorfr","Dur\u00e9e de lecture estim\u00e9e":"2 minutes"},"schema":{"@context":"https:\/\/schema.org","@graph":[{"@type":"Article","@id":"https:\/\/www.africa-press.net\/cameroun\/politique\/cameroun-paul-biya-recoit-christophe-guilhou-avant-son-depart#article","isPartOf":{"@id":"https:\/\/www.africa-press.net\/cameroun\/politique\/cameroun-paul-biya-recoit-christophe-guilhou-avant-son-depart"},"author":{"name":"cfeditorfr","@id":"https:\/\/www.africa-press.net\/cameroun\/#\/schema\/person\/2b1cf3cd81a31e3cd26889ca66d677f1"},"headline":"Cameroun : Paul Biya re\u00e7oit Christophe Guilhou avant son d\u00e9part","datePublished":"2022-09-28T15:14:01+00:00","dateModified":"2022-09-28T16:59:15+00:00","mainEntityOfPage":{"@id":"https:\/\/www.africa-press.net\/cameroun\/politique\/cameroun-paul-biya-recoit-christophe-guilhou-avant-son-depart"},"wordCount":356,"commentCount":0,"image":{"@id":"https:\/\/www.africa-press.net\/cameroun\/politique\/cameroun-paul-biya-recoit-christophe-guilhou-avant-son-depart#primaryimage"},"thumbnailUrl":"https:\/\/static.africa-press.net\/cameroun\/sites\/57\/2022\/09\/img-63347d4d4a674.jpg","keywords":["Africa Press","Africa Press-Cameroun","Cameroun"],"articleSection":["Politique","Toutes les actualit\u00e9s"],"inLanguage":"fr-FR","potentialAction":[{"@type":"CommentAction","name":"Comment","target":["https:\/\/www.africa-press.net\/cameroun\/politique\/cameroun-paul-biya-recoit-christophe-guilhou-avant-son-depart#respond"]}]},{"@type":"WebPage","@id":"https:\/\/www.africa-press.net\/cameroun\/politique\/cameroun-paul-biya-recoit-christophe-guilhou-avant-son-depart","url":"https:\/\/www.africa-press.net\/cameroun\/politique\/cameroun-paul-biya-recoit-christophe-guilhou-avant-son-depart","name":"Cameroun : Paul Biya re\u00e7oit Christophe Guilhou avant son d\u00e9part - Cameroun","isPartOf":{"@id":"https:\/\/www.africa-press.net\/cameroun\/#website"},"primaryImageOfPage":{"@id":"https:\/\/www.africa-press.net\/cameroun\/politique\/cameroun-paul-biya-recoit-christophe-guilhou-avant-son-depart#primaryimage"},"image":{"@id":"https:\/\/www.africa-press.net\/cameroun\/politique\/cameroun-paul-biya-recoit-christophe-guilhou-avant-son-depart#primaryimage"},"thumbnailUrl":"https:\/\/static.africa-press.net\/cameroun\/sites\/57\/2022\/09\/img-63347d4d4a674.jpg","datePublished":"2022-09-28T15:14:01+00:00","dateModified":"2022-09-28T16:59:15+00:00","author":{"@id":"https:\/\/www.africa-press.net\/cameroun\/#\/schema\/person\/2b1cf3cd81a31e3cd26889ca66d677f1"},"description":"Le pre\u0301sident de la Re\u0301publique a rec\u0327u en audience le 27 septembre 2022 l\u2019ambassadeur de France arrive\u0301 en fin de mi ...","breadcrumb":{"@id":"https:\/\/www.africa-press.net\/cameroun\/politique\/cameroun-paul-biya-recoit-christophe-guilhou-avant-son-depart#breadcrumb"},"inLanguage":"fr-FR","potentialAction":[{"@type":"ReadAction","target":["https:\/\/www.africa-press.net\/cameroun\/politique\/cameroun-paul-biya-recoit-christophe-guilhou-avant-son-depart"]}]},{"@type":"ImageObject","inLanguage":"fr-FR","@id":"https:\/\/www.africa-press.net\/cameroun\/politique\/cameroun-paul-biya-recoit-christophe-guilhou-avant-son-depart#primaryimage","url":"https:\/\/static.africa-press.net\/cameroun\/sites\/57\/2022\/09\/img-63347d4d4a674.jpg","contentUrl":"https:\/\/static.africa-press.net\/cameroun\/sites\/57\/2022\/09\/img-63347d4d4a674.jpg","width":750,"height":462,"caption":"Cameroun : Paul Biya re\u00e7oit Christophe Guilhou avant son d\u00e9part"},{"@type":"BreadcrumbList","@id":"https:\/\/www.africa-press.net\/cameroun\/politique\/cameroun-paul-biya-recoit-christophe-guilhou-avant-son-depart#breadcrumb","itemListElement":[{"@type":"ListItem","position":1,"name":"Accueil","item":"https:\/\/www.africa-press.net\/cameroun\/"},{"@type":"ListItem","position":2,"name":"Cameroun : Paul Biya re\u00e7oit Christophe Guilhou avant son d\u00e9part"}]},{"@type":"WebSite","@id":"https:\/\/www.africa-press.net\/cameroun\/#website","url":"https:\/\/www.africa-press.net\/cameroun\/","name":"Cameroun","description":"Just another Africa News Agency Sites site","potentialAction":[{"@type":"SearchAction","target":{"@type":"EntryPoint","urlTemplate":"https:\/\/www.africa-press.net\/cameroun\/?s={search_term_string}"},"query-input":{"@type":"PropertyValueSpecification","valueRequired":true,"valueName":"search_term_string"}}],"inLanguage":"fr-FR"},{"@type":"Person","@id":"https:\/\/www.africa-press.net\/cameroun\/#\/schema\/person\/2b1cf3cd81a31e3cd26889ca66d677f1","name":"cfeditorfr"}]}},"_links":{"self":[{"href":"https:\/\/www.africa-press.net\/cameroun\/wp-json\/wp\/v2\/posts\/28290","targetHints":{"allow":["GET"]}}],"collection":[{"href":"https:\/\/www.africa-press.net\/cameroun\/wp-json\/wp\/v2\/posts"}],"about":[{"href":"https:\/\/www.africa-press.net\/cameroun\/wp-json\/wp\/v2\/types\/post"}],"author":[{"embeddable":true,"href":"https:\/\/www.africa-press.net\/cameroun\/wp-json\/wp\/v2\/users\/82"}],"replies":[{"embeddable":true,"href":"https:\/\/www.africa-press.net\/cameroun\/wp-json\/wp\/v2\/comments?post=28290"}],"version-history":[{"count":0,"href":"https:\/\/www.africa-press.net\/cameroun\/wp-json\/wp\/v2\/posts\/28290\/revisions"}],"wp:featuredmedia":[{"embeddable":true,"href":"https:\/\/www.africa-press.net\/cameroun\/wp-json\/wp\/v2\/media\/28289"}],"wp:attachment":[{"href":"https:\/\/www.africa-press.net\/cameroun\/wp-json\/wp\/v2\/media?parent=28290"}],"wp:term":[{"taxonomy":"category","embeddable":true,"href":"https:\/\/www.africa-press.net\/cameroun\/wp-json\/wp\/v2\/categories?post=28290"},{"taxonomy":"post_tag","embeddable":true,"href":"https:\/\/www.africa-press.net\/cameroun\/wp-json\/wp\/v2\/tags?post=28290"}],"curies":[{"name":"wp","href":"https:\/\/api.w.org\/{rel}","templated":true}]}}