{"id":28293,"date":"2022-09-28T15:19:32","date_gmt":"2022-09-28T15:19:32","guid":{"rendered":"https:\/\/www.africa-press.net\/cameroun\/politique\/cameroun-voici-les-nominations-au-ministere-de-la-defense"},"modified":"2022-09-28T16:59:46","modified_gmt":"2022-09-28T16:59:46","slug":"cameroun-voici-les-nominations-au-ministere-de-la-defense","status":"publish","type":"post","link":"https:\/\/www.africa-press.net\/cameroun\/politique\/cameroun-voici-les-nominations-au-ministere-de-la-defense","title":{"rendered":"Cameroun : voici les nominations au  minist\u00e8re de la D\u00e9fense"},"content":{"rendered":"<p><span style=\"color: #ff6600\"><strong>Africa-Press &#8211; Cameroun. <\/strong><\/span><b>Le pre\u0301sident de la Re\u0301publique Paul Biya a proce\u0301de\u0301 aux nominations au sein des administrations centrales du ministe\u0300re de la De\u0301fense ce mercredi 28 septembre 2022.<\/b><\/p>\n<p>Ces nominations sont contenues dans trois de\u0301crets lus au poste national de la Crtv, journal de 17h ce 28 septembre 2022. Sont concerne\u0301s, les administrations centrales du Mindef, les services militaires du Cameroun a\u0300 l\u2019e\u0301tranger et les assesseurs au sein des tribunaux militaires du Cameroun.<\/p>\n<p>NOMINATIONS MINDEF 1<\/p>\n<p>NOMINATIONS MINDEF ETRANGER<\/p>\n<p>Nomination des Assesseurs des tribunaux militaires<\/p>\n<p><strong>Pour plus d&rsquo;informations et d&rsquo;analyses sur la <a href=\"https:\/\/www.africa-press.net\/cameroun\">Cameroun<\/a>, suivez <a href=\"https:\/\/www.africa-press.net\/\">Africa-Press<\/a><\/strong><\/p>\n","protected":false},"excerpt":{"rendered":"<p>Africa-Press &#8211; Cameroun. Le pre\u0301sident de la Re\u0301publique Paul Biya a proce\u0301de\u0301 aux nominations au sein des administrations centrales du ministe\u0300re de la De\u0301fense ce mercredi 28 septembre 2022. Ces nominations sont contenues dans trois de\u0301crets lus au poste national de la Crtv, journal de 17h ce 28 septembre 2022. Sont concerne\u0301s, les administrations centrales [&hellip;]<\/p>\n","protected":false},"author":82,"featured_media":28292,"comment_status":"open","ping_status":"closed","sticky":false,"template":"","format":"standard","meta":{"footnotes":""},"categories":[2,10],"tags":[36,50,49],"class_list":["post-28293","post","type-post","status-publish","format-standard","has-post-thumbnail","hentry","category-politique","category-toutes-les-actualites","tag-africa-press","tag-africa-press-cameroun","tag-cameroun"],"yoast_head":"<!-- This site is optimized with the Yoast SEO Premium plugin v26.1 (Yoast SEO v27.0) - https:\/\/yoast.com\/product\/yoast-seo-premium-wordpress\/ -->\n<title>Cameroun : voici les nominations au minist\u00e8re de la D\u00e9fense - Cameroun<\/title>\n<meta name=\"description\" content=\"Le pre\u0301sident de la Re\u0301publique Paul Biya a proce\u0301de\u0301 aux nominations au sein des administrations centrales du minist ...\" \/>\n<meta name=\"robots\" content=\"index, follow, max-snippet:-1, max-image-preview:large, max-video-preview:-1\" \/>\n<link rel=\"canonical\" href=\"https:\/\/www.africa-press.net\/cameroun\/politique\/cameroun-voici-les-nominations-au-ministere-de-la-defense\" \/>\n<meta property=\"og:locale\" content=\"fr_FR\" \/>\n<meta property=\"og:type\" content=\"article\" \/>\n<meta property=\"og:title\" content=\"Cameroun : voici les nominations au minist\u00e8re de la D\u00e9fense\" \/>\n<meta property=\"og:description\" content=\"Le pre\u0301sident de la Re\u0301publique Paul Biya a proce\u0301de\u0301 aux nominations au sein des administrations centrales du minist ...\" \/>\n<meta property=\"og:url\" content=\"https:\/\/www.africa-press.net\/cameroun\/politique\/cameroun-voici-les-nominations-au-ministere-de-la-defense\" \/>\n<meta property=\"og:site_name\" content=\"Cameroun\" \/>\n<meta property=\"article:published_time\" content=\"2022-09-28T15:19:32+00:00\" \/>\n<meta property=\"article:modified_time\" content=\"2022-09-28T16:59:46+00:00\" \/>\n<meta property=\"og:image\" content=\"https:\/\/static.africa-press.net\/cameroun\/sites\/57\/2022\/09\/img-63347d6b679b4.jpg\" \/>\n\t<meta property=\"og:image:width\" content=\"770\" \/>\n\t<meta property=\"og:image:height\" content=\"440\" \/>\n\t<meta property=\"og:image:type\" content=\"image\/jpeg\" \/>\n<meta name=\"author\" content=\"cfeditorfr\" \/>\n<meta name=\"twitter:card\" content=\"summary_large_image\" \/>\n<meta name=\"twitter:label1\" content=\"\u00c9crit par\" \/>\n\t<meta name=\"twitter:data1\" content=\"cfeditorfr\" \/>\n\t<meta name=\"twitter:label2\" content=\"Dur\u00e9e de lecture estim\u00e9e\" \/>\n\t<meta name=\"twitter:data2\" content=\"1 minute\" \/>\n<script type=\"application\/ld+json\" class=\"yoast-schema-graph\">{\"@context\":\"https:\/\/schema.org\",\"@graph\":[{\"@type\":\"Article\",\"@id\":\"https:\/\/www.africa-press.net\/cameroun\/politique\/cameroun-voici-les-nominations-au-ministere-de-la-defense#article\",\"isPartOf\":{\"@id\":\"https:\/\/www.africa-press.net\/cameroun\/politique\/cameroun-voici-les-nominations-au-ministere-de-la-defense\"},\"author\":{\"name\":\"cfeditorfr\",\"@id\":\"https:\/\/www.africa-press.net\/cameroun\/#\/schema\/person\/2b1cf3cd81a31e3cd26889ca66d677f1\"},\"headline\":\"Cameroun : voici les nominations au minist\u00e8re de la D\u00e9fense\",\"datePublished\":\"2022-09-28T15:19:32+00:00\",\"dateModified\":\"2022-09-28T16:59:46+00:00\",\"mainEntityOfPage\":{\"@id\":\"https:\/\/www.africa-press.net\/cameroun\/politique\/cameroun-voici-les-nominations-au-ministere-de-la-defense\"},\"wordCount\":113,\"commentCount\":0,\"image\":{\"@id\":\"https:\/\/www.africa-press.net\/cameroun\/politique\/cameroun-voici-les-nominations-au-ministere-de-la-defense#primaryimage\"},\"thumbnailUrl\":\"https:\/\/static.africa-press.net\/cameroun\/sites\/57\/2022\/09\/img-63347d6b679b4.jpg\",\"keywords\":[\"Africa Press\",\"Africa Press-Cameroun\",\"Cameroun\"],\"articleSection\":[\"Politique\",\"Toutes les actualit\u00e9s\"],\"inLanguage\":\"fr-FR\",\"potentialAction\":[{\"@type\":\"CommentAction\",\"name\":\"Comment\",\"target\":[\"https:\/\/www.africa-press.net\/cameroun\/politique\/cameroun-voici-les-nominations-au-ministere-de-la-defense#respond\"]}]},{\"@type\":\"WebPage\",\"@id\":\"https:\/\/www.africa-press.net\/cameroun\/politique\/cameroun-voici-les-nominations-au-ministere-de-la-defense\",\"url\":\"https:\/\/www.africa-press.net\/cameroun\/politique\/cameroun-voici-les-nominations-au-ministere-de-la-defense\",\"name\":\"Cameroun : voici les nominations au minist\u00e8re de la D\u00e9fense - Cameroun\",\"isPartOf\":{\"@id\":\"https:\/\/www.africa-press.net\/cameroun\/#website\"},\"primaryImageOfPage\":{\"@id\":\"https:\/\/www.africa-press.net\/cameroun\/politique\/cameroun-voici-les-nominations-au-ministere-de-la-defense#primaryimage\"},\"image\":{\"@id\":\"https:\/\/www.africa-press.net\/cameroun\/politique\/cameroun-voici-les-nominations-au-ministere-de-la-defense#primaryimage\"},\"thumbnailUrl\":\"https:\/\/static.africa-press.net\/cameroun\/sites\/57\/2022\/09\/img-63347d6b679b4.jpg\",\"datePublished\":\"2022-09-28T15:19:32+00:00\",\"dateModified\":\"2022-09-28T16:59:46+00:00\",\"author\":{\"@id\":\"https:\/\/www.africa-press.net\/cameroun\/#\/schema\/person\/2b1cf3cd81a31e3cd26889ca66d677f1\"},\"description\":\"Le pre\u0301sident de la Re\u0301publique Paul Biya a proce\u0301de\u0301 aux nominations au sein des administrations centrales du minist ...\",\"breadcrumb\":{\"@id\":\"https:\/\/www.africa-press.net\/cameroun\/politique\/cameroun-voici-les-nominations-au-ministere-de-la-defense#breadcrumb\"},\"inLanguage\":\"fr-FR\",\"potentialAction\":[{\"@type\":\"ReadAction\",\"target\":[\"https:\/\/www.africa-press.net\/cameroun\/politique\/cameroun-voici-les-nominations-au-ministere-de-la-defense\"]}]},{\"@type\":\"ImageObject\",\"inLanguage\":\"fr-FR\",\"@id\":\"https:\/\/www.africa-press.net\/cameroun\/politique\/cameroun-voici-les-nominations-au-ministere-de-la-defense#primaryimage\",\"url\":\"https:\/\/static.africa-press.net\/cameroun\/sites\/57\/2022\/09\/img-63347d6b679b4.jpg\",\"contentUrl\":\"https:\/\/static.africa-press.net\/cameroun\/sites\/57\/2022\/09\/img-63347d6b679b4.jpg\",\"width\":770,\"height\":440,\"caption\":\"Cameroun : voici les nominations au minist\u00e8re de la D\u00e9fense\"},{\"@type\":\"BreadcrumbList\",\"@id\":\"https:\/\/www.africa-press.net\/cameroun\/politique\/cameroun-voici-les-nominations-au-ministere-de-la-defense#breadcrumb\",\"itemListElement\":[{\"@type\":\"ListItem\",\"position\":1,\"name\":\"Accueil\",\"item\":\"https:\/\/www.africa-press.net\/cameroun\/\"},{\"@type\":\"ListItem\",\"position\":2,\"name\":\"Cameroun : voici les nominations au minist\u00e8re de la D\u00e9fense\"}]},{\"@type\":\"WebSite\",\"@id\":\"https:\/\/www.africa-press.net\/cameroun\/#website\",\"url\":\"https:\/\/www.africa-press.net\/cameroun\/\",\"name\":\"Cameroun\",\"description\":\"Just another Africa News Agency Sites site\",\"potentialAction\":[{\"@type\":\"SearchAction\",\"target\":{\"@type\":\"EntryPoint\",\"urlTemplate\":\"https:\/\/www.africa-press.net\/cameroun\/?s={search_term_string}\"},\"query-input\":{\"@type\":\"PropertyValueSpecification\",\"valueRequired\":true,\"valueName\":\"search_term_string\"}}],\"inLanguage\":\"fr-FR\"},{\"@type\":\"Person\",\"@id\":\"https:\/\/www.africa-press.net\/cameroun\/#\/schema\/person\/2b1cf3cd81a31e3cd26889ca66d677f1\",\"name\":\"cfeditorfr\"}]}<\/script>\n<!-- \/ Yoast SEO Premium plugin. -->","yoast_head_json":{"title":"Cameroun : voici les nominations au minist\u00e8re de la D\u00e9fense - Cameroun","description":"Le pre\u0301sident de la Re\u0301publique Paul Biya a proce\u0301de\u0301 aux nominations au sein des administrations centrales du minist ...","robots":{"index":"index","follow":"follow","max-snippet":"max-snippet:-1","max-image-preview":"max-image-preview:large","max-video-preview":"max-video-preview:-1"},"canonical":"https:\/\/www.africa-press.net\/cameroun\/politique\/cameroun-voici-les-nominations-au-ministere-de-la-defense","og_locale":"fr_FR","og_type":"article","og_title":"Cameroun : voici les nominations au minist\u00e8re de la D\u00e9fense","og_description":"Le pre\u0301sident de la Re\u0301publique Paul Biya a proce\u0301de\u0301 aux nominations au sein des administrations centrales du minist ...","og_url":"https:\/\/www.africa-press.net\/cameroun\/politique\/cameroun-voici-les-nominations-au-ministere-de-la-defense","og_site_name":"Cameroun","article_published_time":"2022-09-28T15:19:32+00:00","article_modified_time":"2022-09-28T16:59:46+00:00","og_image":[{"width":770,"height":440,"url":"https:\/\/static.africa-press.net\/cameroun\/sites\/57\/2022\/09\/img-63347d6b679b4.jpg","type":"image\/jpeg"}],"author":"cfeditorfr","twitter_card":"summary_large_image","twitter_misc":{"\u00c9crit par":"cfeditorfr","Dur\u00e9e de lecture estim\u00e9e":"1 minute"},"schema":{"@context":"https:\/\/schema.org","@graph":[{"@type":"Article","@id":"https:\/\/www.africa-press.net\/cameroun\/politique\/cameroun-voici-les-nominations-au-ministere-de-la-defense#article","isPartOf":{"@id":"https:\/\/www.africa-press.net\/cameroun\/politique\/cameroun-voici-les-nominations-au-ministere-de-la-defense"},"author":{"name":"cfeditorfr","@id":"https:\/\/www.africa-press.net\/cameroun\/#\/schema\/person\/2b1cf3cd81a31e3cd26889ca66d677f1"},"headline":"Cameroun : voici les nominations au minist\u00e8re de la D\u00e9fense","datePublished":"2022-09-28T15:19:32+00:00","dateModified":"2022-09-28T16:59:46+00:00","mainEntityOfPage":{"@id":"https:\/\/www.africa-press.net\/cameroun\/politique\/cameroun-voici-les-nominations-au-ministere-de-la-defense"},"wordCount":113,"commentCount":0,"image":{"@id":"https:\/\/www.africa-press.net\/cameroun\/politique\/cameroun-voici-les-nominations-au-ministere-de-la-defense#primaryimage"},"thumbnailUrl":"https:\/\/static.africa-press.net\/cameroun\/sites\/57\/2022\/09\/img-63347d6b679b4.jpg","keywords":["Africa Press","Africa Press-Cameroun","Cameroun"],"articleSection":["Politique","Toutes les actualit\u00e9s"],"inLanguage":"fr-FR","potentialAction":[{"@type":"CommentAction","name":"Comment","target":["https:\/\/www.africa-press.net\/cameroun\/politique\/cameroun-voici-les-nominations-au-ministere-de-la-defense#respond"]}]},{"@type":"WebPage","@id":"https:\/\/www.africa-press.net\/cameroun\/politique\/cameroun-voici-les-nominations-au-ministere-de-la-defense","url":"https:\/\/www.africa-press.net\/cameroun\/politique\/cameroun-voici-les-nominations-au-ministere-de-la-defense","name":"Cameroun : voici les nominations au minist\u00e8re de la D\u00e9fense - Cameroun","isPartOf":{"@id":"https:\/\/www.africa-press.net\/cameroun\/#website"},"primaryImageOfPage":{"@id":"https:\/\/www.africa-press.net\/cameroun\/politique\/cameroun-voici-les-nominations-au-ministere-de-la-defense#primaryimage"},"image":{"@id":"https:\/\/www.africa-press.net\/cameroun\/politique\/cameroun-voici-les-nominations-au-ministere-de-la-defense#primaryimage"},"thumbnailUrl":"https:\/\/static.africa-press.net\/cameroun\/sites\/57\/2022\/09\/img-63347d6b679b4.jpg","datePublished":"2022-09-28T15:19:32+00:00","dateModified":"2022-09-28T16:59:46+00:00","author":{"@id":"https:\/\/www.africa-press.net\/cameroun\/#\/schema\/person\/2b1cf3cd81a31e3cd26889ca66d677f1"},"description":"Le pre\u0301sident de la Re\u0301publique Paul Biya a proce\u0301de\u0301 aux nominations au sein des administrations centrales du minist ...","breadcrumb":{"@id":"https:\/\/www.africa-press.net\/cameroun\/politique\/cameroun-voici-les-nominations-au-ministere-de-la-defense#breadcrumb"},"inLanguage":"fr-FR","potentialAction":[{"@type":"ReadAction","target":["https:\/\/www.africa-press.net\/cameroun\/politique\/cameroun-voici-les-nominations-au-ministere-de-la-defense"]}]},{"@type":"ImageObject","inLanguage":"fr-FR","@id":"https:\/\/www.africa-press.net\/cameroun\/politique\/cameroun-voici-les-nominations-au-ministere-de-la-defense#primaryimage","url":"https:\/\/static.africa-press.net\/cameroun\/sites\/57\/2022\/09\/img-63347d6b679b4.jpg","contentUrl":"https:\/\/static.africa-press.net\/cameroun\/sites\/57\/2022\/09\/img-63347d6b679b4.jpg","width":770,"height":440,"caption":"Cameroun : voici les nominations au minist\u00e8re de la D\u00e9fense"},{"@type":"BreadcrumbList","@id":"https:\/\/www.africa-press.net\/cameroun\/politique\/cameroun-voici-les-nominations-au-ministere-de-la-defense#breadcrumb","itemListElement":[{"@type":"ListItem","position":1,"name":"Accueil","item":"https:\/\/www.africa-press.net\/cameroun\/"},{"@type":"ListItem","position":2,"name":"Cameroun : voici les nominations au minist\u00e8re de la D\u00e9fense"}]},{"@type":"WebSite","@id":"https:\/\/www.africa-press.net\/cameroun\/#website","url":"https:\/\/www.africa-press.net\/cameroun\/","name":"Cameroun","description":"Just another Africa News Agency Sites site","potentialAction":[{"@type":"SearchAction","target":{"@type":"EntryPoint","urlTemplate":"https:\/\/www.africa-press.net\/cameroun\/?s={search_term_string}"},"query-input":{"@type":"PropertyValueSpecification","valueRequired":true,"valueName":"search_term_string"}}],"inLanguage":"fr-FR"},{"@type":"Person","@id":"https:\/\/www.africa-press.net\/cameroun\/#\/schema\/person\/2b1cf3cd81a31e3cd26889ca66d677f1","name":"cfeditorfr"}]}},"_links":{"self":[{"href":"https:\/\/www.africa-press.net\/cameroun\/wp-json\/wp\/v2\/posts\/28293","targetHints":{"allow":["GET"]}}],"collection":[{"href":"https:\/\/www.africa-press.net\/cameroun\/wp-json\/wp\/v2\/posts"}],"about":[{"href":"https:\/\/www.africa-press.net\/cameroun\/wp-json\/wp\/v2\/types\/post"}],"author":[{"embeddable":true,"href":"https:\/\/www.africa-press.net\/cameroun\/wp-json\/wp\/v2\/users\/82"}],"replies":[{"embeddable":true,"href":"https:\/\/www.africa-press.net\/cameroun\/wp-json\/wp\/v2\/comments?post=28293"}],"version-history":[{"count":0,"href":"https:\/\/www.africa-press.net\/cameroun\/wp-json\/wp\/v2\/posts\/28293\/revisions"}],"wp:featuredmedia":[{"embeddable":true,"href":"https:\/\/www.africa-press.net\/cameroun\/wp-json\/wp\/v2\/media\/28292"}],"wp:attachment":[{"href":"https:\/\/www.africa-press.net\/cameroun\/wp-json\/wp\/v2\/media?parent=28293"}],"wp:term":[{"taxonomy":"category","embeddable":true,"href":"https:\/\/www.africa-press.net\/cameroun\/wp-json\/wp\/v2\/categories?post=28293"},{"taxonomy":"post_tag","embeddable":true,"href":"https:\/\/www.africa-press.net\/cameroun\/wp-json\/wp\/v2\/tags?post=28293"}],"curies":[{"name":"wp","href":"https:\/\/api.w.org\/{rel}","templated":true}]}}