{"id":28299,"date":"2022-09-28T15:33:46","date_gmt":"2022-09-28T15:33:46","guid":{"rendered":"https:\/\/www.africa-press.net\/cameroun\/politique\/cameroun-amadou-ali-est-mort-apres-38-ans-passes-au-gouvernement"},"modified":"2022-09-28T17:01:04","modified_gmt":"2022-09-28T17:01:04","slug":"cameroun-amadou-ali-est-mort-apres-38-ans-passes-au-gouvernement","status":"publish","type":"post","link":"https:\/\/www.africa-press.net\/cameroun\/politique\/cameroun-amadou-ali-est-mort-apres-38-ans-passes-au-gouvernement","title":{"rendered":"Cameroun : Amadou Ali est mort apr\u00e8s 38 ans pass\u00e9s au gouvernement"},"content":{"rendered":"<p><span style=\"color: #ff6600\"><strong>Africa-Press &#8211; Cameroun. <\/strong><\/span><b>Le vice-Premier ministre a rendu son dernier souffle le mardi 27 septembre 2022 en Suisse a\u0300 l\u2019a\u0302ge de 79 ans.<\/b><\/p>\n<p>L\u2019ombre de la mort plane sur le gouvernement camerounais. Trois jours apre\u0300s l\u2019inhumation du ministre de\u0301le\u0301gue\u0301 aupre\u0300s du ministre de l\u2019Agriculture, Cle\u0301mentine Ananga Messina, un autre membre quitte le gouvernement pour l\u2019e\u0301ternite\u0301. Le vice-premier ministre Amadou Ali vient de rendre l\u2019a\u0302me en Suisse. Il y a e\u0301te\u0301 e\u0301vacue\u0301 depuis quelques jours pour des soins de sante\u0301.<\/p>\n<p>Amadou Ali est ne\u0301 en 1943 a\u0300 Kolofata, commune du de\u0301partement du Mayo-Sava re\u0301gion de l\u2019Extre\u0302me-Nord. L\u2019homme politique a servi l\u2019Etat camerounais pendant plusieurs de\u0301cennies. Diplo\u0302me\u0301 de l\u2019Ecole nationale d\u2019administration et de magistrature (Enam) en 1970, puis de l\u2019Institut international d\u2019administration de Paris en 1971, il entame une carrie\u0300re administrative. De 1971 a\u0300 1972, il exerce en qualite\u0301 de premier adjoint pre\u0301fectoral de Ngaounde\u0301re\u0301, actuelle capitale re\u0301gionale de l\u2019Adamaoua.<\/p>\n<p>En 1972, il inte\u0300gre le ministe\u0300re de l\u2019Administration territoriale en qualite\u0301 de directeur de l\u2019organisation du territoire. Au terme de deux ans de service, il est nomme\u0301 secre\u0301taire ge\u0301ne\u0301ral au ministe\u0300re de la Fonction publique. Deux ans plus tard, il est appele\u0301 a\u0300 servir comme de\u0301le\u0301gue\u0301 ge\u0301ne\u0301ral au Tourisme, puis de\u0301le\u0301gue\u0301 ge\u0301ne\u0301ral a\u0300 la gendarmerie nationale. En 1984, l\u2019homme politique fait son entre\u0301e dans le gouvernement. Entre 1985 et 1996, il est secre\u0301taire d\u2019Etat a\u0300 la De\u0301fense charge\u0301 de la gendarmerie. Il cumulera cette fonction de\u0300s 1996 lorsqu\u2019il est nomme\u0301 secre\u0301taire ge\u0301ne\u0301ral de la pre\u0301sidence de la Re\u0301publique.<\/p>\n<p>Entre 1997 et 2001, Amadou Ali est ministre d\u2019Etat de\u0301le\u0301gue\u0301 a\u0300 la pre\u0301sidence charge\u0301 de la De\u0301fense. Puis de 2001 a\u0300 2004, il est ministre d\u2019Etat, ministre de la Justice garde des sceaux. Pendant ces anne\u0301es, il travaille dans le sens de conclure l\u2019affaire opposant le Cameroun au Nigeria sur la pe\u0301ninsule de Bakassi. Mission accomplie avec succe\u0300s au regard des re\u0301sultats aujourd\u2019hui. En 2004, Amadou Ali est nomme\u0301 vice-Premier ministre en e\u0301tant ministre de la Justice. En 2011, il est nomme\u0301 ministre de\u0301le\u0301gue\u0301 a\u0300 la pre\u0301sidence charge\u0301 des relations avec les assemble\u0301es.<\/p>\n<p>Depuis son entre\u0301e dans le gouvernement en 1984, Amadou Ali a travaille\u0301 avec les Premiers ministres Peter Mafany Musonge, Ephrai\u0308m Enoni, Phile\u0301mon Yang. Membre du comite\u0301 central du Rassemblement de\u0301mocratique du peuple camerounais, il est reste\u0301 fide\u0300le au pre\u0301sident du parti, Paul Biya. En 2003 par exemple, alors que la rumeur l\u2019annonc\u0327ait comme candidat a\u0300 la pre\u0301sidentielle de 2004, il fait une sortie pour de\u0301mentir la nouvelle infonde\u0301e. Il re\u0301ite\u0300re alors que Paul Biya a le meilleur profil.<\/p>\n<p><strong>Pour plus d&rsquo;informations et d&rsquo;analyses sur la <a href=\"https:\/\/www.africa-press.net\/cameroun\">Cameroun<\/a>, suivez <a href=\"https:\/\/www.africa-press.net\/\">Africa-Press<\/a><\/strong><\/p>\n","protected":false},"excerpt":{"rendered":"<p>Africa-Press &#8211; Cameroun. Le vice-Premier ministre a rendu son dernier souffle le mardi 27 septembre 2022 en Suisse a\u0300 l\u2019a\u0302ge de 79 ans. L\u2019ombre de la mort plane sur le gouvernement camerounais. Trois jours apre\u0300s l\u2019inhumation du ministre de\u0301le\u0301gue\u0301 aupre\u0300s du ministre de l\u2019Agriculture, Cle\u0301mentine Ananga Messina, un autre membre quitte le gouvernement pour l\u2019e\u0301ternite\u0301. [&hellip;]<\/p>\n","protected":false},"author":82,"featured_media":28298,"comment_status":"open","ping_status":"closed","sticky":false,"template":"","format":"standard","meta":{"footnotes":""},"categories":[2,10],"tags":[36,50,49],"class_list":["post-28299","post","type-post","status-publish","format-standard","has-post-thumbnail","hentry","category-politique","category-toutes-les-actualites","tag-africa-press","tag-africa-press-cameroun","tag-cameroun"],"yoast_head":"<!-- This site is optimized with the Yoast SEO Premium plugin v26.1 (Yoast SEO v27.0) - https:\/\/yoast.com\/product\/yoast-seo-premium-wordpress\/ -->\n<title>Cameroun : Amadou Ali est mort apr\u00e8s 38 ans pass\u00e9s au gouvernement - Cameroun<\/title>\n<meta name=\"description\" content=\"Le vice-Premier ministre a rendu son dernier souffle le mardi 27 septembre 2022 en Suisse a\u0300 l\u2019a\u0302ge de 79 ans. L ...\" \/>\n<meta name=\"robots\" content=\"index, follow, max-snippet:-1, max-image-preview:large, max-video-preview:-1\" \/>\n<link rel=\"canonical\" href=\"https:\/\/www.africa-press.net\/cameroun\/politique\/cameroun-amadou-ali-est-mort-apres-38-ans-passes-au-gouvernement\" \/>\n<meta property=\"og:locale\" content=\"fr_FR\" \/>\n<meta property=\"og:type\" content=\"article\" \/>\n<meta property=\"og:title\" content=\"Cameroun : Amadou Ali est mort apr\u00e8s 38 ans pass\u00e9s au gouvernement\" \/>\n<meta property=\"og:description\" content=\"Le vice-Premier ministre a rendu son dernier souffle le mardi 27 septembre 2022 en Suisse a\u0300 l\u2019a\u0302ge de 79 ans. L ...\" \/>\n<meta property=\"og:url\" content=\"https:\/\/www.africa-press.net\/cameroun\/politique\/cameroun-amadou-ali-est-mort-apres-38-ans-passes-au-gouvernement\" \/>\n<meta property=\"og:site_name\" content=\"Cameroun\" \/>\n<meta property=\"article:published_time\" content=\"2022-09-28T15:33:46+00:00\" \/>\n<meta property=\"article:modified_time\" content=\"2022-09-28T17:01:04+00:00\" \/>\n<meta property=\"og:image\" content=\"https:\/\/static.africa-press.net\/cameroun\/sites\/57\/2022\/09\/img-63347db53d30d.jpg\" \/>\n\t<meta property=\"og:image:width\" content=\"720\" \/>\n\t<meta property=\"og:image:height\" content=\"402\" \/>\n\t<meta property=\"og:image:type\" content=\"image\/jpeg\" \/>\n<meta name=\"author\" content=\"cfeditorfr\" \/>\n<meta name=\"twitter:card\" content=\"summary_large_image\" \/>\n<meta name=\"twitter:label1\" content=\"\u00c9crit par\" \/>\n\t<meta name=\"twitter:data1\" content=\"cfeditorfr\" \/>\n\t<meta name=\"twitter:label2\" content=\"Dur\u00e9e de lecture estim\u00e9e\" \/>\n\t<meta name=\"twitter:data2\" content=\"3 minutes\" \/>\n<script type=\"application\/ld+json\" class=\"yoast-schema-graph\">{\"@context\":\"https:\/\/schema.org\",\"@graph\":[{\"@type\":\"Article\",\"@id\":\"https:\/\/www.africa-press.net\/cameroun\/politique\/cameroun-amadou-ali-est-mort-apres-38-ans-passes-au-gouvernement#article\",\"isPartOf\":{\"@id\":\"https:\/\/www.africa-press.net\/cameroun\/politique\/cameroun-amadou-ali-est-mort-apres-38-ans-passes-au-gouvernement\"},\"author\":{\"name\":\"cfeditorfr\",\"@id\":\"https:\/\/www.africa-press.net\/cameroun\/#\/schema\/person\/2b1cf3cd81a31e3cd26889ca66d677f1\"},\"headline\":\"Cameroun : Amadou Ali est mort apr\u00e8s 38 ans pass\u00e9s au gouvernement\",\"datePublished\":\"2022-09-28T15:33:46+00:00\",\"dateModified\":\"2022-09-28T17:01:04+00:00\",\"mainEntityOfPage\":{\"@id\":\"https:\/\/www.africa-press.net\/cameroun\/politique\/cameroun-amadou-ali-est-mort-apres-38-ans-passes-au-gouvernement\"},\"wordCount\":510,\"commentCount\":0,\"image\":{\"@id\":\"https:\/\/www.africa-press.net\/cameroun\/politique\/cameroun-amadou-ali-est-mort-apres-38-ans-passes-au-gouvernement#primaryimage\"},\"thumbnailUrl\":\"https:\/\/static.africa-press.net\/cameroun\/sites\/57\/2022\/09\/img-63347db53d30d.jpg\",\"keywords\":[\"Africa Press\",\"Africa Press-Cameroun\",\"Cameroun\"],\"articleSection\":[\"Politique\",\"Toutes les actualit\u00e9s\"],\"inLanguage\":\"fr-FR\",\"potentialAction\":[{\"@type\":\"CommentAction\",\"name\":\"Comment\",\"target\":[\"https:\/\/www.africa-press.net\/cameroun\/politique\/cameroun-amadou-ali-est-mort-apres-38-ans-passes-au-gouvernement#respond\"]}]},{\"@type\":\"WebPage\",\"@id\":\"https:\/\/www.africa-press.net\/cameroun\/politique\/cameroun-amadou-ali-est-mort-apres-38-ans-passes-au-gouvernement\",\"url\":\"https:\/\/www.africa-press.net\/cameroun\/politique\/cameroun-amadou-ali-est-mort-apres-38-ans-passes-au-gouvernement\",\"name\":\"Cameroun : Amadou Ali est mort apr\u00e8s 38 ans pass\u00e9s au gouvernement - Cameroun\",\"isPartOf\":{\"@id\":\"https:\/\/www.africa-press.net\/cameroun\/#website\"},\"primaryImageOfPage\":{\"@id\":\"https:\/\/www.africa-press.net\/cameroun\/politique\/cameroun-amadou-ali-est-mort-apres-38-ans-passes-au-gouvernement#primaryimage\"},\"image\":{\"@id\":\"https:\/\/www.africa-press.net\/cameroun\/politique\/cameroun-amadou-ali-est-mort-apres-38-ans-passes-au-gouvernement#primaryimage\"},\"thumbnailUrl\":\"https:\/\/static.africa-press.net\/cameroun\/sites\/57\/2022\/09\/img-63347db53d30d.jpg\",\"datePublished\":\"2022-09-28T15:33:46+00:00\",\"dateModified\":\"2022-09-28T17:01:04+00:00\",\"author\":{\"@id\":\"https:\/\/www.africa-press.net\/cameroun\/#\/schema\/person\/2b1cf3cd81a31e3cd26889ca66d677f1\"},\"description\":\"Le vice-Premier ministre a rendu son dernier souffle le mardi 27 septembre 2022 en Suisse a\u0300 l\u2019a\u0302ge de 79 ans. L ...\",\"breadcrumb\":{\"@id\":\"https:\/\/www.africa-press.net\/cameroun\/politique\/cameroun-amadou-ali-est-mort-apres-38-ans-passes-au-gouvernement#breadcrumb\"},\"inLanguage\":\"fr-FR\",\"potentialAction\":[{\"@type\":\"ReadAction\",\"target\":[\"https:\/\/www.africa-press.net\/cameroun\/politique\/cameroun-amadou-ali-est-mort-apres-38-ans-passes-au-gouvernement\"]}]},{\"@type\":\"ImageObject\",\"inLanguage\":\"fr-FR\",\"@id\":\"https:\/\/www.africa-press.net\/cameroun\/politique\/cameroun-amadou-ali-est-mort-apres-38-ans-passes-au-gouvernement#primaryimage\",\"url\":\"https:\/\/static.africa-press.net\/cameroun\/sites\/57\/2022\/09\/img-63347db53d30d.jpg\",\"contentUrl\":\"https:\/\/static.africa-press.net\/cameroun\/sites\/57\/2022\/09\/img-63347db53d30d.jpg\",\"width\":720,\"height\":402,\"caption\":\"Cameroun : Amadou Ali est mort apr\u00e8s 38 ans pass\u00e9s au gouvernement\"},{\"@type\":\"BreadcrumbList\",\"@id\":\"https:\/\/www.africa-press.net\/cameroun\/politique\/cameroun-amadou-ali-est-mort-apres-38-ans-passes-au-gouvernement#breadcrumb\",\"itemListElement\":[{\"@type\":\"ListItem\",\"position\":1,\"name\":\"Accueil\",\"item\":\"https:\/\/www.africa-press.net\/cameroun\/\"},{\"@type\":\"ListItem\",\"position\":2,\"name\":\"Cameroun : Amadou Ali est mort apr\u00e8s 38 ans pass\u00e9s au gouvernement\"}]},{\"@type\":\"WebSite\",\"@id\":\"https:\/\/www.africa-press.net\/cameroun\/#website\",\"url\":\"https:\/\/www.africa-press.net\/cameroun\/\",\"name\":\"Cameroun\",\"description\":\"Just another Africa News Agency Sites site\",\"potentialAction\":[{\"@type\":\"SearchAction\",\"target\":{\"@type\":\"EntryPoint\",\"urlTemplate\":\"https:\/\/www.africa-press.net\/cameroun\/?s={search_term_string}\"},\"query-input\":{\"@type\":\"PropertyValueSpecification\",\"valueRequired\":true,\"valueName\":\"search_term_string\"}}],\"inLanguage\":\"fr-FR\"},{\"@type\":\"Person\",\"@id\":\"https:\/\/www.africa-press.net\/cameroun\/#\/schema\/person\/2b1cf3cd81a31e3cd26889ca66d677f1\",\"name\":\"cfeditorfr\"}]}<\/script>\n<!-- \/ Yoast SEO Premium plugin. -->","yoast_head_json":{"title":"Cameroun : Amadou Ali est mort apr\u00e8s 38 ans pass\u00e9s au gouvernement - Cameroun","description":"Le vice-Premier ministre a rendu son dernier souffle le mardi 27 septembre 2022 en Suisse a\u0300 l\u2019a\u0302ge de 79 ans. L ...","robots":{"index":"index","follow":"follow","max-snippet":"max-snippet:-1","max-image-preview":"max-image-preview:large","max-video-preview":"max-video-preview:-1"},"canonical":"https:\/\/www.africa-press.net\/cameroun\/politique\/cameroun-amadou-ali-est-mort-apres-38-ans-passes-au-gouvernement","og_locale":"fr_FR","og_type":"article","og_title":"Cameroun : Amadou Ali est mort apr\u00e8s 38 ans pass\u00e9s au gouvernement","og_description":"Le vice-Premier ministre a rendu son dernier souffle le mardi 27 septembre 2022 en Suisse a\u0300 l\u2019a\u0302ge de 79 ans. L ...","og_url":"https:\/\/www.africa-press.net\/cameroun\/politique\/cameroun-amadou-ali-est-mort-apres-38-ans-passes-au-gouvernement","og_site_name":"Cameroun","article_published_time":"2022-09-28T15:33:46+00:00","article_modified_time":"2022-09-28T17:01:04+00:00","og_image":[{"width":720,"height":402,"url":"https:\/\/static.africa-press.net\/cameroun\/sites\/57\/2022\/09\/img-63347db53d30d.jpg","type":"image\/jpeg"}],"author":"cfeditorfr","twitter_card":"summary_large_image","twitter_misc":{"\u00c9crit par":"cfeditorfr","Dur\u00e9e de lecture estim\u00e9e":"3 minutes"},"schema":{"@context":"https:\/\/schema.org","@graph":[{"@type":"Article","@id":"https:\/\/www.africa-press.net\/cameroun\/politique\/cameroun-amadou-ali-est-mort-apres-38-ans-passes-au-gouvernement#article","isPartOf":{"@id":"https:\/\/www.africa-press.net\/cameroun\/politique\/cameroun-amadou-ali-est-mort-apres-38-ans-passes-au-gouvernement"},"author":{"name":"cfeditorfr","@id":"https:\/\/www.africa-press.net\/cameroun\/#\/schema\/person\/2b1cf3cd81a31e3cd26889ca66d677f1"},"headline":"Cameroun : Amadou Ali est mort apr\u00e8s 38 ans pass\u00e9s au gouvernement","datePublished":"2022-09-28T15:33:46+00:00","dateModified":"2022-09-28T17:01:04+00:00","mainEntityOfPage":{"@id":"https:\/\/www.africa-press.net\/cameroun\/politique\/cameroun-amadou-ali-est-mort-apres-38-ans-passes-au-gouvernement"},"wordCount":510,"commentCount":0,"image":{"@id":"https:\/\/www.africa-press.net\/cameroun\/politique\/cameroun-amadou-ali-est-mort-apres-38-ans-passes-au-gouvernement#primaryimage"},"thumbnailUrl":"https:\/\/static.africa-press.net\/cameroun\/sites\/57\/2022\/09\/img-63347db53d30d.jpg","keywords":["Africa Press","Africa Press-Cameroun","Cameroun"],"articleSection":["Politique","Toutes les actualit\u00e9s"],"inLanguage":"fr-FR","potentialAction":[{"@type":"CommentAction","name":"Comment","target":["https:\/\/www.africa-press.net\/cameroun\/politique\/cameroun-amadou-ali-est-mort-apres-38-ans-passes-au-gouvernement#respond"]}]},{"@type":"WebPage","@id":"https:\/\/www.africa-press.net\/cameroun\/politique\/cameroun-amadou-ali-est-mort-apres-38-ans-passes-au-gouvernement","url":"https:\/\/www.africa-press.net\/cameroun\/politique\/cameroun-amadou-ali-est-mort-apres-38-ans-passes-au-gouvernement","name":"Cameroun : Amadou Ali est mort apr\u00e8s 38 ans pass\u00e9s au gouvernement - Cameroun","isPartOf":{"@id":"https:\/\/www.africa-press.net\/cameroun\/#website"},"primaryImageOfPage":{"@id":"https:\/\/www.africa-press.net\/cameroun\/politique\/cameroun-amadou-ali-est-mort-apres-38-ans-passes-au-gouvernement#primaryimage"},"image":{"@id":"https:\/\/www.africa-press.net\/cameroun\/politique\/cameroun-amadou-ali-est-mort-apres-38-ans-passes-au-gouvernement#primaryimage"},"thumbnailUrl":"https:\/\/static.africa-press.net\/cameroun\/sites\/57\/2022\/09\/img-63347db53d30d.jpg","datePublished":"2022-09-28T15:33:46+00:00","dateModified":"2022-09-28T17:01:04+00:00","author":{"@id":"https:\/\/www.africa-press.net\/cameroun\/#\/schema\/person\/2b1cf3cd81a31e3cd26889ca66d677f1"},"description":"Le vice-Premier ministre a rendu son dernier souffle le mardi 27 septembre 2022 en Suisse a\u0300 l\u2019a\u0302ge de 79 ans. L ...","breadcrumb":{"@id":"https:\/\/www.africa-press.net\/cameroun\/politique\/cameroun-amadou-ali-est-mort-apres-38-ans-passes-au-gouvernement#breadcrumb"},"inLanguage":"fr-FR","potentialAction":[{"@type":"ReadAction","target":["https:\/\/www.africa-press.net\/cameroun\/politique\/cameroun-amadou-ali-est-mort-apres-38-ans-passes-au-gouvernement"]}]},{"@type":"ImageObject","inLanguage":"fr-FR","@id":"https:\/\/www.africa-press.net\/cameroun\/politique\/cameroun-amadou-ali-est-mort-apres-38-ans-passes-au-gouvernement#primaryimage","url":"https:\/\/static.africa-press.net\/cameroun\/sites\/57\/2022\/09\/img-63347db53d30d.jpg","contentUrl":"https:\/\/static.africa-press.net\/cameroun\/sites\/57\/2022\/09\/img-63347db53d30d.jpg","width":720,"height":402,"caption":"Cameroun : Amadou Ali est mort apr\u00e8s 38 ans pass\u00e9s au gouvernement"},{"@type":"BreadcrumbList","@id":"https:\/\/www.africa-press.net\/cameroun\/politique\/cameroun-amadou-ali-est-mort-apres-38-ans-passes-au-gouvernement#breadcrumb","itemListElement":[{"@type":"ListItem","position":1,"name":"Accueil","item":"https:\/\/www.africa-press.net\/cameroun\/"},{"@type":"ListItem","position":2,"name":"Cameroun : Amadou Ali est mort apr\u00e8s 38 ans pass\u00e9s au gouvernement"}]},{"@type":"WebSite","@id":"https:\/\/www.africa-press.net\/cameroun\/#website","url":"https:\/\/www.africa-press.net\/cameroun\/","name":"Cameroun","description":"Just another Africa News Agency Sites site","potentialAction":[{"@type":"SearchAction","target":{"@type":"EntryPoint","urlTemplate":"https:\/\/www.africa-press.net\/cameroun\/?s={search_term_string}"},"query-input":{"@type":"PropertyValueSpecification","valueRequired":true,"valueName":"search_term_string"}}],"inLanguage":"fr-FR"},{"@type":"Person","@id":"https:\/\/www.africa-press.net\/cameroun\/#\/schema\/person\/2b1cf3cd81a31e3cd26889ca66d677f1","name":"cfeditorfr"}]}},"_links":{"self":[{"href":"https:\/\/www.africa-press.net\/cameroun\/wp-json\/wp\/v2\/posts\/28299","targetHints":{"allow":["GET"]}}],"collection":[{"href":"https:\/\/www.africa-press.net\/cameroun\/wp-json\/wp\/v2\/posts"}],"about":[{"href":"https:\/\/www.africa-press.net\/cameroun\/wp-json\/wp\/v2\/types\/post"}],"author":[{"embeddable":true,"href":"https:\/\/www.africa-press.net\/cameroun\/wp-json\/wp\/v2\/users\/82"}],"replies":[{"embeddable":true,"href":"https:\/\/www.africa-press.net\/cameroun\/wp-json\/wp\/v2\/comments?post=28299"}],"version-history":[{"count":0,"href":"https:\/\/www.africa-press.net\/cameroun\/wp-json\/wp\/v2\/posts\/28299\/revisions"}],"wp:featuredmedia":[{"embeddable":true,"href":"https:\/\/www.africa-press.net\/cameroun\/wp-json\/wp\/v2\/media\/28298"}],"wp:attachment":[{"href":"https:\/\/www.africa-press.net\/cameroun\/wp-json\/wp\/v2\/media?parent=28299"}],"wp:term":[{"taxonomy":"category","embeddable":true,"href":"https:\/\/www.africa-press.net\/cameroun\/wp-json\/wp\/v2\/categories?post=28299"},{"taxonomy":"post_tag","embeddable":true,"href":"https:\/\/www.africa-press.net\/cameroun\/wp-json\/wp\/v2\/tags?post=28299"}],"curies":[{"name":"wp","href":"https:\/\/api.w.org\/{rel}","templated":true}]}}