{"id":28325,"date":"2022-09-28T16:53:14","date_gmt":"2022-09-28T16:53:14","guid":{"rendered":"https:\/\/www.africa-press.net\/cameroun\/politique\/cameroun-deces-damadou-ali-ancien-vice-premier-ministre-de-paul-biya-et-pilote-de-loperation-epervier"},"modified":"2022-09-28T17:42:33","modified_gmt":"2022-09-28T17:42:33","slug":"cameroun-deces-damadou-ali-ancien-vice-premier-ministre-de-paul-biya-et-pilote-de-loperation-epervier","status":"publish","type":"post","link":"https:\/\/www.africa-press.net\/cameroun\/politique\/cameroun-deces-damadou-ali-ancien-vice-premier-ministre-de-paul-biya-et-pilote-de-loperation-epervier","title":{"rendered":"Cameroun : d\u00e9c\u00e8s d\u2019Amadou Ali, ancien vice-Premier ministre de Paul Biya et pilote de l\u2019op\u00e9ration \u00c9pervier"},"content":{"rendered":"<p><span style=\"color: #ff6600\"><strong>Africa-Press &#8211; Cameroun. <\/strong><\/span>L\u2019information qui s\u2019est propage\u0301e dans la soire\u0301e de mardi a e\u0301te\u0301 confirme\u0301e a\u0300 Jeune Afrique par des sources familiales. Amadou Ali, ancien ministre et proche collaborateur de Paul Biya, est de\u0301ce\u0301de\u0301 ce 27 septembre a\u0300 Yaounde\u0301, ville qu\u2019il avait regagne\u0301e quelques jours auparavant apre\u0300s un ultime se\u0301jour me\u0301dical en Suisse.<\/p>\n<p>Malade et affaibli depuis de longs mois, Amadou Ali s\u2019e\u0301tait peu a\u0300 peu retire\u0301 de la vie publique. Sa dernie\u0300re apparition devant les came\u0301ras remontait au 15 avril dernier. Il s\u2019e\u0301tait rendu a\u0300 N\u2019Djamena pour transmettre un courrier de Paul Biya au pre\u0301sident du Conseil militaire de transition (CMT), Mahamat Idriss De\u0301by Itno. Ve\u0302tu d\u2019un boubou bleu, canne au poing, ce grand e\u0301chalas ne\u0301 a\u0300 Kolofata, dans l\u2019Extre\u0302me-Nord, avait donne\u0301 sur le perron de la pre\u0301sidence tchadienne sa dernie\u0300re allocution me\u0301diatique, saluant \u00ab l\u2019accession au pouvoir dans la paix \u00bb du fils de feu Idriss De\u0301by Itno.<\/p>\n<p><b>Personnage cle\u0301 de l\u2019entourage de Biya<\/b><\/p>\n<p>Bien qu\u2019ayant quitte\u0301 le gouvernement depuis le 5 janvier 2019, Amadou Ali e\u0301tait reste\u0301 un personnage cle\u0301 de l\u2019entourage du chef de l\u2019E\u0301tat camerounais, qui continuait de le consulter discre\u0300tement. Les deux hommes se connaissaient depuis pre\u0300s de quarante ans et avaient commence\u0301 a\u0300 cheminer ensemble aux premie\u0300res heures de pre\u0301sidence de Paul Biya.<\/p>\n<p>Lorsque ce dernier he\u0301rite du pouvoir apre\u0300s la de\u0301mission d\u2019Ahmadou Ahidjo, en 1982, Amadou Ali est de\u0301le\u0301gue\u0301 ge\u0301ne\u0301ral au Tourisme, un poste aujourd\u2019hui disparu e\u0301quivalent a\u0300 celui de secre\u0301taire d\u2019E\u0301tat. Un an apre\u0300s sa prise de fonction, Paul Biya le mute a\u0300 la de\u0301le\u0301gation ge\u0301ne\u0301rale de la gendarmerie, une premie\u0300re pour un diplo\u0302me\u0301 de l\u2019E\u0301cole nationale d\u2019administration et de magistrature (Enam).<\/p>\n<p>Cela n\u2019empe\u0302che pas de nombreux gendarmes d\u2019e\u0302tre me\u0302le\u0301s a\u0300 la tentative de coup d\u2019E\u0301tat qui survient le 6 avril 1984. L\u2019e\u0301ve\u0300nement va d\u2019ailleurs modifier la trajectoire politique d\u2019Amadou Ali. Membre de l\u2019ethnie kanouri, il e\u0301chappe au vent de suspicion qui s\u2019empare de la capitale et qui vise les ressortissants du grand Nord en ge\u0301ne\u0301ral et les Peuls en particulier. Le 24 aou\u0302t 1985, la direction ge\u0301ne\u0301rale est transforme\u0301e en secre\u0301tariat d\u2019E\u0301tat : Amadou Ali fait son entre\u0301e au gouvernement.<\/p>\n<p>Il y restera pendant trente-quatre ans sans interruption \u2013 un record de longe\u0301vite\u0301. Il collectionnera postes et maroquins, e\u0301tant tour a\u0300 tour ministre d\u2019E\u0301tat, secre\u0301taire ge\u0301ne\u0301ral a\u0300 la pre\u0301sidence, ministre d\u2019E\u0301tat charge\u0301 de la De\u0301fense, garde des Sceaux et vice-Premier ministre&#8230; Des anne\u0301es durant lesquelles il aura eu la responsabilite\u0301 des dossiers les plus sensibles.<\/p>\n<p><b>Un des ministres les plus craints<\/b><\/p>\n<p>Mai\u0302tre d\u2019\u0153uvre de l\u2019ope\u0301ration E\u0301pervier, lance\u0301e par Paul Biya en 2008 pour lutter contre les de\u0301tournements de deniers publics, Amadou Ali e\u0301tait l\u2019un des ministres les plus craints. C\u2019est e\u0301galement lui qui e\u0301tait a\u0300 la man\u0153uvre dans le contentieux de Bakassi, et notamment dans le suivi des ne\u0301gociations avec le Nigeria. Son dernier grand dossier fut celui de la lutte contre Boko Haram.<\/p>\n<p>Lorsque le pre\u0301sident Biya de\u0301clare la guerre a\u0300 ce groupe arme\u0301 en mai 2014, alors qu\u2019il se trouve a\u0300 Paris, c\u2019est Amadou Ali qui se tient a\u0300 ses co\u0302te\u0301s, en lieu et place du ministre de la De\u0301fense, reste\u0301 a\u0300 Yaounde\u0301. Il sera implique\u0301 dans plusieurs ope\u0301rations de ne\u0301gociation avec les membres de la secte pour la libe\u0301ration d\u2019otages. Sa propre e\u0301pouse sera me\u0302me kidnappe\u0301e, avant d\u2019e\u0302tre rela\u0302che\u0301e apre\u0300s quatre mois de de\u0301tention.<\/p>\n<p>Administrateur chevronne\u0301, Amadou Ali e\u0301tait e\u0301galement un homme politique et un membre influent du Rassemblement de\u0301mocratique du peuple camerounais (RDPC, au pouvoir) dans l\u2019Extre\u0302me-Nord. En 2013, des propos qui lui avaient e\u0301te\u0301 attribue\u0301s par WikiLeaks au sujet de la succession de Paul Biya avaient de\u0301clenche\u0301 une vive pole\u0301mique. Selon l\u2019ambassadrice des E\u0301tats-Unis au Cameroun, il avait affirme\u0301 \u00ab que le prochain pre\u0301sident ne serait pas un Be\u0301ti-Bulu [contrairement a\u0300 Paul Biya] \u00bb. \u00ab A\u0300 la question de savoir ce que le Septentrion ferait si Biya choisissait un Be\u0301ti-Bulu pour lui succe\u0301der, Ali re\u0301pondait que le chef de l\u2019E\u0301tat ne prendrait jamais une telle de\u0301cision \u00bb, avait-elle rapporte\u0301. Des de\u0301clarations qui, malgre\u0301 la disparition de l\u2019ancien garde des Sceaux, conservent encore une re\u0301sonance particulie\u0300re, tant sont vives les batailles successorales.<\/p>\n<p><strong>Pour plus d&rsquo;informations et d&rsquo;analyses sur la <a href=\"https:\/\/www.africa-press.net\/cameroun\">Cameroun<\/a>, suivez <a href=\"https:\/\/www.africa-press.net\/\">Africa-Press<\/a><\/strong><\/p>\n","protected":false},"excerpt":{"rendered":"<p>Africa-Press &#8211; Cameroun. L\u2019information qui s\u2019est propage\u0301e dans la soire\u0301e de mardi a e\u0301te\u0301 confirme\u0301e a\u0300 Jeune Afrique par des sources familiales. Amadou Ali, ancien ministre et proche collaborateur de Paul Biya, est de\u0301ce\u0301de\u0301 ce 27 septembre a\u0300 Yaounde\u0301, ville qu\u2019il avait regagne\u0301e quelques jours auparavant apre\u0300s un ultime se\u0301jour me\u0301dical en Suisse. Malade et [&hellip;]<\/p>\n","protected":false},"author":82,"featured_media":28324,"comment_status":"open","ping_status":"closed","sticky":false,"template":"","format":"standard","meta":{"footnotes":""},"categories":[7,2,10],"tags":[36,50,49],"class_list":["post-28325","post","type-post","status-publish","format-standard","has-post-thumbnail","hentry","category-dossiers","category-politique","category-toutes-les-actualites","tag-africa-press","tag-africa-press-cameroun","tag-cameroun"],"yoast_head":"<!-- This site is optimized with the Yoast SEO Premium plugin v26.1 (Yoast SEO v27.0) - https:\/\/yoast.com\/product\/yoast-seo-premium-wordpress\/ -->\n<title>Cameroun : d\u00e9c\u00e8s d\u2019Amadou Ali, ancien vice-Premier ministre de Paul Biya et pilote de l\u2019op\u00e9ration \u00c9pervier - Cameroun<\/title>\n<meta name=\"description\" content=\"L\u2019information qui s\u2019est propage\u0301e dans la soire\u0301e de mardi a e\u0301te\u0301 confirme\u0301e a\u0300 Jeune Afrique par des sources familiale ...\" \/>\n<meta name=\"robots\" content=\"index, follow, max-snippet:-1, max-image-preview:large, max-video-preview:-1\" \/>\n<link rel=\"canonical\" href=\"https:\/\/www.africa-press.net\/cameroun\/politique\/cameroun-deces-damadou-ali-ancien-vice-premier-ministre-de-paul-biya-et-pilote-de-loperation-epervier\" \/>\n<meta property=\"og:locale\" content=\"fr_FR\" \/>\n<meta property=\"og:type\" content=\"article\" \/>\n<meta property=\"og:title\" content=\"Cameroun : d\u00e9c\u00e8s d\u2019Amadou Ali, ancien vice-Premier ministre de Paul Biya et pilote de l\u2019op\u00e9ration \u00c9pervier\" \/>\n<meta property=\"og:description\" content=\"L\u2019information qui s\u2019est propage\u0301e dans la soire\u0301e de mardi a e\u0301te\u0301 confirme\u0301e a\u0300 Jeune Afrique par des sources familiale ...\" \/>\n<meta property=\"og:url\" content=\"https:\/\/www.africa-press.net\/cameroun\/politique\/cameroun-deces-damadou-ali-ancien-vice-premier-ministre-de-paul-biya-et-pilote-de-loperation-epervier\" \/>\n<meta property=\"og:site_name\" content=\"Cameroun\" \/>\n<meta property=\"article:published_time\" content=\"2022-09-28T16:53:14+00:00\" \/>\n<meta property=\"article:modified_time\" content=\"2022-09-28T17:42:33+00:00\" \/>\n<meta property=\"og:image\" content=\"https:\/\/static.africa-press.net\/cameroun\/sites\/57\/2022\/09\/postQueueImg_2-6334875b84590.jpg\" \/>\n\t<meta property=\"og:image:width\" content=\"1256\" \/>\n\t<meta property=\"og:image:height\" content=\"628\" \/>\n\t<meta property=\"og:image:type\" content=\"image\/jpeg\" \/>\n<meta name=\"author\" content=\"cfeditorfr\" \/>\n<meta name=\"twitter:card\" content=\"summary_large_image\" \/>\n<meta name=\"twitter:label1\" content=\"\u00c9crit par\" \/>\n\t<meta name=\"twitter:data1\" content=\"cfeditorfr\" \/>\n\t<meta name=\"twitter:label2\" content=\"Dur\u00e9e de lecture estim\u00e9e\" \/>\n\t<meta name=\"twitter:data2\" content=\"4 minutes\" \/>\n<script type=\"application\/ld+json\" class=\"yoast-schema-graph\">{\"@context\":\"https:\/\/schema.org\",\"@graph\":[{\"@type\":\"Article\",\"@id\":\"https:\/\/www.africa-press.net\/cameroun\/politique\/cameroun-deces-damadou-ali-ancien-vice-premier-ministre-de-paul-biya-et-pilote-de-loperation-epervier#article\",\"isPartOf\":{\"@id\":\"https:\/\/www.africa-press.net\/cameroun\/politique\/cameroun-deces-damadou-ali-ancien-vice-premier-ministre-de-paul-biya-et-pilote-de-loperation-epervier\"},\"author\":{\"name\":\"cfeditorfr\",\"@id\":\"https:\/\/www.africa-press.net\/cameroun\/#\/schema\/person\/2b1cf3cd81a31e3cd26889ca66d677f1\"},\"headline\":\"Cameroun : d\u00e9c\u00e8s d\u2019Amadou Ali, ancien vice-Premier ministre de Paul Biya et pilote de l\u2019op\u00e9ration \u00c9pervier\",\"datePublished\":\"2022-09-28T16:53:14+00:00\",\"dateModified\":\"2022-09-28T17:42:33+00:00\",\"mainEntityOfPage\":{\"@id\":\"https:\/\/www.africa-press.net\/cameroun\/politique\/cameroun-deces-damadou-ali-ancien-vice-premier-ministre-de-paul-biya-et-pilote-de-loperation-epervier\"},\"wordCount\":848,\"commentCount\":0,\"image\":{\"@id\":\"https:\/\/www.africa-press.net\/cameroun\/politique\/cameroun-deces-damadou-ali-ancien-vice-premier-ministre-de-paul-biya-et-pilote-de-loperation-epervier#primaryimage\"},\"thumbnailUrl\":\"https:\/\/static.africa-press.net\/cameroun\/sites\/57\/2022\/09\/postQueueImg_2-6334875b84590.jpg\",\"keywords\":[\"Africa Press\",\"Africa Press-Cameroun\",\"Cameroun\"],\"articleSection\":[\"Dossiers\",\"Politique\",\"Toutes les actualit\u00e9s\"],\"inLanguage\":\"fr-FR\",\"potentialAction\":[{\"@type\":\"CommentAction\",\"name\":\"Comment\",\"target\":[\"https:\/\/www.africa-press.net\/cameroun\/politique\/cameroun-deces-damadou-ali-ancien-vice-premier-ministre-de-paul-biya-et-pilote-de-loperation-epervier#respond\"]}]},{\"@type\":\"WebPage\",\"@id\":\"https:\/\/www.africa-press.net\/cameroun\/politique\/cameroun-deces-damadou-ali-ancien-vice-premier-ministre-de-paul-biya-et-pilote-de-loperation-epervier\",\"url\":\"https:\/\/www.africa-press.net\/cameroun\/politique\/cameroun-deces-damadou-ali-ancien-vice-premier-ministre-de-paul-biya-et-pilote-de-loperation-epervier\",\"name\":\"Cameroun : d\u00e9c\u00e8s d\u2019Amadou Ali, ancien vice-Premier ministre de Paul Biya et pilote de l\u2019op\u00e9ration \u00c9pervier - Cameroun\",\"isPartOf\":{\"@id\":\"https:\/\/www.africa-press.net\/cameroun\/#website\"},\"primaryImageOfPage\":{\"@id\":\"https:\/\/www.africa-press.net\/cameroun\/politique\/cameroun-deces-damadou-ali-ancien-vice-premier-ministre-de-paul-biya-et-pilote-de-loperation-epervier#primaryimage\"},\"image\":{\"@id\":\"https:\/\/www.africa-press.net\/cameroun\/politique\/cameroun-deces-damadou-ali-ancien-vice-premier-ministre-de-paul-biya-et-pilote-de-loperation-epervier#primaryimage\"},\"thumbnailUrl\":\"https:\/\/static.africa-press.net\/cameroun\/sites\/57\/2022\/09\/postQueueImg_2-6334875b84590.jpg\",\"datePublished\":\"2022-09-28T16:53:14+00:00\",\"dateModified\":\"2022-09-28T17:42:33+00:00\",\"author\":{\"@id\":\"https:\/\/www.africa-press.net\/cameroun\/#\/schema\/person\/2b1cf3cd81a31e3cd26889ca66d677f1\"},\"description\":\"L\u2019information qui s\u2019est propage\u0301e dans la soire\u0301e de mardi a e\u0301te\u0301 confirme\u0301e a\u0300 Jeune Afrique par des sources familiale ...\",\"breadcrumb\":{\"@id\":\"https:\/\/www.africa-press.net\/cameroun\/politique\/cameroun-deces-damadou-ali-ancien-vice-premier-ministre-de-paul-biya-et-pilote-de-loperation-epervier#breadcrumb\"},\"inLanguage\":\"fr-FR\",\"potentialAction\":[{\"@type\":\"ReadAction\",\"target\":[\"https:\/\/www.africa-press.net\/cameroun\/politique\/cameroun-deces-damadou-ali-ancien-vice-premier-ministre-de-paul-biya-et-pilote-de-loperation-epervier\"]}]},{\"@type\":\"ImageObject\",\"inLanguage\":\"fr-FR\",\"@id\":\"https:\/\/www.africa-press.net\/cameroun\/politique\/cameroun-deces-damadou-ali-ancien-vice-premier-ministre-de-paul-biya-et-pilote-de-loperation-epervier#primaryimage\",\"url\":\"https:\/\/static.africa-press.net\/cameroun\/sites\/57\/2022\/09\/postQueueImg_2-6334875b84590.jpg\",\"contentUrl\":\"https:\/\/static.africa-press.net\/cameroun\/sites\/57\/2022\/09\/postQueueImg_2-6334875b84590.jpg\",\"width\":1256,\"height\":628,\"caption\":\"Cameroun : d\u00e9c\u00e8s d\u2019Amadou Ali, ancien vice-Premier ministre de Paul Biya et pilote de l\u2019op\u00e9ration \u00c9pervier\"},{\"@type\":\"BreadcrumbList\",\"@id\":\"https:\/\/www.africa-press.net\/cameroun\/politique\/cameroun-deces-damadou-ali-ancien-vice-premier-ministre-de-paul-biya-et-pilote-de-loperation-epervier#breadcrumb\",\"itemListElement\":[{\"@type\":\"ListItem\",\"position\":1,\"name\":\"Accueil\",\"item\":\"https:\/\/www.africa-press.net\/cameroun\/\"},{\"@type\":\"ListItem\",\"position\":2,\"name\":\"Cameroun : d\u00e9c\u00e8s d\u2019Amadou Ali, ancien vice-Premier ministre de Paul Biya et pilote de l\u2019op\u00e9ration \u00c9pervier\"}]},{\"@type\":\"WebSite\",\"@id\":\"https:\/\/www.africa-press.net\/cameroun\/#website\",\"url\":\"https:\/\/www.africa-press.net\/cameroun\/\",\"name\":\"Cameroun\",\"description\":\"Just another Africa News Agency Sites site\",\"potentialAction\":[{\"@type\":\"SearchAction\",\"target\":{\"@type\":\"EntryPoint\",\"urlTemplate\":\"https:\/\/www.africa-press.net\/cameroun\/?s={search_term_string}\"},\"query-input\":{\"@type\":\"PropertyValueSpecification\",\"valueRequired\":true,\"valueName\":\"search_term_string\"}}],\"inLanguage\":\"fr-FR\"},{\"@type\":\"Person\",\"@id\":\"https:\/\/www.africa-press.net\/cameroun\/#\/schema\/person\/2b1cf3cd81a31e3cd26889ca66d677f1\",\"name\":\"cfeditorfr\"}]}<\/script>\n<!-- \/ Yoast SEO Premium plugin. -->","yoast_head_json":{"title":"Cameroun : d\u00e9c\u00e8s d\u2019Amadou Ali, ancien vice-Premier ministre de Paul Biya et pilote de l\u2019op\u00e9ration \u00c9pervier - Cameroun","description":"L\u2019information qui s\u2019est propage\u0301e dans la soire\u0301e de mardi a e\u0301te\u0301 confirme\u0301e a\u0300 Jeune Afrique par des sources familiale ...","robots":{"index":"index","follow":"follow","max-snippet":"max-snippet:-1","max-image-preview":"max-image-preview:large","max-video-preview":"max-video-preview:-1"},"canonical":"https:\/\/www.africa-press.net\/cameroun\/politique\/cameroun-deces-damadou-ali-ancien-vice-premier-ministre-de-paul-biya-et-pilote-de-loperation-epervier","og_locale":"fr_FR","og_type":"article","og_title":"Cameroun : d\u00e9c\u00e8s d\u2019Amadou Ali, ancien vice-Premier ministre de Paul Biya et pilote de l\u2019op\u00e9ration \u00c9pervier","og_description":"L\u2019information qui s\u2019est propage\u0301e dans la soire\u0301e de mardi a e\u0301te\u0301 confirme\u0301e a\u0300 Jeune Afrique par des sources familiale ...","og_url":"https:\/\/www.africa-press.net\/cameroun\/politique\/cameroun-deces-damadou-ali-ancien-vice-premier-ministre-de-paul-biya-et-pilote-de-loperation-epervier","og_site_name":"Cameroun","article_published_time":"2022-09-28T16:53:14+00:00","article_modified_time":"2022-09-28T17:42:33+00:00","og_image":[{"width":1256,"height":628,"url":"https:\/\/static.africa-press.net\/cameroun\/sites\/57\/2022\/09\/postQueueImg_2-6334875b84590.jpg","type":"image\/jpeg"}],"author":"cfeditorfr","twitter_card":"summary_large_image","twitter_misc":{"\u00c9crit par":"cfeditorfr","Dur\u00e9e de lecture estim\u00e9e":"4 minutes"},"schema":{"@context":"https:\/\/schema.org","@graph":[{"@type":"Article","@id":"https:\/\/www.africa-press.net\/cameroun\/politique\/cameroun-deces-damadou-ali-ancien-vice-premier-ministre-de-paul-biya-et-pilote-de-loperation-epervier#article","isPartOf":{"@id":"https:\/\/www.africa-press.net\/cameroun\/politique\/cameroun-deces-damadou-ali-ancien-vice-premier-ministre-de-paul-biya-et-pilote-de-loperation-epervier"},"author":{"name":"cfeditorfr","@id":"https:\/\/www.africa-press.net\/cameroun\/#\/schema\/person\/2b1cf3cd81a31e3cd26889ca66d677f1"},"headline":"Cameroun : d\u00e9c\u00e8s d\u2019Amadou Ali, ancien vice-Premier ministre de Paul Biya et pilote de l\u2019op\u00e9ration \u00c9pervier","datePublished":"2022-09-28T16:53:14+00:00","dateModified":"2022-09-28T17:42:33+00:00","mainEntityOfPage":{"@id":"https:\/\/www.africa-press.net\/cameroun\/politique\/cameroun-deces-damadou-ali-ancien-vice-premier-ministre-de-paul-biya-et-pilote-de-loperation-epervier"},"wordCount":848,"commentCount":0,"image":{"@id":"https:\/\/www.africa-press.net\/cameroun\/politique\/cameroun-deces-damadou-ali-ancien-vice-premier-ministre-de-paul-biya-et-pilote-de-loperation-epervier#primaryimage"},"thumbnailUrl":"https:\/\/static.africa-press.net\/cameroun\/sites\/57\/2022\/09\/postQueueImg_2-6334875b84590.jpg","keywords":["Africa Press","Africa Press-Cameroun","Cameroun"],"articleSection":["Dossiers","Politique","Toutes les actualit\u00e9s"],"inLanguage":"fr-FR","potentialAction":[{"@type":"CommentAction","name":"Comment","target":["https:\/\/www.africa-press.net\/cameroun\/politique\/cameroun-deces-damadou-ali-ancien-vice-premier-ministre-de-paul-biya-et-pilote-de-loperation-epervier#respond"]}]},{"@type":"WebPage","@id":"https:\/\/www.africa-press.net\/cameroun\/politique\/cameroun-deces-damadou-ali-ancien-vice-premier-ministre-de-paul-biya-et-pilote-de-loperation-epervier","url":"https:\/\/www.africa-press.net\/cameroun\/politique\/cameroun-deces-damadou-ali-ancien-vice-premier-ministre-de-paul-biya-et-pilote-de-loperation-epervier","name":"Cameroun : d\u00e9c\u00e8s d\u2019Amadou Ali, ancien vice-Premier ministre de Paul Biya et pilote de l\u2019op\u00e9ration \u00c9pervier - Cameroun","isPartOf":{"@id":"https:\/\/www.africa-press.net\/cameroun\/#website"},"primaryImageOfPage":{"@id":"https:\/\/www.africa-press.net\/cameroun\/politique\/cameroun-deces-damadou-ali-ancien-vice-premier-ministre-de-paul-biya-et-pilote-de-loperation-epervier#primaryimage"},"image":{"@id":"https:\/\/www.africa-press.net\/cameroun\/politique\/cameroun-deces-damadou-ali-ancien-vice-premier-ministre-de-paul-biya-et-pilote-de-loperation-epervier#primaryimage"},"thumbnailUrl":"https:\/\/static.africa-press.net\/cameroun\/sites\/57\/2022\/09\/postQueueImg_2-6334875b84590.jpg","datePublished":"2022-09-28T16:53:14+00:00","dateModified":"2022-09-28T17:42:33+00:00","author":{"@id":"https:\/\/www.africa-press.net\/cameroun\/#\/schema\/person\/2b1cf3cd81a31e3cd26889ca66d677f1"},"description":"L\u2019information qui s\u2019est propage\u0301e dans la soire\u0301e de mardi a e\u0301te\u0301 confirme\u0301e a\u0300 Jeune Afrique par des sources familiale ...","breadcrumb":{"@id":"https:\/\/www.africa-press.net\/cameroun\/politique\/cameroun-deces-damadou-ali-ancien-vice-premier-ministre-de-paul-biya-et-pilote-de-loperation-epervier#breadcrumb"},"inLanguage":"fr-FR","potentialAction":[{"@type":"ReadAction","target":["https:\/\/www.africa-press.net\/cameroun\/politique\/cameroun-deces-damadou-ali-ancien-vice-premier-ministre-de-paul-biya-et-pilote-de-loperation-epervier"]}]},{"@type":"ImageObject","inLanguage":"fr-FR","@id":"https:\/\/www.africa-press.net\/cameroun\/politique\/cameroun-deces-damadou-ali-ancien-vice-premier-ministre-de-paul-biya-et-pilote-de-loperation-epervier#primaryimage","url":"https:\/\/static.africa-press.net\/cameroun\/sites\/57\/2022\/09\/postQueueImg_2-6334875b84590.jpg","contentUrl":"https:\/\/static.africa-press.net\/cameroun\/sites\/57\/2022\/09\/postQueueImg_2-6334875b84590.jpg","width":1256,"height":628,"caption":"Cameroun : d\u00e9c\u00e8s d\u2019Amadou Ali, ancien vice-Premier ministre de Paul Biya et pilote de l\u2019op\u00e9ration \u00c9pervier"},{"@type":"BreadcrumbList","@id":"https:\/\/www.africa-press.net\/cameroun\/politique\/cameroun-deces-damadou-ali-ancien-vice-premier-ministre-de-paul-biya-et-pilote-de-loperation-epervier#breadcrumb","itemListElement":[{"@type":"ListItem","position":1,"name":"Accueil","item":"https:\/\/www.africa-press.net\/cameroun\/"},{"@type":"ListItem","position":2,"name":"Cameroun : d\u00e9c\u00e8s d\u2019Amadou Ali, ancien vice-Premier ministre de Paul Biya et pilote de l\u2019op\u00e9ration \u00c9pervier"}]},{"@type":"WebSite","@id":"https:\/\/www.africa-press.net\/cameroun\/#website","url":"https:\/\/www.africa-press.net\/cameroun\/","name":"Cameroun","description":"Just another Africa News Agency Sites site","potentialAction":[{"@type":"SearchAction","target":{"@type":"EntryPoint","urlTemplate":"https:\/\/www.africa-press.net\/cameroun\/?s={search_term_string}"},"query-input":{"@type":"PropertyValueSpecification","valueRequired":true,"valueName":"search_term_string"}}],"inLanguage":"fr-FR"},{"@type":"Person","@id":"https:\/\/www.africa-press.net\/cameroun\/#\/schema\/person\/2b1cf3cd81a31e3cd26889ca66d677f1","name":"cfeditorfr"}]}},"_links":{"self":[{"href":"https:\/\/www.africa-press.net\/cameroun\/wp-json\/wp\/v2\/posts\/28325","targetHints":{"allow":["GET"]}}],"collection":[{"href":"https:\/\/www.africa-press.net\/cameroun\/wp-json\/wp\/v2\/posts"}],"about":[{"href":"https:\/\/www.africa-press.net\/cameroun\/wp-json\/wp\/v2\/types\/post"}],"author":[{"embeddable":true,"href":"https:\/\/www.africa-press.net\/cameroun\/wp-json\/wp\/v2\/users\/82"}],"replies":[{"embeddable":true,"href":"https:\/\/www.africa-press.net\/cameroun\/wp-json\/wp\/v2\/comments?post=28325"}],"version-history":[{"count":0,"href":"https:\/\/www.africa-press.net\/cameroun\/wp-json\/wp\/v2\/posts\/28325\/revisions"}],"wp:featuredmedia":[{"embeddable":true,"href":"https:\/\/www.africa-press.net\/cameroun\/wp-json\/wp\/v2\/media\/28324"}],"wp:attachment":[{"href":"https:\/\/www.africa-press.net\/cameroun\/wp-json\/wp\/v2\/media?parent=28325"}],"wp:term":[{"taxonomy":"category","embeddable":true,"href":"https:\/\/www.africa-press.net\/cameroun\/wp-json\/wp\/v2\/categories?post=28325"},{"taxonomy":"post_tag","embeddable":true,"href":"https:\/\/www.africa-press.net\/cameroun\/wp-json\/wp\/v2\/tags?post=28325"}],"curies":[{"name":"wp","href":"https:\/\/api.w.org\/{rel}","templated":true}]}}