{"id":28328,"date":"2022-09-28T17:01:58","date_gmt":"2022-09-28T17:01:58","guid":{"rendered":"https:\/\/www.africa-press.net\/cameroun\/politique\/cameroun-emmanuel-macron-va-t-il-simpliquer-dans-le-bras-de-fer-cfao"},"modified":"2022-09-28T17:43:19","modified_gmt":"2022-09-28T17:43:19","slug":"cameroun-emmanuel-macron-va-t-il-simpliquer-dans-le-bras-de-fer-cfao","status":"publish","type":"post","link":"https:\/\/www.africa-press.net\/cameroun\/politique\/cameroun-emmanuel-macron-va-t-il-simpliquer-dans-le-bras-de-fer-cfao","title":{"rendered":"Cameroun : Emmanuel Macron va-t-il s\u2019impliquer dans le bras de fer CFAO ?"},"content":{"rendered":"<p><span style=\"color: #ff6600\"><strong>Africa-Press &#8211; Cameroun. <\/strong><\/span>Il y a quelques jours, Jeune Afrique re\u0301ve\u0301lait que le contentieux qui oppose le groupe franc\u0327ais CFAO a\u0300 des proprie\u0301taires terriens de Yaounde\u0301 menac\u0327ait de rebondir en France. En effet, les plaignants, de\u0301fendus par Me Joseph Antoine Onambe\u0301le\u0301 et assiste\u0301s officieusement par des avocats franc\u0327ais, n\u2019excluent pas de saisir la justice hexagonale afin d\u2019obtenir re\u0301paration. Ils estiment avoir e\u0301te\u0301 injustement exproprie\u0301s de terrains sur lesquels Carrefour, le ge\u0301ant de la grande distribution partenaire de CFAO en Afrique centrale, a ouvert un centre commercial en juillet dernier.<\/p>\n<p>Le groupe CFAO fait de\u0301ja\u0300 face a\u0300 plusieurs actions en justice au Cameroun. L\u2019une d\u2019elles, intente\u0301es devant le tribunal administratif de la capitale, vise a\u0300 obtenir l\u2019annulation du de\u0301cret d\u2019expropriation, qui date de 2016. La demande est en cours d\u2019examen.<\/p>\n<p><b>\u00ab Des expropriations abusives, injustes et humiliantes \u00bb<\/b><\/p>\n<p>De\u0301termine\u0301 a\u0300 faire entendre la voix de ses clients, Joseph Antoine Onambe\u0301le\u0301 en appelle en outre a\u0300 Emmanuel Macron, dont il a, selon nos informations, sollicite\u0301 la me\u0301diation. Dans un courrier envoye\u0301 le 28 septembre a\u0300 la pre\u0301sidence franc\u0327aise, il explique de\u0301fendre les inte\u0301re\u0302ts de membres de \u00ab la communaute\u0301 autochtone re\u0301siliente de la famille Mvog Ada, qui occupe le site actuel de la ville de Yaounde\u0301 depuis des temps imme\u0301moriaux \u00bb et qui subissent, \u00ab depuis l\u2019e\u0301poque de la colonisation allemande, le traumatisme re\u0301current des expropriations foncie\u0300res abusives, injustes et humiliantes \u00bb.<\/p>\n<p>De\u0301taillant les poursuites engage\u0301es devant les juges administratif et judiciaire, l\u2019avocat de\u0301nonce des faits qui rele\u0300vent, selon lui, de la fraude et de l\u2019extorsion, ainsi qu\u2019un usage ille\u0301gitime de la force. Ses clients, poursuit-il, souhaitent \u00ab un retour au statu quo ante ou une indemnisation juste, proportionnelle au pre\u0301judice re\u0301el subi et aux dommages cause\u0301s \u00bb. \u00ab Autrement, ils vous prient de bien vouloir donner toutes instructions utiles au parquet compe\u0301tent pour le de\u0301ferrement au juge pe\u0301nal des faits de corruption sous-entendus dans la pre\u0301sente cause. \u00bb<\/p>\n<p>Emmanuel Macron, qui s\u2019est rendu a\u0300 Yaounde\u0301 fin juillet et y a rencontre\u0301 Paul Biya, donnera-t-il suite ? Le centre commercial ba\u0302ti dans la capitale camerounaise est en tout cas l\u2019un des plus grands de la sous-re\u0301gion, derrie\u0300re celui de Douala Grand Mall. Il avait e\u0301te\u0301 inaugure\u0301 en grande pompe par Ferdinand Ngoh Ngoh, le puissant secre\u0301taire ge\u0301ne\u0301ral de la pre\u0301sidence, et en pre\u0301sence de plusieurs ministres.<\/p>\n<p>Le nom de Ferdinand Ngoh Ngoh est par ailleurs de\u0301ja\u0300 apparu dans cette affaire puisqu\u2019il est a\u0300 l\u2019origine du de\u0301cret d\u2019expropriation qui, en 2016, avait e\u0301te\u0301 signe\u0301 par le Premier ministre de l\u2019e\u0301poque, Phile\u0301mon Yang.<\/p>\n<p><strong>Pour plus d&rsquo;informations et d&rsquo;analyses sur la <a href=\"https:\/\/www.africa-press.net\/cameroun\">Cameroun<\/a>, suivez <a href=\"https:\/\/www.africa-press.net\/\">Africa-Press<\/a><\/strong><\/p>\n","protected":false},"excerpt":{"rendered":"<p>Africa-Press &#8211; Cameroun. Il y a quelques jours, Jeune Afrique re\u0301ve\u0301lait que le contentieux qui oppose le groupe franc\u0327ais CFAO a\u0300 des proprie\u0301taires terriens de Yaounde\u0301 menac\u0327ait de rebondir en France. En effet, les plaignants, de\u0301fendus par Me Joseph Antoine Onambe\u0301le\u0301 et assiste\u0301s officieusement par des avocats franc\u0327ais, n\u2019excluent pas de saisir la justice hexagonale [&hellip;]<\/p>\n","protected":false},"author":82,"featured_media":28327,"comment_status":"open","ping_status":"closed","sticky":false,"template":"","format":"standard","meta":{"footnotes":""},"categories":[7,2,20,10],"tags":[36,50,49],"class_list":["post-28328","post","type-post","status-publish","format-standard","has-post-thumbnail","hentry","category-dossiers","category-politique","category-top-nouvelles","category-toutes-les-actualites","tag-africa-press","tag-africa-press-cameroun","tag-cameroun"],"yoast_head":"<!-- This site is optimized with the Yoast SEO Premium plugin v26.1 (Yoast SEO v27.0) - https:\/\/yoast.com\/product\/yoast-seo-premium-wordpress\/ -->\n<title>Cameroun : Emmanuel Macron va-t-il s\u2019impliquer dans le bras de fer CFAO ? - Cameroun<\/title>\n<meta name=\"description\" content=\"Il y a quelques jours, Jeune Afrique re\u0301ve\u0301lait que le contentieux qui oppose le groupe franc\u0327ais CFAO a\u0300 des proprie\u0301ta ...\" \/>\n<meta name=\"robots\" content=\"index, follow, max-snippet:-1, max-image-preview:large, max-video-preview:-1\" \/>\n<link rel=\"canonical\" href=\"https:\/\/www.africa-press.net\/cameroun\/politique\/cameroun-emmanuel-macron-va-t-il-simpliquer-dans-le-bras-de-fer-cfao\" \/>\n<meta property=\"og:locale\" content=\"fr_FR\" \/>\n<meta property=\"og:type\" content=\"article\" \/>\n<meta property=\"og:title\" content=\"Cameroun : Emmanuel Macron va-t-il s\u2019impliquer dans le bras de fer CFAO ?\" \/>\n<meta property=\"og:description\" content=\"Il y a quelques jours, Jeune Afrique re\u0301ve\u0301lait que le contentieux qui oppose le groupe franc\u0327ais CFAO a\u0300 des proprie\u0301ta ...\" \/>\n<meta property=\"og:url\" content=\"https:\/\/www.africa-press.net\/cameroun\/politique\/cameroun-emmanuel-macron-va-t-il-simpliquer-dans-le-bras-de-fer-cfao\" \/>\n<meta property=\"og:site_name\" content=\"Cameroun\" \/>\n<meta property=\"article:published_time\" content=\"2022-09-28T17:01:58+00:00\" \/>\n<meta property=\"article:modified_time\" content=\"2022-09-28T17:43:19+00:00\" \/>\n<meta property=\"og:image\" content=\"https:\/\/static.africa-press.net\/cameroun\/sites\/57\/2022\/09\/postQueueImg_3-6334878d4152c.jpg\" \/>\n\t<meta property=\"og:image:width\" content=\"1256\" \/>\n\t<meta property=\"og:image:height\" content=\"628\" \/>\n\t<meta property=\"og:image:type\" content=\"image\/jpeg\" \/>\n<meta name=\"author\" content=\"cfeditorfr\" \/>\n<meta name=\"twitter:card\" content=\"summary_large_image\" \/>\n<meta name=\"twitter:label1\" content=\"\u00c9crit par\" \/>\n\t<meta name=\"twitter:data1\" content=\"cfeditorfr\" \/>\n\t<meta name=\"twitter:label2\" content=\"Dur\u00e9e de lecture estim\u00e9e\" \/>\n\t<meta name=\"twitter:data2\" content=\"3 minutes\" \/>\n<script type=\"application\/ld+json\" class=\"yoast-schema-graph\">{\"@context\":\"https:\/\/schema.org\",\"@graph\":[{\"@type\":\"Article\",\"@id\":\"https:\/\/www.africa-press.net\/cameroun\/politique\/cameroun-emmanuel-macron-va-t-il-simpliquer-dans-le-bras-de-fer-cfao#article\",\"isPartOf\":{\"@id\":\"https:\/\/www.africa-press.net\/cameroun\/politique\/cameroun-emmanuel-macron-va-t-il-simpliquer-dans-le-bras-de-fer-cfao\"},\"author\":{\"name\":\"cfeditorfr\",\"@id\":\"https:\/\/www.africa-press.net\/cameroun\/#\/schema\/person\/2b1cf3cd81a31e3cd26889ca66d677f1\"},\"headline\":\"Cameroun : Emmanuel Macron va-t-il s\u2019impliquer dans le bras de fer CFAO ?\",\"datePublished\":\"2022-09-28T17:01:58+00:00\",\"dateModified\":\"2022-09-28T17:43:19+00:00\",\"mainEntityOfPage\":{\"@id\":\"https:\/\/www.africa-press.net\/cameroun\/politique\/cameroun-emmanuel-macron-va-t-il-simpliquer-dans-le-bras-de-fer-cfao\"},\"wordCount\":501,\"commentCount\":0,\"image\":{\"@id\":\"https:\/\/www.africa-press.net\/cameroun\/politique\/cameroun-emmanuel-macron-va-t-il-simpliquer-dans-le-bras-de-fer-cfao#primaryimage\"},\"thumbnailUrl\":\"https:\/\/static.africa-press.net\/cameroun\/sites\/57\/2022\/09\/postQueueImg_3-6334878d4152c.jpg\",\"keywords\":[\"Africa Press\",\"Africa Press-Cameroun\",\"Cameroun\"],\"articleSection\":[\"Dossiers\",\"Politique\",\"Top Nouvelles\",\"Toutes les actualit\u00e9s\"],\"inLanguage\":\"fr-FR\",\"potentialAction\":[{\"@type\":\"CommentAction\",\"name\":\"Comment\",\"target\":[\"https:\/\/www.africa-press.net\/cameroun\/politique\/cameroun-emmanuel-macron-va-t-il-simpliquer-dans-le-bras-de-fer-cfao#respond\"]}]},{\"@type\":\"WebPage\",\"@id\":\"https:\/\/www.africa-press.net\/cameroun\/politique\/cameroun-emmanuel-macron-va-t-il-simpliquer-dans-le-bras-de-fer-cfao\",\"url\":\"https:\/\/www.africa-press.net\/cameroun\/politique\/cameroun-emmanuel-macron-va-t-il-simpliquer-dans-le-bras-de-fer-cfao\",\"name\":\"Cameroun : Emmanuel Macron va-t-il s\u2019impliquer dans le bras de fer CFAO ? - Cameroun\",\"isPartOf\":{\"@id\":\"https:\/\/www.africa-press.net\/cameroun\/#website\"},\"primaryImageOfPage\":{\"@id\":\"https:\/\/www.africa-press.net\/cameroun\/politique\/cameroun-emmanuel-macron-va-t-il-simpliquer-dans-le-bras-de-fer-cfao#primaryimage\"},\"image\":{\"@id\":\"https:\/\/www.africa-press.net\/cameroun\/politique\/cameroun-emmanuel-macron-va-t-il-simpliquer-dans-le-bras-de-fer-cfao#primaryimage\"},\"thumbnailUrl\":\"https:\/\/static.africa-press.net\/cameroun\/sites\/57\/2022\/09\/postQueueImg_3-6334878d4152c.jpg\",\"datePublished\":\"2022-09-28T17:01:58+00:00\",\"dateModified\":\"2022-09-28T17:43:19+00:00\",\"author\":{\"@id\":\"https:\/\/www.africa-press.net\/cameroun\/#\/schema\/person\/2b1cf3cd81a31e3cd26889ca66d677f1\"},\"description\":\"Il y a quelques jours, Jeune Afrique re\u0301ve\u0301lait que le contentieux qui oppose le groupe franc\u0327ais CFAO a\u0300 des proprie\u0301ta ...\",\"breadcrumb\":{\"@id\":\"https:\/\/www.africa-press.net\/cameroun\/politique\/cameroun-emmanuel-macron-va-t-il-simpliquer-dans-le-bras-de-fer-cfao#breadcrumb\"},\"inLanguage\":\"fr-FR\",\"potentialAction\":[{\"@type\":\"ReadAction\",\"target\":[\"https:\/\/www.africa-press.net\/cameroun\/politique\/cameroun-emmanuel-macron-va-t-il-simpliquer-dans-le-bras-de-fer-cfao\"]}]},{\"@type\":\"ImageObject\",\"inLanguage\":\"fr-FR\",\"@id\":\"https:\/\/www.africa-press.net\/cameroun\/politique\/cameroun-emmanuel-macron-va-t-il-simpliquer-dans-le-bras-de-fer-cfao#primaryimage\",\"url\":\"https:\/\/static.africa-press.net\/cameroun\/sites\/57\/2022\/09\/postQueueImg_3-6334878d4152c.jpg\",\"contentUrl\":\"https:\/\/static.africa-press.net\/cameroun\/sites\/57\/2022\/09\/postQueueImg_3-6334878d4152c.jpg\",\"width\":1256,\"height\":628,\"caption\":\"Cameroun : Emmanuel Macron va-t-il s\u2019impliquer dans le bras de fer CFAO ?\"},{\"@type\":\"BreadcrumbList\",\"@id\":\"https:\/\/www.africa-press.net\/cameroun\/politique\/cameroun-emmanuel-macron-va-t-il-simpliquer-dans-le-bras-de-fer-cfao#breadcrumb\",\"itemListElement\":[{\"@type\":\"ListItem\",\"position\":1,\"name\":\"Accueil\",\"item\":\"https:\/\/www.africa-press.net\/cameroun\/\"},{\"@type\":\"ListItem\",\"position\":2,\"name\":\"Cameroun : Emmanuel Macron va-t-il s\u2019impliquer dans le bras de fer CFAO ?\"}]},{\"@type\":\"WebSite\",\"@id\":\"https:\/\/www.africa-press.net\/cameroun\/#website\",\"url\":\"https:\/\/www.africa-press.net\/cameroun\/\",\"name\":\"Cameroun\",\"description\":\"Just another Africa News Agency Sites site\",\"potentialAction\":[{\"@type\":\"SearchAction\",\"target\":{\"@type\":\"EntryPoint\",\"urlTemplate\":\"https:\/\/www.africa-press.net\/cameroun\/?s={search_term_string}\"},\"query-input\":{\"@type\":\"PropertyValueSpecification\",\"valueRequired\":true,\"valueName\":\"search_term_string\"}}],\"inLanguage\":\"fr-FR\"},{\"@type\":\"Person\",\"@id\":\"https:\/\/www.africa-press.net\/cameroun\/#\/schema\/person\/2b1cf3cd81a31e3cd26889ca66d677f1\",\"name\":\"cfeditorfr\"}]}<\/script>\n<!-- \/ Yoast SEO Premium plugin. -->","yoast_head_json":{"title":"Cameroun : Emmanuel Macron va-t-il s\u2019impliquer dans le bras de fer CFAO ? - Cameroun","description":"Il y a quelques jours, Jeune Afrique re\u0301ve\u0301lait que le contentieux qui oppose le groupe franc\u0327ais CFAO a\u0300 des proprie\u0301ta ...","robots":{"index":"index","follow":"follow","max-snippet":"max-snippet:-1","max-image-preview":"max-image-preview:large","max-video-preview":"max-video-preview:-1"},"canonical":"https:\/\/www.africa-press.net\/cameroun\/politique\/cameroun-emmanuel-macron-va-t-il-simpliquer-dans-le-bras-de-fer-cfao","og_locale":"fr_FR","og_type":"article","og_title":"Cameroun : Emmanuel Macron va-t-il s\u2019impliquer dans le bras de fer CFAO ?","og_description":"Il y a quelques jours, Jeune Afrique re\u0301ve\u0301lait que le contentieux qui oppose le groupe franc\u0327ais CFAO a\u0300 des proprie\u0301ta ...","og_url":"https:\/\/www.africa-press.net\/cameroun\/politique\/cameroun-emmanuel-macron-va-t-il-simpliquer-dans-le-bras-de-fer-cfao","og_site_name":"Cameroun","article_published_time":"2022-09-28T17:01:58+00:00","article_modified_time":"2022-09-28T17:43:19+00:00","og_image":[{"width":1256,"height":628,"url":"https:\/\/static.africa-press.net\/cameroun\/sites\/57\/2022\/09\/postQueueImg_3-6334878d4152c.jpg","type":"image\/jpeg"}],"author":"cfeditorfr","twitter_card":"summary_large_image","twitter_misc":{"\u00c9crit par":"cfeditorfr","Dur\u00e9e de lecture estim\u00e9e":"3 minutes"},"schema":{"@context":"https:\/\/schema.org","@graph":[{"@type":"Article","@id":"https:\/\/www.africa-press.net\/cameroun\/politique\/cameroun-emmanuel-macron-va-t-il-simpliquer-dans-le-bras-de-fer-cfao#article","isPartOf":{"@id":"https:\/\/www.africa-press.net\/cameroun\/politique\/cameroun-emmanuel-macron-va-t-il-simpliquer-dans-le-bras-de-fer-cfao"},"author":{"name":"cfeditorfr","@id":"https:\/\/www.africa-press.net\/cameroun\/#\/schema\/person\/2b1cf3cd81a31e3cd26889ca66d677f1"},"headline":"Cameroun : Emmanuel Macron va-t-il s\u2019impliquer dans le bras de fer CFAO ?","datePublished":"2022-09-28T17:01:58+00:00","dateModified":"2022-09-28T17:43:19+00:00","mainEntityOfPage":{"@id":"https:\/\/www.africa-press.net\/cameroun\/politique\/cameroun-emmanuel-macron-va-t-il-simpliquer-dans-le-bras-de-fer-cfao"},"wordCount":501,"commentCount":0,"image":{"@id":"https:\/\/www.africa-press.net\/cameroun\/politique\/cameroun-emmanuel-macron-va-t-il-simpliquer-dans-le-bras-de-fer-cfao#primaryimage"},"thumbnailUrl":"https:\/\/static.africa-press.net\/cameroun\/sites\/57\/2022\/09\/postQueueImg_3-6334878d4152c.jpg","keywords":["Africa Press","Africa Press-Cameroun","Cameroun"],"articleSection":["Dossiers","Politique","Top Nouvelles","Toutes les actualit\u00e9s"],"inLanguage":"fr-FR","potentialAction":[{"@type":"CommentAction","name":"Comment","target":["https:\/\/www.africa-press.net\/cameroun\/politique\/cameroun-emmanuel-macron-va-t-il-simpliquer-dans-le-bras-de-fer-cfao#respond"]}]},{"@type":"WebPage","@id":"https:\/\/www.africa-press.net\/cameroun\/politique\/cameroun-emmanuel-macron-va-t-il-simpliquer-dans-le-bras-de-fer-cfao","url":"https:\/\/www.africa-press.net\/cameroun\/politique\/cameroun-emmanuel-macron-va-t-il-simpliquer-dans-le-bras-de-fer-cfao","name":"Cameroun : Emmanuel Macron va-t-il s\u2019impliquer dans le bras de fer CFAO ? - Cameroun","isPartOf":{"@id":"https:\/\/www.africa-press.net\/cameroun\/#website"},"primaryImageOfPage":{"@id":"https:\/\/www.africa-press.net\/cameroun\/politique\/cameroun-emmanuel-macron-va-t-il-simpliquer-dans-le-bras-de-fer-cfao#primaryimage"},"image":{"@id":"https:\/\/www.africa-press.net\/cameroun\/politique\/cameroun-emmanuel-macron-va-t-il-simpliquer-dans-le-bras-de-fer-cfao#primaryimage"},"thumbnailUrl":"https:\/\/static.africa-press.net\/cameroun\/sites\/57\/2022\/09\/postQueueImg_3-6334878d4152c.jpg","datePublished":"2022-09-28T17:01:58+00:00","dateModified":"2022-09-28T17:43:19+00:00","author":{"@id":"https:\/\/www.africa-press.net\/cameroun\/#\/schema\/person\/2b1cf3cd81a31e3cd26889ca66d677f1"},"description":"Il y a quelques jours, Jeune Afrique re\u0301ve\u0301lait que le contentieux qui oppose le groupe franc\u0327ais CFAO a\u0300 des proprie\u0301ta ...","breadcrumb":{"@id":"https:\/\/www.africa-press.net\/cameroun\/politique\/cameroun-emmanuel-macron-va-t-il-simpliquer-dans-le-bras-de-fer-cfao#breadcrumb"},"inLanguage":"fr-FR","potentialAction":[{"@type":"ReadAction","target":["https:\/\/www.africa-press.net\/cameroun\/politique\/cameroun-emmanuel-macron-va-t-il-simpliquer-dans-le-bras-de-fer-cfao"]}]},{"@type":"ImageObject","inLanguage":"fr-FR","@id":"https:\/\/www.africa-press.net\/cameroun\/politique\/cameroun-emmanuel-macron-va-t-il-simpliquer-dans-le-bras-de-fer-cfao#primaryimage","url":"https:\/\/static.africa-press.net\/cameroun\/sites\/57\/2022\/09\/postQueueImg_3-6334878d4152c.jpg","contentUrl":"https:\/\/static.africa-press.net\/cameroun\/sites\/57\/2022\/09\/postQueueImg_3-6334878d4152c.jpg","width":1256,"height":628,"caption":"Cameroun : Emmanuel Macron va-t-il s\u2019impliquer dans le bras de fer CFAO ?"},{"@type":"BreadcrumbList","@id":"https:\/\/www.africa-press.net\/cameroun\/politique\/cameroun-emmanuel-macron-va-t-il-simpliquer-dans-le-bras-de-fer-cfao#breadcrumb","itemListElement":[{"@type":"ListItem","position":1,"name":"Accueil","item":"https:\/\/www.africa-press.net\/cameroun\/"},{"@type":"ListItem","position":2,"name":"Cameroun : Emmanuel Macron va-t-il s\u2019impliquer dans le bras de fer CFAO ?"}]},{"@type":"WebSite","@id":"https:\/\/www.africa-press.net\/cameroun\/#website","url":"https:\/\/www.africa-press.net\/cameroun\/","name":"Cameroun","description":"Just another Africa News Agency Sites site","potentialAction":[{"@type":"SearchAction","target":{"@type":"EntryPoint","urlTemplate":"https:\/\/www.africa-press.net\/cameroun\/?s={search_term_string}"},"query-input":{"@type":"PropertyValueSpecification","valueRequired":true,"valueName":"search_term_string"}}],"inLanguage":"fr-FR"},{"@type":"Person","@id":"https:\/\/www.africa-press.net\/cameroun\/#\/schema\/person\/2b1cf3cd81a31e3cd26889ca66d677f1","name":"cfeditorfr"}]}},"_links":{"self":[{"href":"https:\/\/www.africa-press.net\/cameroun\/wp-json\/wp\/v2\/posts\/28328","targetHints":{"allow":["GET"]}}],"collection":[{"href":"https:\/\/www.africa-press.net\/cameroun\/wp-json\/wp\/v2\/posts"}],"about":[{"href":"https:\/\/www.africa-press.net\/cameroun\/wp-json\/wp\/v2\/types\/post"}],"author":[{"embeddable":true,"href":"https:\/\/www.africa-press.net\/cameroun\/wp-json\/wp\/v2\/users\/82"}],"replies":[{"embeddable":true,"href":"https:\/\/www.africa-press.net\/cameroun\/wp-json\/wp\/v2\/comments?post=28328"}],"version-history":[{"count":0,"href":"https:\/\/www.africa-press.net\/cameroun\/wp-json\/wp\/v2\/posts\/28328\/revisions"}],"wp:featuredmedia":[{"embeddable":true,"href":"https:\/\/www.africa-press.net\/cameroun\/wp-json\/wp\/v2\/media\/28327"}],"wp:attachment":[{"href":"https:\/\/www.africa-press.net\/cameroun\/wp-json\/wp\/v2\/media?parent=28328"}],"wp:term":[{"taxonomy":"category","embeddable":true,"href":"https:\/\/www.africa-press.net\/cameroun\/wp-json\/wp\/v2\/categories?post=28328"},{"taxonomy":"post_tag","embeddable":true,"href":"https:\/\/www.africa-press.net\/cameroun\/wp-json\/wp\/v2\/tags?post=28328"}],"curies":[{"name":"wp","href":"https:\/\/api.w.org\/{rel}","templated":true}]}}