{"id":28348,"date":"2022-09-29T16:13:43","date_gmt":"2022-09-29T16:13:43","guid":{"rendered":"https:\/\/www.africa-press.net\/cameroun\/politique\/extreme-nord-boko-haram-seme-la-terreur-au-sein-de-la-population"},"modified":"2022-09-29T18:41:04","modified_gmt":"2022-09-29T18:41:04","slug":"extreme-nord-boko-haram-seme-la-terreur-au-sein-de-la-population","status":"publish","type":"post","link":"https:\/\/www.africa-press.net\/cameroun\/toutes-les-actualites\/extreme-nord-boko-haram-seme-la-terreur-au-sein-de-la-population","title":{"rendered":"Extr\u00eame Nord: Boko-Haram s\u00e8me la terreur au sein de la population"},"content":{"rendered":"<p><span style=\"color: #ff6600\"><strong>Africa-Press &#8211; Cameroun. <\/strong><\/span>10 ans apre\u0300s ses premie\u0300res incursions meurtrie\u0300res sur le territoire camerounais, la secte Boko Haram est loin d\u2019avoir livre\u0301 ses dernie\u0300res horreurs. Depuis le de\u0301ce\u0300s d\u2019Abubakar Shekau, l\u2019un des chefs de cette organisation terroriste, de petits chefs prennent du plaisir et agissent selon leur gre\u0301. \u00ab L\u2019ide\u0301ologie est abandonne\u0301e et on se retrouve de plus en plus en face des gamins qui n\u2019ont pour agenda politique que d\u2019e\u0301gorger des civils et piller leurs vivres \u00bb, a confie\u0301 un e\u0301le\u0301ment du renseignement camerounais a\u0300 nos confre\u0300res de l\u2019\u0153il du Sahel.<\/p>\n<p>Selon nos confre\u0300res, Iswap, la branche la mieux organise\u0301e actuellement ope\u0300re de jours comme de nuit. Elle se\u0300me la terreur dans la re\u0301gion. Le 24 septembre, l\u2019inspecteur de police Mbongo Georges a e\u0301te\u0301 froidement assassine\u0301 aux environs de 8 heures alors qu\u2019il e\u0301tait au poste de contro\u0302le de Meleri, sur la route reliant Mora a\u0300 Kerawa. Dans la nuit du 26 au 27 septembre, l\u2019infirmier Ibrahim Doue\u0301 a e\u0301te\u0301 lui aussi tue\u0301 par les e\u0301le\u0301ments de Boko Haram. Les sire\u0300nes de la mort rodent en permanence. Les populations ne cessent de crier leur ras le bol face a\u0300 la multiplication des attaques meurtrie\u0300res de la secte sur leur sol.<\/p>\n<p>Pour sortir de cette situation d\u2019inse\u0301curite\u0301 teinte\u0301e d\u2019attaques sporadiques des e\u0301le\u0301ments de Boko Haram dans la re\u0301gion de l\u2019Extre\u0302me-Nord du pays, Mahamat Alhadji pro\u0302ne la mutualisation des formes pour rendre ce groupe inoffensif. \u00ab Il faut une re\u0301ponse militaire conse\u0301quente et surtout faire le lien avec les autres arme\u0301es du Niger, du Tchad et bien entendu du Nigeria \u00bb, a-t-il souligne\u0301. C\u2019est depuis 2014 que la secte Boko Haram me\u0300ne des attaques meurtrie\u0300res sur le territoire du Cameroun. Les bilans humain et mate\u0301riel jusqu\u2019ici sont difficiles a\u0300 e\u0301tablir.<\/p>\n<p><strong>Pour plus d&rsquo;informations et d&rsquo;analyses sur la <a href=\"https:\/\/www.africa-press.net\/cameroun\">Cameroun<\/a>, suivez <a href=\"https:\/\/www.africa-press.net\/\">Africa-Press<\/a><\/strong><\/p>\n","protected":false},"excerpt":{"rendered":"<p>Africa-Press &#8211; Cameroun. 10 ans apre\u0300s ses premie\u0300res incursions meurtrie\u0300res sur le territoire camerounais, la secte Boko Haram est loin d\u2019avoir livre\u0301 ses dernie\u0300res horreurs. Depuis le de\u0301ce\u0300s d\u2019Abubakar Shekau, l\u2019un des chefs de cette organisation terroriste, de petits chefs prennent du plaisir et agissent selon leur gre\u0301. \u00ab L\u2019ide\u0301ologie est abandonne\u0301e et on se [&hellip;]<\/p>\n","protected":false},"author":82,"featured_media":28347,"comment_status":"open","ping_status":"closed","sticky":false,"template":"","format":"standard","meta":{"footnotes":""},"categories":[21,10],"tags":[36,50,49],"class_list":["post-28348","post","type-post","status-publish","format-standard","has-post-thumbnail","hentry","category-communaute","category-toutes-les-actualites","tag-africa-press","tag-africa-press-cameroun","tag-cameroun"],"yoast_head":"<!-- This site is optimized with the Yoast SEO Premium plugin v26.1 (Yoast SEO v27.0) - https:\/\/yoast.com\/product\/yoast-seo-premium-wordpress\/ -->\n<title>Extr\u00eame Nord: Boko-Haram s\u00e8me la terreur au sein de la population - Cameroun<\/title>\n<meta name=\"description\" content=\"10 ans apre\u0300s ses premie\u0300res incursions meurtrie\u0300res sur le territoire camerounais, la secte Boko Haram est loin d\u2019avoir ...\" \/>\n<meta name=\"robots\" content=\"index, follow, max-snippet:-1, max-image-preview:large, max-video-preview:-1\" \/>\n<link rel=\"canonical\" href=\"https:\/\/www.africa-press.net\/cameroun\/toutes-les-actualites\/extreme-nord-boko-haram-seme-la-terreur-au-sein-de-la-population\" \/>\n<meta property=\"og:locale\" content=\"fr_FR\" \/>\n<meta property=\"og:type\" content=\"article\" \/>\n<meta property=\"og:title\" content=\"Extr\u00eame Nord: Boko-Haram s\u00e8me la terreur au sein de la population\" \/>\n<meta property=\"og:description\" content=\"10 ans apre\u0300s ses premie\u0300res incursions meurtrie\u0300res sur le territoire camerounais, la secte Boko Haram est loin d\u2019avoir ...\" \/>\n<meta property=\"og:url\" content=\"https:\/\/www.africa-press.net\/cameroun\/toutes-les-actualites\/extreme-nord-boko-haram-seme-la-terreur-au-sein-de-la-population\" \/>\n<meta property=\"og:site_name\" content=\"Cameroun\" \/>\n<meta property=\"article:published_time\" content=\"2022-09-29T16:13:43+00:00\" \/>\n<meta property=\"article:modified_time\" content=\"2022-09-29T18:41:04+00:00\" \/>\n<meta property=\"og:image\" content=\"https:\/\/static.africa-press.net\/cameroun\/sites\/57\/2022\/09\/img-6335e6a3ba881.jpg\" \/>\n\t<meta property=\"og:image:width\" content=\"800\" \/>\n\t<meta property=\"og:image:height\" content=\"450\" \/>\n\t<meta property=\"og:image:type\" content=\"image\/jpeg\" \/>\n<meta name=\"author\" content=\"cfeditorfr\" \/>\n<meta name=\"twitter:card\" content=\"summary_large_image\" \/>\n<meta name=\"twitter:label1\" content=\"\u00c9crit par\" \/>\n\t<meta name=\"twitter:data1\" content=\"cfeditorfr\" \/>\n\t<meta name=\"twitter:label2\" content=\"Dur\u00e9e de lecture estim\u00e9e\" \/>\n\t<meta name=\"twitter:data2\" content=\"2 minutes\" \/>\n<script type=\"application\/ld+json\" class=\"yoast-schema-graph\">{\"@context\":\"https:\/\/schema.org\",\"@graph\":[{\"@type\":\"Article\",\"@id\":\"https:\/\/www.africa-press.net\/cameroun\/toutes-les-actualites\/extreme-nord-boko-haram-seme-la-terreur-au-sein-de-la-population#article\",\"isPartOf\":{\"@id\":\"https:\/\/www.africa-press.net\/cameroun\/toutes-les-actualites\/extreme-nord-boko-haram-seme-la-terreur-au-sein-de-la-population\"},\"author\":{\"name\":\"cfeditorfr\",\"@id\":\"https:\/\/www.africa-press.net\/cameroun\/#\/schema\/person\/2b1cf3cd81a31e3cd26889ca66d677f1\"},\"headline\":\"Extr\u00eame Nord: Boko-Haram s\u00e8me la terreur au sein de la population\",\"datePublished\":\"2022-09-29T16:13:43+00:00\",\"dateModified\":\"2022-09-29T18:41:04+00:00\",\"mainEntityOfPage\":{\"@id\":\"https:\/\/www.africa-press.net\/cameroun\/toutes-les-actualites\/extreme-nord-boko-haram-seme-la-terreur-au-sein-de-la-population\"},\"wordCount\":358,\"commentCount\":0,\"image\":{\"@id\":\"https:\/\/www.africa-press.net\/cameroun\/toutes-les-actualites\/extreme-nord-boko-haram-seme-la-terreur-au-sein-de-la-population#primaryimage\"},\"thumbnailUrl\":\"https:\/\/static.africa-press.net\/cameroun\/sites\/57\/2022\/09\/img-6335e6a3ba881.jpg\",\"keywords\":[\"Africa Press\",\"Africa Press-Cameroun\",\"Cameroun\"],\"articleSection\":[\"Communaut\u00e9\",\"Toutes les actualit\u00e9s\"],\"inLanguage\":\"fr-FR\",\"potentialAction\":[{\"@type\":\"CommentAction\",\"name\":\"Comment\",\"target\":[\"https:\/\/www.africa-press.net\/cameroun\/toutes-les-actualites\/extreme-nord-boko-haram-seme-la-terreur-au-sein-de-la-population#respond\"]}]},{\"@type\":\"WebPage\",\"@id\":\"https:\/\/www.africa-press.net\/cameroun\/toutes-les-actualites\/extreme-nord-boko-haram-seme-la-terreur-au-sein-de-la-population\",\"url\":\"https:\/\/www.africa-press.net\/cameroun\/toutes-les-actualites\/extreme-nord-boko-haram-seme-la-terreur-au-sein-de-la-population\",\"name\":\"Extr\u00eame Nord: Boko-Haram s\u00e8me la terreur au sein de la population - Cameroun\",\"isPartOf\":{\"@id\":\"https:\/\/www.africa-press.net\/cameroun\/#website\"},\"primaryImageOfPage\":{\"@id\":\"https:\/\/www.africa-press.net\/cameroun\/toutes-les-actualites\/extreme-nord-boko-haram-seme-la-terreur-au-sein-de-la-population#primaryimage\"},\"image\":{\"@id\":\"https:\/\/www.africa-press.net\/cameroun\/toutes-les-actualites\/extreme-nord-boko-haram-seme-la-terreur-au-sein-de-la-population#primaryimage\"},\"thumbnailUrl\":\"https:\/\/static.africa-press.net\/cameroun\/sites\/57\/2022\/09\/img-6335e6a3ba881.jpg\",\"datePublished\":\"2022-09-29T16:13:43+00:00\",\"dateModified\":\"2022-09-29T18:41:04+00:00\",\"author\":{\"@id\":\"https:\/\/www.africa-press.net\/cameroun\/#\/schema\/person\/2b1cf3cd81a31e3cd26889ca66d677f1\"},\"description\":\"10 ans apre\u0300s ses premie\u0300res incursions meurtrie\u0300res sur le territoire camerounais, la secte Boko Haram est loin d\u2019avoir ...\",\"breadcrumb\":{\"@id\":\"https:\/\/www.africa-press.net\/cameroun\/toutes-les-actualites\/extreme-nord-boko-haram-seme-la-terreur-au-sein-de-la-population#breadcrumb\"},\"inLanguage\":\"fr-FR\",\"potentialAction\":[{\"@type\":\"ReadAction\",\"target\":[\"https:\/\/www.africa-press.net\/cameroun\/toutes-les-actualites\/extreme-nord-boko-haram-seme-la-terreur-au-sein-de-la-population\"]}]},{\"@type\":\"ImageObject\",\"inLanguage\":\"fr-FR\",\"@id\":\"https:\/\/www.africa-press.net\/cameroun\/toutes-les-actualites\/extreme-nord-boko-haram-seme-la-terreur-au-sein-de-la-population#primaryimage\",\"url\":\"https:\/\/static.africa-press.net\/cameroun\/sites\/57\/2022\/09\/img-6335e6a3ba881.jpg\",\"contentUrl\":\"https:\/\/static.africa-press.net\/cameroun\/sites\/57\/2022\/09\/img-6335e6a3ba881.jpg\",\"width\":800,\"height\":450,\"caption\":\"Extr\u00eame Nord: Boko-Haram s\u00e8me la terreur au sein de la population\"},{\"@type\":\"BreadcrumbList\",\"@id\":\"https:\/\/www.africa-press.net\/cameroun\/toutes-les-actualites\/extreme-nord-boko-haram-seme-la-terreur-au-sein-de-la-population#breadcrumb\",\"itemListElement\":[{\"@type\":\"ListItem\",\"position\":1,\"name\":\"Accueil\",\"item\":\"https:\/\/www.africa-press.net\/cameroun\/\"},{\"@type\":\"ListItem\",\"position\":2,\"name\":\"Extr\u00eame Nord: Boko-Haram s\u00e8me la terreur au sein de la population\"}]},{\"@type\":\"WebSite\",\"@id\":\"https:\/\/www.africa-press.net\/cameroun\/#website\",\"url\":\"https:\/\/www.africa-press.net\/cameroun\/\",\"name\":\"Cameroun\",\"description\":\"Just another Africa News Agency Sites site\",\"potentialAction\":[{\"@type\":\"SearchAction\",\"target\":{\"@type\":\"EntryPoint\",\"urlTemplate\":\"https:\/\/www.africa-press.net\/cameroun\/?s={search_term_string}\"},\"query-input\":{\"@type\":\"PropertyValueSpecification\",\"valueRequired\":true,\"valueName\":\"search_term_string\"}}],\"inLanguage\":\"fr-FR\"},{\"@type\":\"Person\",\"@id\":\"https:\/\/www.africa-press.net\/cameroun\/#\/schema\/person\/2b1cf3cd81a31e3cd26889ca66d677f1\",\"name\":\"cfeditorfr\"}]}<\/script>\n<!-- \/ Yoast SEO Premium plugin. -->","yoast_head_json":{"title":"Extr\u00eame Nord: Boko-Haram s\u00e8me la terreur au sein de la population - Cameroun","description":"10 ans apre\u0300s ses premie\u0300res incursions meurtrie\u0300res sur le territoire camerounais, la secte Boko Haram est loin d\u2019avoir ...","robots":{"index":"index","follow":"follow","max-snippet":"max-snippet:-1","max-image-preview":"max-image-preview:large","max-video-preview":"max-video-preview:-1"},"canonical":"https:\/\/www.africa-press.net\/cameroun\/toutes-les-actualites\/extreme-nord-boko-haram-seme-la-terreur-au-sein-de-la-population","og_locale":"fr_FR","og_type":"article","og_title":"Extr\u00eame Nord: Boko-Haram s\u00e8me la terreur au sein de la population","og_description":"10 ans apre\u0300s ses premie\u0300res incursions meurtrie\u0300res sur le territoire camerounais, la secte Boko Haram est loin d\u2019avoir ...","og_url":"https:\/\/www.africa-press.net\/cameroun\/toutes-les-actualites\/extreme-nord-boko-haram-seme-la-terreur-au-sein-de-la-population","og_site_name":"Cameroun","article_published_time":"2022-09-29T16:13:43+00:00","article_modified_time":"2022-09-29T18:41:04+00:00","og_image":[{"width":800,"height":450,"url":"https:\/\/static.africa-press.net\/cameroun\/sites\/57\/2022\/09\/img-6335e6a3ba881.jpg","type":"image\/jpeg"}],"author":"cfeditorfr","twitter_card":"summary_large_image","twitter_misc":{"\u00c9crit par":"cfeditorfr","Dur\u00e9e de lecture estim\u00e9e":"2 minutes"},"schema":{"@context":"https:\/\/schema.org","@graph":[{"@type":"Article","@id":"https:\/\/www.africa-press.net\/cameroun\/toutes-les-actualites\/extreme-nord-boko-haram-seme-la-terreur-au-sein-de-la-population#article","isPartOf":{"@id":"https:\/\/www.africa-press.net\/cameroun\/toutes-les-actualites\/extreme-nord-boko-haram-seme-la-terreur-au-sein-de-la-population"},"author":{"name":"cfeditorfr","@id":"https:\/\/www.africa-press.net\/cameroun\/#\/schema\/person\/2b1cf3cd81a31e3cd26889ca66d677f1"},"headline":"Extr\u00eame Nord: Boko-Haram s\u00e8me la terreur au sein de la population","datePublished":"2022-09-29T16:13:43+00:00","dateModified":"2022-09-29T18:41:04+00:00","mainEntityOfPage":{"@id":"https:\/\/www.africa-press.net\/cameroun\/toutes-les-actualites\/extreme-nord-boko-haram-seme-la-terreur-au-sein-de-la-population"},"wordCount":358,"commentCount":0,"image":{"@id":"https:\/\/www.africa-press.net\/cameroun\/toutes-les-actualites\/extreme-nord-boko-haram-seme-la-terreur-au-sein-de-la-population#primaryimage"},"thumbnailUrl":"https:\/\/static.africa-press.net\/cameroun\/sites\/57\/2022\/09\/img-6335e6a3ba881.jpg","keywords":["Africa Press","Africa Press-Cameroun","Cameroun"],"articleSection":["Communaut\u00e9","Toutes les actualit\u00e9s"],"inLanguage":"fr-FR","potentialAction":[{"@type":"CommentAction","name":"Comment","target":["https:\/\/www.africa-press.net\/cameroun\/toutes-les-actualites\/extreme-nord-boko-haram-seme-la-terreur-au-sein-de-la-population#respond"]}]},{"@type":"WebPage","@id":"https:\/\/www.africa-press.net\/cameroun\/toutes-les-actualites\/extreme-nord-boko-haram-seme-la-terreur-au-sein-de-la-population","url":"https:\/\/www.africa-press.net\/cameroun\/toutes-les-actualites\/extreme-nord-boko-haram-seme-la-terreur-au-sein-de-la-population","name":"Extr\u00eame Nord: Boko-Haram s\u00e8me la terreur au sein de la population - Cameroun","isPartOf":{"@id":"https:\/\/www.africa-press.net\/cameroun\/#website"},"primaryImageOfPage":{"@id":"https:\/\/www.africa-press.net\/cameroun\/toutes-les-actualites\/extreme-nord-boko-haram-seme-la-terreur-au-sein-de-la-population#primaryimage"},"image":{"@id":"https:\/\/www.africa-press.net\/cameroun\/toutes-les-actualites\/extreme-nord-boko-haram-seme-la-terreur-au-sein-de-la-population#primaryimage"},"thumbnailUrl":"https:\/\/static.africa-press.net\/cameroun\/sites\/57\/2022\/09\/img-6335e6a3ba881.jpg","datePublished":"2022-09-29T16:13:43+00:00","dateModified":"2022-09-29T18:41:04+00:00","author":{"@id":"https:\/\/www.africa-press.net\/cameroun\/#\/schema\/person\/2b1cf3cd81a31e3cd26889ca66d677f1"},"description":"10 ans apre\u0300s ses premie\u0300res incursions meurtrie\u0300res sur le territoire camerounais, la secte Boko Haram est loin d\u2019avoir ...","breadcrumb":{"@id":"https:\/\/www.africa-press.net\/cameroun\/toutes-les-actualites\/extreme-nord-boko-haram-seme-la-terreur-au-sein-de-la-population#breadcrumb"},"inLanguage":"fr-FR","potentialAction":[{"@type":"ReadAction","target":["https:\/\/www.africa-press.net\/cameroun\/toutes-les-actualites\/extreme-nord-boko-haram-seme-la-terreur-au-sein-de-la-population"]}]},{"@type":"ImageObject","inLanguage":"fr-FR","@id":"https:\/\/www.africa-press.net\/cameroun\/toutes-les-actualites\/extreme-nord-boko-haram-seme-la-terreur-au-sein-de-la-population#primaryimage","url":"https:\/\/static.africa-press.net\/cameroun\/sites\/57\/2022\/09\/img-6335e6a3ba881.jpg","contentUrl":"https:\/\/static.africa-press.net\/cameroun\/sites\/57\/2022\/09\/img-6335e6a3ba881.jpg","width":800,"height":450,"caption":"Extr\u00eame Nord: Boko-Haram s\u00e8me la terreur au sein de la population"},{"@type":"BreadcrumbList","@id":"https:\/\/www.africa-press.net\/cameroun\/toutes-les-actualites\/extreme-nord-boko-haram-seme-la-terreur-au-sein-de-la-population#breadcrumb","itemListElement":[{"@type":"ListItem","position":1,"name":"Accueil","item":"https:\/\/www.africa-press.net\/cameroun\/"},{"@type":"ListItem","position":2,"name":"Extr\u00eame Nord: Boko-Haram s\u00e8me la terreur au sein de la population"}]},{"@type":"WebSite","@id":"https:\/\/www.africa-press.net\/cameroun\/#website","url":"https:\/\/www.africa-press.net\/cameroun\/","name":"Cameroun","description":"Just another Africa News Agency Sites site","potentialAction":[{"@type":"SearchAction","target":{"@type":"EntryPoint","urlTemplate":"https:\/\/www.africa-press.net\/cameroun\/?s={search_term_string}"},"query-input":{"@type":"PropertyValueSpecification","valueRequired":true,"valueName":"search_term_string"}}],"inLanguage":"fr-FR"},{"@type":"Person","@id":"https:\/\/www.africa-press.net\/cameroun\/#\/schema\/person\/2b1cf3cd81a31e3cd26889ca66d677f1","name":"cfeditorfr"}]}},"_links":{"self":[{"href":"https:\/\/www.africa-press.net\/cameroun\/wp-json\/wp\/v2\/posts\/28348","targetHints":{"allow":["GET"]}}],"collection":[{"href":"https:\/\/www.africa-press.net\/cameroun\/wp-json\/wp\/v2\/posts"}],"about":[{"href":"https:\/\/www.africa-press.net\/cameroun\/wp-json\/wp\/v2\/types\/post"}],"author":[{"embeddable":true,"href":"https:\/\/www.africa-press.net\/cameroun\/wp-json\/wp\/v2\/users\/82"}],"replies":[{"embeddable":true,"href":"https:\/\/www.africa-press.net\/cameroun\/wp-json\/wp\/v2\/comments?post=28348"}],"version-history":[{"count":0,"href":"https:\/\/www.africa-press.net\/cameroun\/wp-json\/wp\/v2\/posts\/28348\/revisions"}],"wp:featuredmedia":[{"embeddable":true,"href":"https:\/\/www.africa-press.net\/cameroun\/wp-json\/wp\/v2\/media\/28347"}],"wp:attachment":[{"href":"https:\/\/www.africa-press.net\/cameroun\/wp-json\/wp\/v2\/media?parent=28348"}],"wp:term":[{"taxonomy":"category","embeddable":true,"href":"https:\/\/www.africa-press.net\/cameroun\/wp-json\/wp\/v2\/categories?post=28348"},{"taxonomy":"post_tag","embeddable":true,"href":"https:\/\/www.africa-press.net\/cameroun\/wp-json\/wp\/v2\/tags?post=28348"}],"curies":[{"name":"wp","href":"https:\/\/api.w.org\/{rel}","templated":true}]}}