{"id":28360,"date":"2022-09-29T16:43:41","date_gmt":"2022-09-29T16:43:41","guid":{"rendered":"https:\/\/www.africa-press.net\/cameroun\/politique\/cameroun-le-ministere-des-arts-et-de-la-culture-lance-un-concours-pour-la-conservation-des-archives"},"modified":"2022-09-29T18:44:03","modified_gmt":"2022-09-29T18:44:03","slug":"cameroun-le-ministere-des-arts-et-de-la-culture-lance-un-concours-pour-la-conservation-des-archives","status":"publish","type":"post","link":"https:\/\/www.africa-press.net\/cameroun\/toutes-les-actualites\/cameroun-le-ministere-des-arts-et-de-la-culture-lance-un-concours-pour-la-conservation-des-archives","title":{"rendered":"Cameroun: Le minist\u00e8re des Arts et de la culture lance un concours pour la conservation des archives"},"content":{"rendered":"<p><span style=\"color: #ff6600\"><strong>Africa-Press &#8211; Cameroun. <\/strong><\/span>Le ministre des Arts et de la culture (Minac), Bidoung Mkpatt vient de lancer un concours pour valoriser le secteur des archives. \u00ab Best Practices Archiving Award 2022 \u00bb va permettre de distinguer la meilleure entreprise dans la conservation des archives au Cameroun. Ladite compe\u0301tition vise a\u0300 mettre en avant et a\u0300 encourager les bonnes pratiques archivistiques au sein des administrations publiques, des entreprises publiques, parapubliques et prive\u0301es, outre les Collectivite\u0301s territoriales de\u0301centralise\u0301es (CTD), conforme\u0301ment aux normes et standards en la matie\u0300re.<\/p>\n<p>Les conditions et crite\u0300res d\u2019e\u0301ligibilite\u0301 sont accessibles a\u0300 l\u2019adresse : www.archivesnationales.cm .Le communique\u0301 du Minac informe que les dossiers de candidature doivent e\u0302tre envoye\u0301s exclusivement via la me\u0302me adresse e\u0301lectronique au plus tard le lundi 17 octobre 2022 a\u0300 minuit.<\/p>\n<p>Dans la plupart des pays africains, surtout francophones, l\u2019anne\u0301e 2010 a e\u0301te\u0301 celle de la ce\u0301le\u0301bration des cinquante ans de leur inde\u0301pendance. Pendant ces ce\u0301le\u0301brations, le constat ge\u0301ne\u0301ral a e\u0301te\u0301 le manque criant d\u2019archives audiovisuelles relatives a\u0300 l\u2019histoire de ces pays.<\/p>\n<p>Deux obstacles majeurs ont contribue\u0301 a\u0300 cet e\u0301tat de fait : d\u2019une part les conditions de conservation peu propices a\u0300 la pe\u0301rennite\u0301 des supports en raison des contraintes climatologiques ; d\u2019autre part le retard et la lenteur de prise de conscience lente des pouvoirs publics quant a\u0300 l\u2019importance de la question.<\/p>\n<p>Selon l\u2019article 19 de la loi du 19 de\u0301cembre 2000, toute destruction d&rsquo;archives classe\u0301es est interdite. Toutefois, lorsqu&rsquo;il apparai\u0302t lors de l&rsquo;inventaire initial d&rsquo;un fonds d&rsquo;archives, que certains documents sont de\u0301pourvus d&rsquo;inte\u0301re\u0302t historique, il peut e\u0302tre proce\u0301de\u0301 a\u0300 leur e\u0301limination suivant des conditions fixe\u0301es en accord entre le proprie\u0301taire dudit fonds et l&rsquo;administration charge\u0301e des archives.<\/p>\n<p><b>Jean Daniel Obama<\/b><\/p>\n<p><strong>Pour plus d&rsquo;informations et d&rsquo;analyses sur la <a href=\"https:\/\/www.africa-press.net\/cameroun\">Cameroun<\/a>, suivez <a href=\"https:\/\/www.africa-press.net\/\">Africa-Press<\/a><\/strong><\/p>\n","protected":false},"excerpt":{"rendered":"<p>Africa-Press &#8211; Cameroun. Le ministre des Arts et de la culture (Minac), Bidoung Mkpatt vient de lancer un concours pour valoriser le secteur des archives. \u00ab Best Practices Archiving Award 2022 \u00bb va permettre de distinguer la meilleure entreprise dans la conservation des archives au Cameroun. Ladite compe\u0301tition vise a\u0300 mettre en avant et a\u0300 [&hellip;]<\/p>\n","protected":false},"author":82,"featured_media":28359,"comment_status":"open","ping_status":"closed","sticky":false,"template":"","format":"standard","meta":{"footnotes":""},"categories":[21,10],"tags":[36,50,49],"class_list":["post-28360","post","type-post","status-publish","format-standard","has-post-thumbnail","hentry","category-communaute","category-toutes-les-actualites","tag-africa-press","tag-africa-press-cameroun","tag-cameroun"],"yoast_head":"<!-- This site is optimized with the Yoast SEO Premium plugin v26.1 (Yoast SEO v27.0) - https:\/\/yoast.com\/product\/yoast-seo-premium-wordpress\/ -->\n<title>Cameroun: Le minist\u00e8re des Arts et de la culture lance un concours pour la conservation des archives - Cameroun<\/title>\n<meta name=\"description\" content=\"Le ministre des Arts et de la culture (Minac), Bidoung Mkpatt vient de lancer un concours pour valoriser le secteur des ...\" \/>\n<meta name=\"robots\" content=\"index, follow, max-snippet:-1, max-image-preview:large, max-video-preview:-1\" \/>\n<link rel=\"canonical\" href=\"https:\/\/www.africa-press.net\/cameroun\/toutes-les-actualites\/cameroun-le-ministere-des-arts-et-de-la-culture-lance-un-concours-pour-la-conservation-des-archives\" \/>\n<meta property=\"og:locale\" content=\"fr_FR\" \/>\n<meta property=\"og:type\" content=\"article\" \/>\n<meta property=\"og:title\" content=\"Cameroun: Le minist\u00e8re des Arts et de la culture lance un concours pour la conservation des archives\" \/>\n<meta property=\"og:description\" content=\"Le ministre des Arts et de la culture (Minac), Bidoung Mkpatt vient de lancer un concours pour valoriser le secteur des ...\" \/>\n<meta property=\"og:url\" content=\"https:\/\/www.africa-press.net\/cameroun\/toutes-les-actualites\/cameroun-le-ministere-des-arts-et-de-la-culture-lance-un-concours-pour-la-conservation-des-archives\" \/>\n<meta property=\"og:site_name\" content=\"Cameroun\" \/>\n<meta property=\"article:published_time\" content=\"2022-09-29T16:43:41+00:00\" \/>\n<meta property=\"article:modified_time\" content=\"2022-09-29T18:44:03+00:00\" \/>\n<meta property=\"og:image\" content=\"https:\/\/static.africa-press.net\/cameroun\/sites\/57\/2022\/09\/img-6335e75553be8.jpg\" \/>\n\t<meta property=\"og:image:width\" content=\"800\" \/>\n\t<meta property=\"og:image:height\" content=\"532\" \/>\n\t<meta property=\"og:image:type\" content=\"image\/jpeg\" \/>\n<meta name=\"author\" content=\"cfeditorfr\" \/>\n<meta name=\"twitter:card\" content=\"summary_large_image\" \/>\n<meta name=\"twitter:label1\" content=\"\u00c9crit par\" \/>\n\t<meta name=\"twitter:data1\" content=\"cfeditorfr\" \/>\n\t<meta name=\"twitter:label2\" content=\"Dur\u00e9e de lecture estim\u00e9e\" \/>\n\t<meta name=\"twitter:data2\" content=\"2 minutes\" \/>\n<script type=\"application\/ld+json\" class=\"yoast-schema-graph\">{\"@context\":\"https:\/\/schema.org\",\"@graph\":[{\"@type\":\"Article\",\"@id\":\"https:\/\/www.africa-press.net\/cameroun\/toutes-les-actualites\/cameroun-le-ministere-des-arts-et-de-la-culture-lance-un-concours-pour-la-conservation-des-archives#article\",\"isPartOf\":{\"@id\":\"https:\/\/www.africa-press.net\/cameroun\/toutes-les-actualites\/cameroun-le-ministere-des-arts-et-de-la-culture-lance-un-concours-pour-la-conservation-des-archives\"},\"author\":{\"name\":\"cfeditorfr\",\"@id\":\"https:\/\/www.africa-press.net\/cameroun\/#\/schema\/person\/2b1cf3cd81a31e3cd26889ca66d677f1\"},\"headline\":\"Cameroun: Le minist\u00e8re des Arts et de la culture lance un concours pour la conservation des archives\",\"datePublished\":\"2022-09-29T16:43:41+00:00\",\"dateModified\":\"2022-09-29T18:44:03+00:00\",\"mainEntityOfPage\":{\"@id\":\"https:\/\/www.africa-press.net\/cameroun\/toutes-les-actualites\/cameroun-le-ministere-des-arts-et-de-la-culture-lance-un-concours-pour-la-conservation-des-archives\"},\"wordCount\":349,\"commentCount\":0,\"image\":{\"@id\":\"https:\/\/www.africa-press.net\/cameroun\/toutes-les-actualites\/cameroun-le-ministere-des-arts-et-de-la-culture-lance-un-concours-pour-la-conservation-des-archives#primaryimage\"},\"thumbnailUrl\":\"https:\/\/static.africa-press.net\/cameroun\/sites\/57\/2022\/09\/img-6335e75553be8.jpg\",\"keywords\":[\"Africa Press\",\"Africa Press-Cameroun\",\"Cameroun\"],\"articleSection\":[\"Communaut\u00e9\",\"Toutes les actualit\u00e9s\"],\"inLanguage\":\"fr-FR\",\"potentialAction\":[{\"@type\":\"CommentAction\",\"name\":\"Comment\",\"target\":[\"https:\/\/www.africa-press.net\/cameroun\/toutes-les-actualites\/cameroun-le-ministere-des-arts-et-de-la-culture-lance-un-concours-pour-la-conservation-des-archives#respond\"]}]},{\"@type\":\"WebPage\",\"@id\":\"https:\/\/www.africa-press.net\/cameroun\/toutes-les-actualites\/cameroun-le-ministere-des-arts-et-de-la-culture-lance-un-concours-pour-la-conservation-des-archives\",\"url\":\"https:\/\/www.africa-press.net\/cameroun\/toutes-les-actualites\/cameroun-le-ministere-des-arts-et-de-la-culture-lance-un-concours-pour-la-conservation-des-archives\",\"name\":\"Cameroun: Le minist\u00e8re des Arts et de la culture lance un concours pour la conservation des archives - Cameroun\",\"isPartOf\":{\"@id\":\"https:\/\/www.africa-press.net\/cameroun\/#website\"},\"primaryImageOfPage\":{\"@id\":\"https:\/\/www.africa-press.net\/cameroun\/toutes-les-actualites\/cameroun-le-ministere-des-arts-et-de-la-culture-lance-un-concours-pour-la-conservation-des-archives#primaryimage\"},\"image\":{\"@id\":\"https:\/\/www.africa-press.net\/cameroun\/toutes-les-actualites\/cameroun-le-ministere-des-arts-et-de-la-culture-lance-un-concours-pour-la-conservation-des-archives#primaryimage\"},\"thumbnailUrl\":\"https:\/\/static.africa-press.net\/cameroun\/sites\/57\/2022\/09\/img-6335e75553be8.jpg\",\"datePublished\":\"2022-09-29T16:43:41+00:00\",\"dateModified\":\"2022-09-29T18:44:03+00:00\",\"author\":{\"@id\":\"https:\/\/www.africa-press.net\/cameroun\/#\/schema\/person\/2b1cf3cd81a31e3cd26889ca66d677f1\"},\"description\":\"Le ministre des Arts et de la culture (Minac), Bidoung Mkpatt vient de lancer un concours pour valoriser le secteur des ...\",\"breadcrumb\":{\"@id\":\"https:\/\/www.africa-press.net\/cameroun\/toutes-les-actualites\/cameroun-le-ministere-des-arts-et-de-la-culture-lance-un-concours-pour-la-conservation-des-archives#breadcrumb\"},\"inLanguage\":\"fr-FR\",\"potentialAction\":[{\"@type\":\"ReadAction\",\"target\":[\"https:\/\/www.africa-press.net\/cameroun\/toutes-les-actualites\/cameroun-le-ministere-des-arts-et-de-la-culture-lance-un-concours-pour-la-conservation-des-archives\"]}]},{\"@type\":\"ImageObject\",\"inLanguage\":\"fr-FR\",\"@id\":\"https:\/\/www.africa-press.net\/cameroun\/toutes-les-actualites\/cameroun-le-ministere-des-arts-et-de-la-culture-lance-un-concours-pour-la-conservation-des-archives#primaryimage\",\"url\":\"https:\/\/static.africa-press.net\/cameroun\/sites\/57\/2022\/09\/img-6335e75553be8.jpg\",\"contentUrl\":\"https:\/\/static.africa-press.net\/cameroun\/sites\/57\/2022\/09\/img-6335e75553be8.jpg\",\"width\":800,\"height\":532,\"caption\":\"Cameroun: Le minist\u00e8re des Arts et de la culture lance un concours pour la conservation des archives\"},{\"@type\":\"BreadcrumbList\",\"@id\":\"https:\/\/www.africa-press.net\/cameroun\/toutes-les-actualites\/cameroun-le-ministere-des-arts-et-de-la-culture-lance-un-concours-pour-la-conservation-des-archives#breadcrumb\",\"itemListElement\":[{\"@type\":\"ListItem\",\"position\":1,\"name\":\"Accueil\",\"item\":\"https:\/\/www.africa-press.net\/cameroun\/\"},{\"@type\":\"ListItem\",\"position\":2,\"name\":\"Cameroun: Le minist\u00e8re des Arts et de la culture lance un concours pour la conservation des archives\"}]},{\"@type\":\"WebSite\",\"@id\":\"https:\/\/www.africa-press.net\/cameroun\/#website\",\"url\":\"https:\/\/www.africa-press.net\/cameroun\/\",\"name\":\"Cameroun\",\"description\":\"Just another Africa News Agency Sites site\",\"potentialAction\":[{\"@type\":\"SearchAction\",\"target\":{\"@type\":\"EntryPoint\",\"urlTemplate\":\"https:\/\/www.africa-press.net\/cameroun\/?s={search_term_string}\"},\"query-input\":{\"@type\":\"PropertyValueSpecification\",\"valueRequired\":true,\"valueName\":\"search_term_string\"}}],\"inLanguage\":\"fr-FR\"},{\"@type\":\"Person\",\"@id\":\"https:\/\/www.africa-press.net\/cameroun\/#\/schema\/person\/2b1cf3cd81a31e3cd26889ca66d677f1\",\"name\":\"cfeditorfr\"}]}<\/script>\n<!-- \/ Yoast SEO Premium plugin. -->","yoast_head_json":{"title":"Cameroun: Le minist\u00e8re des Arts et de la culture lance un concours pour la conservation des archives - Cameroun","description":"Le ministre des Arts et de la culture (Minac), Bidoung Mkpatt vient de lancer un concours pour valoriser le secteur des ...","robots":{"index":"index","follow":"follow","max-snippet":"max-snippet:-1","max-image-preview":"max-image-preview:large","max-video-preview":"max-video-preview:-1"},"canonical":"https:\/\/www.africa-press.net\/cameroun\/toutes-les-actualites\/cameroun-le-ministere-des-arts-et-de-la-culture-lance-un-concours-pour-la-conservation-des-archives","og_locale":"fr_FR","og_type":"article","og_title":"Cameroun: Le minist\u00e8re des Arts et de la culture lance un concours pour la conservation des archives","og_description":"Le ministre des Arts et de la culture (Minac), Bidoung Mkpatt vient de lancer un concours pour valoriser le secteur des ...","og_url":"https:\/\/www.africa-press.net\/cameroun\/toutes-les-actualites\/cameroun-le-ministere-des-arts-et-de-la-culture-lance-un-concours-pour-la-conservation-des-archives","og_site_name":"Cameroun","article_published_time":"2022-09-29T16:43:41+00:00","article_modified_time":"2022-09-29T18:44:03+00:00","og_image":[{"width":800,"height":532,"url":"https:\/\/static.africa-press.net\/cameroun\/sites\/57\/2022\/09\/img-6335e75553be8.jpg","type":"image\/jpeg"}],"author":"cfeditorfr","twitter_card":"summary_large_image","twitter_misc":{"\u00c9crit par":"cfeditorfr","Dur\u00e9e de lecture estim\u00e9e":"2 minutes"},"schema":{"@context":"https:\/\/schema.org","@graph":[{"@type":"Article","@id":"https:\/\/www.africa-press.net\/cameroun\/toutes-les-actualites\/cameroun-le-ministere-des-arts-et-de-la-culture-lance-un-concours-pour-la-conservation-des-archives#article","isPartOf":{"@id":"https:\/\/www.africa-press.net\/cameroun\/toutes-les-actualites\/cameroun-le-ministere-des-arts-et-de-la-culture-lance-un-concours-pour-la-conservation-des-archives"},"author":{"name":"cfeditorfr","@id":"https:\/\/www.africa-press.net\/cameroun\/#\/schema\/person\/2b1cf3cd81a31e3cd26889ca66d677f1"},"headline":"Cameroun: Le minist\u00e8re des Arts et de la culture lance un concours pour la conservation des archives","datePublished":"2022-09-29T16:43:41+00:00","dateModified":"2022-09-29T18:44:03+00:00","mainEntityOfPage":{"@id":"https:\/\/www.africa-press.net\/cameroun\/toutes-les-actualites\/cameroun-le-ministere-des-arts-et-de-la-culture-lance-un-concours-pour-la-conservation-des-archives"},"wordCount":349,"commentCount":0,"image":{"@id":"https:\/\/www.africa-press.net\/cameroun\/toutes-les-actualites\/cameroun-le-ministere-des-arts-et-de-la-culture-lance-un-concours-pour-la-conservation-des-archives#primaryimage"},"thumbnailUrl":"https:\/\/static.africa-press.net\/cameroun\/sites\/57\/2022\/09\/img-6335e75553be8.jpg","keywords":["Africa Press","Africa Press-Cameroun","Cameroun"],"articleSection":["Communaut\u00e9","Toutes les actualit\u00e9s"],"inLanguage":"fr-FR","potentialAction":[{"@type":"CommentAction","name":"Comment","target":["https:\/\/www.africa-press.net\/cameroun\/toutes-les-actualites\/cameroun-le-ministere-des-arts-et-de-la-culture-lance-un-concours-pour-la-conservation-des-archives#respond"]}]},{"@type":"WebPage","@id":"https:\/\/www.africa-press.net\/cameroun\/toutes-les-actualites\/cameroun-le-ministere-des-arts-et-de-la-culture-lance-un-concours-pour-la-conservation-des-archives","url":"https:\/\/www.africa-press.net\/cameroun\/toutes-les-actualites\/cameroun-le-ministere-des-arts-et-de-la-culture-lance-un-concours-pour-la-conservation-des-archives","name":"Cameroun: Le minist\u00e8re des Arts et de la culture lance un concours pour la conservation des archives - Cameroun","isPartOf":{"@id":"https:\/\/www.africa-press.net\/cameroun\/#website"},"primaryImageOfPage":{"@id":"https:\/\/www.africa-press.net\/cameroun\/toutes-les-actualites\/cameroun-le-ministere-des-arts-et-de-la-culture-lance-un-concours-pour-la-conservation-des-archives#primaryimage"},"image":{"@id":"https:\/\/www.africa-press.net\/cameroun\/toutes-les-actualites\/cameroun-le-ministere-des-arts-et-de-la-culture-lance-un-concours-pour-la-conservation-des-archives#primaryimage"},"thumbnailUrl":"https:\/\/static.africa-press.net\/cameroun\/sites\/57\/2022\/09\/img-6335e75553be8.jpg","datePublished":"2022-09-29T16:43:41+00:00","dateModified":"2022-09-29T18:44:03+00:00","author":{"@id":"https:\/\/www.africa-press.net\/cameroun\/#\/schema\/person\/2b1cf3cd81a31e3cd26889ca66d677f1"},"description":"Le ministre des Arts et de la culture (Minac), Bidoung Mkpatt vient de lancer un concours pour valoriser le secteur des ...","breadcrumb":{"@id":"https:\/\/www.africa-press.net\/cameroun\/toutes-les-actualites\/cameroun-le-ministere-des-arts-et-de-la-culture-lance-un-concours-pour-la-conservation-des-archives#breadcrumb"},"inLanguage":"fr-FR","potentialAction":[{"@type":"ReadAction","target":["https:\/\/www.africa-press.net\/cameroun\/toutes-les-actualites\/cameroun-le-ministere-des-arts-et-de-la-culture-lance-un-concours-pour-la-conservation-des-archives"]}]},{"@type":"ImageObject","inLanguage":"fr-FR","@id":"https:\/\/www.africa-press.net\/cameroun\/toutes-les-actualites\/cameroun-le-ministere-des-arts-et-de-la-culture-lance-un-concours-pour-la-conservation-des-archives#primaryimage","url":"https:\/\/static.africa-press.net\/cameroun\/sites\/57\/2022\/09\/img-6335e75553be8.jpg","contentUrl":"https:\/\/static.africa-press.net\/cameroun\/sites\/57\/2022\/09\/img-6335e75553be8.jpg","width":800,"height":532,"caption":"Cameroun: Le minist\u00e8re des Arts et de la culture lance un concours pour la conservation des archives"},{"@type":"BreadcrumbList","@id":"https:\/\/www.africa-press.net\/cameroun\/toutes-les-actualites\/cameroun-le-ministere-des-arts-et-de-la-culture-lance-un-concours-pour-la-conservation-des-archives#breadcrumb","itemListElement":[{"@type":"ListItem","position":1,"name":"Accueil","item":"https:\/\/www.africa-press.net\/cameroun\/"},{"@type":"ListItem","position":2,"name":"Cameroun: Le minist\u00e8re des Arts et de la culture lance un concours pour la conservation des archives"}]},{"@type":"WebSite","@id":"https:\/\/www.africa-press.net\/cameroun\/#website","url":"https:\/\/www.africa-press.net\/cameroun\/","name":"Cameroun","description":"Just another Africa News Agency Sites site","potentialAction":[{"@type":"SearchAction","target":{"@type":"EntryPoint","urlTemplate":"https:\/\/www.africa-press.net\/cameroun\/?s={search_term_string}"},"query-input":{"@type":"PropertyValueSpecification","valueRequired":true,"valueName":"search_term_string"}}],"inLanguage":"fr-FR"},{"@type":"Person","@id":"https:\/\/www.africa-press.net\/cameroun\/#\/schema\/person\/2b1cf3cd81a31e3cd26889ca66d677f1","name":"cfeditorfr"}]}},"_links":{"self":[{"href":"https:\/\/www.africa-press.net\/cameroun\/wp-json\/wp\/v2\/posts\/28360","targetHints":{"allow":["GET"]}}],"collection":[{"href":"https:\/\/www.africa-press.net\/cameroun\/wp-json\/wp\/v2\/posts"}],"about":[{"href":"https:\/\/www.africa-press.net\/cameroun\/wp-json\/wp\/v2\/types\/post"}],"author":[{"embeddable":true,"href":"https:\/\/www.africa-press.net\/cameroun\/wp-json\/wp\/v2\/users\/82"}],"replies":[{"embeddable":true,"href":"https:\/\/www.africa-press.net\/cameroun\/wp-json\/wp\/v2\/comments?post=28360"}],"version-history":[{"count":0,"href":"https:\/\/www.africa-press.net\/cameroun\/wp-json\/wp\/v2\/posts\/28360\/revisions"}],"wp:featuredmedia":[{"embeddable":true,"href":"https:\/\/www.africa-press.net\/cameroun\/wp-json\/wp\/v2\/media\/28359"}],"wp:attachment":[{"href":"https:\/\/www.africa-press.net\/cameroun\/wp-json\/wp\/v2\/media?parent=28360"}],"wp:term":[{"taxonomy":"category","embeddable":true,"href":"https:\/\/www.africa-press.net\/cameroun\/wp-json\/wp\/v2\/categories?post=28360"},{"taxonomy":"post_tag","embeddable":true,"href":"https:\/\/www.africa-press.net\/cameroun\/wp-json\/wp\/v2\/tags?post=28360"}],"curies":[{"name":"wp","href":"https:\/\/api.w.org\/{rel}","templated":true}]}}