{"id":28363,"date":"2022-09-29T16:49:21","date_gmt":"2022-09-29T16:49:21","guid":{"rendered":"https:\/\/www.africa-press.net\/cameroun\/politique\/deces-damadou-ali-lopposant-parfait-mbvoum-declare-que-le-defunt-netait-pas-un-grand-homme-detat"},"modified":"2022-09-29T18:44:41","modified_gmt":"2022-09-29T18:44:41","slug":"deces-damadou-ali-lopposant-parfait-mbvoum-declare-que-le-defunt-netait-pas-un-grand-homme-detat","status":"publish","type":"post","link":"https:\/\/www.africa-press.net\/cameroun\/dossiers\/deces-damadou-ali-lopposant-parfait-mbvoum-declare-que-le-defunt-netait-pas-un-grand-homme-detat","title":{"rendered":"D\u00e9c\u00e8s d\u2019Amadou Ali: L\u2019opposant Parfait Mbvoum d\u00e9clare que le d\u00e9funt \u00abn&rsquo;\u00e9tait pas un grand homme D&rsquo;Etat\u00bb"},"content":{"rendered":"<p><span style=\"color: #ff6600\"><strong>Africa-Press &#8211; Cameroun. <\/strong><\/span>Alors que les hommages a\u0300 Amadou Ali se multiplient, certains le pre\u0301sentant comme un illustre homme d\u2019Etat, l\u2019opposant Parfait Mbvoum se met loin du concert d\u2019e\u0301loges. Le vice-pre\u0301sident du Social Democratic Front (SDF) de\u0301clare dans une publication poste\u0301e sur son compte Facebook ce 29 Septembre que le vice-premier ministre de\u0301ce\u0301de\u0301 le 27 Septembre 2022 ne me\u0301ritait pas que l\u2019on le pre\u0301sente comme \u00ab un grand homme d\u2019Etat \u00bb.<\/p>\n<p>L\u2019opposant radical au re\u0301gime Biya de\u0301finit les crite\u0300res qui octroient ce statut. \u00ab Qu\u2019 &lsquo;a-t-il fait pour qu&rsquo;il soit un grand homme D&rsquo;Etat ? Quelle plus-value a-t- il apporte\u0301 pour l&rsquo;avenir du Cameroun ? A t-il e\u0301te\u0301 torture\u0301, emprisonne\u0301 ou cha\u0302tie\u0301 pour ses ide\u0301es politiques ? A- t- il de\u0301fendu les leaders politiques ou de la socie\u0301te\u0301 civile une seule fois ? A-t-il e\u0301crit un ouvrage d&rsquo;homme D&rsquo;Etat ? Un faucon du syste\u0300me Biya peut-il e\u0302tre un grand homme D&rsquo;Etat ? \u00bb, se demande Aloys Parfait Mbvoum dans la premie\u0300re partie de sa re\u0301flexion intitule\u0301e \u00ab Non ! Ali n&rsquo;e\u0301tait pas un grand homme D&rsquo;Etat \u00bb.<\/p>\n<p><b>Voici le texte inte\u0301gral de l\u2019avis de Parfait Mbvoum sur les hommages a\u0300 Amadou Ali<\/b><\/p>\n<p>Non ! Ali n&rsquo;e\u0301tait pas un grand homme D&rsquo;Etat<\/p>\n<p>.<\/p>\n<p>Je lis c\u0327a\u0300 et la\u0300, me\u0302me de mes compagnons de lutte politique, que le Ministre Amadou Ali e\u0301tait un grand homme D&rsquo;Etat . Est-ce parce-que les e\u0301loges sont funestes qu&rsquo;on le dit ?<\/p>\n<p>Qu\u2019 &lsquo;a-t-il fait pour qu&rsquo;il soit un grand homme D&rsquo;Etat ? Quelle plus-value a-t- il apporte\u0301 pour l&rsquo;avenir du Cameroun ? A t-il e\u0301te\u0301 torture\u0301, emprisonne\u0301 ou cha\u0302tie\u0301 pour ses ide\u0301es politiques ? A- t- il de\u0301fendu les leaders politiques ou de la socie\u0301te\u0301 civile une seule fois ? A-t-il e\u0301crit un ouvrage d&rsquo;homme D&rsquo;Etat ?<\/p>\n<p>Un faucon du syste\u0300me Biya peut-il e\u0302tre un grand homme D&rsquo;Etat ?<\/p>\n<p>Non ! arre\u0302tons de faire des te\u0301moignages hypocrites a\u0300 la suite des de\u0301ce\u0300s des tortionnaires de la Re\u0301publique &#8230;<\/p>\n<p>Demain, vous nous direz que Mebe Ngo, Jean De Dieu Momo, Atanga Nji, Cavaye et toute cette cohorte de ministres, qui ne font que tout pour leur ventre, celui de leur mentor et de leur syste\u0300me sont des hommes D&rsquo;Etat ?<\/p>\n<p>Des be\u0301ni oui-oui, des acteurs d&rsquo;un syste\u0300me cruel comme celui ci ne sauraient e\u0302tre transforme\u0301s en grands hommes d&rsquo;Etat au lendemain de leur disparition !<\/p>\n<p>aucun grand homme D&rsquo;Etat, ne se cache derrie\u0300re un autre pour se mouvoir. Aucun grand homme D&rsquo;Etat politique ne cache son ambition jusqu&rsquo;a\u0300 sa mort. Aucun grand homme d&rsquo;Etat ne laisse un peuple en pa\u0302ture bouche cousue .<\/p>\n<p>Servir un homme, mauvais gestionnaire de la Re\u0301publique, avec loyaute\u0301 est aux antipodes des grands hommes D&rsquo;Etat . Les vrais hommes D&rsquo;Etat savent dire ouvertement non a\u0300 un moment donne\u0301, et ne sont pas des danseurs permanents avec des missions obscures comme celles que faisaient le de\u0301funt&#8230;<\/p>\n<p>Non ! Amadou Aly n&rsquo;e\u0301tait pas un grand homme d&rsquo;Etat. Peut e\u0302tre le sera- t- il a\u0300 sa re\u0301surrection. Que son a\u0302me repose en paix et que Dieu le pardonne d&rsquo;avoir contribuer a\u0300 la mise\u0300re des Camerounais pendant plus de 40 ans<\/p>\n<p>Parfait Mbvoum<\/p>\n<p>Vice Pre\u0301sident Re\u0301gional SDF Centre 651737534<\/p>\n<p><strong>Pour plus d&rsquo;informations et d&rsquo;analyses sur la <a href=\"https:\/\/www.africa-press.net\/cameroun\">Cameroun<\/a>, suivez <a href=\"https:\/\/www.africa-press.net\/\">Africa-Press<\/a><\/strong><\/p>\n","protected":false},"excerpt":{"rendered":"<p>Africa-Press &#8211; Cameroun. Alors que les hommages a\u0300 Amadou Ali se multiplient, certains le pre\u0301sentant comme un illustre homme d\u2019Etat, l\u2019opposant Parfait Mbvoum se met loin du concert d\u2019e\u0301loges. Le vice-pre\u0301sident du Social Democratic Front (SDF) de\u0301clare dans une publication poste\u0301e sur son compte Facebook ce 29 Septembre que le vice-premier ministre de\u0301ce\u0301de\u0301 le 27 [&hellip;]<\/p>\n","protected":false},"author":82,"featured_media":28362,"comment_status":"open","ping_status":"closed","sticky":false,"template":"","format":"standard","meta":{"footnotes":""},"categories":[7,10],"tags":[36,50,49],"class_list":["post-28363","post","type-post","status-publish","format-standard","has-post-thumbnail","hentry","category-dossiers","category-toutes-les-actualites","tag-africa-press","tag-africa-press-cameroun","tag-cameroun"],"yoast_head":"<!-- This site is optimized with the Yoast SEO Premium plugin v26.1 (Yoast SEO v27.0) - https:\/\/yoast.com\/product\/yoast-seo-premium-wordpress\/ -->\n<title>D\u00e9c\u00e8s d\u2019Amadou Ali: L\u2019opposant Parfait Mbvoum d\u00e9clare que le d\u00e9funt \u00abn&#039;\u00e9tait pas un grand homme D&#039;Etat\u00bb - Cameroun<\/title>\n<meta name=\"description\" content=\"Alors que les hommages a\u0300 Amadou Ali se multiplient, certains le pre\u0301sentant comme un illustre homme d\u2019Etat, l\u2019opposant ...\" \/>\n<meta name=\"robots\" content=\"index, follow, max-snippet:-1, max-image-preview:large, max-video-preview:-1\" \/>\n<link rel=\"canonical\" href=\"https:\/\/www.africa-press.net\/cameroun\/dossiers\/deces-damadou-ali-lopposant-parfait-mbvoum-declare-que-le-defunt-netait-pas-un-grand-homme-detat\" \/>\n<meta property=\"og:locale\" content=\"fr_FR\" \/>\n<meta property=\"og:type\" content=\"article\" \/>\n<meta property=\"og:title\" content=\"D\u00e9c\u00e8s d\u2019Amadou Ali: L\u2019opposant Parfait Mbvoum d\u00e9clare que le d\u00e9funt \u00abn&#039;\u00e9tait pas un grand homme D&#039;Etat\u00bb\" \/>\n<meta property=\"og:description\" content=\"Alors que les hommages a\u0300 Amadou Ali se multiplient, certains le pre\u0301sentant comme un illustre homme d\u2019Etat, l\u2019opposant ...\" \/>\n<meta property=\"og:url\" content=\"https:\/\/www.africa-press.net\/cameroun\/dossiers\/deces-damadou-ali-lopposant-parfait-mbvoum-declare-que-le-defunt-netait-pas-un-grand-homme-detat\" \/>\n<meta property=\"og:site_name\" content=\"Cameroun\" \/>\n<meta property=\"article:published_time\" content=\"2022-09-29T16:49:21+00:00\" \/>\n<meta property=\"article:modified_time\" content=\"2022-09-29T18:44:41+00:00\" \/>\n<meta property=\"og:image\" content=\"https:\/\/static.africa-press.net\/cameroun\/sites\/57\/2022\/09\/img-6335e77ce3b24.jpg\" \/>\n\t<meta property=\"og:image:width\" content=\"800\" \/>\n\t<meta property=\"og:image:height\" content=\"800\" \/>\n\t<meta property=\"og:image:type\" content=\"image\/jpeg\" \/>\n<meta name=\"author\" content=\"cfeditorfr\" \/>\n<meta name=\"twitter:card\" content=\"summary_large_image\" \/>\n<meta name=\"twitter:label1\" content=\"\u00c9crit par\" \/>\n\t<meta name=\"twitter:data1\" content=\"cfeditorfr\" \/>\n\t<meta name=\"twitter:label2\" content=\"Dur\u00e9e de lecture estim\u00e9e\" \/>\n\t<meta name=\"twitter:data2\" content=\"3 minutes\" \/>\n<script type=\"application\/ld+json\" class=\"yoast-schema-graph\">{\"@context\":\"https:\/\/schema.org\",\"@graph\":[{\"@type\":\"Article\",\"@id\":\"https:\/\/www.africa-press.net\/cameroun\/dossiers\/deces-damadou-ali-lopposant-parfait-mbvoum-declare-que-le-defunt-netait-pas-un-grand-homme-detat#article\",\"isPartOf\":{\"@id\":\"https:\/\/www.africa-press.net\/cameroun\/dossiers\/deces-damadou-ali-lopposant-parfait-mbvoum-declare-que-le-defunt-netait-pas-un-grand-homme-detat\"},\"author\":{\"name\":\"cfeditorfr\",\"@id\":\"https:\/\/www.africa-press.net\/cameroun\/#\/schema\/person\/2b1cf3cd81a31e3cd26889ca66d677f1\"},\"headline\":\"D\u00e9c\u00e8s d\u2019Amadou Ali: L\u2019opposant Parfait Mbvoum d\u00e9clare que le d\u00e9funt \u00abn&rsquo;\u00e9tait pas un grand homme D&rsquo;Etat\u00bb\",\"datePublished\":\"2022-09-29T16:49:21+00:00\",\"dateModified\":\"2022-09-29T18:44:41+00:00\",\"mainEntityOfPage\":{\"@id\":\"https:\/\/www.africa-press.net\/cameroun\/dossiers\/deces-damadou-ali-lopposant-parfait-mbvoum-declare-que-le-defunt-netait-pas-un-grand-homme-detat\"},\"wordCount\":620,\"commentCount\":0,\"image\":{\"@id\":\"https:\/\/www.africa-press.net\/cameroun\/dossiers\/deces-damadou-ali-lopposant-parfait-mbvoum-declare-que-le-defunt-netait-pas-un-grand-homme-detat#primaryimage\"},\"thumbnailUrl\":\"https:\/\/static.africa-press.net\/cameroun\/sites\/57\/2022\/09\/img-6335e77ce3b24.jpg\",\"keywords\":[\"Africa Press\",\"Africa Press-Cameroun\",\"Cameroun\"],\"articleSection\":[\"Dossiers\",\"Toutes les actualit\u00e9s\"],\"inLanguage\":\"fr-FR\",\"potentialAction\":[{\"@type\":\"CommentAction\",\"name\":\"Comment\",\"target\":[\"https:\/\/www.africa-press.net\/cameroun\/dossiers\/deces-damadou-ali-lopposant-parfait-mbvoum-declare-que-le-defunt-netait-pas-un-grand-homme-detat#respond\"]}]},{\"@type\":\"WebPage\",\"@id\":\"https:\/\/www.africa-press.net\/cameroun\/dossiers\/deces-damadou-ali-lopposant-parfait-mbvoum-declare-que-le-defunt-netait-pas-un-grand-homme-detat\",\"url\":\"https:\/\/www.africa-press.net\/cameroun\/dossiers\/deces-damadou-ali-lopposant-parfait-mbvoum-declare-que-le-defunt-netait-pas-un-grand-homme-detat\",\"name\":\"D\u00e9c\u00e8s d\u2019Amadou Ali: L\u2019opposant Parfait Mbvoum d\u00e9clare que le d\u00e9funt \u00abn'\u00e9tait pas un grand homme D'Etat\u00bb - Cameroun\",\"isPartOf\":{\"@id\":\"https:\/\/www.africa-press.net\/cameroun\/#website\"},\"primaryImageOfPage\":{\"@id\":\"https:\/\/www.africa-press.net\/cameroun\/dossiers\/deces-damadou-ali-lopposant-parfait-mbvoum-declare-que-le-defunt-netait-pas-un-grand-homme-detat#primaryimage\"},\"image\":{\"@id\":\"https:\/\/www.africa-press.net\/cameroun\/dossiers\/deces-damadou-ali-lopposant-parfait-mbvoum-declare-que-le-defunt-netait-pas-un-grand-homme-detat#primaryimage\"},\"thumbnailUrl\":\"https:\/\/static.africa-press.net\/cameroun\/sites\/57\/2022\/09\/img-6335e77ce3b24.jpg\",\"datePublished\":\"2022-09-29T16:49:21+00:00\",\"dateModified\":\"2022-09-29T18:44:41+00:00\",\"author\":{\"@id\":\"https:\/\/www.africa-press.net\/cameroun\/#\/schema\/person\/2b1cf3cd81a31e3cd26889ca66d677f1\"},\"description\":\"Alors que les hommages a\u0300 Amadou Ali se multiplient, certains le pre\u0301sentant comme un illustre homme d\u2019Etat, l\u2019opposant ...\",\"breadcrumb\":{\"@id\":\"https:\/\/www.africa-press.net\/cameroun\/dossiers\/deces-damadou-ali-lopposant-parfait-mbvoum-declare-que-le-defunt-netait-pas-un-grand-homme-detat#breadcrumb\"},\"inLanguage\":\"fr-FR\",\"potentialAction\":[{\"@type\":\"ReadAction\",\"target\":[\"https:\/\/www.africa-press.net\/cameroun\/dossiers\/deces-damadou-ali-lopposant-parfait-mbvoum-declare-que-le-defunt-netait-pas-un-grand-homme-detat\"]}]},{\"@type\":\"ImageObject\",\"inLanguage\":\"fr-FR\",\"@id\":\"https:\/\/www.africa-press.net\/cameroun\/dossiers\/deces-damadou-ali-lopposant-parfait-mbvoum-declare-que-le-defunt-netait-pas-un-grand-homme-detat#primaryimage\",\"url\":\"https:\/\/static.africa-press.net\/cameroun\/sites\/57\/2022\/09\/img-6335e77ce3b24.jpg\",\"contentUrl\":\"https:\/\/static.africa-press.net\/cameroun\/sites\/57\/2022\/09\/img-6335e77ce3b24.jpg\",\"width\":800,\"height\":800,\"caption\":\"D\u00e9c\u00e8s d\u2019Amadou Ali: L\u2019opposant Parfait Mbvoum d\u00e9clare que le d\u00e9funt \u00abn'\u00e9tait pas un grand homme D'Etat\u00bb\"},{\"@type\":\"BreadcrumbList\",\"@id\":\"https:\/\/www.africa-press.net\/cameroun\/dossiers\/deces-damadou-ali-lopposant-parfait-mbvoum-declare-que-le-defunt-netait-pas-un-grand-homme-detat#breadcrumb\",\"itemListElement\":[{\"@type\":\"ListItem\",\"position\":1,\"name\":\"Accueil\",\"item\":\"https:\/\/www.africa-press.net\/cameroun\/\"},{\"@type\":\"ListItem\",\"position\":2,\"name\":\"D\u00e9c\u00e8s d\u2019Amadou Ali: L\u2019opposant Parfait Mbvoum d\u00e9clare que le d\u00e9funt \u00abn&#8217;\u00e9tait pas un grand homme D&#8217;Etat\u00bb\"}]},{\"@type\":\"WebSite\",\"@id\":\"https:\/\/www.africa-press.net\/cameroun\/#website\",\"url\":\"https:\/\/www.africa-press.net\/cameroun\/\",\"name\":\"Cameroun\",\"description\":\"Just another Africa News Agency Sites site\",\"potentialAction\":[{\"@type\":\"SearchAction\",\"target\":{\"@type\":\"EntryPoint\",\"urlTemplate\":\"https:\/\/www.africa-press.net\/cameroun\/?s={search_term_string}\"},\"query-input\":{\"@type\":\"PropertyValueSpecification\",\"valueRequired\":true,\"valueName\":\"search_term_string\"}}],\"inLanguage\":\"fr-FR\"},{\"@type\":\"Person\",\"@id\":\"https:\/\/www.africa-press.net\/cameroun\/#\/schema\/person\/2b1cf3cd81a31e3cd26889ca66d677f1\",\"name\":\"cfeditorfr\"}]}<\/script>\n<!-- \/ Yoast SEO Premium plugin. -->","yoast_head_json":{"title":"D\u00e9c\u00e8s d\u2019Amadou Ali: L\u2019opposant Parfait Mbvoum d\u00e9clare que le d\u00e9funt \u00abn'\u00e9tait pas un grand homme D'Etat\u00bb - Cameroun","description":"Alors que les hommages a\u0300 Amadou Ali se multiplient, certains le pre\u0301sentant comme un illustre homme d\u2019Etat, l\u2019opposant ...","robots":{"index":"index","follow":"follow","max-snippet":"max-snippet:-1","max-image-preview":"max-image-preview:large","max-video-preview":"max-video-preview:-1"},"canonical":"https:\/\/www.africa-press.net\/cameroun\/dossiers\/deces-damadou-ali-lopposant-parfait-mbvoum-declare-que-le-defunt-netait-pas-un-grand-homme-detat","og_locale":"fr_FR","og_type":"article","og_title":"D\u00e9c\u00e8s d\u2019Amadou Ali: L\u2019opposant Parfait Mbvoum d\u00e9clare que le d\u00e9funt \u00abn'\u00e9tait pas un grand homme D'Etat\u00bb","og_description":"Alors que les hommages a\u0300 Amadou Ali se multiplient, certains le pre\u0301sentant comme un illustre homme d\u2019Etat, l\u2019opposant ...","og_url":"https:\/\/www.africa-press.net\/cameroun\/dossiers\/deces-damadou-ali-lopposant-parfait-mbvoum-declare-que-le-defunt-netait-pas-un-grand-homme-detat","og_site_name":"Cameroun","article_published_time":"2022-09-29T16:49:21+00:00","article_modified_time":"2022-09-29T18:44:41+00:00","og_image":[{"width":800,"height":800,"url":"https:\/\/static.africa-press.net\/cameroun\/sites\/57\/2022\/09\/img-6335e77ce3b24.jpg","type":"image\/jpeg"}],"author":"cfeditorfr","twitter_card":"summary_large_image","twitter_misc":{"\u00c9crit par":"cfeditorfr","Dur\u00e9e de lecture estim\u00e9e":"3 minutes"},"schema":{"@context":"https:\/\/schema.org","@graph":[{"@type":"Article","@id":"https:\/\/www.africa-press.net\/cameroun\/dossiers\/deces-damadou-ali-lopposant-parfait-mbvoum-declare-que-le-defunt-netait-pas-un-grand-homme-detat#article","isPartOf":{"@id":"https:\/\/www.africa-press.net\/cameroun\/dossiers\/deces-damadou-ali-lopposant-parfait-mbvoum-declare-que-le-defunt-netait-pas-un-grand-homme-detat"},"author":{"name":"cfeditorfr","@id":"https:\/\/www.africa-press.net\/cameroun\/#\/schema\/person\/2b1cf3cd81a31e3cd26889ca66d677f1"},"headline":"D\u00e9c\u00e8s d\u2019Amadou Ali: L\u2019opposant Parfait Mbvoum d\u00e9clare que le d\u00e9funt \u00abn&rsquo;\u00e9tait pas un grand homme D&rsquo;Etat\u00bb","datePublished":"2022-09-29T16:49:21+00:00","dateModified":"2022-09-29T18:44:41+00:00","mainEntityOfPage":{"@id":"https:\/\/www.africa-press.net\/cameroun\/dossiers\/deces-damadou-ali-lopposant-parfait-mbvoum-declare-que-le-defunt-netait-pas-un-grand-homme-detat"},"wordCount":620,"commentCount":0,"image":{"@id":"https:\/\/www.africa-press.net\/cameroun\/dossiers\/deces-damadou-ali-lopposant-parfait-mbvoum-declare-que-le-defunt-netait-pas-un-grand-homme-detat#primaryimage"},"thumbnailUrl":"https:\/\/static.africa-press.net\/cameroun\/sites\/57\/2022\/09\/img-6335e77ce3b24.jpg","keywords":["Africa Press","Africa Press-Cameroun","Cameroun"],"articleSection":["Dossiers","Toutes les actualit\u00e9s"],"inLanguage":"fr-FR","potentialAction":[{"@type":"CommentAction","name":"Comment","target":["https:\/\/www.africa-press.net\/cameroun\/dossiers\/deces-damadou-ali-lopposant-parfait-mbvoum-declare-que-le-defunt-netait-pas-un-grand-homme-detat#respond"]}]},{"@type":"WebPage","@id":"https:\/\/www.africa-press.net\/cameroun\/dossiers\/deces-damadou-ali-lopposant-parfait-mbvoum-declare-que-le-defunt-netait-pas-un-grand-homme-detat","url":"https:\/\/www.africa-press.net\/cameroun\/dossiers\/deces-damadou-ali-lopposant-parfait-mbvoum-declare-que-le-defunt-netait-pas-un-grand-homme-detat","name":"D\u00e9c\u00e8s d\u2019Amadou Ali: L\u2019opposant Parfait Mbvoum d\u00e9clare que le d\u00e9funt \u00abn'\u00e9tait pas un grand homme D'Etat\u00bb - Cameroun","isPartOf":{"@id":"https:\/\/www.africa-press.net\/cameroun\/#website"},"primaryImageOfPage":{"@id":"https:\/\/www.africa-press.net\/cameroun\/dossiers\/deces-damadou-ali-lopposant-parfait-mbvoum-declare-que-le-defunt-netait-pas-un-grand-homme-detat#primaryimage"},"image":{"@id":"https:\/\/www.africa-press.net\/cameroun\/dossiers\/deces-damadou-ali-lopposant-parfait-mbvoum-declare-que-le-defunt-netait-pas-un-grand-homme-detat#primaryimage"},"thumbnailUrl":"https:\/\/static.africa-press.net\/cameroun\/sites\/57\/2022\/09\/img-6335e77ce3b24.jpg","datePublished":"2022-09-29T16:49:21+00:00","dateModified":"2022-09-29T18:44:41+00:00","author":{"@id":"https:\/\/www.africa-press.net\/cameroun\/#\/schema\/person\/2b1cf3cd81a31e3cd26889ca66d677f1"},"description":"Alors que les hommages a\u0300 Amadou Ali se multiplient, certains le pre\u0301sentant comme un illustre homme d\u2019Etat, l\u2019opposant ...","breadcrumb":{"@id":"https:\/\/www.africa-press.net\/cameroun\/dossiers\/deces-damadou-ali-lopposant-parfait-mbvoum-declare-que-le-defunt-netait-pas-un-grand-homme-detat#breadcrumb"},"inLanguage":"fr-FR","potentialAction":[{"@type":"ReadAction","target":["https:\/\/www.africa-press.net\/cameroun\/dossiers\/deces-damadou-ali-lopposant-parfait-mbvoum-declare-que-le-defunt-netait-pas-un-grand-homme-detat"]}]},{"@type":"ImageObject","inLanguage":"fr-FR","@id":"https:\/\/www.africa-press.net\/cameroun\/dossiers\/deces-damadou-ali-lopposant-parfait-mbvoum-declare-que-le-defunt-netait-pas-un-grand-homme-detat#primaryimage","url":"https:\/\/static.africa-press.net\/cameroun\/sites\/57\/2022\/09\/img-6335e77ce3b24.jpg","contentUrl":"https:\/\/static.africa-press.net\/cameroun\/sites\/57\/2022\/09\/img-6335e77ce3b24.jpg","width":800,"height":800,"caption":"D\u00e9c\u00e8s d\u2019Amadou Ali: L\u2019opposant Parfait Mbvoum d\u00e9clare que le d\u00e9funt \u00abn'\u00e9tait pas un grand homme D'Etat\u00bb"},{"@type":"BreadcrumbList","@id":"https:\/\/www.africa-press.net\/cameroun\/dossiers\/deces-damadou-ali-lopposant-parfait-mbvoum-declare-que-le-defunt-netait-pas-un-grand-homme-detat#breadcrumb","itemListElement":[{"@type":"ListItem","position":1,"name":"Accueil","item":"https:\/\/www.africa-press.net\/cameroun\/"},{"@type":"ListItem","position":2,"name":"D\u00e9c\u00e8s d\u2019Amadou Ali: L\u2019opposant Parfait Mbvoum d\u00e9clare que le d\u00e9funt \u00abn&#8217;\u00e9tait pas un grand homme D&#8217;Etat\u00bb"}]},{"@type":"WebSite","@id":"https:\/\/www.africa-press.net\/cameroun\/#website","url":"https:\/\/www.africa-press.net\/cameroun\/","name":"Cameroun","description":"Just another Africa News Agency Sites site","potentialAction":[{"@type":"SearchAction","target":{"@type":"EntryPoint","urlTemplate":"https:\/\/www.africa-press.net\/cameroun\/?s={search_term_string}"},"query-input":{"@type":"PropertyValueSpecification","valueRequired":true,"valueName":"search_term_string"}}],"inLanguage":"fr-FR"},{"@type":"Person","@id":"https:\/\/www.africa-press.net\/cameroun\/#\/schema\/person\/2b1cf3cd81a31e3cd26889ca66d677f1","name":"cfeditorfr"}]}},"_links":{"self":[{"href":"https:\/\/www.africa-press.net\/cameroun\/wp-json\/wp\/v2\/posts\/28363","targetHints":{"allow":["GET"]}}],"collection":[{"href":"https:\/\/www.africa-press.net\/cameroun\/wp-json\/wp\/v2\/posts"}],"about":[{"href":"https:\/\/www.africa-press.net\/cameroun\/wp-json\/wp\/v2\/types\/post"}],"author":[{"embeddable":true,"href":"https:\/\/www.africa-press.net\/cameroun\/wp-json\/wp\/v2\/users\/82"}],"replies":[{"embeddable":true,"href":"https:\/\/www.africa-press.net\/cameroun\/wp-json\/wp\/v2\/comments?post=28363"}],"version-history":[{"count":0,"href":"https:\/\/www.africa-press.net\/cameroun\/wp-json\/wp\/v2\/posts\/28363\/revisions"}],"wp:featuredmedia":[{"embeddable":true,"href":"https:\/\/www.africa-press.net\/cameroun\/wp-json\/wp\/v2\/media\/28362"}],"wp:attachment":[{"href":"https:\/\/www.africa-press.net\/cameroun\/wp-json\/wp\/v2\/media?parent=28363"}],"wp:term":[{"taxonomy":"category","embeddable":true,"href":"https:\/\/www.africa-press.net\/cameroun\/wp-json\/wp\/v2\/categories?post=28363"},{"taxonomy":"post_tag","embeddable":true,"href":"https:\/\/www.africa-press.net\/cameroun\/wp-json\/wp\/v2\/tags?post=28363"}],"curies":[{"name":"wp","href":"https:\/\/api.w.org\/{rel}","templated":true}]}}