{"id":28378,"date":"2022-09-29T17:29:24","date_gmt":"2022-09-29T17:29:24","guid":{"rendered":"https:\/\/www.africa-press.net\/cameroun\/politique\/mines-et-numerique-le-quebec-ouvre-une-representation-economique-a-douala-pour-conquerir-les-marches-camerounais-et-gabonais"},"modified":"2022-09-29T18:47:40","modified_gmt":"2022-09-29T18:47:40","slug":"mines-et-numerique-le-quebec-ouvre-une-representation-economique-a-douala-pour-conquerir-les-marches-camerounais-et-gabonais","status":"publish","type":"post","link":"https:\/\/www.africa-press.net\/cameroun\/economie\/mines-et-numerique-le-quebec-ouvre-une-representation-economique-a-douala-pour-conquerir-les-marches-camerounais-et-gabonais","title":{"rendered":"Mines et num\u00e9rique\u00a0: le Qu\u00e9bec ouvre une repr\u00e9sentation \u00e9conomique \u00e0 Douala pour conqu\u00e9rir les march\u00e9s camerounais et gabonais"},"content":{"rendered":"<p><span style=\"color: #ff6600\"><strong>Africa-Press &#8211; Cameroun. <\/strong><\/span>Investir au Cameroun) &#8211; Le Que\u0301bec, province francophone du Canada, vient de se lancer a\u0300 la conque\u0302te des marche\u0301s camerounais et gabonais en ouvrant une repre\u0301sentation e\u0301conomique a\u0300 Douala, capitale e\u0301conomique du Cameroun, pre\u0301sente\u0301 officiellement le 28 septembre.<\/p>\n<p>\u00ab L\u2019expertise que\u0301be\u0301coise c\u2019est le secteur minier, l\u2019infrastructure, le nume\u0301rique, les te\u0301le\u0301coms. On cherche vraiment des partenariats avec des entreprises locales dans ces secteurs. Mon ro\u0302le c\u2019est d\u2019e\u0302tre le point de contact, le point focal, en aidant les entreprises que\u0301be\u0301coises qui veulent venir au Cameroun. Mon ro\u0302le c\u2019est aussi d\u2019aider les entreprises camerounaises en leur trouvant des partenaires fiables au Que\u0301bec \u00bb, a explique\u0301 Sandra Gouadjio (photo), l\u2019attache\u0301e aux affaires e\u0301conomiques de la nouvelle repre\u0301sentation.<\/p>\n<p>Elle ajoute qu\u2019elle aura e\u0301galement pour ro\u0302le de prospecter le marche\u0301 gabonais ou\u0300 le Que\u0301bec cible a\u0300 peu pre\u0300s les me\u0302mes secteurs qu\u2019au Cameroun en y ajoutant, la filie\u0300re agroalimentaire et le secteur des services. Ainsi, a\u0300 partir de Douala, Mme Gouadjio entend ope\u0301rer une repre\u0301sentation qui fera un suivi de proximite\u0301. \u00ab Je suis la\u0300 pour regarder le marche\u0301 et savoir comment investir. On pourra donner des informations claires aux entreprises canadiennes qui veulent investir au Cameroun ou au Gabon et les accompagner \u00bb, pre\u0301cise-t-elle.<\/p>\n<p>A\u0300 la question de savoir les motivations de cette offensive commerciale dans la sous-re\u0301gion Cemac (Cameroun, Centrafrique, Congo, Gabon, Guine\u0301e e\u0301quatoriale et Tchad), l\u2019attache\u0301e aux affaires e\u0301conomiques explique qu\u2019avant, le Que\u0301bec privile\u0301giait beaucoup plus la coope\u0301ration. De\u0301sormais, c\u2019est la phase des e\u0301changes e\u0301conomiques. \u00ab Ce sont des e\u0301changes gagnant-gagnant. L\u2019Afrique, le Cameroun n\u2019a plus besoin de coope\u0301ration ou qu\u2019on vienne lui donner a\u0300 manger. Il faut de\u0301sormais des investissements dans les deux sens \u00bb, affirme la responsable.<\/p>\n<p>Le Canada lance une offensive commerciale au Cameroun et au Gabon au moment ou\u0300 d\u2019autres puissances quadrillent le marche\u0301 avec une perce\u0301e fulgurante de la Chine. Ce pays gagne de plus en plus des parts de marche\u0301 au de\u0301triment de la France ou de l\u2019Union europe\u0301enne notamment dans le domaine des TIC, te\u0301le\u0301coms, hydrocarbures, BTP, etc.<\/p>\n<p><b>S.A.<\/b><\/p>\n<p><strong>Pour plus d&rsquo;informations et d&rsquo;analyses sur la <a href=\"https:\/\/www.africa-press.net\/cameroun\">Cameroun<\/a>, suivez <a href=\"https:\/\/www.africa-press.net\/\">Africa-Press<\/a><\/strong><\/p>\n","protected":false},"excerpt":{"rendered":"<p>Africa-Press &#8211; Cameroun. Investir au Cameroun) &#8211; Le Que\u0301bec, province francophone du Canada, vient de se lancer a\u0300 la conque\u0302te des marche\u0301s camerounais et gabonais en ouvrant une repre\u0301sentation e\u0301conomique a\u0300 Douala, capitale e\u0301conomique du Cameroun, pre\u0301sente\u0301 officiellement le 28 septembre. \u00ab L\u2019expertise que\u0301be\u0301coise c\u2019est le secteur minier, l\u2019infrastructure, le nume\u0301rique, les te\u0301le\u0301coms. On cherche [&hellip;]<\/p>\n","protected":false},"author":82,"featured_media":28377,"comment_status":"open","ping_status":"closed","sticky":false,"template":"","format":"standard","meta":{"footnotes":""},"categories":[3,10],"tags":[36,50,49],"class_list":["post-28378","post","type-post","status-publish","format-standard","has-post-thumbnail","hentry","category-economie","category-toutes-les-actualites","tag-africa-press","tag-africa-press-cameroun","tag-cameroun"],"yoast_head":"<!-- This site is optimized with the Yoast SEO Premium plugin v26.1 (Yoast SEO v27.0) - https:\/\/yoast.com\/product\/yoast-seo-premium-wordpress\/ -->\n<title>Mines et num\u00e9rique\u00a0: le Qu\u00e9bec ouvre une repr\u00e9sentation \u00e9conomique \u00e0 Douala pour conqu\u00e9rir les march\u00e9s camerounais et gabonais - Cameroun<\/title>\n<meta name=\"description\" content=\"Investir au Cameroun) - Le Que\u0301bec, province francophone du Canada, vient de se lancer a\u0300 la conque\u0302te des marche\u0301s came ...\" \/>\n<meta name=\"robots\" content=\"index, follow, max-snippet:-1, max-image-preview:large, max-video-preview:-1\" \/>\n<link rel=\"canonical\" href=\"https:\/\/www.africa-press.net\/cameroun\/economie\/mines-et-numerique-le-quebec-ouvre-une-representation-economique-a-douala-pour-conquerir-les-marches-camerounais-et-gabonais\" \/>\n<meta property=\"og:locale\" content=\"fr_FR\" \/>\n<meta property=\"og:type\" content=\"article\" \/>\n<meta property=\"og:title\" content=\"Mines et num\u00e9rique\u00a0: le Qu\u00e9bec ouvre une repr\u00e9sentation \u00e9conomique \u00e0 Douala pour conqu\u00e9rir les march\u00e9s camerounais et gabonais\" \/>\n<meta property=\"og:description\" content=\"Investir au Cameroun) - Le Que\u0301bec, province francophone du Canada, vient de se lancer a\u0300 la conque\u0302te des marche\u0301s came ...\" \/>\n<meta property=\"og:url\" content=\"https:\/\/www.africa-press.net\/cameroun\/economie\/mines-et-numerique-le-quebec-ouvre-une-representation-economique-a-douala-pour-conquerir-les-marches-camerounais-et-gabonais\" \/>\n<meta property=\"og:site_name\" content=\"Cameroun\" \/>\n<meta property=\"article:published_time\" content=\"2022-09-29T17:29:24+00:00\" \/>\n<meta property=\"article:modified_time\" content=\"2022-09-29T18:47:40+00:00\" \/>\n<meta property=\"og:image\" content=\"https:\/\/static.africa-press.net\/cameroun\/sites\/57\/2022\/09\/img-6335e83506821.jpg\" \/>\n\t<meta property=\"og:image:width\" content=\"720\" \/>\n\t<meta property=\"og:image:height\" content=\"593\" \/>\n\t<meta property=\"og:image:type\" content=\"image\/jpeg\" \/>\n<meta name=\"author\" content=\"cfeditorfr\" \/>\n<meta name=\"twitter:card\" content=\"summary_large_image\" \/>\n<meta name=\"twitter:label1\" content=\"\u00c9crit par\" \/>\n\t<meta name=\"twitter:data1\" content=\"cfeditorfr\" \/>\n\t<meta name=\"twitter:label2\" content=\"Dur\u00e9e de lecture estim\u00e9e\" \/>\n\t<meta name=\"twitter:data2\" content=\"2 minutes\" \/>\n<script type=\"application\/ld+json\" class=\"yoast-schema-graph\">{\"@context\":\"https:\/\/schema.org\",\"@graph\":[{\"@type\":\"Article\",\"@id\":\"https:\/\/www.africa-press.net\/cameroun\/economie\/mines-et-numerique-le-quebec-ouvre-une-representation-economique-a-douala-pour-conquerir-les-marches-camerounais-et-gabonais#article\",\"isPartOf\":{\"@id\":\"https:\/\/www.africa-press.net\/cameroun\/economie\/mines-et-numerique-le-quebec-ouvre-une-representation-economique-a-douala-pour-conquerir-les-marches-camerounais-et-gabonais\"},\"author\":{\"name\":\"cfeditorfr\",\"@id\":\"https:\/\/www.africa-press.net\/cameroun\/#\/schema\/person\/2b1cf3cd81a31e3cd26889ca66d677f1\"},\"headline\":\"Mines et num\u00e9rique\u00a0: le Qu\u00e9bec ouvre une repr\u00e9sentation \u00e9conomique \u00e0 Douala pour conqu\u00e9rir les march\u00e9s camerounais et gabonais\",\"datePublished\":\"2022-09-29T17:29:24+00:00\",\"dateModified\":\"2022-09-29T18:47:40+00:00\",\"mainEntityOfPage\":{\"@id\":\"https:\/\/www.africa-press.net\/cameroun\/economie\/mines-et-numerique-le-quebec-ouvre-une-representation-economique-a-douala-pour-conquerir-les-marches-camerounais-et-gabonais\"},\"wordCount\":431,\"commentCount\":0,\"image\":{\"@id\":\"https:\/\/www.africa-press.net\/cameroun\/economie\/mines-et-numerique-le-quebec-ouvre-une-representation-economique-a-douala-pour-conquerir-les-marches-camerounais-et-gabonais#primaryimage\"},\"thumbnailUrl\":\"https:\/\/static.africa-press.net\/cameroun\/sites\/57\/2022\/09\/img-6335e83506821.jpg\",\"keywords\":[\"Africa Press\",\"Africa Press-Cameroun\",\"Cameroun\"],\"articleSection\":[\"\u00c9conomie\",\"Toutes les actualit\u00e9s\"],\"inLanguage\":\"fr-FR\",\"potentialAction\":[{\"@type\":\"CommentAction\",\"name\":\"Comment\",\"target\":[\"https:\/\/www.africa-press.net\/cameroun\/economie\/mines-et-numerique-le-quebec-ouvre-une-representation-economique-a-douala-pour-conquerir-les-marches-camerounais-et-gabonais#respond\"]}]},{\"@type\":\"WebPage\",\"@id\":\"https:\/\/www.africa-press.net\/cameroun\/economie\/mines-et-numerique-le-quebec-ouvre-une-representation-economique-a-douala-pour-conquerir-les-marches-camerounais-et-gabonais\",\"url\":\"https:\/\/www.africa-press.net\/cameroun\/economie\/mines-et-numerique-le-quebec-ouvre-une-representation-economique-a-douala-pour-conquerir-les-marches-camerounais-et-gabonais\",\"name\":\"Mines et num\u00e9rique\u00a0: le Qu\u00e9bec ouvre une repr\u00e9sentation \u00e9conomique \u00e0 Douala pour conqu\u00e9rir les march\u00e9s camerounais et gabonais - Cameroun\",\"isPartOf\":{\"@id\":\"https:\/\/www.africa-press.net\/cameroun\/#website\"},\"primaryImageOfPage\":{\"@id\":\"https:\/\/www.africa-press.net\/cameroun\/economie\/mines-et-numerique-le-quebec-ouvre-une-representation-economique-a-douala-pour-conquerir-les-marches-camerounais-et-gabonais#primaryimage\"},\"image\":{\"@id\":\"https:\/\/www.africa-press.net\/cameroun\/economie\/mines-et-numerique-le-quebec-ouvre-une-representation-economique-a-douala-pour-conquerir-les-marches-camerounais-et-gabonais#primaryimage\"},\"thumbnailUrl\":\"https:\/\/static.africa-press.net\/cameroun\/sites\/57\/2022\/09\/img-6335e83506821.jpg\",\"datePublished\":\"2022-09-29T17:29:24+00:00\",\"dateModified\":\"2022-09-29T18:47:40+00:00\",\"author\":{\"@id\":\"https:\/\/www.africa-press.net\/cameroun\/#\/schema\/person\/2b1cf3cd81a31e3cd26889ca66d677f1\"},\"description\":\"Investir au Cameroun) - Le Que\u0301bec, province francophone du Canada, vient de se lancer a\u0300 la conque\u0302te des marche\u0301s came ...\",\"breadcrumb\":{\"@id\":\"https:\/\/www.africa-press.net\/cameroun\/economie\/mines-et-numerique-le-quebec-ouvre-une-representation-economique-a-douala-pour-conquerir-les-marches-camerounais-et-gabonais#breadcrumb\"},\"inLanguage\":\"fr-FR\",\"potentialAction\":[{\"@type\":\"ReadAction\",\"target\":[\"https:\/\/www.africa-press.net\/cameroun\/economie\/mines-et-numerique-le-quebec-ouvre-une-representation-economique-a-douala-pour-conquerir-les-marches-camerounais-et-gabonais\"]}]},{\"@type\":\"ImageObject\",\"inLanguage\":\"fr-FR\",\"@id\":\"https:\/\/www.africa-press.net\/cameroun\/economie\/mines-et-numerique-le-quebec-ouvre-une-representation-economique-a-douala-pour-conquerir-les-marches-camerounais-et-gabonais#primaryimage\",\"url\":\"https:\/\/static.africa-press.net\/cameroun\/sites\/57\/2022\/09\/img-6335e83506821.jpg\",\"contentUrl\":\"https:\/\/static.africa-press.net\/cameroun\/sites\/57\/2022\/09\/img-6335e83506821.jpg\",\"width\":720,\"height\":593,\"caption\":\"Mines et num\u00e9rique\u00a0: le Qu\u00e9bec ouvre une repr\u00e9sentation \u00e9conomique \u00e0 Douala pour conqu\u00e9rir les march\u00e9s camerounais et gabonais\"},{\"@type\":\"BreadcrumbList\",\"@id\":\"https:\/\/www.africa-press.net\/cameroun\/economie\/mines-et-numerique-le-quebec-ouvre-une-representation-economique-a-douala-pour-conquerir-les-marches-camerounais-et-gabonais#breadcrumb\",\"itemListElement\":[{\"@type\":\"ListItem\",\"position\":1,\"name\":\"Accueil\",\"item\":\"https:\/\/www.africa-press.net\/cameroun\/\"},{\"@type\":\"ListItem\",\"position\":2,\"name\":\"Mines et num\u00e9rique\u00a0: le Qu\u00e9bec ouvre une repr\u00e9sentation \u00e9conomique \u00e0 Douala pour conqu\u00e9rir les march\u00e9s camerounais et gabonais\"}]},{\"@type\":\"WebSite\",\"@id\":\"https:\/\/www.africa-press.net\/cameroun\/#website\",\"url\":\"https:\/\/www.africa-press.net\/cameroun\/\",\"name\":\"Cameroun\",\"description\":\"Just another Africa News Agency Sites site\",\"potentialAction\":[{\"@type\":\"SearchAction\",\"target\":{\"@type\":\"EntryPoint\",\"urlTemplate\":\"https:\/\/www.africa-press.net\/cameroun\/?s={search_term_string}\"},\"query-input\":{\"@type\":\"PropertyValueSpecification\",\"valueRequired\":true,\"valueName\":\"search_term_string\"}}],\"inLanguage\":\"fr-FR\"},{\"@type\":\"Person\",\"@id\":\"https:\/\/www.africa-press.net\/cameroun\/#\/schema\/person\/2b1cf3cd81a31e3cd26889ca66d677f1\",\"name\":\"cfeditorfr\"}]}<\/script>\n<!-- \/ Yoast SEO Premium plugin. -->","yoast_head_json":{"title":"Mines et num\u00e9rique\u00a0: le Qu\u00e9bec ouvre une repr\u00e9sentation \u00e9conomique \u00e0 Douala pour conqu\u00e9rir les march\u00e9s camerounais et gabonais - Cameroun","description":"Investir au Cameroun) - Le Que\u0301bec, province francophone du Canada, vient de se lancer a\u0300 la conque\u0302te des marche\u0301s came ...","robots":{"index":"index","follow":"follow","max-snippet":"max-snippet:-1","max-image-preview":"max-image-preview:large","max-video-preview":"max-video-preview:-1"},"canonical":"https:\/\/www.africa-press.net\/cameroun\/economie\/mines-et-numerique-le-quebec-ouvre-une-representation-economique-a-douala-pour-conquerir-les-marches-camerounais-et-gabonais","og_locale":"fr_FR","og_type":"article","og_title":"Mines et num\u00e9rique\u00a0: le Qu\u00e9bec ouvre une repr\u00e9sentation \u00e9conomique \u00e0 Douala pour conqu\u00e9rir les march\u00e9s camerounais et gabonais","og_description":"Investir au Cameroun) - Le Que\u0301bec, province francophone du Canada, vient de se lancer a\u0300 la conque\u0302te des marche\u0301s came ...","og_url":"https:\/\/www.africa-press.net\/cameroun\/economie\/mines-et-numerique-le-quebec-ouvre-une-representation-economique-a-douala-pour-conquerir-les-marches-camerounais-et-gabonais","og_site_name":"Cameroun","article_published_time":"2022-09-29T17:29:24+00:00","article_modified_time":"2022-09-29T18:47:40+00:00","og_image":[{"width":720,"height":593,"url":"https:\/\/static.africa-press.net\/cameroun\/sites\/57\/2022\/09\/img-6335e83506821.jpg","type":"image\/jpeg"}],"author":"cfeditorfr","twitter_card":"summary_large_image","twitter_misc":{"\u00c9crit par":"cfeditorfr","Dur\u00e9e de lecture estim\u00e9e":"2 minutes"},"schema":{"@context":"https:\/\/schema.org","@graph":[{"@type":"Article","@id":"https:\/\/www.africa-press.net\/cameroun\/economie\/mines-et-numerique-le-quebec-ouvre-une-representation-economique-a-douala-pour-conquerir-les-marches-camerounais-et-gabonais#article","isPartOf":{"@id":"https:\/\/www.africa-press.net\/cameroun\/economie\/mines-et-numerique-le-quebec-ouvre-une-representation-economique-a-douala-pour-conquerir-les-marches-camerounais-et-gabonais"},"author":{"name":"cfeditorfr","@id":"https:\/\/www.africa-press.net\/cameroun\/#\/schema\/person\/2b1cf3cd81a31e3cd26889ca66d677f1"},"headline":"Mines et num\u00e9rique\u00a0: le Qu\u00e9bec ouvre une repr\u00e9sentation \u00e9conomique \u00e0 Douala pour conqu\u00e9rir les march\u00e9s camerounais et gabonais","datePublished":"2022-09-29T17:29:24+00:00","dateModified":"2022-09-29T18:47:40+00:00","mainEntityOfPage":{"@id":"https:\/\/www.africa-press.net\/cameroun\/economie\/mines-et-numerique-le-quebec-ouvre-une-representation-economique-a-douala-pour-conquerir-les-marches-camerounais-et-gabonais"},"wordCount":431,"commentCount":0,"image":{"@id":"https:\/\/www.africa-press.net\/cameroun\/economie\/mines-et-numerique-le-quebec-ouvre-une-representation-economique-a-douala-pour-conquerir-les-marches-camerounais-et-gabonais#primaryimage"},"thumbnailUrl":"https:\/\/static.africa-press.net\/cameroun\/sites\/57\/2022\/09\/img-6335e83506821.jpg","keywords":["Africa Press","Africa Press-Cameroun","Cameroun"],"articleSection":["\u00c9conomie","Toutes les actualit\u00e9s"],"inLanguage":"fr-FR","potentialAction":[{"@type":"CommentAction","name":"Comment","target":["https:\/\/www.africa-press.net\/cameroun\/economie\/mines-et-numerique-le-quebec-ouvre-une-representation-economique-a-douala-pour-conquerir-les-marches-camerounais-et-gabonais#respond"]}]},{"@type":"WebPage","@id":"https:\/\/www.africa-press.net\/cameroun\/economie\/mines-et-numerique-le-quebec-ouvre-une-representation-economique-a-douala-pour-conquerir-les-marches-camerounais-et-gabonais","url":"https:\/\/www.africa-press.net\/cameroun\/economie\/mines-et-numerique-le-quebec-ouvre-une-representation-economique-a-douala-pour-conquerir-les-marches-camerounais-et-gabonais","name":"Mines et num\u00e9rique\u00a0: le Qu\u00e9bec ouvre une repr\u00e9sentation \u00e9conomique \u00e0 Douala pour conqu\u00e9rir les march\u00e9s camerounais et gabonais - Cameroun","isPartOf":{"@id":"https:\/\/www.africa-press.net\/cameroun\/#website"},"primaryImageOfPage":{"@id":"https:\/\/www.africa-press.net\/cameroun\/economie\/mines-et-numerique-le-quebec-ouvre-une-representation-economique-a-douala-pour-conquerir-les-marches-camerounais-et-gabonais#primaryimage"},"image":{"@id":"https:\/\/www.africa-press.net\/cameroun\/economie\/mines-et-numerique-le-quebec-ouvre-une-representation-economique-a-douala-pour-conquerir-les-marches-camerounais-et-gabonais#primaryimage"},"thumbnailUrl":"https:\/\/static.africa-press.net\/cameroun\/sites\/57\/2022\/09\/img-6335e83506821.jpg","datePublished":"2022-09-29T17:29:24+00:00","dateModified":"2022-09-29T18:47:40+00:00","author":{"@id":"https:\/\/www.africa-press.net\/cameroun\/#\/schema\/person\/2b1cf3cd81a31e3cd26889ca66d677f1"},"description":"Investir au Cameroun) - Le Que\u0301bec, province francophone du Canada, vient de se lancer a\u0300 la conque\u0302te des marche\u0301s came ...","breadcrumb":{"@id":"https:\/\/www.africa-press.net\/cameroun\/economie\/mines-et-numerique-le-quebec-ouvre-une-representation-economique-a-douala-pour-conquerir-les-marches-camerounais-et-gabonais#breadcrumb"},"inLanguage":"fr-FR","potentialAction":[{"@type":"ReadAction","target":["https:\/\/www.africa-press.net\/cameroun\/economie\/mines-et-numerique-le-quebec-ouvre-une-representation-economique-a-douala-pour-conquerir-les-marches-camerounais-et-gabonais"]}]},{"@type":"ImageObject","inLanguage":"fr-FR","@id":"https:\/\/www.africa-press.net\/cameroun\/economie\/mines-et-numerique-le-quebec-ouvre-une-representation-economique-a-douala-pour-conquerir-les-marches-camerounais-et-gabonais#primaryimage","url":"https:\/\/static.africa-press.net\/cameroun\/sites\/57\/2022\/09\/img-6335e83506821.jpg","contentUrl":"https:\/\/static.africa-press.net\/cameroun\/sites\/57\/2022\/09\/img-6335e83506821.jpg","width":720,"height":593,"caption":"Mines et num\u00e9rique\u00a0: le Qu\u00e9bec ouvre une repr\u00e9sentation \u00e9conomique \u00e0 Douala pour conqu\u00e9rir les march\u00e9s camerounais et gabonais"},{"@type":"BreadcrumbList","@id":"https:\/\/www.africa-press.net\/cameroun\/economie\/mines-et-numerique-le-quebec-ouvre-une-representation-economique-a-douala-pour-conquerir-les-marches-camerounais-et-gabonais#breadcrumb","itemListElement":[{"@type":"ListItem","position":1,"name":"Accueil","item":"https:\/\/www.africa-press.net\/cameroun\/"},{"@type":"ListItem","position":2,"name":"Mines et num\u00e9rique\u00a0: le Qu\u00e9bec ouvre une repr\u00e9sentation \u00e9conomique \u00e0 Douala pour conqu\u00e9rir les march\u00e9s camerounais et gabonais"}]},{"@type":"WebSite","@id":"https:\/\/www.africa-press.net\/cameroun\/#website","url":"https:\/\/www.africa-press.net\/cameroun\/","name":"Cameroun","description":"Just another Africa News Agency Sites site","potentialAction":[{"@type":"SearchAction","target":{"@type":"EntryPoint","urlTemplate":"https:\/\/www.africa-press.net\/cameroun\/?s={search_term_string}"},"query-input":{"@type":"PropertyValueSpecification","valueRequired":true,"valueName":"search_term_string"}}],"inLanguage":"fr-FR"},{"@type":"Person","@id":"https:\/\/www.africa-press.net\/cameroun\/#\/schema\/person\/2b1cf3cd81a31e3cd26889ca66d677f1","name":"cfeditorfr"}]}},"_links":{"self":[{"href":"https:\/\/www.africa-press.net\/cameroun\/wp-json\/wp\/v2\/posts\/28378","targetHints":{"allow":["GET"]}}],"collection":[{"href":"https:\/\/www.africa-press.net\/cameroun\/wp-json\/wp\/v2\/posts"}],"about":[{"href":"https:\/\/www.africa-press.net\/cameroun\/wp-json\/wp\/v2\/types\/post"}],"author":[{"embeddable":true,"href":"https:\/\/www.africa-press.net\/cameroun\/wp-json\/wp\/v2\/users\/82"}],"replies":[{"embeddable":true,"href":"https:\/\/www.africa-press.net\/cameroun\/wp-json\/wp\/v2\/comments?post=28378"}],"version-history":[{"count":0,"href":"https:\/\/www.africa-press.net\/cameroun\/wp-json\/wp\/v2\/posts\/28378\/revisions"}],"wp:featuredmedia":[{"embeddable":true,"href":"https:\/\/www.africa-press.net\/cameroun\/wp-json\/wp\/v2\/media\/28377"}],"wp:attachment":[{"href":"https:\/\/www.africa-press.net\/cameroun\/wp-json\/wp\/v2\/media?parent=28378"}],"wp:term":[{"taxonomy":"category","embeddable":true,"href":"https:\/\/www.africa-press.net\/cameroun\/wp-json\/wp\/v2\/categories?post=28378"},{"taxonomy":"post_tag","embeddable":true,"href":"https:\/\/www.africa-press.net\/cameroun\/wp-json\/wp\/v2\/tags?post=28378"}],"curies":[{"name":"wp","href":"https:\/\/api.w.org\/{rel}","templated":true}]}}