{"id":28387,"date":"2022-09-29T17:49:29","date_gmt":"2022-09-29T17:49:29","guid":{"rendered":"https:\/\/www.africa-press.net\/cameroun\/politique\/relance-post-covid-une-nouvelle-ligne-de-credits-de-14-milliards-de-fcfa-pour-les-pme-camerounaises"},"modified":"2022-09-29T19:10:55","modified_gmt":"2022-09-29T19:10:55","slug":"relance-post-covid-une-nouvelle-ligne-de-credits-de-14-milliards-de-fcfa-pour-les-pme-camerounaises","status":"publish","type":"post","link":"https:\/\/www.africa-press.net\/cameroun\/economie\/relance-post-covid-une-nouvelle-ligne-de-credits-de-14-milliards-de-fcfa-pour-les-pme-camerounaises","title":{"rendered":"Relance post-Covid\u00a0: une nouvelle ligne de cr\u00e9dits de 14 milliards de FCFA pour les PME camerounaises"},"content":{"rendered":"<p><span style=\"color: #ff6600\"><strong>Africa-Press &#8211; Cameroun. <\/strong><\/span>Investir au Cameroun) &#8211; Le 27 septembre 2022, le ministre de l\u2019E\u0301conomie, Alamine Ousmane Mey, et le repre\u0301sentant re\u0301sident du PNUD au Cameroun, Jean Luc Stalon, ont signe\u0301 une convention de partenariat en vue de la mise en \u0153uvre d\u2019un programme de financement des PME camerounaises impacte\u0301es par la pande\u0301mie du coronavirus.<\/p>\n<p>Sur les 14 milliards de FCFA disponibles, 18 millions de dollars (plus de 12 milliards de FCFA) ont e\u0301te\u0301 mis a\u0300 disposition par la Banque arabe pour le de\u0301veloppement e\u0301conomique de l\u2019Afrique (Badea), qui a choisi le PNUD comme agent d\u2019exe\u0301cution du programme. Cet organisme onusien a e\u0301galement mis la main a\u0300 la pa\u0302te en apportant une enveloppe de 684 millions de FCFA, au me\u0302me titre que le Cameroun.<\/p>\n<p>Selon le repre\u0301sentant re\u0301sident du PNDU au Cameroun, le programme vise trois objectifs principaux : \u00ab l\u2019ame\u0301lioration de l\u2019acce\u0300s aux financements a\u0300 travers des lignes de cre\u0301dits de\u0301die\u0301es aux PME, le renforcement de la compe\u0301titivite\u0301 des entreprises, et la facilitation de l\u2019acce\u0300s aux marche\u0301s pour l\u2019ame\u0301lioration du climat des affaires et de la productivite\u0301 des PME \u00bb.<\/p>\n<p>A\u0300 en croire les donne\u0301es du ministe\u0300re des PME, environ 90% des entreprises de cette cate\u0301gorie ont e\u0301te\u0301 touche\u0301es par la pande\u0301mie du Coronavirus au Cameroun, avec pour corollaire le ralentissement des activite\u0301s et des licenciements des personnels. A\u0300 travers cet appui financier de la Badea, il est question de leur permettre de se relever, apre\u0300s les ravages de la pande\u0301mie.<\/p>\n<p>Avant ce concours financier de la Badea, les PME impacte\u0301es par la crise sanitaire mondiale ont de\u0301ja\u0300 be\u0301ne\u0301ficie\u0301 de l\u2019appui d\u2019institutions financie\u0300res internationales comme la BEI, ou encore de banques locales telles que BGFI Bank ou en Socie\u0301te\u0301 Ge\u0301ne\u0301rale, qui ont, entre 2020 et 2021, ouvert des lignes de cre\u0301dits au profit de ces ope\u0301rateurs e\u0301conomiques, dont les activite\u0301s ont pa\u0302ti du coronavirus.<\/p>\n<p><strong>Pour plus d&rsquo;informations et d&rsquo;analyses sur la <a href=\"https:\/\/www.africa-press.net\/cameroun\">Cameroun<\/a>, suivez <a href=\"https:\/\/www.africa-press.net\/\">Africa-Press<\/a><\/strong><\/p>\n","protected":false},"excerpt":{"rendered":"<p>Africa-Press &#8211; Cameroun. Investir au Cameroun) &#8211; Le 27 septembre 2022, le ministre de l\u2019E\u0301conomie, Alamine Ousmane Mey, et le repre\u0301sentant re\u0301sident du PNUD au Cameroun, Jean Luc Stalon, ont signe\u0301 une convention de partenariat en vue de la mise en \u0153uvre d\u2019un programme de financement des PME camerounaises impacte\u0301es par la pande\u0301mie du coronavirus. [&hellip;]<\/p>\n","protected":false},"author":82,"featured_media":28386,"comment_status":"open","ping_status":"closed","sticky":false,"template":"","format":"standard","meta":{"footnotes":""},"categories":[3,10],"tags":[36,50,49],"class_list":["post-28387","post","type-post","status-publish","format-standard","has-post-thumbnail","hentry","category-economie","category-toutes-les-actualites","tag-africa-press","tag-africa-press-cameroun","tag-cameroun"],"yoast_head":"<!-- This site is optimized with the Yoast SEO Premium plugin v26.1 (Yoast SEO v27.0) - https:\/\/yoast.com\/product\/yoast-seo-premium-wordpress\/ -->\n<title>Relance post-Covid\u00a0: une nouvelle ligne de cr\u00e9dits de 14 milliards de FCFA pour les PME camerounaises - Cameroun<\/title>\n<meta name=\"description\" content=\"Investir au Cameroun) - Le 27 septembre 2022, le ministre de l\u2019E\u0301conomie, Alamine Ousmane Mey, et le repre\u0301sentant re\u0301si ...\" \/>\n<meta name=\"robots\" content=\"index, follow, max-snippet:-1, max-image-preview:large, max-video-preview:-1\" \/>\n<link rel=\"canonical\" href=\"https:\/\/www.africa-press.net\/cameroun\/economie\/relance-post-covid-une-nouvelle-ligne-de-credits-de-14-milliards-de-fcfa-pour-les-pme-camerounaises\" \/>\n<meta property=\"og:locale\" content=\"fr_FR\" \/>\n<meta property=\"og:type\" content=\"article\" \/>\n<meta property=\"og:title\" content=\"Relance post-Covid\u00a0: une nouvelle ligne de cr\u00e9dits de 14 milliards de FCFA pour les PME camerounaises\" \/>\n<meta property=\"og:description\" content=\"Investir au Cameroun) - Le 27 septembre 2022, le ministre de l\u2019E\u0301conomie, Alamine Ousmane Mey, et le repre\u0301sentant re\u0301si ...\" \/>\n<meta property=\"og:url\" content=\"https:\/\/www.africa-press.net\/cameroun\/economie\/relance-post-covid-une-nouvelle-ligne-de-credits-de-14-milliards-de-fcfa-pour-les-pme-camerounaises\" \/>\n<meta property=\"og:site_name\" content=\"Cameroun\" \/>\n<meta property=\"article:published_time\" content=\"2022-09-29T17:49:29+00:00\" \/>\n<meta property=\"article:modified_time\" content=\"2022-09-29T19:10:55+00:00\" \/>\n<meta property=\"og:image\" content=\"https:\/\/static.africa-press.net\/cameroun\/sites\/57\/2022\/09\/img-6335e8aead136.jpg\" \/>\n\t<meta property=\"og:image:width\" content=\"720\" \/>\n\t<meta property=\"og:image:height\" content=\"463\" \/>\n\t<meta property=\"og:image:type\" content=\"image\/jpeg\" \/>\n<meta name=\"author\" content=\"cfeditorfr\" \/>\n<meta name=\"twitter:card\" content=\"summary_large_image\" \/>\n<meta name=\"twitter:label1\" content=\"\u00c9crit par\" \/>\n\t<meta name=\"twitter:data1\" content=\"cfeditorfr\" \/>\n\t<meta name=\"twitter:label2\" content=\"Dur\u00e9e de lecture estim\u00e9e\" \/>\n\t<meta name=\"twitter:data2\" content=\"2 minutes\" \/>\n<script type=\"application\/ld+json\" class=\"yoast-schema-graph\">{\"@context\":\"https:\/\/schema.org\",\"@graph\":[{\"@type\":\"Article\",\"@id\":\"https:\/\/www.africa-press.net\/cameroun\/economie\/relance-post-covid-une-nouvelle-ligne-de-credits-de-14-milliards-de-fcfa-pour-les-pme-camerounaises#article\",\"isPartOf\":{\"@id\":\"https:\/\/www.africa-press.net\/cameroun\/economie\/relance-post-covid-une-nouvelle-ligne-de-credits-de-14-milliards-de-fcfa-pour-les-pme-camerounaises\"},\"author\":{\"name\":\"cfeditorfr\",\"@id\":\"https:\/\/www.africa-press.net\/cameroun\/#\/schema\/person\/2b1cf3cd81a31e3cd26889ca66d677f1\"},\"headline\":\"Relance post-Covid\u00a0: une nouvelle ligne de cr\u00e9dits de 14 milliards de FCFA pour les PME camerounaises\",\"datePublished\":\"2022-09-29T17:49:29+00:00\",\"dateModified\":\"2022-09-29T19:10:55+00:00\",\"mainEntityOfPage\":{\"@id\":\"https:\/\/www.africa-press.net\/cameroun\/economie\/relance-post-covid-une-nouvelle-ligne-de-credits-de-14-milliards-de-fcfa-pour-les-pme-camerounaises\"},\"wordCount\":376,\"commentCount\":0,\"image\":{\"@id\":\"https:\/\/www.africa-press.net\/cameroun\/economie\/relance-post-covid-une-nouvelle-ligne-de-credits-de-14-milliards-de-fcfa-pour-les-pme-camerounaises#primaryimage\"},\"thumbnailUrl\":\"https:\/\/static.africa-press.net\/cameroun\/sites\/57\/2022\/09\/img-6335e8aead136.jpg\",\"keywords\":[\"Africa Press\",\"Africa Press-Cameroun\",\"Cameroun\"],\"articleSection\":[\"\u00c9conomie\",\"Toutes les actualit\u00e9s\"],\"inLanguage\":\"fr-FR\",\"potentialAction\":[{\"@type\":\"CommentAction\",\"name\":\"Comment\",\"target\":[\"https:\/\/www.africa-press.net\/cameroun\/economie\/relance-post-covid-une-nouvelle-ligne-de-credits-de-14-milliards-de-fcfa-pour-les-pme-camerounaises#respond\"]}]},{\"@type\":\"WebPage\",\"@id\":\"https:\/\/www.africa-press.net\/cameroun\/economie\/relance-post-covid-une-nouvelle-ligne-de-credits-de-14-milliards-de-fcfa-pour-les-pme-camerounaises\",\"url\":\"https:\/\/www.africa-press.net\/cameroun\/economie\/relance-post-covid-une-nouvelle-ligne-de-credits-de-14-milliards-de-fcfa-pour-les-pme-camerounaises\",\"name\":\"Relance post-Covid\u00a0: une nouvelle ligne de cr\u00e9dits de 14 milliards de FCFA pour les PME camerounaises - Cameroun\",\"isPartOf\":{\"@id\":\"https:\/\/www.africa-press.net\/cameroun\/#website\"},\"primaryImageOfPage\":{\"@id\":\"https:\/\/www.africa-press.net\/cameroun\/economie\/relance-post-covid-une-nouvelle-ligne-de-credits-de-14-milliards-de-fcfa-pour-les-pme-camerounaises#primaryimage\"},\"image\":{\"@id\":\"https:\/\/www.africa-press.net\/cameroun\/economie\/relance-post-covid-une-nouvelle-ligne-de-credits-de-14-milliards-de-fcfa-pour-les-pme-camerounaises#primaryimage\"},\"thumbnailUrl\":\"https:\/\/static.africa-press.net\/cameroun\/sites\/57\/2022\/09\/img-6335e8aead136.jpg\",\"datePublished\":\"2022-09-29T17:49:29+00:00\",\"dateModified\":\"2022-09-29T19:10:55+00:00\",\"author\":{\"@id\":\"https:\/\/www.africa-press.net\/cameroun\/#\/schema\/person\/2b1cf3cd81a31e3cd26889ca66d677f1\"},\"description\":\"Investir au Cameroun) - Le 27 septembre 2022, le ministre de l\u2019E\u0301conomie, Alamine Ousmane Mey, et le repre\u0301sentant re\u0301si ...\",\"breadcrumb\":{\"@id\":\"https:\/\/www.africa-press.net\/cameroun\/economie\/relance-post-covid-une-nouvelle-ligne-de-credits-de-14-milliards-de-fcfa-pour-les-pme-camerounaises#breadcrumb\"},\"inLanguage\":\"fr-FR\",\"potentialAction\":[{\"@type\":\"ReadAction\",\"target\":[\"https:\/\/www.africa-press.net\/cameroun\/economie\/relance-post-covid-une-nouvelle-ligne-de-credits-de-14-milliards-de-fcfa-pour-les-pme-camerounaises\"]}]},{\"@type\":\"ImageObject\",\"inLanguage\":\"fr-FR\",\"@id\":\"https:\/\/www.africa-press.net\/cameroun\/economie\/relance-post-covid-une-nouvelle-ligne-de-credits-de-14-milliards-de-fcfa-pour-les-pme-camerounaises#primaryimage\",\"url\":\"https:\/\/static.africa-press.net\/cameroun\/sites\/57\/2022\/09\/img-6335e8aead136.jpg\",\"contentUrl\":\"https:\/\/static.africa-press.net\/cameroun\/sites\/57\/2022\/09\/img-6335e8aead136.jpg\",\"width\":720,\"height\":463,\"caption\":\"Relance post-Covid\u00a0: une nouvelle ligne de cr\u00e9dits de 14 milliards de FCFA pour les PME camerounaises\"},{\"@type\":\"BreadcrumbList\",\"@id\":\"https:\/\/www.africa-press.net\/cameroun\/economie\/relance-post-covid-une-nouvelle-ligne-de-credits-de-14-milliards-de-fcfa-pour-les-pme-camerounaises#breadcrumb\",\"itemListElement\":[{\"@type\":\"ListItem\",\"position\":1,\"name\":\"Accueil\",\"item\":\"https:\/\/www.africa-press.net\/cameroun\/\"},{\"@type\":\"ListItem\",\"position\":2,\"name\":\"Relance post-Covid\u00a0: une nouvelle ligne de cr\u00e9dits de 14 milliards de FCFA pour les PME camerounaises\"}]},{\"@type\":\"WebSite\",\"@id\":\"https:\/\/www.africa-press.net\/cameroun\/#website\",\"url\":\"https:\/\/www.africa-press.net\/cameroun\/\",\"name\":\"Cameroun\",\"description\":\"Just another Africa News Agency Sites site\",\"potentialAction\":[{\"@type\":\"SearchAction\",\"target\":{\"@type\":\"EntryPoint\",\"urlTemplate\":\"https:\/\/www.africa-press.net\/cameroun\/?s={search_term_string}\"},\"query-input\":{\"@type\":\"PropertyValueSpecification\",\"valueRequired\":true,\"valueName\":\"search_term_string\"}}],\"inLanguage\":\"fr-FR\"},{\"@type\":\"Person\",\"@id\":\"https:\/\/www.africa-press.net\/cameroun\/#\/schema\/person\/2b1cf3cd81a31e3cd26889ca66d677f1\",\"name\":\"cfeditorfr\"}]}<\/script>\n<!-- \/ Yoast SEO Premium plugin. -->","yoast_head_json":{"title":"Relance post-Covid\u00a0: une nouvelle ligne de cr\u00e9dits de 14 milliards de FCFA pour les PME camerounaises - Cameroun","description":"Investir au Cameroun) - Le 27 septembre 2022, le ministre de l\u2019E\u0301conomie, Alamine Ousmane Mey, et le repre\u0301sentant re\u0301si ...","robots":{"index":"index","follow":"follow","max-snippet":"max-snippet:-1","max-image-preview":"max-image-preview:large","max-video-preview":"max-video-preview:-1"},"canonical":"https:\/\/www.africa-press.net\/cameroun\/economie\/relance-post-covid-une-nouvelle-ligne-de-credits-de-14-milliards-de-fcfa-pour-les-pme-camerounaises","og_locale":"fr_FR","og_type":"article","og_title":"Relance post-Covid\u00a0: une nouvelle ligne de cr\u00e9dits de 14 milliards de FCFA pour les PME camerounaises","og_description":"Investir au Cameroun) - Le 27 septembre 2022, le ministre de l\u2019E\u0301conomie, Alamine Ousmane Mey, et le repre\u0301sentant re\u0301si ...","og_url":"https:\/\/www.africa-press.net\/cameroun\/economie\/relance-post-covid-une-nouvelle-ligne-de-credits-de-14-milliards-de-fcfa-pour-les-pme-camerounaises","og_site_name":"Cameroun","article_published_time":"2022-09-29T17:49:29+00:00","article_modified_time":"2022-09-29T19:10:55+00:00","og_image":[{"width":720,"height":463,"url":"https:\/\/static.africa-press.net\/cameroun\/sites\/57\/2022\/09\/img-6335e8aead136.jpg","type":"image\/jpeg"}],"author":"cfeditorfr","twitter_card":"summary_large_image","twitter_misc":{"\u00c9crit par":"cfeditorfr","Dur\u00e9e de lecture estim\u00e9e":"2 minutes"},"schema":{"@context":"https:\/\/schema.org","@graph":[{"@type":"Article","@id":"https:\/\/www.africa-press.net\/cameroun\/economie\/relance-post-covid-une-nouvelle-ligne-de-credits-de-14-milliards-de-fcfa-pour-les-pme-camerounaises#article","isPartOf":{"@id":"https:\/\/www.africa-press.net\/cameroun\/economie\/relance-post-covid-une-nouvelle-ligne-de-credits-de-14-milliards-de-fcfa-pour-les-pme-camerounaises"},"author":{"name":"cfeditorfr","@id":"https:\/\/www.africa-press.net\/cameroun\/#\/schema\/person\/2b1cf3cd81a31e3cd26889ca66d677f1"},"headline":"Relance post-Covid\u00a0: une nouvelle ligne de cr\u00e9dits de 14 milliards de FCFA pour les PME camerounaises","datePublished":"2022-09-29T17:49:29+00:00","dateModified":"2022-09-29T19:10:55+00:00","mainEntityOfPage":{"@id":"https:\/\/www.africa-press.net\/cameroun\/economie\/relance-post-covid-une-nouvelle-ligne-de-credits-de-14-milliards-de-fcfa-pour-les-pme-camerounaises"},"wordCount":376,"commentCount":0,"image":{"@id":"https:\/\/www.africa-press.net\/cameroun\/economie\/relance-post-covid-une-nouvelle-ligne-de-credits-de-14-milliards-de-fcfa-pour-les-pme-camerounaises#primaryimage"},"thumbnailUrl":"https:\/\/static.africa-press.net\/cameroun\/sites\/57\/2022\/09\/img-6335e8aead136.jpg","keywords":["Africa Press","Africa Press-Cameroun","Cameroun"],"articleSection":["\u00c9conomie","Toutes les actualit\u00e9s"],"inLanguage":"fr-FR","potentialAction":[{"@type":"CommentAction","name":"Comment","target":["https:\/\/www.africa-press.net\/cameroun\/economie\/relance-post-covid-une-nouvelle-ligne-de-credits-de-14-milliards-de-fcfa-pour-les-pme-camerounaises#respond"]}]},{"@type":"WebPage","@id":"https:\/\/www.africa-press.net\/cameroun\/economie\/relance-post-covid-une-nouvelle-ligne-de-credits-de-14-milliards-de-fcfa-pour-les-pme-camerounaises","url":"https:\/\/www.africa-press.net\/cameroun\/economie\/relance-post-covid-une-nouvelle-ligne-de-credits-de-14-milliards-de-fcfa-pour-les-pme-camerounaises","name":"Relance post-Covid\u00a0: une nouvelle ligne de cr\u00e9dits de 14 milliards de FCFA pour les PME camerounaises - Cameroun","isPartOf":{"@id":"https:\/\/www.africa-press.net\/cameroun\/#website"},"primaryImageOfPage":{"@id":"https:\/\/www.africa-press.net\/cameroun\/economie\/relance-post-covid-une-nouvelle-ligne-de-credits-de-14-milliards-de-fcfa-pour-les-pme-camerounaises#primaryimage"},"image":{"@id":"https:\/\/www.africa-press.net\/cameroun\/economie\/relance-post-covid-une-nouvelle-ligne-de-credits-de-14-milliards-de-fcfa-pour-les-pme-camerounaises#primaryimage"},"thumbnailUrl":"https:\/\/static.africa-press.net\/cameroun\/sites\/57\/2022\/09\/img-6335e8aead136.jpg","datePublished":"2022-09-29T17:49:29+00:00","dateModified":"2022-09-29T19:10:55+00:00","author":{"@id":"https:\/\/www.africa-press.net\/cameroun\/#\/schema\/person\/2b1cf3cd81a31e3cd26889ca66d677f1"},"description":"Investir au Cameroun) - Le 27 septembre 2022, le ministre de l\u2019E\u0301conomie, Alamine Ousmane Mey, et le repre\u0301sentant re\u0301si ...","breadcrumb":{"@id":"https:\/\/www.africa-press.net\/cameroun\/economie\/relance-post-covid-une-nouvelle-ligne-de-credits-de-14-milliards-de-fcfa-pour-les-pme-camerounaises#breadcrumb"},"inLanguage":"fr-FR","potentialAction":[{"@type":"ReadAction","target":["https:\/\/www.africa-press.net\/cameroun\/economie\/relance-post-covid-une-nouvelle-ligne-de-credits-de-14-milliards-de-fcfa-pour-les-pme-camerounaises"]}]},{"@type":"ImageObject","inLanguage":"fr-FR","@id":"https:\/\/www.africa-press.net\/cameroun\/economie\/relance-post-covid-une-nouvelle-ligne-de-credits-de-14-milliards-de-fcfa-pour-les-pme-camerounaises#primaryimage","url":"https:\/\/static.africa-press.net\/cameroun\/sites\/57\/2022\/09\/img-6335e8aead136.jpg","contentUrl":"https:\/\/static.africa-press.net\/cameroun\/sites\/57\/2022\/09\/img-6335e8aead136.jpg","width":720,"height":463,"caption":"Relance post-Covid\u00a0: une nouvelle ligne de cr\u00e9dits de 14 milliards de FCFA pour les PME camerounaises"},{"@type":"BreadcrumbList","@id":"https:\/\/www.africa-press.net\/cameroun\/economie\/relance-post-covid-une-nouvelle-ligne-de-credits-de-14-milliards-de-fcfa-pour-les-pme-camerounaises#breadcrumb","itemListElement":[{"@type":"ListItem","position":1,"name":"Accueil","item":"https:\/\/www.africa-press.net\/cameroun\/"},{"@type":"ListItem","position":2,"name":"Relance post-Covid\u00a0: une nouvelle ligne de cr\u00e9dits de 14 milliards de FCFA pour les PME camerounaises"}]},{"@type":"WebSite","@id":"https:\/\/www.africa-press.net\/cameroun\/#website","url":"https:\/\/www.africa-press.net\/cameroun\/","name":"Cameroun","description":"Just another Africa News Agency Sites site","potentialAction":[{"@type":"SearchAction","target":{"@type":"EntryPoint","urlTemplate":"https:\/\/www.africa-press.net\/cameroun\/?s={search_term_string}"},"query-input":{"@type":"PropertyValueSpecification","valueRequired":true,"valueName":"search_term_string"}}],"inLanguage":"fr-FR"},{"@type":"Person","@id":"https:\/\/www.africa-press.net\/cameroun\/#\/schema\/person\/2b1cf3cd81a31e3cd26889ca66d677f1","name":"cfeditorfr"}]}},"_links":{"self":[{"href":"https:\/\/www.africa-press.net\/cameroun\/wp-json\/wp\/v2\/posts\/28387","targetHints":{"allow":["GET"]}}],"collection":[{"href":"https:\/\/www.africa-press.net\/cameroun\/wp-json\/wp\/v2\/posts"}],"about":[{"href":"https:\/\/www.africa-press.net\/cameroun\/wp-json\/wp\/v2\/types\/post"}],"author":[{"embeddable":true,"href":"https:\/\/www.africa-press.net\/cameroun\/wp-json\/wp\/v2\/users\/82"}],"replies":[{"embeddable":true,"href":"https:\/\/www.africa-press.net\/cameroun\/wp-json\/wp\/v2\/comments?post=28387"}],"version-history":[{"count":0,"href":"https:\/\/www.africa-press.net\/cameroun\/wp-json\/wp\/v2\/posts\/28387\/revisions"}],"wp:featuredmedia":[{"embeddable":true,"href":"https:\/\/www.africa-press.net\/cameroun\/wp-json\/wp\/v2\/media\/28386"}],"wp:attachment":[{"href":"https:\/\/www.africa-press.net\/cameroun\/wp-json\/wp\/v2\/media?parent=28387"}],"wp:term":[{"taxonomy":"category","embeddable":true,"href":"https:\/\/www.africa-press.net\/cameroun\/wp-json\/wp\/v2\/categories?post=28387"},{"taxonomy":"post_tag","embeddable":true,"href":"https:\/\/www.africa-press.net\/cameroun\/wp-json\/wp\/v2\/tags?post=28387"}],"curies":[{"name":"wp","href":"https:\/\/api.w.org\/{rel}","templated":true}]}}