{"id":28393,"date":"2022-09-29T18:04:54","date_gmt":"2022-09-29T18:04:54","guid":{"rendered":"https:\/\/www.africa-press.net\/cameroun\/politique\/la-beac-decide-de-revoir-la-gestion-de-son-patrimoine-au-cameroun"},"modified":"2022-09-29T18:51:12","modified_gmt":"2022-09-29T18:51:12","slug":"la-beac-decide-de-revoir-la-gestion-de-son-patrimoine-au-cameroun","status":"publish","type":"post","link":"https:\/\/www.africa-press.net\/cameroun\/toutes-les-actualites\/la-beac-decide-de-revoir-la-gestion-de-son-patrimoine-au-cameroun","title":{"rendered":"La B\u00e9ac d\u00e9cide de revoir la gestion de son patrimoine au Cameroun"},"content":{"rendered":"<p><span style=\"color: #ff6600\"><strong>Africa-Press &#8211; Cameroun. <\/strong><\/span>Il s\u2019agit des travaux de re\u0301novation des ba\u0302timents de la Banque des Etats de l\u2019Afrique Centrale dans les villes de Douala, Bafoussam, et Garoua.<\/p>\n<p>Dans le cadre de son programme de gestion immobilie\u0300re, la Banque des E\u0301tats de l\u2019Afrique centrale (<b>Be\u0301ac<\/b>) a lance\u0301 le 23 septembre 2022, un avis de se\u0301lection a\u0300 mai\u0302trise d\u2019ouvrage pour la re\u0301habilitation, en lots inde\u0301pendants de ses succursales au Cameroun, au <b>Gabon<\/b> et en<b> Guine\u0301e e\u0301quatoriale<\/b>.<\/p>\n<p>L\u2019institution d\u2019e\u0301mission mone\u0301taire entend ainsi recruter un architecte pour la re\u0301alisation de ces travaux qui concernent exclusivement les lots : <b>agences de Douala, Bafoussam, Garoua pout ce qui est du Cameroun. Au Gabon et en Guine\u0301e Equatoriale, les agences concerne\u0301es sont celles d\u2019Oyem et Malabo<\/b> respectivement.<\/p>\n<p>Me\u0302me si la banque centrale n\u2019a pas re\u0301ve\u0301le\u0301 le cou\u0302t des de\u0301penses, elle a indique\u0301 que l\u2019exe\u0301cution des travaux se fera avec les ressources propres de la banque. Par ailleurs cette initiative permettra non seulement de rapprocher les services de la <b>Be\u0301ac<\/b> des ope\u0301rateurs e\u0301conomiques, mais aussi d\u2019offrir un meilleur cadre de travail a\u0300 ses salarie\u0301s, a-t-on appris.<\/p>\n<p>Dans le cadre de cet appel d\u2019offres, la Be\u0301ac invite les entreprises qualifie\u0301es re\u0301pondant aux exigences a\u0300 soumettre leurs propositions. \u00ab Le processus sera mene\u0301 conforme\u0301ment au re\u0300glement no. 01\/CEMAC\/UMAC\/CM\/18 portant adoption du Code des marche\u0301s de la BEAC, y compris la se\u0301lection sur la base de la qualite\u0301 technique et du cou\u0302t de l\u2019offre \u00bb, a indique\u0301 la banque centrale. Toutefois, la participation a\u0300 cet \u00ab appel d\u2019offres \u00bb est conditionne\u0301e par le paiement de la somme non remboursable de cent mille (100 000) francs CFA par lot.<\/p>\n<p>Pour rappel, cette de\u0301cision de la Beac, intervient quelque temps apre\u0300s la construction du sie\u0300ge de la <b>Be\u0301ac<\/b> nationale au Cameroun, des antennes d\u2019Ebolowa dans la re\u0301gion du Sud, et celle de Limbe dans le Sud-Ouest.<\/p>\n<p><strong>Pour plus d&rsquo;informations et d&rsquo;analyses sur la <a href=\"https:\/\/www.africa-press.net\/cameroun\">Cameroun<\/a>, suivez <a href=\"https:\/\/www.africa-press.net\/\">Africa-Press<\/a><\/strong><\/p>\n","protected":false},"excerpt":{"rendered":"<p>Africa-Press &#8211; Cameroun. Il s\u2019agit des travaux de re\u0301novation des ba\u0302timents de la Banque des Etats de l\u2019Afrique Centrale dans les villes de Douala, Bafoussam, et Garoua. Dans le cadre de son programme de gestion immobilie\u0300re, la Banque des E\u0301tats de l\u2019Afrique centrale (Be\u0301ac) a lance\u0301 le 23 septembre 2022, un avis de se\u0301lection a\u0300 [&hellip;]<\/p>\n","protected":false},"author":82,"featured_media":28392,"comment_status":"open","ping_status":"closed","sticky":false,"template":"","format":"standard","meta":{"footnotes":""},"categories":[21,10],"tags":[36,50,49],"class_list":["post-28393","post","type-post","status-publish","format-standard","has-post-thumbnail","hentry","category-communaute","category-toutes-les-actualites","tag-africa-press","tag-africa-press-cameroun","tag-cameroun"],"yoast_head":"<!-- This site is optimized with the Yoast SEO Premium plugin v26.1 (Yoast SEO v27.0) - https:\/\/yoast.com\/product\/yoast-seo-premium-wordpress\/ -->\n<title>La B\u00e9ac d\u00e9cide de revoir la gestion de son patrimoine au Cameroun - Cameroun<\/title>\n<meta name=\"description\" content=\"Il s\u2019agit des travaux de re\u0301novation des ba\u0302timents de la Banque des Etats de l\u2019Afrique Centrale dans les villes de Doua ...\" \/>\n<meta name=\"robots\" content=\"index, follow, max-snippet:-1, max-image-preview:large, max-video-preview:-1\" \/>\n<link rel=\"canonical\" href=\"https:\/\/www.africa-press.net\/cameroun\/toutes-les-actualites\/la-beac-decide-de-revoir-la-gestion-de-son-patrimoine-au-cameroun\" \/>\n<meta property=\"og:locale\" content=\"fr_FR\" \/>\n<meta property=\"og:type\" content=\"article\" \/>\n<meta property=\"og:title\" content=\"La B\u00e9ac d\u00e9cide de revoir la gestion de son patrimoine au Cameroun\" \/>\n<meta property=\"og:description\" content=\"Il s\u2019agit des travaux de re\u0301novation des ba\u0302timents de la Banque des Etats de l\u2019Afrique Centrale dans les villes de Doua ...\" \/>\n<meta property=\"og:url\" content=\"https:\/\/www.africa-press.net\/cameroun\/toutes-les-actualites\/la-beac-decide-de-revoir-la-gestion-de-son-patrimoine-au-cameroun\" \/>\n<meta property=\"og:site_name\" content=\"Cameroun\" \/>\n<meta property=\"article:published_time\" content=\"2022-09-29T18:04:54+00:00\" \/>\n<meta property=\"article:modified_time\" content=\"2022-09-29T18:51:12+00:00\" \/>\n<meta property=\"og:image\" content=\"https:\/\/static.africa-press.net\/cameroun\/sites\/57\/2022\/09\/img-6335e9069d654.jpg\" \/>\n\t<meta property=\"og:image:width\" content=\"800\" \/>\n\t<meta property=\"og:image:height\" content=\"400\" \/>\n\t<meta property=\"og:image:type\" content=\"image\/jpeg\" \/>\n<meta name=\"author\" content=\"cfeditorfr\" \/>\n<meta name=\"twitter:card\" content=\"summary_large_image\" \/>\n<meta name=\"twitter:label1\" content=\"\u00c9crit par\" \/>\n\t<meta name=\"twitter:data1\" content=\"cfeditorfr\" \/>\n\t<meta name=\"twitter:label2\" content=\"Dur\u00e9e de lecture estim\u00e9e\" \/>\n\t<meta name=\"twitter:data2\" content=\"2 minutes\" \/>\n<script type=\"application\/ld+json\" class=\"yoast-schema-graph\">{\"@context\":\"https:\/\/schema.org\",\"@graph\":[{\"@type\":\"Article\",\"@id\":\"https:\/\/www.africa-press.net\/cameroun\/toutes-les-actualites\/la-beac-decide-de-revoir-la-gestion-de-son-patrimoine-au-cameroun#article\",\"isPartOf\":{\"@id\":\"https:\/\/www.africa-press.net\/cameroun\/toutes-les-actualites\/la-beac-decide-de-revoir-la-gestion-de-son-patrimoine-au-cameroun\"},\"author\":{\"name\":\"cfeditorfr\",\"@id\":\"https:\/\/www.africa-press.net\/cameroun\/#\/schema\/person\/2b1cf3cd81a31e3cd26889ca66d677f1\"},\"headline\":\"La B\u00e9ac d\u00e9cide de revoir la gestion de son patrimoine au Cameroun\",\"datePublished\":\"2022-09-29T18:04:54+00:00\",\"dateModified\":\"2022-09-29T18:51:12+00:00\",\"mainEntityOfPage\":{\"@id\":\"https:\/\/www.africa-press.net\/cameroun\/toutes-les-actualites\/la-beac-decide-de-revoir-la-gestion-de-son-patrimoine-au-cameroun\"},\"wordCount\":376,\"commentCount\":0,\"image\":{\"@id\":\"https:\/\/www.africa-press.net\/cameroun\/toutes-les-actualites\/la-beac-decide-de-revoir-la-gestion-de-son-patrimoine-au-cameroun#primaryimage\"},\"thumbnailUrl\":\"https:\/\/static.africa-press.net\/cameroun\/sites\/57\/2022\/09\/img-6335e9069d654.jpg\",\"keywords\":[\"Africa Press\",\"Africa Press-Cameroun\",\"Cameroun\"],\"articleSection\":[\"Communaut\u00e9\",\"Toutes les actualit\u00e9s\"],\"inLanguage\":\"fr-FR\",\"potentialAction\":[{\"@type\":\"CommentAction\",\"name\":\"Comment\",\"target\":[\"https:\/\/www.africa-press.net\/cameroun\/toutes-les-actualites\/la-beac-decide-de-revoir-la-gestion-de-son-patrimoine-au-cameroun#respond\"]}]},{\"@type\":\"WebPage\",\"@id\":\"https:\/\/www.africa-press.net\/cameroun\/toutes-les-actualites\/la-beac-decide-de-revoir-la-gestion-de-son-patrimoine-au-cameroun\",\"url\":\"https:\/\/www.africa-press.net\/cameroun\/toutes-les-actualites\/la-beac-decide-de-revoir-la-gestion-de-son-patrimoine-au-cameroun\",\"name\":\"La B\u00e9ac d\u00e9cide de revoir la gestion de son patrimoine au Cameroun - Cameroun\",\"isPartOf\":{\"@id\":\"https:\/\/www.africa-press.net\/cameroun\/#website\"},\"primaryImageOfPage\":{\"@id\":\"https:\/\/www.africa-press.net\/cameroun\/toutes-les-actualites\/la-beac-decide-de-revoir-la-gestion-de-son-patrimoine-au-cameroun#primaryimage\"},\"image\":{\"@id\":\"https:\/\/www.africa-press.net\/cameroun\/toutes-les-actualites\/la-beac-decide-de-revoir-la-gestion-de-son-patrimoine-au-cameroun#primaryimage\"},\"thumbnailUrl\":\"https:\/\/static.africa-press.net\/cameroun\/sites\/57\/2022\/09\/img-6335e9069d654.jpg\",\"datePublished\":\"2022-09-29T18:04:54+00:00\",\"dateModified\":\"2022-09-29T18:51:12+00:00\",\"author\":{\"@id\":\"https:\/\/www.africa-press.net\/cameroun\/#\/schema\/person\/2b1cf3cd81a31e3cd26889ca66d677f1\"},\"description\":\"Il s\u2019agit des travaux de re\u0301novation des ba\u0302timents de la Banque des Etats de l\u2019Afrique Centrale dans les villes de Doua ...\",\"breadcrumb\":{\"@id\":\"https:\/\/www.africa-press.net\/cameroun\/toutes-les-actualites\/la-beac-decide-de-revoir-la-gestion-de-son-patrimoine-au-cameroun#breadcrumb\"},\"inLanguage\":\"fr-FR\",\"potentialAction\":[{\"@type\":\"ReadAction\",\"target\":[\"https:\/\/www.africa-press.net\/cameroun\/toutes-les-actualites\/la-beac-decide-de-revoir-la-gestion-de-son-patrimoine-au-cameroun\"]}]},{\"@type\":\"ImageObject\",\"inLanguage\":\"fr-FR\",\"@id\":\"https:\/\/www.africa-press.net\/cameroun\/toutes-les-actualites\/la-beac-decide-de-revoir-la-gestion-de-son-patrimoine-au-cameroun#primaryimage\",\"url\":\"https:\/\/static.africa-press.net\/cameroun\/sites\/57\/2022\/09\/img-6335e9069d654.jpg\",\"contentUrl\":\"https:\/\/static.africa-press.net\/cameroun\/sites\/57\/2022\/09\/img-6335e9069d654.jpg\",\"width\":800,\"height\":400,\"caption\":\"La B\u00e9ac d\u00e9cide de revoir la gestion de son patrimoine au Cameroun\"},{\"@type\":\"BreadcrumbList\",\"@id\":\"https:\/\/www.africa-press.net\/cameroun\/toutes-les-actualites\/la-beac-decide-de-revoir-la-gestion-de-son-patrimoine-au-cameroun#breadcrumb\",\"itemListElement\":[{\"@type\":\"ListItem\",\"position\":1,\"name\":\"Accueil\",\"item\":\"https:\/\/www.africa-press.net\/cameroun\/\"},{\"@type\":\"ListItem\",\"position\":2,\"name\":\"La B\u00e9ac d\u00e9cide de revoir la gestion de son patrimoine au Cameroun\"}]},{\"@type\":\"WebSite\",\"@id\":\"https:\/\/www.africa-press.net\/cameroun\/#website\",\"url\":\"https:\/\/www.africa-press.net\/cameroun\/\",\"name\":\"Cameroun\",\"description\":\"Just another Africa News Agency Sites site\",\"potentialAction\":[{\"@type\":\"SearchAction\",\"target\":{\"@type\":\"EntryPoint\",\"urlTemplate\":\"https:\/\/www.africa-press.net\/cameroun\/?s={search_term_string}\"},\"query-input\":{\"@type\":\"PropertyValueSpecification\",\"valueRequired\":true,\"valueName\":\"search_term_string\"}}],\"inLanguage\":\"fr-FR\"},{\"@type\":\"Person\",\"@id\":\"https:\/\/www.africa-press.net\/cameroun\/#\/schema\/person\/2b1cf3cd81a31e3cd26889ca66d677f1\",\"name\":\"cfeditorfr\"}]}<\/script>\n<!-- \/ Yoast SEO Premium plugin. -->","yoast_head_json":{"title":"La B\u00e9ac d\u00e9cide de revoir la gestion de son patrimoine au Cameroun - Cameroun","description":"Il s\u2019agit des travaux de re\u0301novation des ba\u0302timents de la Banque des Etats de l\u2019Afrique Centrale dans les villes de Doua ...","robots":{"index":"index","follow":"follow","max-snippet":"max-snippet:-1","max-image-preview":"max-image-preview:large","max-video-preview":"max-video-preview:-1"},"canonical":"https:\/\/www.africa-press.net\/cameroun\/toutes-les-actualites\/la-beac-decide-de-revoir-la-gestion-de-son-patrimoine-au-cameroun","og_locale":"fr_FR","og_type":"article","og_title":"La B\u00e9ac d\u00e9cide de revoir la gestion de son patrimoine au Cameroun","og_description":"Il s\u2019agit des travaux de re\u0301novation des ba\u0302timents de la Banque des Etats de l\u2019Afrique Centrale dans les villes de Doua ...","og_url":"https:\/\/www.africa-press.net\/cameroun\/toutes-les-actualites\/la-beac-decide-de-revoir-la-gestion-de-son-patrimoine-au-cameroun","og_site_name":"Cameroun","article_published_time":"2022-09-29T18:04:54+00:00","article_modified_time":"2022-09-29T18:51:12+00:00","og_image":[{"width":800,"height":400,"url":"https:\/\/static.africa-press.net\/cameroun\/sites\/57\/2022\/09\/img-6335e9069d654.jpg","type":"image\/jpeg"}],"author":"cfeditorfr","twitter_card":"summary_large_image","twitter_misc":{"\u00c9crit par":"cfeditorfr","Dur\u00e9e de lecture estim\u00e9e":"2 minutes"},"schema":{"@context":"https:\/\/schema.org","@graph":[{"@type":"Article","@id":"https:\/\/www.africa-press.net\/cameroun\/toutes-les-actualites\/la-beac-decide-de-revoir-la-gestion-de-son-patrimoine-au-cameroun#article","isPartOf":{"@id":"https:\/\/www.africa-press.net\/cameroun\/toutes-les-actualites\/la-beac-decide-de-revoir-la-gestion-de-son-patrimoine-au-cameroun"},"author":{"name":"cfeditorfr","@id":"https:\/\/www.africa-press.net\/cameroun\/#\/schema\/person\/2b1cf3cd81a31e3cd26889ca66d677f1"},"headline":"La B\u00e9ac d\u00e9cide de revoir la gestion de son patrimoine au Cameroun","datePublished":"2022-09-29T18:04:54+00:00","dateModified":"2022-09-29T18:51:12+00:00","mainEntityOfPage":{"@id":"https:\/\/www.africa-press.net\/cameroun\/toutes-les-actualites\/la-beac-decide-de-revoir-la-gestion-de-son-patrimoine-au-cameroun"},"wordCount":376,"commentCount":0,"image":{"@id":"https:\/\/www.africa-press.net\/cameroun\/toutes-les-actualites\/la-beac-decide-de-revoir-la-gestion-de-son-patrimoine-au-cameroun#primaryimage"},"thumbnailUrl":"https:\/\/static.africa-press.net\/cameroun\/sites\/57\/2022\/09\/img-6335e9069d654.jpg","keywords":["Africa Press","Africa Press-Cameroun","Cameroun"],"articleSection":["Communaut\u00e9","Toutes les actualit\u00e9s"],"inLanguage":"fr-FR","potentialAction":[{"@type":"CommentAction","name":"Comment","target":["https:\/\/www.africa-press.net\/cameroun\/toutes-les-actualites\/la-beac-decide-de-revoir-la-gestion-de-son-patrimoine-au-cameroun#respond"]}]},{"@type":"WebPage","@id":"https:\/\/www.africa-press.net\/cameroun\/toutes-les-actualites\/la-beac-decide-de-revoir-la-gestion-de-son-patrimoine-au-cameroun","url":"https:\/\/www.africa-press.net\/cameroun\/toutes-les-actualites\/la-beac-decide-de-revoir-la-gestion-de-son-patrimoine-au-cameroun","name":"La B\u00e9ac d\u00e9cide de revoir la gestion de son patrimoine au Cameroun - Cameroun","isPartOf":{"@id":"https:\/\/www.africa-press.net\/cameroun\/#website"},"primaryImageOfPage":{"@id":"https:\/\/www.africa-press.net\/cameroun\/toutes-les-actualites\/la-beac-decide-de-revoir-la-gestion-de-son-patrimoine-au-cameroun#primaryimage"},"image":{"@id":"https:\/\/www.africa-press.net\/cameroun\/toutes-les-actualites\/la-beac-decide-de-revoir-la-gestion-de-son-patrimoine-au-cameroun#primaryimage"},"thumbnailUrl":"https:\/\/static.africa-press.net\/cameroun\/sites\/57\/2022\/09\/img-6335e9069d654.jpg","datePublished":"2022-09-29T18:04:54+00:00","dateModified":"2022-09-29T18:51:12+00:00","author":{"@id":"https:\/\/www.africa-press.net\/cameroun\/#\/schema\/person\/2b1cf3cd81a31e3cd26889ca66d677f1"},"description":"Il s\u2019agit des travaux de re\u0301novation des ba\u0302timents de la Banque des Etats de l\u2019Afrique Centrale dans les villes de Doua ...","breadcrumb":{"@id":"https:\/\/www.africa-press.net\/cameroun\/toutes-les-actualites\/la-beac-decide-de-revoir-la-gestion-de-son-patrimoine-au-cameroun#breadcrumb"},"inLanguage":"fr-FR","potentialAction":[{"@type":"ReadAction","target":["https:\/\/www.africa-press.net\/cameroun\/toutes-les-actualites\/la-beac-decide-de-revoir-la-gestion-de-son-patrimoine-au-cameroun"]}]},{"@type":"ImageObject","inLanguage":"fr-FR","@id":"https:\/\/www.africa-press.net\/cameroun\/toutes-les-actualites\/la-beac-decide-de-revoir-la-gestion-de-son-patrimoine-au-cameroun#primaryimage","url":"https:\/\/static.africa-press.net\/cameroun\/sites\/57\/2022\/09\/img-6335e9069d654.jpg","contentUrl":"https:\/\/static.africa-press.net\/cameroun\/sites\/57\/2022\/09\/img-6335e9069d654.jpg","width":800,"height":400,"caption":"La B\u00e9ac d\u00e9cide de revoir la gestion de son patrimoine au Cameroun"},{"@type":"BreadcrumbList","@id":"https:\/\/www.africa-press.net\/cameroun\/toutes-les-actualites\/la-beac-decide-de-revoir-la-gestion-de-son-patrimoine-au-cameroun#breadcrumb","itemListElement":[{"@type":"ListItem","position":1,"name":"Accueil","item":"https:\/\/www.africa-press.net\/cameroun\/"},{"@type":"ListItem","position":2,"name":"La B\u00e9ac d\u00e9cide de revoir la gestion de son patrimoine au Cameroun"}]},{"@type":"WebSite","@id":"https:\/\/www.africa-press.net\/cameroun\/#website","url":"https:\/\/www.africa-press.net\/cameroun\/","name":"Cameroun","description":"Just another Africa News Agency Sites site","potentialAction":[{"@type":"SearchAction","target":{"@type":"EntryPoint","urlTemplate":"https:\/\/www.africa-press.net\/cameroun\/?s={search_term_string}"},"query-input":{"@type":"PropertyValueSpecification","valueRequired":true,"valueName":"search_term_string"}}],"inLanguage":"fr-FR"},{"@type":"Person","@id":"https:\/\/www.africa-press.net\/cameroun\/#\/schema\/person\/2b1cf3cd81a31e3cd26889ca66d677f1","name":"cfeditorfr"}]}},"_links":{"self":[{"href":"https:\/\/www.africa-press.net\/cameroun\/wp-json\/wp\/v2\/posts\/28393","targetHints":{"allow":["GET"]}}],"collection":[{"href":"https:\/\/www.africa-press.net\/cameroun\/wp-json\/wp\/v2\/posts"}],"about":[{"href":"https:\/\/www.africa-press.net\/cameroun\/wp-json\/wp\/v2\/types\/post"}],"author":[{"embeddable":true,"href":"https:\/\/www.africa-press.net\/cameroun\/wp-json\/wp\/v2\/users\/82"}],"replies":[{"embeddable":true,"href":"https:\/\/www.africa-press.net\/cameroun\/wp-json\/wp\/v2\/comments?post=28393"}],"version-history":[{"count":0,"href":"https:\/\/www.africa-press.net\/cameroun\/wp-json\/wp\/v2\/posts\/28393\/revisions"}],"wp:featuredmedia":[{"embeddable":true,"href":"https:\/\/www.africa-press.net\/cameroun\/wp-json\/wp\/v2\/media\/28392"}],"wp:attachment":[{"href":"https:\/\/www.africa-press.net\/cameroun\/wp-json\/wp\/v2\/media?parent=28393"}],"wp:term":[{"taxonomy":"category","embeddable":true,"href":"https:\/\/www.africa-press.net\/cameroun\/wp-json\/wp\/v2\/categories?post=28393"},{"taxonomy":"post_tag","embeddable":true,"href":"https:\/\/www.africa-press.net\/cameroun\/wp-json\/wp\/v2\/tags?post=28393"}],"curies":[{"name":"wp","href":"https:\/\/api.w.org\/{rel}","templated":true}]}}