{"id":28402,"date":"2022-09-29T18:28:06","date_gmt":"2022-09-29T18:28:06","guid":{"rendered":"https:\/\/www.africa-press.net\/cameroun\/politique\/decideurs-la-camerounaise-vera-songwe-nommee-presidente-du-conseil-dadministration-de-la-lsf"},"modified":"2022-09-29T18:53:34","modified_gmt":"2022-09-29T18:53:34","slug":"decideurs-la-camerounaise-vera-songwe-nommee-presidente-du-conseil-dadministration-de-la-lsf","status":"publish","type":"post","link":"https:\/\/www.africa-press.net\/cameroun\/politique\/decideurs-la-camerounaise-vera-songwe-nommee-presidente-du-conseil-dadministration-de-la-lsf","title":{"rendered":"D\u00e9cideurs : la Camerounaise Vera Songwe nomm\u00e9e pr\u00e9sidente du Conseil d\u2019administration de la LSF"},"content":{"rendered":"<p><span style=\"color: #ff6600\"><strong>Africa-Press &#8211; Cameroun. <\/strong><\/span>Quelques semaines apre\u0300s sa de\u0301mission de la CEA, le Dr Vera Songwe vient d\u2019e\u0302tre porte\u0301e a\u0300 la te\u0302te du conseil d\u2019administration de la Liquidity &amp; Sustainability Facility (LSF).<\/p>\n<p>\u00ab La LSF marque la reconnaissance de la maturite\u0301 du marche\u0301 des obligations souveraines africaines \u00bb, a de\u0301clare\u0301 Vera Songwe. \u00ab Il vise a\u0300 offrir la me\u0302me infrastructure financie\u0300re a\u0300 laquelle le reste du monde a acce\u0300s et a\u0300 uniformiser les re\u0300gles du jeu pour les emprunteurs souverains africains. Cela cre\u0301e un environnement d\u2019investissement plus durable pour l\u2019Afrique \u00bb, a-t-elle ajoute\u0301.<\/p>\n<p>En effet, le conseil d\u2019administration comprend le <b>Dr Benedict Okey Oramah<\/b>, pre\u0301sident et pre\u0301sident du conseil d\u2019administration de la Banque africaine d\u2019import-export, et David Escoffier, qui est e\u0301galement directeur ge\u0301ne\u0301ral du secre\u0301tariat de la LSF. Ces nominations refle\u0300tent l\u2019engagement de la LSF a\u0300 fonctionner selon des normes de gouvernance e\u0301leve\u0301es et la supervision d\u2019un conseil d\u2019administration de grande qualite\u0301.<\/p>\n<p>La LSF a e\u0301te\u0301 cre\u0301e\u0301e en novembre 2021 lors de la <b>COP26<\/b> a\u0300 Glasgow avec le double objectif de soutenir la liquidite\u0301 des euro-obligations souveraines africaines et d\u2019inciter les investissements lie\u0301s aux ODD tels que les ODD et les obligations vertes sur le continent africain. Son objectif est d\u2019ame\u0301liorer la viabilite\u0301 de la dette souveraine africaine et, gra\u0302ce a\u0300 sa participation avec les gouvernements africains et les investisseurs prive\u0301s, de contribuer a\u0300 l\u2019ame\u0301lioration de la liquidite\u0301 sur le marche\u0301 conforme\u0301ment aux normes internationales.<\/p>\n<p>Une ame\u0301lioration des conditions des nouvelles e\u0301missions d\u2019obligations lie\u0301es aux<b> ODD<\/b> ou lie\u0301es au climat pour les pays africains pourrait entrai\u0302ner une augmentation spectaculaire du volume de financement des obligations vertes et bleues, et a\u0300 des taux abordables et durables. Le conseil d\u2019administration est responsable du respect par la LST de sa mission de bien public et des normes de transparence et de responsabilite\u0301. Le conseil d\u2019administration nommera d\u2019autres membres du conseil qui repre\u0301senteront les inte\u0301re\u0302ts des parties prenantes de la LSF et un responsable du risque de cre\u0301dit.<\/p>\n<p><b>Le profil de l\u2019inte\u0301resse\u0301e <\/b><\/p>\n<p>Vera Songwe est chercheuse principale invite\u0301e a\u0300 la <b>Brookings Institution<\/b>, copre\u0301sidente du groupe d\u2019experts de haut niveau sur le financement climatique nomme\u0301 par le gouvernement du Royaume-Uni et de l\u2019E\u0301gypte aux co\u0302te\u0301s de Lord Nick Stern. Elle est l\u2019ancienne sous-secre\u0301taire ge\u0301ne\u0301rale des Nations Unies et la secre\u0301taire exe\u0301cutive de la <b>Commission e\u0301conomique pour l\u2019Afrique<\/b> (CEA).<\/p>\n<p>Songwe a mene\u0301 de nombreux efforts pour apporter une plus grande prospe\u0301rite\u0301 a\u0300 l\u2019Afrique. Elle a travaille\u0301 avec des chefs de gouvernement africains, des ministres des Finances et des gouverneurs de banques centrales, des organisations internationales et le secteur prive\u0301 sur la stabilite\u0301 macroe\u0301conomique, la politique mone\u0301taire, l\u2019innovation financie\u0300re et la croissance de l\u2019inclusion, l\u2019inte\u0301gration e\u0301conomique et le commerce, et le de\u0301veloppement du secteur prive\u0301.<\/p>\n<p>Elle est une dirigeante reconnue et respecte\u0301e a\u0300 l\u2019e\u0301chelle mondiale et a fourni des conseils politiques a\u0300 de nombreux dirigeants continentaux et institutionnels a\u0300 l\u2019e\u0301chelle mondiale. Auparavant, Songwe e\u0301tait directeur re\u0301gional de la Socie\u0301te\u0301 financie\u0300re internationale, couvrant l\u2019Afrique de l\u2019Ouest et centrale. Elle a supervise\u0301 un portefeuille d\u2019investissements de plusieurs milliards de dollars dans les domaines de l\u2019e\u0301nergie, des transports, de la fabrication et de la technologie.<\/p>\n<p>Par ailleurs, elle a occupe\u0301 plusieurs postes a\u0300 la Banque mondiale, notamment en tant que directrice pays, conseille\u0300re du directeur ge\u0301ne\u0301ral pour l\u2019Afrique, l\u2019Europe et l\u2019Asie centrale et du Sud. Elle a passe\u0301 10 ans de sa carrie\u0300re a\u0300 travailler et vivre en Asie. Elle a rejoint la Banque mondiale en tant que jeune professionnelle. Avant de rejoindre la Banque, elle a e\u0301te\u0301 chercheuse invite\u0301e a\u0300 la Federal Reserve Bank du Minnesota et a\u0300 l\u2019Universite\u0301 de Californie du Sud.Songwe a e\u0301te\u0301 nomme\u0301e ico\u0302ne africaine de l\u2019anne\u0301e en 2022 par l\u2019Association des banquiers africains pour son travail sur les DTS, l\u2019inflation, la gestion de la dette et la mobilisation des ressources inte\u0301rieures.<\/p>\n<p>Elle a e\u0301te\u0301 nomme\u0301e l\u2019une des \u00ab <b>100 Africaines les plus influentes<\/b> \u00bb par Jeune Afrique en 2021 ainsi que le top 50 des femmes africaines les plus influentes par le magazine Forbes en 2019 et par le Financial Times parmi les 25 Africaines a\u0300 surveiller. Elle est titulaire d\u2019un doctorat en e\u0301conomie mathe\u0301matique du Centre de recherche ope\u0301rationnelle et d\u2019e\u0301conome\u0301trie, d\u2019une mai\u0302trise en droit et e\u0301conomie et d\u2019un diplo\u0302me d\u2019e\u0301tudes approfondies en sciences e\u0301conomiques et politiques de l\u2019Universite\u0301 Catholique de Louvain en Belgique. Elle est e\u0301galement titulaire d\u2019un B.A. en e\u0301conomie et sciences politiques de l\u2019Universite\u0301 du Michigan, Ann Arbor.<\/p>\n<p><strong>Pour plus d&rsquo;informations et d&rsquo;analyses sur la <a href=\"https:\/\/www.africa-press.net\/cameroun\">Cameroun<\/a>, suivez <a href=\"https:\/\/www.africa-press.net\/\">Africa-Press<\/a><\/strong><\/p>\n","protected":false},"excerpt":{"rendered":"<p>Africa-Press &#8211; Cameroun. Quelques semaines apre\u0300s sa de\u0301mission de la CEA, le Dr Vera Songwe vient d\u2019e\u0302tre porte\u0301e a\u0300 la te\u0302te du conseil d\u2019administration de la Liquidity &amp; Sustainability Facility (LSF). \u00ab La LSF marque la reconnaissance de la maturite\u0301 du marche\u0301 des obligations souveraines africaines \u00bb, a de\u0301clare\u0301 Vera Songwe. \u00ab Il vise a\u0300 [&hellip;]<\/p>\n","protected":false},"author":82,"featured_media":28401,"comment_status":"open","ping_status":"closed","sticky":false,"template":"","format":"standard","meta":{"footnotes":""},"categories":[2,10],"tags":[36,50,49],"class_list":["post-28402","post","type-post","status-publish","format-standard","has-post-thumbnail","hentry","category-politique","category-toutes-les-actualites","tag-africa-press","tag-africa-press-cameroun","tag-cameroun"],"yoast_head":"<!-- This site is optimized with the Yoast SEO Premium plugin v26.1 (Yoast SEO v27.0) - https:\/\/yoast.com\/product\/yoast-seo-premium-wordpress\/ -->\n<title>D\u00e9cideurs : la Camerounaise Vera Songwe nomm\u00e9e pr\u00e9sidente du Conseil d\u2019administration de la LSF - Cameroun<\/title>\n<meta name=\"description\" content=\"Quelques semaines apre\u0300s sa de\u0301mission de la CEA, le Dr Vera Songwe vient d\u2019e\u0302tre porte\u0301e a\u0300 la te\u0302te du conseil d\u2019admin ...\" \/>\n<meta name=\"robots\" content=\"index, follow, max-snippet:-1, max-image-preview:large, max-video-preview:-1\" \/>\n<link rel=\"canonical\" href=\"https:\/\/www.africa-press.net\/cameroun\/politique\/decideurs-la-camerounaise-vera-songwe-nommee-presidente-du-conseil-dadministration-de-la-lsf\" \/>\n<meta property=\"og:locale\" content=\"fr_FR\" \/>\n<meta property=\"og:type\" content=\"article\" \/>\n<meta property=\"og:title\" content=\"D\u00e9cideurs : la Camerounaise Vera Songwe nomm\u00e9e pr\u00e9sidente du Conseil d\u2019administration de la LSF\" \/>\n<meta property=\"og:description\" content=\"Quelques semaines apre\u0300s sa de\u0301mission de la CEA, le Dr Vera Songwe vient d\u2019e\u0302tre porte\u0301e a\u0300 la te\u0302te du conseil d\u2019admin ...\" \/>\n<meta property=\"og:url\" content=\"https:\/\/www.africa-press.net\/cameroun\/politique\/decideurs-la-camerounaise-vera-songwe-nommee-presidente-du-conseil-dadministration-de-la-lsf\" \/>\n<meta property=\"og:site_name\" content=\"Cameroun\" \/>\n<meta property=\"article:published_time\" content=\"2022-09-29T18:28:06+00:00\" \/>\n<meta property=\"article:modified_time\" content=\"2022-09-29T18:53:34+00:00\" \/>\n<meta property=\"og:image\" content=\"https:\/\/static.africa-press.net\/cameroun\/sites\/57\/2022\/09\/img-6335e983147bc.jpg\" \/>\n\t<meta property=\"og:image:width\" content=\"1367\" \/>\n\t<meta property=\"og:image:height\" content=\"2048\" \/>\n\t<meta property=\"og:image:type\" content=\"image\/jpeg\" \/>\n<meta name=\"author\" content=\"cfeditorfr\" \/>\n<meta name=\"twitter:card\" content=\"summary_large_image\" \/>\n<meta name=\"twitter:label1\" content=\"\u00c9crit par\" \/>\n\t<meta name=\"twitter:data1\" content=\"cfeditorfr\" \/>\n\t<meta name=\"twitter:label2\" content=\"Dur\u00e9e de lecture estim\u00e9e\" \/>\n\t<meta name=\"twitter:data2\" content=\"4 minutes\" \/>\n<script type=\"application\/ld+json\" class=\"yoast-schema-graph\">{\"@context\":\"https:\/\/schema.org\",\"@graph\":[{\"@type\":\"Article\",\"@id\":\"https:\/\/www.africa-press.net\/cameroun\/politique\/decideurs-la-camerounaise-vera-songwe-nommee-presidente-du-conseil-dadministration-de-la-lsf#article\",\"isPartOf\":{\"@id\":\"https:\/\/www.africa-press.net\/cameroun\/politique\/decideurs-la-camerounaise-vera-songwe-nommee-presidente-du-conseil-dadministration-de-la-lsf\"},\"author\":{\"name\":\"cfeditorfr\",\"@id\":\"https:\/\/www.africa-press.net\/cameroun\/#\/schema\/person\/2b1cf3cd81a31e3cd26889ca66d677f1\"},\"headline\":\"D\u00e9cideurs : la Camerounaise Vera Songwe nomm\u00e9e pr\u00e9sidente du Conseil d\u2019administration de la LSF\",\"datePublished\":\"2022-09-29T18:28:06+00:00\",\"dateModified\":\"2022-09-29T18:53:34+00:00\",\"mainEntityOfPage\":{\"@id\":\"https:\/\/www.africa-press.net\/cameroun\/politique\/decideurs-la-camerounaise-vera-songwe-nommee-presidente-du-conseil-dadministration-de-la-lsf\"},\"wordCount\":882,\"commentCount\":0,\"image\":{\"@id\":\"https:\/\/www.africa-press.net\/cameroun\/politique\/decideurs-la-camerounaise-vera-songwe-nommee-presidente-du-conseil-dadministration-de-la-lsf#primaryimage\"},\"thumbnailUrl\":\"https:\/\/static.africa-press.net\/cameroun\/sites\/57\/2022\/09\/img-6335e983147bc.jpg\",\"keywords\":[\"Africa Press\",\"Africa Press-Cameroun\",\"Cameroun\"],\"articleSection\":[\"Politique\",\"Toutes les actualit\u00e9s\"],\"inLanguage\":\"fr-FR\",\"potentialAction\":[{\"@type\":\"CommentAction\",\"name\":\"Comment\",\"target\":[\"https:\/\/www.africa-press.net\/cameroun\/politique\/decideurs-la-camerounaise-vera-songwe-nommee-presidente-du-conseil-dadministration-de-la-lsf#respond\"]}]},{\"@type\":\"WebPage\",\"@id\":\"https:\/\/www.africa-press.net\/cameroun\/politique\/decideurs-la-camerounaise-vera-songwe-nommee-presidente-du-conseil-dadministration-de-la-lsf\",\"url\":\"https:\/\/www.africa-press.net\/cameroun\/politique\/decideurs-la-camerounaise-vera-songwe-nommee-presidente-du-conseil-dadministration-de-la-lsf\",\"name\":\"D\u00e9cideurs : la Camerounaise Vera Songwe nomm\u00e9e pr\u00e9sidente du Conseil d\u2019administration de la LSF - Cameroun\",\"isPartOf\":{\"@id\":\"https:\/\/www.africa-press.net\/cameroun\/#website\"},\"primaryImageOfPage\":{\"@id\":\"https:\/\/www.africa-press.net\/cameroun\/politique\/decideurs-la-camerounaise-vera-songwe-nommee-presidente-du-conseil-dadministration-de-la-lsf#primaryimage\"},\"image\":{\"@id\":\"https:\/\/www.africa-press.net\/cameroun\/politique\/decideurs-la-camerounaise-vera-songwe-nommee-presidente-du-conseil-dadministration-de-la-lsf#primaryimage\"},\"thumbnailUrl\":\"https:\/\/static.africa-press.net\/cameroun\/sites\/57\/2022\/09\/img-6335e983147bc.jpg\",\"datePublished\":\"2022-09-29T18:28:06+00:00\",\"dateModified\":\"2022-09-29T18:53:34+00:00\",\"author\":{\"@id\":\"https:\/\/www.africa-press.net\/cameroun\/#\/schema\/person\/2b1cf3cd81a31e3cd26889ca66d677f1\"},\"description\":\"Quelques semaines apre\u0300s sa de\u0301mission de la CEA, le Dr Vera Songwe vient d\u2019e\u0302tre porte\u0301e a\u0300 la te\u0302te du conseil d\u2019admin ...\",\"breadcrumb\":{\"@id\":\"https:\/\/www.africa-press.net\/cameroun\/politique\/decideurs-la-camerounaise-vera-songwe-nommee-presidente-du-conseil-dadministration-de-la-lsf#breadcrumb\"},\"inLanguage\":\"fr-FR\",\"potentialAction\":[{\"@type\":\"ReadAction\",\"target\":[\"https:\/\/www.africa-press.net\/cameroun\/politique\/decideurs-la-camerounaise-vera-songwe-nommee-presidente-du-conseil-dadministration-de-la-lsf\"]}]},{\"@type\":\"ImageObject\",\"inLanguage\":\"fr-FR\",\"@id\":\"https:\/\/www.africa-press.net\/cameroun\/politique\/decideurs-la-camerounaise-vera-songwe-nommee-presidente-du-conseil-dadministration-de-la-lsf#primaryimage\",\"url\":\"https:\/\/static.africa-press.net\/cameroun\/sites\/57\/2022\/09\/img-6335e983147bc.jpg\",\"contentUrl\":\"https:\/\/static.africa-press.net\/cameroun\/sites\/57\/2022\/09\/img-6335e983147bc.jpg\",\"width\":1367,\"height\":2048,\"caption\":\"D\u00e9cideurs : la Camerounaise Vera Songwe nomm\u00e9e pr\u00e9sidente du Conseil d\u2019administration de la LSF\"},{\"@type\":\"BreadcrumbList\",\"@id\":\"https:\/\/www.africa-press.net\/cameroun\/politique\/decideurs-la-camerounaise-vera-songwe-nommee-presidente-du-conseil-dadministration-de-la-lsf#breadcrumb\",\"itemListElement\":[{\"@type\":\"ListItem\",\"position\":1,\"name\":\"Accueil\",\"item\":\"https:\/\/www.africa-press.net\/cameroun\/\"},{\"@type\":\"ListItem\",\"position\":2,\"name\":\"D\u00e9cideurs : la Camerounaise Vera Songwe nomm\u00e9e pr\u00e9sidente du Conseil d\u2019administration de la LSF\"}]},{\"@type\":\"WebSite\",\"@id\":\"https:\/\/www.africa-press.net\/cameroun\/#website\",\"url\":\"https:\/\/www.africa-press.net\/cameroun\/\",\"name\":\"Cameroun\",\"description\":\"Just another Africa News Agency Sites site\",\"potentialAction\":[{\"@type\":\"SearchAction\",\"target\":{\"@type\":\"EntryPoint\",\"urlTemplate\":\"https:\/\/www.africa-press.net\/cameroun\/?s={search_term_string}\"},\"query-input\":{\"@type\":\"PropertyValueSpecification\",\"valueRequired\":true,\"valueName\":\"search_term_string\"}}],\"inLanguage\":\"fr-FR\"},{\"@type\":\"Person\",\"@id\":\"https:\/\/www.africa-press.net\/cameroun\/#\/schema\/person\/2b1cf3cd81a31e3cd26889ca66d677f1\",\"name\":\"cfeditorfr\"}]}<\/script>\n<!-- \/ Yoast SEO Premium plugin. -->","yoast_head_json":{"title":"D\u00e9cideurs : la Camerounaise Vera Songwe nomm\u00e9e pr\u00e9sidente du Conseil d\u2019administration de la LSF - Cameroun","description":"Quelques semaines apre\u0300s sa de\u0301mission de la CEA, le Dr Vera Songwe vient d\u2019e\u0302tre porte\u0301e a\u0300 la te\u0302te du conseil d\u2019admin ...","robots":{"index":"index","follow":"follow","max-snippet":"max-snippet:-1","max-image-preview":"max-image-preview:large","max-video-preview":"max-video-preview:-1"},"canonical":"https:\/\/www.africa-press.net\/cameroun\/politique\/decideurs-la-camerounaise-vera-songwe-nommee-presidente-du-conseil-dadministration-de-la-lsf","og_locale":"fr_FR","og_type":"article","og_title":"D\u00e9cideurs : la Camerounaise Vera Songwe nomm\u00e9e pr\u00e9sidente du Conseil d\u2019administration de la LSF","og_description":"Quelques semaines apre\u0300s sa de\u0301mission de la CEA, le Dr Vera Songwe vient d\u2019e\u0302tre porte\u0301e a\u0300 la te\u0302te du conseil d\u2019admin ...","og_url":"https:\/\/www.africa-press.net\/cameroun\/politique\/decideurs-la-camerounaise-vera-songwe-nommee-presidente-du-conseil-dadministration-de-la-lsf","og_site_name":"Cameroun","article_published_time":"2022-09-29T18:28:06+00:00","article_modified_time":"2022-09-29T18:53:34+00:00","og_image":[{"width":1367,"height":2048,"url":"https:\/\/static.africa-press.net\/cameroun\/sites\/57\/2022\/09\/img-6335e983147bc.jpg","type":"image\/jpeg"}],"author":"cfeditorfr","twitter_card":"summary_large_image","twitter_misc":{"\u00c9crit par":"cfeditorfr","Dur\u00e9e de lecture estim\u00e9e":"4 minutes"},"schema":{"@context":"https:\/\/schema.org","@graph":[{"@type":"Article","@id":"https:\/\/www.africa-press.net\/cameroun\/politique\/decideurs-la-camerounaise-vera-songwe-nommee-presidente-du-conseil-dadministration-de-la-lsf#article","isPartOf":{"@id":"https:\/\/www.africa-press.net\/cameroun\/politique\/decideurs-la-camerounaise-vera-songwe-nommee-presidente-du-conseil-dadministration-de-la-lsf"},"author":{"name":"cfeditorfr","@id":"https:\/\/www.africa-press.net\/cameroun\/#\/schema\/person\/2b1cf3cd81a31e3cd26889ca66d677f1"},"headline":"D\u00e9cideurs : la Camerounaise Vera Songwe nomm\u00e9e pr\u00e9sidente du Conseil d\u2019administration de la LSF","datePublished":"2022-09-29T18:28:06+00:00","dateModified":"2022-09-29T18:53:34+00:00","mainEntityOfPage":{"@id":"https:\/\/www.africa-press.net\/cameroun\/politique\/decideurs-la-camerounaise-vera-songwe-nommee-presidente-du-conseil-dadministration-de-la-lsf"},"wordCount":882,"commentCount":0,"image":{"@id":"https:\/\/www.africa-press.net\/cameroun\/politique\/decideurs-la-camerounaise-vera-songwe-nommee-presidente-du-conseil-dadministration-de-la-lsf#primaryimage"},"thumbnailUrl":"https:\/\/static.africa-press.net\/cameroun\/sites\/57\/2022\/09\/img-6335e983147bc.jpg","keywords":["Africa Press","Africa Press-Cameroun","Cameroun"],"articleSection":["Politique","Toutes les actualit\u00e9s"],"inLanguage":"fr-FR","potentialAction":[{"@type":"CommentAction","name":"Comment","target":["https:\/\/www.africa-press.net\/cameroun\/politique\/decideurs-la-camerounaise-vera-songwe-nommee-presidente-du-conseil-dadministration-de-la-lsf#respond"]}]},{"@type":"WebPage","@id":"https:\/\/www.africa-press.net\/cameroun\/politique\/decideurs-la-camerounaise-vera-songwe-nommee-presidente-du-conseil-dadministration-de-la-lsf","url":"https:\/\/www.africa-press.net\/cameroun\/politique\/decideurs-la-camerounaise-vera-songwe-nommee-presidente-du-conseil-dadministration-de-la-lsf","name":"D\u00e9cideurs : la Camerounaise Vera Songwe nomm\u00e9e pr\u00e9sidente du Conseil d\u2019administration de la LSF - Cameroun","isPartOf":{"@id":"https:\/\/www.africa-press.net\/cameroun\/#website"},"primaryImageOfPage":{"@id":"https:\/\/www.africa-press.net\/cameroun\/politique\/decideurs-la-camerounaise-vera-songwe-nommee-presidente-du-conseil-dadministration-de-la-lsf#primaryimage"},"image":{"@id":"https:\/\/www.africa-press.net\/cameroun\/politique\/decideurs-la-camerounaise-vera-songwe-nommee-presidente-du-conseil-dadministration-de-la-lsf#primaryimage"},"thumbnailUrl":"https:\/\/static.africa-press.net\/cameroun\/sites\/57\/2022\/09\/img-6335e983147bc.jpg","datePublished":"2022-09-29T18:28:06+00:00","dateModified":"2022-09-29T18:53:34+00:00","author":{"@id":"https:\/\/www.africa-press.net\/cameroun\/#\/schema\/person\/2b1cf3cd81a31e3cd26889ca66d677f1"},"description":"Quelques semaines apre\u0300s sa de\u0301mission de la CEA, le Dr Vera Songwe vient d\u2019e\u0302tre porte\u0301e a\u0300 la te\u0302te du conseil d\u2019admin ...","breadcrumb":{"@id":"https:\/\/www.africa-press.net\/cameroun\/politique\/decideurs-la-camerounaise-vera-songwe-nommee-presidente-du-conseil-dadministration-de-la-lsf#breadcrumb"},"inLanguage":"fr-FR","potentialAction":[{"@type":"ReadAction","target":["https:\/\/www.africa-press.net\/cameroun\/politique\/decideurs-la-camerounaise-vera-songwe-nommee-presidente-du-conseil-dadministration-de-la-lsf"]}]},{"@type":"ImageObject","inLanguage":"fr-FR","@id":"https:\/\/www.africa-press.net\/cameroun\/politique\/decideurs-la-camerounaise-vera-songwe-nommee-presidente-du-conseil-dadministration-de-la-lsf#primaryimage","url":"https:\/\/static.africa-press.net\/cameroun\/sites\/57\/2022\/09\/img-6335e983147bc.jpg","contentUrl":"https:\/\/static.africa-press.net\/cameroun\/sites\/57\/2022\/09\/img-6335e983147bc.jpg","width":1367,"height":2048,"caption":"D\u00e9cideurs : la Camerounaise Vera Songwe nomm\u00e9e pr\u00e9sidente du Conseil d\u2019administration de la LSF"},{"@type":"BreadcrumbList","@id":"https:\/\/www.africa-press.net\/cameroun\/politique\/decideurs-la-camerounaise-vera-songwe-nommee-presidente-du-conseil-dadministration-de-la-lsf#breadcrumb","itemListElement":[{"@type":"ListItem","position":1,"name":"Accueil","item":"https:\/\/www.africa-press.net\/cameroun\/"},{"@type":"ListItem","position":2,"name":"D\u00e9cideurs : la Camerounaise Vera Songwe nomm\u00e9e pr\u00e9sidente du Conseil d\u2019administration de la LSF"}]},{"@type":"WebSite","@id":"https:\/\/www.africa-press.net\/cameroun\/#website","url":"https:\/\/www.africa-press.net\/cameroun\/","name":"Cameroun","description":"Just another Africa News Agency Sites site","potentialAction":[{"@type":"SearchAction","target":{"@type":"EntryPoint","urlTemplate":"https:\/\/www.africa-press.net\/cameroun\/?s={search_term_string}"},"query-input":{"@type":"PropertyValueSpecification","valueRequired":true,"valueName":"search_term_string"}}],"inLanguage":"fr-FR"},{"@type":"Person","@id":"https:\/\/www.africa-press.net\/cameroun\/#\/schema\/person\/2b1cf3cd81a31e3cd26889ca66d677f1","name":"cfeditorfr"}]}},"_links":{"self":[{"href":"https:\/\/www.africa-press.net\/cameroun\/wp-json\/wp\/v2\/posts\/28402","targetHints":{"allow":["GET"]}}],"collection":[{"href":"https:\/\/www.africa-press.net\/cameroun\/wp-json\/wp\/v2\/posts"}],"about":[{"href":"https:\/\/www.africa-press.net\/cameroun\/wp-json\/wp\/v2\/types\/post"}],"author":[{"embeddable":true,"href":"https:\/\/www.africa-press.net\/cameroun\/wp-json\/wp\/v2\/users\/82"}],"replies":[{"embeddable":true,"href":"https:\/\/www.africa-press.net\/cameroun\/wp-json\/wp\/v2\/comments?post=28402"}],"version-history":[{"count":0,"href":"https:\/\/www.africa-press.net\/cameroun\/wp-json\/wp\/v2\/posts\/28402\/revisions"}],"wp:featuredmedia":[{"embeddable":true,"href":"https:\/\/www.africa-press.net\/cameroun\/wp-json\/wp\/v2\/media\/28401"}],"wp:attachment":[{"href":"https:\/\/www.africa-press.net\/cameroun\/wp-json\/wp\/v2\/media?parent=28402"}],"wp:term":[{"taxonomy":"category","embeddable":true,"href":"https:\/\/www.africa-press.net\/cameroun\/wp-json\/wp\/v2\/categories?post=28402"},{"taxonomy":"post_tag","embeddable":true,"href":"https:\/\/www.africa-press.net\/cameroun\/wp-json\/wp\/v2\/tags?post=28402"}],"curies":[{"name":"wp","href":"https:\/\/api.w.org\/{rel}","templated":true}]}}