{"id":28420,"date":"2022-09-30T18:39:06","date_gmt":"2022-09-30T18:39:06","guid":{"rendered":"https:\/\/www.africa-press.net\/cameroun\/politique\/identite-le-basketteur-joel-embiid-obtient-la-nationalite-americaine-deux-mois-apres-sa-naturalisation-comme-francais"},"modified":"2022-09-30T18:39:26","modified_gmt":"2022-09-30T18:39:26","slug":"identite-le-basketteur-joel-embiid-obtient-la-nationalite-americaine-deux-mois-apres-sa-naturalisation-comme-francais","status":"publish","type":"post","link":"https:\/\/www.africa-press.net\/cameroun\/sports\/identite-le-basketteur-joel-embiid-obtient-la-nationalite-americaine-deux-mois-apres-sa-naturalisation-comme-francais","title":{"rendered":"Identit\u00e9: Le basketteur Jo\u00ebl Embiid obtient la nationalit\u00e9 am\u00e9ricaine, deux mois apr\u00e8s sa naturalisation comme fran\u00e7ais"},"content":{"rendered":"<p><span style=\"color: #ff6600\"><strong>Africa-Press &#8211; Cameroun. <\/strong><\/span>La star mondiale du basketball Joe\u0308l Embiid est Franc\u0327ais, et de\u0301sormais Ame\u0301ricain e\u0301galement. Il vient en effet d\u2019obtenir la nationalite\u0301 ame\u0301ricaine, deux mois apre\u0300s sa naturalisation comme Franc\u0327ais. Le pivot des Philadelphie Sixers l\u2019a annonce\u0301 a\u0300 l\u2019agence Associated Press, le jeudi 29 septembre 2022. Sa naturalisation ame\u0301ricaine, il l\u2019a acquise il y a deux semaines de cela, a annonce\u0301 le media ame\u0301ricain.<\/p>\n<p>\u00ab Disons que je suis Camerounais, Ame\u0301ricain et Franc\u0327ais. Je suis aux E\u0301tats-Unis depuis un long moment. Mon fils est Ame\u0301ricain. Je vis ici et c&rsquo;est un honneur d&rsquo;e\u0302tre Ame\u0301ricain. Donc j&rsquo;ai dit : \u00ab\u00a0pourquoi pas ?\u00a0\u00bb \u00bb, a explique\u0301 le pivot de 28 ans en marge du camp d&rsquo;entrai\u0302nement des Philadelphia Sixers.<\/p>\n<p>Joe\u0308l Embiid ne peeut plus se pre\u0301valoir encore de sa nationalite\u0301 camerounaise car, la le\u0301gislation nationale dispose qu\u2019en cas d\u2019acquisition d\u2019une nouvelle nationalite\u0301, celle camerounaise est automatiquement perdue car, la double nationalite\u0301 n\u2019est pas encore le\u0301gife\u0301re\u0301e au Cameroun.<\/p>\n<p>Embiid, ne\u0301 au Cameroun, a pre\u0301alablement obtenu la nationalite\u0301 franc\u0327aise au mois de juillet dernier, suscitant une indignation collective au sein de l\u2019opinion camerounaise. D\u2019apre\u0300s Associated Press, il serait dans le dilemme du choix de la nation pour laquelle il veut de\u0301fendre les couleurs, assure\u0301ment pas le Cameroun, pour lequel il n\u2019a jamais de\u0301montre\u0301 une envie de reve\u0302tir la tunique.<\/p>\n<p><strong>Pour plus d&rsquo;informations et d&rsquo;analyses sur la <a href=\"https:\/\/www.africa-press.net\/cameroun\">Cameroun<\/a>, suivez <a href=\"https:\/\/www.africa-press.net\/\">Africa-Press<\/a><\/strong><\/p>\n","protected":false},"excerpt":{"rendered":"<p>Africa-Press &#8211; Cameroun. La star mondiale du basketball Joe\u0308l Embiid est Franc\u0327ais, et de\u0301sormais Ame\u0301ricain e\u0301galement. Il vient en effet d\u2019obtenir la nationalite\u0301 ame\u0301ricaine, deux mois apre\u0300s sa naturalisation comme Franc\u0327ais. Le pivot des Philadelphie Sixers l\u2019a annonce\u0301 a\u0300 l\u2019agence Associated Press, le jeudi 29 septembre 2022. Sa naturalisation ame\u0301ricaine, il l\u2019a acquise il y [&hellip;]<\/p>\n","protected":false},"author":82,"featured_media":28419,"comment_status":"open","ping_status":"closed","sticky":false,"template":"","format":"standard","meta":{"footnotes":""},"categories":[6,10],"tags":[36,50,49],"class_list":["post-28420","post","type-post","status-publish","format-standard","has-post-thumbnail","hentry","category-sports","category-toutes-les-actualites","tag-africa-press","tag-africa-press-cameroun","tag-cameroun"],"yoast_head":"<!-- This site is optimized with the Yoast SEO Premium plugin v26.1 (Yoast SEO v27.0) - https:\/\/yoast.com\/product\/yoast-seo-premium-wordpress\/ -->\n<title>Identit\u00e9: Le basketteur Jo\u00ebl Embiid obtient la nationalit\u00e9 am\u00e9ricaine, deux mois apr\u00e8s sa naturalisation comme fran\u00e7ais - Cameroun<\/title>\n<meta name=\"description\" content=\"La star mondiale du basketball Joe\u0308l Embiid est Franc\u0327ais, et de\u0301sormais Ame\u0301ricain e\u0301galement. Il vient en effet d\u2019obte ...\" \/>\n<meta name=\"robots\" content=\"index, follow, max-snippet:-1, max-image-preview:large, max-video-preview:-1\" \/>\n<link rel=\"canonical\" href=\"https:\/\/www.africa-press.net\/cameroun\/sports\/identite-le-basketteur-joel-embiid-obtient-la-nationalite-americaine-deux-mois-apres-sa-naturalisation-comme-francais\" \/>\n<meta property=\"og:locale\" content=\"fr_FR\" \/>\n<meta property=\"og:type\" content=\"article\" \/>\n<meta property=\"og:title\" content=\"Identit\u00e9: Le basketteur Jo\u00ebl Embiid obtient la nationalit\u00e9 am\u00e9ricaine, deux mois apr\u00e8s sa naturalisation comme fran\u00e7ais\" \/>\n<meta property=\"og:description\" content=\"La star mondiale du basketball Joe\u0308l Embiid est Franc\u0327ais, et de\u0301sormais Ame\u0301ricain e\u0301galement. Il vient en effet d\u2019obte ...\" \/>\n<meta property=\"og:url\" content=\"https:\/\/www.africa-press.net\/cameroun\/sports\/identite-le-basketteur-joel-embiid-obtient-la-nationalite-americaine-deux-mois-apres-sa-naturalisation-comme-francais\" \/>\n<meta property=\"og:site_name\" content=\"Cameroun\" \/>\n<meta property=\"article:published_time\" content=\"2022-09-30T18:39:06+00:00\" \/>\n<meta property=\"article:modified_time\" content=\"2022-09-30T18:39:26+00:00\" \/>\n<meta property=\"og:image\" content=\"https:\/\/static.africa-press.net\/cameroun\/sites\/57\/2022\/09\/img-633737bcdf70c.jpg\" \/>\n\t<meta property=\"og:image:width\" content=\"800\" \/>\n\t<meta property=\"og:image:height\" content=\"533\" \/>\n\t<meta property=\"og:image:type\" content=\"image\/jpeg\" \/>\n<meta name=\"author\" content=\"cfeditorfr\" \/>\n<meta name=\"twitter:card\" content=\"summary_large_image\" \/>\n<meta name=\"twitter:label1\" content=\"\u00c9crit par\" \/>\n\t<meta name=\"twitter:data1\" content=\"cfeditorfr\" \/>\n\t<meta name=\"twitter:label2\" content=\"Dur\u00e9e de lecture estim\u00e9e\" \/>\n\t<meta name=\"twitter:data2\" content=\"2 minutes\" \/>\n<script type=\"application\/ld+json\" class=\"yoast-schema-graph\">{\"@context\":\"https:\/\/schema.org\",\"@graph\":[{\"@type\":\"Article\",\"@id\":\"https:\/\/www.africa-press.net\/cameroun\/sports\/identite-le-basketteur-joel-embiid-obtient-la-nationalite-americaine-deux-mois-apres-sa-naturalisation-comme-francais#article\",\"isPartOf\":{\"@id\":\"https:\/\/www.africa-press.net\/cameroun\/sports\/identite-le-basketteur-joel-embiid-obtient-la-nationalite-americaine-deux-mois-apres-sa-naturalisation-comme-francais\"},\"author\":{\"name\":\"cfeditorfr\",\"@id\":\"https:\/\/www.africa-press.net\/cameroun\/#\/schema\/person\/2b1cf3cd81a31e3cd26889ca66d677f1\"},\"headline\":\"Identit\u00e9: Le basketteur Jo\u00ebl Embiid obtient la nationalit\u00e9 am\u00e9ricaine, deux mois apr\u00e8s sa naturalisation comme fran\u00e7ais\",\"datePublished\":\"2022-09-30T18:39:06+00:00\",\"dateModified\":\"2022-09-30T18:39:26+00:00\",\"mainEntityOfPage\":{\"@id\":\"https:\/\/www.africa-press.net\/cameroun\/sports\/identite-le-basketteur-joel-embiid-obtient-la-nationalite-americaine-deux-mois-apres-sa-naturalisation-comme-francais\"},\"wordCount\":286,\"commentCount\":0,\"image\":{\"@id\":\"https:\/\/www.africa-press.net\/cameroun\/sports\/identite-le-basketteur-joel-embiid-obtient-la-nationalite-americaine-deux-mois-apres-sa-naturalisation-comme-francais#primaryimage\"},\"thumbnailUrl\":\"https:\/\/static.africa-press.net\/cameroun\/sites\/57\/2022\/09\/img-633737bcdf70c.jpg\",\"keywords\":[\"Africa Press\",\"Africa Press-Cameroun\",\"Cameroun\"],\"articleSection\":[\"Sports\",\"Toutes les actualit\u00e9s\"],\"inLanguage\":\"fr-FR\",\"potentialAction\":[{\"@type\":\"CommentAction\",\"name\":\"Comment\",\"target\":[\"https:\/\/www.africa-press.net\/cameroun\/sports\/identite-le-basketteur-joel-embiid-obtient-la-nationalite-americaine-deux-mois-apres-sa-naturalisation-comme-francais#respond\"]}]},{\"@type\":\"WebPage\",\"@id\":\"https:\/\/www.africa-press.net\/cameroun\/sports\/identite-le-basketteur-joel-embiid-obtient-la-nationalite-americaine-deux-mois-apres-sa-naturalisation-comme-francais\",\"url\":\"https:\/\/www.africa-press.net\/cameroun\/sports\/identite-le-basketteur-joel-embiid-obtient-la-nationalite-americaine-deux-mois-apres-sa-naturalisation-comme-francais\",\"name\":\"Identit\u00e9: Le basketteur Jo\u00ebl Embiid obtient la nationalit\u00e9 am\u00e9ricaine, deux mois apr\u00e8s sa naturalisation comme fran\u00e7ais - Cameroun\",\"isPartOf\":{\"@id\":\"https:\/\/www.africa-press.net\/cameroun\/#website\"},\"primaryImageOfPage\":{\"@id\":\"https:\/\/www.africa-press.net\/cameroun\/sports\/identite-le-basketteur-joel-embiid-obtient-la-nationalite-americaine-deux-mois-apres-sa-naturalisation-comme-francais#primaryimage\"},\"image\":{\"@id\":\"https:\/\/www.africa-press.net\/cameroun\/sports\/identite-le-basketteur-joel-embiid-obtient-la-nationalite-americaine-deux-mois-apres-sa-naturalisation-comme-francais#primaryimage\"},\"thumbnailUrl\":\"https:\/\/static.africa-press.net\/cameroun\/sites\/57\/2022\/09\/img-633737bcdf70c.jpg\",\"datePublished\":\"2022-09-30T18:39:06+00:00\",\"dateModified\":\"2022-09-30T18:39:26+00:00\",\"author\":{\"@id\":\"https:\/\/www.africa-press.net\/cameroun\/#\/schema\/person\/2b1cf3cd81a31e3cd26889ca66d677f1\"},\"description\":\"La star mondiale du basketball Joe\u0308l Embiid est Franc\u0327ais, et de\u0301sormais Ame\u0301ricain e\u0301galement. Il vient en effet d\u2019obte ...\",\"breadcrumb\":{\"@id\":\"https:\/\/www.africa-press.net\/cameroun\/sports\/identite-le-basketteur-joel-embiid-obtient-la-nationalite-americaine-deux-mois-apres-sa-naturalisation-comme-francais#breadcrumb\"},\"inLanguage\":\"fr-FR\",\"potentialAction\":[{\"@type\":\"ReadAction\",\"target\":[\"https:\/\/www.africa-press.net\/cameroun\/sports\/identite-le-basketteur-joel-embiid-obtient-la-nationalite-americaine-deux-mois-apres-sa-naturalisation-comme-francais\"]}]},{\"@type\":\"ImageObject\",\"inLanguage\":\"fr-FR\",\"@id\":\"https:\/\/www.africa-press.net\/cameroun\/sports\/identite-le-basketteur-joel-embiid-obtient-la-nationalite-americaine-deux-mois-apres-sa-naturalisation-comme-francais#primaryimage\",\"url\":\"https:\/\/static.africa-press.net\/cameroun\/sites\/57\/2022\/09\/img-633737bcdf70c.jpg\",\"contentUrl\":\"https:\/\/static.africa-press.net\/cameroun\/sites\/57\/2022\/09\/img-633737bcdf70c.jpg\",\"width\":800,\"height\":533,\"caption\":\"Identit\u00e9: Le basketteur Jo\u00ebl Embiid obtient la nationalit\u00e9 am\u00e9ricaine, deux mois apr\u00e8s sa naturalisation comme fran\u00e7ais\"},{\"@type\":\"BreadcrumbList\",\"@id\":\"https:\/\/www.africa-press.net\/cameroun\/sports\/identite-le-basketteur-joel-embiid-obtient-la-nationalite-americaine-deux-mois-apres-sa-naturalisation-comme-francais#breadcrumb\",\"itemListElement\":[{\"@type\":\"ListItem\",\"position\":1,\"name\":\"Accueil\",\"item\":\"https:\/\/www.africa-press.net\/cameroun\/\"},{\"@type\":\"ListItem\",\"position\":2,\"name\":\"Identit\u00e9: Le basketteur Jo\u00ebl Embiid obtient la nationalit\u00e9 am\u00e9ricaine, deux mois apr\u00e8s sa naturalisation comme fran\u00e7ais\"}]},{\"@type\":\"WebSite\",\"@id\":\"https:\/\/www.africa-press.net\/cameroun\/#website\",\"url\":\"https:\/\/www.africa-press.net\/cameroun\/\",\"name\":\"Cameroun\",\"description\":\"Just another Africa News Agency Sites site\",\"potentialAction\":[{\"@type\":\"SearchAction\",\"target\":{\"@type\":\"EntryPoint\",\"urlTemplate\":\"https:\/\/www.africa-press.net\/cameroun\/?s={search_term_string}\"},\"query-input\":{\"@type\":\"PropertyValueSpecification\",\"valueRequired\":true,\"valueName\":\"search_term_string\"}}],\"inLanguage\":\"fr-FR\"},{\"@type\":\"Person\",\"@id\":\"https:\/\/www.africa-press.net\/cameroun\/#\/schema\/person\/2b1cf3cd81a31e3cd26889ca66d677f1\",\"name\":\"cfeditorfr\"}]}<\/script>\n<!-- \/ Yoast SEO Premium plugin. -->","yoast_head_json":{"title":"Identit\u00e9: Le basketteur Jo\u00ebl Embiid obtient la nationalit\u00e9 am\u00e9ricaine, deux mois apr\u00e8s sa naturalisation comme fran\u00e7ais - Cameroun","description":"La star mondiale du basketball Joe\u0308l Embiid est Franc\u0327ais, et de\u0301sormais Ame\u0301ricain e\u0301galement. Il vient en effet d\u2019obte ...","robots":{"index":"index","follow":"follow","max-snippet":"max-snippet:-1","max-image-preview":"max-image-preview:large","max-video-preview":"max-video-preview:-1"},"canonical":"https:\/\/www.africa-press.net\/cameroun\/sports\/identite-le-basketteur-joel-embiid-obtient-la-nationalite-americaine-deux-mois-apres-sa-naturalisation-comme-francais","og_locale":"fr_FR","og_type":"article","og_title":"Identit\u00e9: Le basketteur Jo\u00ebl Embiid obtient la nationalit\u00e9 am\u00e9ricaine, deux mois apr\u00e8s sa naturalisation comme fran\u00e7ais","og_description":"La star mondiale du basketball Joe\u0308l Embiid est Franc\u0327ais, et de\u0301sormais Ame\u0301ricain e\u0301galement. Il vient en effet d\u2019obte ...","og_url":"https:\/\/www.africa-press.net\/cameroun\/sports\/identite-le-basketteur-joel-embiid-obtient-la-nationalite-americaine-deux-mois-apres-sa-naturalisation-comme-francais","og_site_name":"Cameroun","article_published_time":"2022-09-30T18:39:06+00:00","article_modified_time":"2022-09-30T18:39:26+00:00","og_image":[{"width":800,"height":533,"url":"https:\/\/static.africa-press.net\/cameroun\/sites\/57\/2022\/09\/img-633737bcdf70c.jpg","type":"image\/jpeg"}],"author":"cfeditorfr","twitter_card":"summary_large_image","twitter_misc":{"\u00c9crit par":"cfeditorfr","Dur\u00e9e de lecture estim\u00e9e":"2 minutes"},"schema":{"@context":"https:\/\/schema.org","@graph":[{"@type":"Article","@id":"https:\/\/www.africa-press.net\/cameroun\/sports\/identite-le-basketteur-joel-embiid-obtient-la-nationalite-americaine-deux-mois-apres-sa-naturalisation-comme-francais#article","isPartOf":{"@id":"https:\/\/www.africa-press.net\/cameroun\/sports\/identite-le-basketteur-joel-embiid-obtient-la-nationalite-americaine-deux-mois-apres-sa-naturalisation-comme-francais"},"author":{"name":"cfeditorfr","@id":"https:\/\/www.africa-press.net\/cameroun\/#\/schema\/person\/2b1cf3cd81a31e3cd26889ca66d677f1"},"headline":"Identit\u00e9: Le basketteur Jo\u00ebl Embiid obtient la nationalit\u00e9 am\u00e9ricaine, deux mois apr\u00e8s sa naturalisation comme fran\u00e7ais","datePublished":"2022-09-30T18:39:06+00:00","dateModified":"2022-09-30T18:39:26+00:00","mainEntityOfPage":{"@id":"https:\/\/www.africa-press.net\/cameroun\/sports\/identite-le-basketteur-joel-embiid-obtient-la-nationalite-americaine-deux-mois-apres-sa-naturalisation-comme-francais"},"wordCount":286,"commentCount":0,"image":{"@id":"https:\/\/www.africa-press.net\/cameroun\/sports\/identite-le-basketteur-joel-embiid-obtient-la-nationalite-americaine-deux-mois-apres-sa-naturalisation-comme-francais#primaryimage"},"thumbnailUrl":"https:\/\/static.africa-press.net\/cameroun\/sites\/57\/2022\/09\/img-633737bcdf70c.jpg","keywords":["Africa Press","Africa Press-Cameroun","Cameroun"],"articleSection":["Sports","Toutes les actualit\u00e9s"],"inLanguage":"fr-FR","potentialAction":[{"@type":"CommentAction","name":"Comment","target":["https:\/\/www.africa-press.net\/cameroun\/sports\/identite-le-basketteur-joel-embiid-obtient-la-nationalite-americaine-deux-mois-apres-sa-naturalisation-comme-francais#respond"]}]},{"@type":"WebPage","@id":"https:\/\/www.africa-press.net\/cameroun\/sports\/identite-le-basketteur-joel-embiid-obtient-la-nationalite-americaine-deux-mois-apres-sa-naturalisation-comme-francais","url":"https:\/\/www.africa-press.net\/cameroun\/sports\/identite-le-basketteur-joel-embiid-obtient-la-nationalite-americaine-deux-mois-apres-sa-naturalisation-comme-francais","name":"Identit\u00e9: Le basketteur Jo\u00ebl Embiid obtient la nationalit\u00e9 am\u00e9ricaine, deux mois apr\u00e8s sa naturalisation comme fran\u00e7ais - Cameroun","isPartOf":{"@id":"https:\/\/www.africa-press.net\/cameroun\/#website"},"primaryImageOfPage":{"@id":"https:\/\/www.africa-press.net\/cameroun\/sports\/identite-le-basketteur-joel-embiid-obtient-la-nationalite-americaine-deux-mois-apres-sa-naturalisation-comme-francais#primaryimage"},"image":{"@id":"https:\/\/www.africa-press.net\/cameroun\/sports\/identite-le-basketteur-joel-embiid-obtient-la-nationalite-americaine-deux-mois-apres-sa-naturalisation-comme-francais#primaryimage"},"thumbnailUrl":"https:\/\/static.africa-press.net\/cameroun\/sites\/57\/2022\/09\/img-633737bcdf70c.jpg","datePublished":"2022-09-30T18:39:06+00:00","dateModified":"2022-09-30T18:39:26+00:00","author":{"@id":"https:\/\/www.africa-press.net\/cameroun\/#\/schema\/person\/2b1cf3cd81a31e3cd26889ca66d677f1"},"description":"La star mondiale du basketball Joe\u0308l Embiid est Franc\u0327ais, et de\u0301sormais Ame\u0301ricain e\u0301galement. Il vient en effet d\u2019obte ...","breadcrumb":{"@id":"https:\/\/www.africa-press.net\/cameroun\/sports\/identite-le-basketteur-joel-embiid-obtient-la-nationalite-americaine-deux-mois-apres-sa-naturalisation-comme-francais#breadcrumb"},"inLanguage":"fr-FR","potentialAction":[{"@type":"ReadAction","target":["https:\/\/www.africa-press.net\/cameroun\/sports\/identite-le-basketteur-joel-embiid-obtient-la-nationalite-americaine-deux-mois-apres-sa-naturalisation-comme-francais"]}]},{"@type":"ImageObject","inLanguage":"fr-FR","@id":"https:\/\/www.africa-press.net\/cameroun\/sports\/identite-le-basketteur-joel-embiid-obtient-la-nationalite-americaine-deux-mois-apres-sa-naturalisation-comme-francais#primaryimage","url":"https:\/\/static.africa-press.net\/cameroun\/sites\/57\/2022\/09\/img-633737bcdf70c.jpg","contentUrl":"https:\/\/static.africa-press.net\/cameroun\/sites\/57\/2022\/09\/img-633737bcdf70c.jpg","width":800,"height":533,"caption":"Identit\u00e9: Le basketteur Jo\u00ebl Embiid obtient la nationalit\u00e9 am\u00e9ricaine, deux mois apr\u00e8s sa naturalisation comme fran\u00e7ais"},{"@type":"BreadcrumbList","@id":"https:\/\/www.africa-press.net\/cameroun\/sports\/identite-le-basketteur-joel-embiid-obtient-la-nationalite-americaine-deux-mois-apres-sa-naturalisation-comme-francais#breadcrumb","itemListElement":[{"@type":"ListItem","position":1,"name":"Accueil","item":"https:\/\/www.africa-press.net\/cameroun\/"},{"@type":"ListItem","position":2,"name":"Identit\u00e9: Le basketteur Jo\u00ebl Embiid obtient la nationalit\u00e9 am\u00e9ricaine, deux mois apr\u00e8s sa naturalisation comme fran\u00e7ais"}]},{"@type":"WebSite","@id":"https:\/\/www.africa-press.net\/cameroun\/#website","url":"https:\/\/www.africa-press.net\/cameroun\/","name":"Cameroun","description":"Just another Africa News Agency Sites site","potentialAction":[{"@type":"SearchAction","target":{"@type":"EntryPoint","urlTemplate":"https:\/\/www.africa-press.net\/cameroun\/?s={search_term_string}"},"query-input":{"@type":"PropertyValueSpecification","valueRequired":true,"valueName":"search_term_string"}}],"inLanguage":"fr-FR"},{"@type":"Person","@id":"https:\/\/www.africa-press.net\/cameroun\/#\/schema\/person\/2b1cf3cd81a31e3cd26889ca66d677f1","name":"cfeditorfr"}]}},"_links":{"self":[{"href":"https:\/\/www.africa-press.net\/cameroun\/wp-json\/wp\/v2\/posts\/28420","targetHints":{"allow":["GET"]}}],"collection":[{"href":"https:\/\/www.africa-press.net\/cameroun\/wp-json\/wp\/v2\/posts"}],"about":[{"href":"https:\/\/www.africa-press.net\/cameroun\/wp-json\/wp\/v2\/types\/post"}],"author":[{"embeddable":true,"href":"https:\/\/www.africa-press.net\/cameroun\/wp-json\/wp\/v2\/users\/82"}],"replies":[{"embeddable":true,"href":"https:\/\/www.africa-press.net\/cameroun\/wp-json\/wp\/v2\/comments?post=28420"}],"version-history":[{"count":0,"href":"https:\/\/www.africa-press.net\/cameroun\/wp-json\/wp\/v2\/posts\/28420\/revisions"}],"wp:featuredmedia":[{"embeddable":true,"href":"https:\/\/www.africa-press.net\/cameroun\/wp-json\/wp\/v2\/media\/28419"}],"wp:attachment":[{"href":"https:\/\/www.africa-press.net\/cameroun\/wp-json\/wp\/v2\/media?parent=28420"}],"wp:term":[{"taxonomy":"category","embeddable":true,"href":"https:\/\/www.africa-press.net\/cameroun\/wp-json\/wp\/v2\/categories?post=28420"},{"taxonomy":"post_tag","embeddable":true,"href":"https:\/\/www.africa-press.net\/cameroun\/wp-json\/wp\/v2\/tags?post=28420"}],"curies":[{"name":"wp","href":"https:\/\/api.w.org\/{rel}","templated":true}]}}