{"id":28429,"date":"2022-09-30T16:06:56","date_gmt":"2022-09-30T16:06:56","guid":{"rendered":"https:\/\/www.africa-press.net\/cameroun\/politique\/nomination-blaise-moussa-dg-camwater-je-viens-de-loin-je-dirais-meme-que-je-viens-de-nulle-part-preuve-que-tout-est-possible"},"modified":"2022-09-30T19:03:20","modified_gmt":"2022-09-30T19:03:20","slug":"nomination-blaise-moussa-dg-camwater-je-viens-de-loin-je-dirais-meme-que-je-viens-de-nulle-part-preuve-que-tout-est-possible","status":"publish","type":"post","link":"https:\/\/www.africa-press.net\/cameroun\/toutes-les-actualites\/nomination-blaise-moussa-dg-camwater-je-viens-de-loin-je-dirais-meme-que-je-viens-de-nulle-part-preuve-que-tout-est-possible","title":{"rendered":"Nomination\/Blaise Moussa (DG Camwater): \u00abJe viens de loin, je dirais m\u00eame que je viens de nulle part, preuve que tout est possible\u00bb"},"content":{"rendered":"<p><span style=\"color: #ff6600\"><strong>Africa-Press &#8211; Cameroun. <\/strong><\/span>Tout juste nomme\u0301 nouveau Directeur ge\u0301ne\u0301ral de la Cameroon Water Utilities (Camwater), Blaise Moussa a livre\u0301 ses premie\u0300res de\u0301clarations a\u0300 la presse au sortir du conseil d\u2019administration de cette entreprise tenu ce vendredi 30 septembre 2022 a\u0300 Douala. Il se dit honore\u0301 par sa nouvelle promotion, derrie\u0300re laquelle il voit la main e\u0301le\u0301vatrice du Chef de l\u2019Etat Paul Biya, lequel l\u2019avait de\u0301ja\u0300 nomme\u0301 PCA de la Sonamines en 2020.<\/p>\n<p>\u00ab C\u2019est un moment important pour moi. Un moment de gratitude, tre\u0300s humble, tre\u0300s de\u0301fe\u0301rente a\u0300 l\u2019endroit de son Excellence le pre\u0301sident Paul Biya, le chef de l\u2019Etat, qui a voulu accorder a\u0300 ma modeste personne sa tre\u0300s haute confiance. Je l\u2019ai toujours dit, je viens de tre\u0300s loin. Je dirais me\u0302me que je viens de nulle part, preuve que tout est possible pour ceux qui viennent de tre\u0300s loin pour qu\u2019ils puissent arriver aussi a\u0300 un certain niveau \u00bb, a-t-il de\u0301clare\u0301.<\/p>\n<p><strong>Pour plus d&rsquo;informations et d&rsquo;analyses sur la <a href=\"https:\/\/www.africa-press.net\/cameroun\">Cameroun<\/a>, suivez <a href=\"https:\/\/www.africa-press.net\/\">Africa-Press<\/a><\/strong><\/p>\n","protected":false},"excerpt":{"rendered":"<p>Africa-Press &#8211; Cameroun. Tout juste nomme\u0301 nouveau Directeur ge\u0301ne\u0301ral de la Cameroon Water Utilities (Camwater), Blaise Moussa a livre\u0301 ses premie\u0300res de\u0301clarations a\u0300 la presse au sortir du conseil d\u2019administration de cette entreprise tenu ce vendredi 30 septembre 2022 a\u0300 Douala. Il se dit honore\u0301 par sa nouvelle promotion, derrie\u0300re laquelle il voit la main [&hellip;]<\/p>\n","protected":false},"author":82,"featured_media":28428,"comment_status":"open","ping_status":"closed","sticky":false,"template":"","format":"standard","meta":{"footnotes":""},"categories":[21,10],"tags":[36,50,49],"class_list":["post-28429","post","type-post","status-publish","format-standard","has-post-thumbnail","hentry","category-communaute","category-toutes-les-actualites","tag-africa-press","tag-africa-press-cameroun","tag-cameroun"],"yoast_head":"<!-- This site is optimized with the Yoast SEO Premium plugin v26.1 (Yoast SEO v27.0) - https:\/\/yoast.com\/product\/yoast-seo-premium-wordpress\/ -->\n<title>Nomination\/Blaise Moussa (DG Camwater): \u00abJe viens de loin, je dirais m\u00eame que je viens de nulle part, preuve que tout est possible\u00bb - Cameroun<\/title>\n<meta name=\"description\" content=\"Tout juste nomme\u0301 nouveau Directeur ge\u0301ne\u0301ral de la Cameroon Water Utilities (Camwater), Blaise Moussa a livre\u0301 ses prem ...\" \/>\n<meta name=\"robots\" content=\"index, follow, max-snippet:-1, max-image-preview:large, max-video-preview:-1\" \/>\n<link rel=\"canonical\" href=\"https:\/\/www.africa-press.net\/cameroun\/toutes-les-actualites\/nomination-blaise-moussa-dg-camwater-je-viens-de-loin-je-dirais-meme-que-je-viens-de-nulle-part-preuve-que-tout-est-possible\" \/>\n<meta property=\"og:locale\" content=\"fr_FR\" \/>\n<meta property=\"og:type\" content=\"article\" \/>\n<meta property=\"og:title\" content=\"Nomination\/Blaise Moussa (DG Camwater): \u00abJe viens de loin, je dirais m\u00eame que je viens de nulle part, preuve que tout est possible\u00bb\" \/>\n<meta property=\"og:description\" content=\"Tout juste nomme\u0301 nouveau Directeur ge\u0301ne\u0301ral de la Cameroon Water Utilities (Camwater), Blaise Moussa a livre\u0301 ses prem ...\" \/>\n<meta property=\"og:url\" content=\"https:\/\/www.africa-press.net\/cameroun\/toutes-les-actualites\/nomination-blaise-moussa-dg-camwater-je-viens-de-loin-je-dirais-meme-que-je-viens-de-nulle-part-preuve-que-tout-est-possible\" \/>\n<meta property=\"og:site_name\" content=\"Cameroun\" \/>\n<meta property=\"article:published_time\" content=\"2022-09-30T16:06:56+00:00\" \/>\n<meta property=\"article:modified_time\" content=\"2022-09-30T19:03:20+00:00\" \/>\n<meta property=\"og:image\" content=\"https:\/\/static.africa-press.net\/cameroun\/sites\/57\/2022\/09\/img-6337383142a6c.jpg\" \/>\n\t<meta property=\"og:image:width\" content=\"800\" \/>\n\t<meta property=\"og:image:height\" content=\"636\" \/>\n\t<meta property=\"og:image:type\" content=\"image\/jpeg\" \/>\n<meta name=\"author\" content=\"cfeditorfr\" \/>\n<meta name=\"twitter:card\" content=\"summary_large_image\" \/>\n<meta name=\"twitter:label1\" content=\"\u00c9crit par\" \/>\n\t<meta name=\"twitter:data1\" content=\"cfeditorfr\" \/>\n\t<meta name=\"twitter:label2\" content=\"Dur\u00e9e de lecture estim\u00e9e\" \/>\n\t<meta name=\"twitter:data2\" content=\"1 minute\" \/>\n<script type=\"application\/ld+json\" class=\"yoast-schema-graph\">{\"@context\":\"https:\/\/schema.org\",\"@graph\":[{\"@type\":\"Article\",\"@id\":\"https:\/\/www.africa-press.net\/cameroun\/toutes-les-actualites\/nomination-blaise-moussa-dg-camwater-je-viens-de-loin-je-dirais-meme-que-je-viens-de-nulle-part-preuve-que-tout-est-possible#article\",\"isPartOf\":{\"@id\":\"https:\/\/www.africa-press.net\/cameroun\/toutes-les-actualites\/nomination-blaise-moussa-dg-camwater-je-viens-de-loin-je-dirais-meme-que-je-viens-de-nulle-part-preuve-que-tout-est-possible\"},\"author\":{\"name\":\"cfeditorfr\",\"@id\":\"https:\/\/www.africa-press.net\/cameroun\/#\/schema\/person\/2b1cf3cd81a31e3cd26889ca66d677f1\"},\"headline\":\"Nomination\/Blaise Moussa (DG Camwater): \u00abJe viens de loin, je dirais m\u00eame que je viens de nulle part, preuve que tout est possible\u00bb\",\"datePublished\":\"2022-09-30T16:06:56+00:00\",\"dateModified\":\"2022-09-30T19:03:20+00:00\",\"mainEntityOfPage\":{\"@id\":\"https:\/\/www.africa-press.net\/cameroun\/toutes-les-actualites\/nomination-blaise-moussa-dg-camwater-je-viens-de-loin-je-dirais-meme-que-je-viens-de-nulle-part-preuve-que-tout-est-possible\"},\"wordCount\":211,\"commentCount\":0,\"image\":{\"@id\":\"https:\/\/www.africa-press.net\/cameroun\/toutes-les-actualites\/nomination-blaise-moussa-dg-camwater-je-viens-de-loin-je-dirais-meme-que-je-viens-de-nulle-part-preuve-que-tout-est-possible#primaryimage\"},\"thumbnailUrl\":\"https:\/\/static.africa-press.net\/cameroun\/sites\/57\/2022\/09\/img-6337383142a6c.jpg\",\"keywords\":[\"Africa Press\",\"Africa Press-Cameroun\",\"Cameroun\"],\"articleSection\":[\"Communaut\u00e9\",\"Toutes les actualit\u00e9s\"],\"inLanguage\":\"fr-FR\",\"potentialAction\":[{\"@type\":\"CommentAction\",\"name\":\"Comment\",\"target\":[\"https:\/\/www.africa-press.net\/cameroun\/toutes-les-actualites\/nomination-blaise-moussa-dg-camwater-je-viens-de-loin-je-dirais-meme-que-je-viens-de-nulle-part-preuve-que-tout-est-possible#respond\"]}]},{\"@type\":\"WebPage\",\"@id\":\"https:\/\/www.africa-press.net\/cameroun\/toutes-les-actualites\/nomination-blaise-moussa-dg-camwater-je-viens-de-loin-je-dirais-meme-que-je-viens-de-nulle-part-preuve-que-tout-est-possible\",\"url\":\"https:\/\/www.africa-press.net\/cameroun\/toutes-les-actualites\/nomination-blaise-moussa-dg-camwater-je-viens-de-loin-je-dirais-meme-que-je-viens-de-nulle-part-preuve-que-tout-est-possible\",\"name\":\"Nomination\/Blaise Moussa (DG Camwater): \u00abJe viens de loin, je dirais m\u00eame que je viens de nulle part, preuve que tout est possible\u00bb - Cameroun\",\"isPartOf\":{\"@id\":\"https:\/\/www.africa-press.net\/cameroun\/#website\"},\"primaryImageOfPage\":{\"@id\":\"https:\/\/www.africa-press.net\/cameroun\/toutes-les-actualites\/nomination-blaise-moussa-dg-camwater-je-viens-de-loin-je-dirais-meme-que-je-viens-de-nulle-part-preuve-que-tout-est-possible#primaryimage\"},\"image\":{\"@id\":\"https:\/\/www.africa-press.net\/cameroun\/toutes-les-actualites\/nomination-blaise-moussa-dg-camwater-je-viens-de-loin-je-dirais-meme-que-je-viens-de-nulle-part-preuve-que-tout-est-possible#primaryimage\"},\"thumbnailUrl\":\"https:\/\/static.africa-press.net\/cameroun\/sites\/57\/2022\/09\/img-6337383142a6c.jpg\",\"datePublished\":\"2022-09-30T16:06:56+00:00\",\"dateModified\":\"2022-09-30T19:03:20+00:00\",\"author\":{\"@id\":\"https:\/\/www.africa-press.net\/cameroun\/#\/schema\/person\/2b1cf3cd81a31e3cd26889ca66d677f1\"},\"description\":\"Tout juste nomme\u0301 nouveau Directeur ge\u0301ne\u0301ral de la Cameroon Water Utilities (Camwater), Blaise Moussa a livre\u0301 ses prem ...\",\"breadcrumb\":{\"@id\":\"https:\/\/www.africa-press.net\/cameroun\/toutes-les-actualites\/nomination-blaise-moussa-dg-camwater-je-viens-de-loin-je-dirais-meme-que-je-viens-de-nulle-part-preuve-que-tout-est-possible#breadcrumb\"},\"inLanguage\":\"fr-FR\",\"potentialAction\":[{\"@type\":\"ReadAction\",\"target\":[\"https:\/\/www.africa-press.net\/cameroun\/toutes-les-actualites\/nomination-blaise-moussa-dg-camwater-je-viens-de-loin-je-dirais-meme-que-je-viens-de-nulle-part-preuve-que-tout-est-possible\"]}]},{\"@type\":\"ImageObject\",\"inLanguage\":\"fr-FR\",\"@id\":\"https:\/\/www.africa-press.net\/cameroun\/toutes-les-actualites\/nomination-blaise-moussa-dg-camwater-je-viens-de-loin-je-dirais-meme-que-je-viens-de-nulle-part-preuve-que-tout-est-possible#primaryimage\",\"url\":\"https:\/\/static.africa-press.net\/cameroun\/sites\/57\/2022\/09\/img-6337383142a6c.jpg\",\"contentUrl\":\"https:\/\/static.africa-press.net\/cameroun\/sites\/57\/2022\/09\/img-6337383142a6c.jpg\",\"width\":800,\"height\":636,\"caption\":\"Nomination\/Blaise Moussa (DG Camwater): \u00abJe viens de loin, je dirais m\u00eame que je viens de nulle part, preuve que tout est possible\u00bb\"},{\"@type\":\"BreadcrumbList\",\"@id\":\"https:\/\/www.africa-press.net\/cameroun\/toutes-les-actualites\/nomination-blaise-moussa-dg-camwater-je-viens-de-loin-je-dirais-meme-que-je-viens-de-nulle-part-preuve-que-tout-est-possible#breadcrumb\",\"itemListElement\":[{\"@type\":\"ListItem\",\"position\":1,\"name\":\"Accueil\",\"item\":\"https:\/\/www.africa-press.net\/cameroun\/\"},{\"@type\":\"ListItem\",\"position\":2,\"name\":\"Nomination\/Blaise Moussa (DG Camwater): \u00abJe viens de loin, je dirais m\u00eame que je viens de nulle part, preuve que tout est possible\u00bb\"}]},{\"@type\":\"WebSite\",\"@id\":\"https:\/\/www.africa-press.net\/cameroun\/#website\",\"url\":\"https:\/\/www.africa-press.net\/cameroun\/\",\"name\":\"Cameroun\",\"description\":\"Just another Africa News Agency Sites site\",\"potentialAction\":[{\"@type\":\"SearchAction\",\"target\":{\"@type\":\"EntryPoint\",\"urlTemplate\":\"https:\/\/www.africa-press.net\/cameroun\/?s={search_term_string}\"},\"query-input\":{\"@type\":\"PropertyValueSpecification\",\"valueRequired\":true,\"valueName\":\"search_term_string\"}}],\"inLanguage\":\"fr-FR\"},{\"@type\":\"Person\",\"@id\":\"https:\/\/www.africa-press.net\/cameroun\/#\/schema\/person\/2b1cf3cd81a31e3cd26889ca66d677f1\",\"name\":\"cfeditorfr\"}]}<\/script>\n<!-- \/ Yoast SEO Premium plugin. -->","yoast_head_json":{"title":"Nomination\/Blaise Moussa (DG Camwater): \u00abJe viens de loin, je dirais m\u00eame que je viens de nulle part, preuve que tout est possible\u00bb - Cameroun","description":"Tout juste nomme\u0301 nouveau Directeur ge\u0301ne\u0301ral de la Cameroon Water Utilities (Camwater), Blaise Moussa a livre\u0301 ses prem ...","robots":{"index":"index","follow":"follow","max-snippet":"max-snippet:-1","max-image-preview":"max-image-preview:large","max-video-preview":"max-video-preview:-1"},"canonical":"https:\/\/www.africa-press.net\/cameroun\/toutes-les-actualites\/nomination-blaise-moussa-dg-camwater-je-viens-de-loin-je-dirais-meme-que-je-viens-de-nulle-part-preuve-que-tout-est-possible","og_locale":"fr_FR","og_type":"article","og_title":"Nomination\/Blaise Moussa (DG Camwater): \u00abJe viens de loin, je dirais m\u00eame que je viens de nulle part, preuve que tout est possible\u00bb","og_description":"Tout juste nomme\u0301 nouveau Directeur ge\u0301ne\u0301ral de la Cameroon Water Utilities (Camwater), Blaise Moussa a livre\u0301 ses prem ...","og_url":"https:\/\/www.africa-press.net\/cameroun\/toutes-les-actualites\/nomination-blaise-moussa-dg-camwater-je-viens-de-loin-je-dirais-meme-que-je-viens-de-nulle-part-preuve-que-tout-est-possible","og_site_name":"Cameroun","article_published_time":"2022-09-30T16:06:56+00:00","article_modified_time":"2022-09-30T19:03:20+00:00","og_image":[{"width":800,"height":636,"url":"https:\/\/static.africa-press.net\/cameroun\/sites\/57\/2022\/09\/img-6337383142a6c.jpg","type":"image\/jpeg"}],"author":"cfeditorfr","twitter_card":"summary_large_image","twitter_misc":{"\u00c9crit par":"cfeditorfr","Dur\u00e9e de lecture estim\u00e9e":"1 minute"},"schema":{"@context":"https:\/\/schema.org","@graph":[{"@type":"Article","@id":"https:\/\/www.africa-press.net\/cameroun\/toutes-les-actualites\/nomination-blaise-moussa-dg-camwater-je-viens-de-loin-je-dirais-meme-que-je-viens-de-nulle-part-preuve-que-tout-est-possible#article","isPartOf":{"@id":"https:\/\/www.africa-press.net\/cameroun\/toutes-les-actualites\/nomination-blaise-moussa-dg-camwater-je-viens-de-loin-je-dirais-meme-que-je-viens-de-nulle-part-preuve-que-tout-est-possible"},"author":{"name":"cfeditorfr","@id":"https:\/\/www.africa-press.net\/cameroun\/#\/schema\/person\/2b1cf3cd81a31e3cd26889ca66d677f1"},"headline":"Nomination\/Blaise Moussa (DG Camwater): \u00abJe viens de loin, je dirais m\u00eame que je viens de nulle part, preuve que tout est possible\u00bb","datePublished":"2022-09-30T16:06:56+00:00","dateModified":"2022-09-30T19:03:20+00:00","mainEntityOfPage":{"@id":"https:\/\/www.africa-press.net\/cameroun\/toutes-les-actualites\/nomination-blaise-moussa-dg-camwater-je-viens-de-loin-je-dirais-meme-que-je-viens-de-nulle-part-preuve-que-tout-est-possible"},"wordCount":211,"commentCount":0,"image":{"@id":"https:\/\/www.africa-press.net\/cameroun\/toutes-les-actualites\/nomination-blaise-moussa-dg-camwater-je-viens-de-loin-je-dirais-meme-que-je-viens-de-nulle-part-preuve-que-tout-est-possible#primaryimage"},"thumbnailUrl":"https:\/\/static.africa-press.net\/cameroun\/sites\/57\/2022\/09\/img-6337383142a6c.jpg","keywords":["Africa Press","Africa Press-Cameroun","Cameroun"],"articleSection":["Communaut\u00e9","Toutes les actualit\u00e9s"],"inLanguage":"fr-FR","potentialAction":[{"@type":"CommentAction","name":"Comment","target":["https:\/\/www.africa-press.net\/cameroun\/toutes-les-actualites\/nomination-blaise-moussa-dg-camwater-je-viens-de-loin-je-dirais-meme-que-je-viens-de-nulle-part-preuve-que-tout-est-possible#respond"]}]},{"@type":"WebPage","@id":"https:\/\/www.africa-press.net\/cameroun\/toutes-les-actualites\/nomination-blaise-moussa-dg-camwater-je-viens-de-loin-je-dirais-meme-que-je-viens-de-nulle-part-preuve-que-tout-est-possible","url":"https:\/\/www.africa-press.net\/cameroun\/toutes-les-actualites\/nomination-blaise-moussa-dg-camwater-je-viens-de-loin-je-dirais-meme-que-je-viens-de-nulle-part-preuve-que-tout-est-possible","name":"Nomination\/Blaise Moussa (DG Camwater): \u00abJe viens de loin, je dirais m\u00eame que je viens de nulle part, preuve que tout est possible\u00bb - Cameroun","isPartOf":{"@id":"https:\/\/www.africa-press.net\/cameroun\/#website"},"primaryImageOfPage":{"@id":"https:\/\/www.africa-press.net\/cameroun\/toutes-les-actualites\/nomination-blaise-moussa-dg-camwater-je-viens-de-loin-je-dirais-meme-que-je-viens-de-nulle-part-preuve-que-tout-est-possible#primaryimage"},"image":{"@id":"https:\/\/www.africa-press.net\/cameroun\/toutes-les-actualites\/nomination-blaise-moussa-dg-camwater-je-viens-de-loin-je-dirais-meme-que-je-viens-de-nulle-part-preuve-que-tout-est-possible#primaryimage"},"thumbnailUrl":"https:\/\/static.africa-press.net\/cameroun\/sites\/57\/2022\/09\/img-6337383142a6c.jpg","datePublished":"2022-09-30T16:06:56+00:00","dateModified":"2022-09-30T19:03:20+00:00","author":{"@id":"https:\/\/www.africa-press.net\/cameroun\/#\/schema\/person\/2b1cf3cd81a31e3cd26889ca66d677f1"},"description":"Tout juste nomme\u0301 nouveau Directeur ge\u0301ne\u0301ral de la Cameroon Water Utilities (Camwater), Blaise Moussa a livre\u0301 ses prem ...","breadcrumb":{"@id":"https:\/\/www.africa-press.net\/cameroun\/toutes-les-actualites\/nomination-blaise-moussa-dg-camwater-je-viens-de-loin-je-dirais-meme-que-je-viens-de-nulle-part-preuve-que-tout-est-possible#breadcrumb"},"inLanguage":"fr-FR","potentialAction":[{"@type":"ReadAction","target":["https:\/\/www.africa-press.net\/cameroun\/toutes-les-actualites\/nomination-blaise-moussa-dg-camwater-je-viens-de-loin-je-dirais-meme-que-je-viens-de-nulle-part-preuve-que-tout-est-possible"]}]},{"@type":"ImageObject","inLanguage":"fr-FR","@id":"https:\/\/www.africa-press.net\/cameroun\/toutes-les-actualites\/nomination-blaise-moussa-dg-camwater-je-viens-de-loin-je-dirais-meme-que-je-viens-de-nulle-part-preuve-que-tout-est-possible#primaryimage","url":"https:\/\/static.africa-press.net\/cameroun\/sites\/57\/2022\/09\/img-6337383142a6c.jpg","contentUrl":"https:\/\/static.africa-press.net\/cameroun\/sites\/57\/2022\/09\/img-6337383142a6c.jpg","width":800,"height":636,"caption":"Nomination\/Blaise Moussa (DG Camwater): \u00abJe viens de loin, je dirais m\u00eame que je viens de nulle part, preuve que tout est possible\u00bb"},{"@type":"BreadcrumbList","@id":"https:\/\/www.africa-press.net\/cameroun\/toutes-les-actualites\/nomination-blaise-moussa-dg-camwater-je-viens-de-loin-je-dirais-meme-que-je-viens-de-nulle-part-preuve-que-tout-est-possible#breadcrumb","itemListElement":[{"@type":"ListItem","position":1,"name":"Accueil","item":"https:\/\/www.africa-press.net\/cameroun\/"},{"@type":"ListItem","position":2,"name":"Nomination\/Blaise Moussa (DG Camwater): \u00abJe viens de loin, je dirais m\u00eame que je viens de nulle part, preuve que tout est possible\u00bb"}]},{"@type":"WebSite","@id":"https:\/\/www.africa-press.net\/cameroun\/#website","url":"https:\/\/www.africa-press.net\/cameroun\/","name":"Cameroun","description":"Just another Africa News Agency Sites site","potentialAction":[{"@type":"SearchAction","target":{"@type":"EntryPoint","urlTemplate":"https:\/\/www.africa-press.net\/cameroun\/?s={search_term_string}"},"query-input":{"@type":"PropertyValueSpecification","valueRequired":true,"valueName":"search_term_string"}}],"inLanguage":"fr-FR"},{"@type":"Person","@id":"https:\/\/www.africa-press.net\/cameroun\/#\/schema\/person\/2b1cf3cd81a31e3cd26889ca66d677f1","name":"cfeditorfr"}]}},"_links":{"self":[{"href":"https:\/\/www.africa-press.net\/cameroun\/wp-json\/wp\/v2\/posts\/28429","targetHints":{"allow":["GET"]}}],"collection":[{"href":"https:\/\/www.africa-press.net\/cameroun\/wp-json\/wp\/v2\/posts"}],"about":[{"href":"https:\/\/www.africa-press.net\/cameroun\/wp-json\/wp\/v2\/types\/post"}],"author":[{"embeddable":true,"href":"https:\/\/www.africa-press.net\/cameroun\/wp-json\/wp\/v2\/users\/82"}],"replies":[{"embeddable":true,"href":"https:\/\/www.africa-press.net\/cameroun\/wp-json\/wp\/v2\/comments?post=28429"}],"version-history":[{"count":0,"href":"https:\/\/www.africa-press.net\/cameroun\/wp-json\/wp\/v2\/posts\/28429\/revisions"}],"wp:featuredmedia":[{"embeddable":true,"href":"https:\/\/www.africa-press.net\/cameroun\/wp-json\/wp\/v2\/media\/28428"}],"wp:attachment":[{"href":"https:\/\/www.africa-press.net\/cameroun\/wp-json\/wp\/v2\/media?parent=28429"}],"wp:term":[{"taxonomy":"category","embeddable":true,"href":"https:\/\/www.africa-press.net\/cameroun\/wp-json\/wp\/v2\/categories?post=28429"},{"taxonomy":"post_tag","embeddable":true,"href":"https:\/\/www.africa-press.net\/cameroun\/wp-json\/wp\/v2\/tags?post=28429"}],"curies":[{"name":"wp","href":"https:\/\/api.w.org\/{rel}","templated":true}]}}