{"id":2843,"date":"2021-04-30T18:17:41","date_gmt":"2021-04-30T18:17:41","guid":{"rendered":"https:\/\/www.africa-press.net\/cameroun\/politique\/cameroun-liberte-de-la-presse-des-journalistes-de-canal-2-international-tabasses-par-des-agents-de-la-mairie-de-yaounde-5-la-chaine-ne-decolere-pas"},"modified":"2021-04-30T21:16:08","modified_gmt":"2021-04-30T21:16:08","slug":"cameroun-liberte-de-la-presse-des-journalistes-de-canal-2-international-tabasses-par-des-agents-de-la-mairie-de-yaounde-5-la-chaine-ne-decolere-pas","status":"publish","type":"post","link":"https:\/\/www.africa-press.net\/cameroun\/toutes-les-actualites\/cameroun-liberte-de-la-presse-des-journalistes-de-canal-2-international-tabasses-par-des-agents-de-la-mairie-de-yaounde-5-la-chaine-ne-decolere-pas","title":{"rendered":"Cameroun &#8211; Libert\u00e9 de la presse: Des journalistes de Canal 2 International tabass\u00e9s par des agents de la mairie de Yaound\u00e9 5, la cha\u00eene ne d\u00e9col\u00e8re pas"},"content":{"rendered":"<p><span style=\"color: #ff6600\"><strong><a href=\"https:\/\/www.africa-press.net\/\">Africa-Press<\/a> &#8211; <a href=\"https:\/\/www.africa-press.net\/cameroun\">Cameroun<\/a>. <\/strong><\/span>C\u2019est une situation qui tombe alors que le Cameroun, de concert avec la communaut\u00e9 internationale, s\u2019appr\u00eate \u00e0 comm\u00e9morer le 3 mai 2021, la Journ\u00e9e mondiale de la libert\u00e9 de la presse.<\/p>\n<p>Une \u00e9quipe de reportage de Canal 2 International a \u00e9t\u00e9 pass\u00e9e \u00e0 tabac par des agents de la commune de Yaound\u00e9 5. La sc\u00e8ne rocambolesque s\u2019est produite hier 29 avril. Le tort de nos confr\u00e8res, \u00eatre partis couvrir une rixe qui opposait les agents communaux aux conducteurs de moto taxis.<\/p>\n<p><b>\u00abDes \u00e9quipes de la t\u00e9l\u00e9vision Canal 2 International ont \u00e9t\u00e9 victimes collat\u00e9rales de rixe opposant des agents de la commune de Yaound\u00e9 5e et des conducteurs de moto taxi hier. Le cameraman de canal 2, Bertrand Tsasse, a \u00e9t\u00e9 copieusement battu par les agents de la mairie. Sa cam\u00e9ra cass\u00e9e et confisqu\u00e9e par les m\u00eames agents qui lui ont promis la mort, ainsi qu\u2019aux autres membres de l\u2019\u00e9quipe, chauffeur et journalistes, indiquent des sources concordantes\u00bb<\/b>, peut-on lire dans les colonnes du quotidien Le Jour paru ce 30 avril.<\/p>\n<p>A travers son r\u00e9dacteur-en-chef d\u00e9l\u00e9gu\u00e9, la cha\u00eene priv\u00e9e ne d\u00e9col\u00e8re pas. Surtout que le maire Augustin Bala a approuv\u00e9 l\u2019acte de ses agents.<\/p>\n<p><b>\u00abJe suis all\u00e9 moi-m\u00eame \u00e0 la mairie m\u2019enqu\u00e9rir de la situation, aupr\u00e8s des responsables trouv\u00e9s sur place. J\u2019ai moi-m\u00eame \u00e9chapp\u00e9 au lynchage. C\u2019est la police, la vraie, qui m\u2019a sorti des griffes de ces sauvages. Un officier de police m\u2019a conseill\u00e9 de contacter le maire. Ce que j\u2019ai fait. Mais je n\u2019\u00e9tais pas au bout de ma d\u00e9ception. M. Augustin Bala m\u2019a indiqu\u00e9 que ses agents \u00e9taient dans leur droit, accusant l\u2019\u00e9quipe de Canal 2 d\u2019avoir rameut\u00e9 la foule de conducteurs de motos d\u00e9j\u00e0 assagie apr\u00e8s une journ\u00e9e de tumultes. J\u2019en ai \u00e9t\u00e9 d\u00e9go\u00fbt\u00e9\u00bb<\/b>, s\u2019indigne Rodrigue Tongue dans Le Jour.<\/p>\n<p>Notre confr\u00e8re se dit d\u2019ailleurs surpris par l\u2019attitude des agents de la mairie. \u00abPourtant mes reporters ont \u00e9t\u00e9 professionnels. Une fois \u00e0 la mairie, ils ont demand\u00e9 apr\u00e8s le maire qui leur a fait dire qu\u2019il ne parlerait que plus tard\u2026 demain. Alors que l\u2019\u00e9quipe avait regagn\u00e9 la voiture de reportage, un agent de la mairie s\u2019est port\u00e9 volontaire pour un r\u00e9cit face camera. C\u2019est durant le tournage que les agents qui servent de \u2018\u2018police\u2019\u2019 municipale lui sont tomb\u00e9s dessus. Nous condamnons avec la derni\u00e8re \u00e9nergie cet acte odieux. Nous allons naturellement lui donner des suites judiciaires. Au p\u00e9nal comme au civil\u00bb, pr\u00e9vient Rodrigue Tongue.<\/p>\n<p>Le Syndicat National des Journalistes du Cameroun, par la voix de son secr\u00e9taire national \u00e0 la communication et aux alertes, Charles Ngah Nforgang, d\u00e9nonce \u00abcette barbarie inexplicable et appelle les journalistes \u00e0 se tenir pr\u00eat pour le mot d\u2019ordre qui sera incessamment lanc\u00e9 afin que cesse d\u00e9finitivement des voies de fait sur les hommes de m\u00e9dias\u00bb.<\/p>\n","protected":false},"excerpt":{"rendered":"<p>Africa-Press &#8211; Cameroun. C\u2019est une situation qui tombe alors que le Cameroun, de concert avec la communaut\u00e9 internationale, s\u2019appr\u00eate \u00e0 comm\u00e9morer le 3 mai 2021, la Journ\u00e9e mondiale de la libert\u00e9 de la presse. Une \u00e9quipe de reportage de Canal 2 International a \u00e9t\u00e9 pass\u00e9e \u00e0 tabac par des agents de la commune de Yaound\u00e9 [&hellip;]<\/p>\n","protected":false},"author":82,"featured_media":2842,"comment_status":"open","ping_status":"closed","sticky":false,"template":"","format":"standard","meta":{"footnotes":""},"categories":[21,11,10],"tags":[36,50,49],"class_list":["post-2843","post","type-post","status-publish","format-standard","has-post-thumbnail","hentry","category-communaute","category-homepage-french","category-toutes-les-actualites","tag-africa-press","tag-africa-press-cameroun","tag-cameroun"],"yoast_head":"<!-- This site is optimized with the Yoast SEO Premium plugin v26.1 (Yoast SEO v27.0) - https:\/\/yoast.com\/product\/yoast-seo-premium-wordpress\/ -->\n<title>Cameroun - Libert\u00e9 de la presse: Des journalistes de Canal 2 International tabass\u00e9s par des agents de la mairie de Yaound\u00e9 5, la cha\u00eene ne d\u00e9col\u00e8re pas - Cameroun<\/title>\n<meta name=\"description\" content=\"C\u2019est une situation qui tombe alors que le Cameroun, de concert avec la communaut\u00e9 internationale, s\u2019appr\u00eate \u00e0 comm\u00e9more ...\" \/>\n<meta name=\"robots\" content=\"index, follow, max-snippet:-1, max-image-preview:large, max-video-preview:-1\" \/>\n<link rel=\"canonical\" href=\"https:\/\/www.africa-press.net\/cameroun\/toutes-les-actualites\/cameroun-liberte-de-la-presse-des-journalistes-de-canal-2-international-tabasses-par-des-agents-de-la-mairie-de-yaounde-5-la-chaine-ne-decolere-pas\" \/>\n<meta property=\"og:locale\" content=\"fr_FR\" \/>\n<meta property=\"og:type\" content=\"article\" \/>\n<meta property=\"og:title\" content=\"Cameroun - Libert\u00e9 de la presse: Des journalistes de Canal 2 International tabass\u00e9s par des agents de la mairie de Yaound\u00e9 5, la cha\u00eene ne d\u00e9col\u00e8re pas\" \/>\n<meta property=\"og:description\" content=\"C\u2019est une situation qui tombe alors que le Cameroun, de concert avec la communaut\u00e9 internationale, s\u2019appr\u00eate \u00e0 comm\u00e9more ...\" \/>\n<meta property=\"og:url\" content=\"https:\/\/www.africa-press.net\/cameroun\/toutes-les-actualites\/cameroun-liberte-de-la-presse-des-journalistes-de-canal-2-international-tabasses-par-des-agents-de-la-mairie-de-yaounde-5-la-chaine-ne-decolere-pas\" \/>\n<meta property=\"og:site_name\" content=\"Cameroun\" \/>\n<meta property=\"article:published_time\" content=\"2021-04-30T18:17:41+00:00\" \/>\n<meta property=\"article:modified_time\" content=\"2021-04-30T21:16:08+00:00\" \/>\n<meta property=\"og:image\" content=\"https:\/\/static.africa-press.net\/cameroun\/sites\/57\/2021\/04\/img-608c71915efda.jpg\" \/>\n\t<meta property=\"og:image:width\" content=\"800\" \/>\n\t<meta property=\"og:image:height\" content=\"562\" \/>\n\t<meta property=\"og:image:type\" content=\"image\/jpeg\" \/>\n<meta name=\"author\" content=\"cfeditorfr\" \/>\n<meta name=\"twitter:card\" content=\"summary_large_image\" \/>\n<meta name=\"twitter:label1\" content=\"\u00c9crit par\" \/>\n\t<meta name=\"twitter:data1\" content=\"cfeditorfr\" \/>\n\t<meta name=\"twitter:label2\" content=\"Dur\u00e9e de lecture estim\u00e9e\" \/>\n\t<meta name=\"twitter:data2\" content=\"2 minutes\" \/>\n<script type=\"application\/ld+json\" class=\"yoast-schema-graph\">{\"@context\":\"https:\/\/schema.org\",\"@graph\":[{\"@type\":\"Article\",\"@id\":\"https:\/\/www.africa-press.net\/cameroun\/toutes-les-actualites\/cameroun-liberte-de-la-presse-des-journalistes-de-canal-2-international-tabasses-par-des-agents-de-la-mairie-de-yaounde-5-la-chaine-ne-decolere-pas#article\",\"isPartOf\":{\"@id\":\"https:\/\/www.africa-press.net\/cameroun\/toutes-les-actualites\/cameroun-liberte-de-la-presse-des-journalistes-de-canal-2-international-tabasses-par-des-agents-de-la-mairie-de-yaounde-5-la-chaine-ne-decolere-pas\"},\"author\":{\"name\":\"cfeditorfr\",\"@id\":\"https:\/\/www.africa-press.net\/cameroun\/#\/schema\/person\/2b1cf3cd81a31e3cd26889ca66d677f1\"},\"headline\":\"Cameroun &#8211; Libert\u00e9 de la presse: Des journalistes de Canal 2 International tabass\u00e9s par des agents de la mairie de Yaound\u00e9 5, la cha\u00eene ne d\u00e9col\u00e8re pas\",\"datePublished\":\"2021-04-30T18:17:41+00:00\",\"dateModified\":\"2021-04-30T21:16:08+00:00\",\"mainEntityOfPage\":{\"@id\":\"https:\/\/www.africa-press.net\/cameroun\/toutes-les-actualites\/cameroun-liberte-de-la-presse-des-journalistes-de-canal-2-international-tabasses-par-des-agents-de-la-mairie-de-yaounde-5-la-chaine-ne-decolere-pas\"},\"wordCount\":538,\"commentCount\":0,\"image\":{\"@id\":\"https:\/\/www.africa-press.net\/cameroun\/toutes-les-actualites\/cameroun-liberte-de-la-presse-des-journalistes-de-canal-2-international-tabasses-par-des-agents-de-la-mairie-de-yaounde-5-la-chaine-ne-decolere-pas#primaryimage\"},\"thumbnailUrl\":\"https:\/\/static.africa-press.net\/cameroun\/sites\/57\/2021\/04\/img-608c71915efda.jpg\",\"keywords\":[\"Africa Press\",\"Africa Press-Cameroun\",\"Cameroun\"],\"articleSection\":[\"Communaut\u00e9\",\"homepage-french\",\"Toutes les actualit\u00e9s\"],\"inLanguage\":\"fr-FR\",\"potentialAction\":[{\"@type\":\"CommentAction\",\"name\":\"Comment\",\"target\":[\"https:\/\/www.africa-press.net\/cameroun\/toutes-les-actualites\/cameroun-liberte-de-la-presse-des-journalistes-de-canal-2-international-tabasses-par-des-agents-de-la-mairie-de-yaounde-5-la-chaine-ne-decolere-pas#respond\"]}]},{\"@type\":\"WebPage\",\"@id\":\"https:\/\/www.africa-press.net\/cameroun\/toutes-les-actualites\/cameroun-liberte-de-la-presse-des-journalistes-de-canal-2-international-tabasses-par-des-agents-de-la-mairie-de-yaounde-5-la-chaine-ne-decolere-pas\",\"url\":\"https:\/\/www.africa-press.net\/cameroun\/toutes-les-actualites\/cameroun-liberte-de-la-presse-des-journalistes-de-canal-2-international-tabasses-par-des-agents-de-la-mairie-de-yaounde-5-la-chaine-ne-decolere-pas\",\"name\":\"Cameroun - Libert\u00e9 de la presse: Des journalistes de Canal 2 International tabass\u00e9s par des agents de la mairie de Yaound\u00e9 5, la cha\u00eene ne d\u00e9col\u00e8re pas - Cameroun\",\"isPartOf\":{\"@id\":\"https:\/\/www.africa-press.net\/cameroun\/#website\"},\"primaryImageOfPage\":{\"@id\":\"https:\/\/www.africa-press.net\/cameroun\/toutes-les-actualites\/cameroun-liberte-de-la-presse-des-journalistes-de-canal-2-international-tabasses-par-des-agents-de-la-mairie-de-yaounde-5-la-chaine-ne-decolere-pas#primaryimage\"},\"image\":{\"@id\":\"https:\/\/www.africa-press.net\/cameroun\/toutes-les-actualites\/cameroun-liberte-de-la-presse-des-journalistes-de-canal-2-international-tabasses-par-des-agents-de-la-mairie-de-yaounde-5-la-chaine-ne-decolere-pas#primaryimage\"},\"thumbnailUrl\":\"https:\/\/static.africa-press.net\/cameroun\/sites\/57\/2021\/04\/img-608c71915efda.jpg\",\"datePublished\":\"2021-04-30T18:17:41+00:00\",\"dateModified\":\"2021-04-30T21:16:08+00:00\",\"author\":{\"@id\":\"https:\/\/www.africa-press.net\/cameroun\/#\/schema\/person\/2b1cf3cd81a31e3cd26889ca66d677f1\"},\"description\":\"C\u2019est une situation qui tombe alors que le Cameroun, de concert avec la communaut\u00e9 internationale, s\u2019appr\u00eate \u00e0 comm\u00e9more ...\",\"breadcrumb\":{\"@id\":\"https:\/\/www.africa-press.net\/cameroun\/toutes-les-actualites\/cameroun-liberte-de-la-presse-des-journalistes-de-canal-2-international-tabasses-par-des-agents-de-la-mairie-de-yaounde-5-la-chaine-ne-decolere-pas#breadcrumb\"},\"inLanguage\":\"fr-FR\",\"potentialAction\":[{\"@type\":\"ReadAction\",\"target\":[\"https:\/\/www.africa-press.net\/cameroun\/toutes-les-actualites\/cameroun-liberte-de-la-presse-des-journalistes-de-canal-2-international-tabasses-par-des-agents-de-la-mairie-de-yaounde-5-la-chaine-ne-decolere-pas\"]}]},{\"@type\":\"ImageObject\",\"inLanguage\":\"fr-FR\",\"@id\":\"https:\/\/www.africa-press.net\/cameroun\/toutes-les-actualites\/cameroun-liberte-de-la-presse-des-journalistes-de-canal-2-international-tabasses-par-des-agents-de-la-mairie-de-yaounde-5-la-chaine-ne-decolere-pas#primaryimage\",\"url\":\"https:\/\/static.africa-press.net\/cameroun\/sites\/57\/2021\/04\/img-608c71915efda.jpg\",\"contentUrl\":\"https:\/\/static.africa-press.net\/cameroun\/sites\/57\/2021\/04\/img-608c71915efda.jpg\",\"width\":800,\"height\":562,\"caption\":\"Cameroun - Libert\u00e9 de la presse: Des journalistes de Canal 2 International tabass\u00e9s par des agents de la mairie de Yaound\u00e9 5, la cha\u00eene ne d\u00e9col\u00e8re pas\"},{\"@type\":\"BreadcrumbList\",\"@id\":\"https:\/\/www.africa-press.net\/cameroun\/toutes-les-actualites\/cameroun-liberte-de-la-presse-des-journalistes-de-canal-2-international-tabasses-par-des-agents-de-la-mairie-de-yaounde-5-la-chaine-ne-decolere-pas#breadcrumb\",\"itemListElement\":[{\"@type\":\"ListItem\",\"position\":1,\"name\":\"Accueil\",\"item\":\"https:\/\/www.africa-press.net\/cameroun\/\"},{\"@type\":\"ListItem\",\"position\":2,\"name\":\"Cameroun &#8211; Libert\u00e9 de la presse: Des journalistes de Canal 2 International tabass\u00e9s par des agents de la mairie de Yaound\u00e9 5, la cha\u00eene ne d\u00e9col\u00e8re pas\"}]},{\"@type\":\"WebSite\",\"@id\":\"https:\/\/www.africa-press.net\/cameroun\/#website\",\"url\":\"https:\/\/www.africa-press.net\/cameroun\/\",\"name\":\"Cameroun\",\"description\":\"Just another Africa News Agency Sites site\",\"potentialAction\":[{\"@type\":\"SearchAction\",\"target\":{\"@type\":\"EntryPoint\",\"urlTemplate\":\"https:\/\/www.africa-press.net\/cameroun\/?s={search_term_string}\"},\"query-input\":{\"@type\":\"PropertyValueSpecification\",\"valueRequired\":true,\"valueName\":\"search_term_string\"}}],\"inLanguage\":\"fr-FR\"},{\"@type\":\"Person\",\"@id\":\"https:\/\/www.africa-press.net\/cameroun\/#\/schema\/person\/2b1cf3cd81a31e3cd26889ca66d677f1\",\"name\":\"cfeditorfr\"}]}<\/script>\n<!-- \/ Yoast SEO Premium plugin. -->","yoast_head_json":{"title":"Cameroun - Libert\u00e9 de la presse: Des journalistes de Canal 2 International tabass\u00e9s par des agents de la mairie de Yaound\u00e9 5, la cha\u00eene ne d\u00e9col\u00e8re pas - Cameroun","description":"C\u2019est une situation qui tombe alors que le Cameroun, de concert avec la communaut\u00e9 internationale, s\u2019appr\u00eate \u00e0 comm\u00e9more ...","robots":{"index":"index","follow":"follow","max-snippet":"max-snippet:-1","max-image-preview":"max-image-preview:large","max-video-preview":"max-video-preview:-1"},"canonical":"https:\/\/www.africa-press.net\/cameroun\/toutes-les-actualites\/cameroun-liberte-de-la-presse-des-journalistes-de-canal-2-international-tabasses-par-des-agents-de-la-mairie-de-yaounde-5-la-chaine-ne-decolere-pas","og_locale":"fr_FR","og_type":"article","og_title":"Cameroun - Libert\u00e9 de la presse: Des journalistes de Canal 2 International tabass\u00e9s par des agents de la mairie de Yaound\u00e9 5, la cha\u00eene ne d\u00e9col\u00e8re pas","og_description":"C\u2019est une situation qui tombe alors que le Cameroun, de concert avec la communaut\u00e9 internationale, s\u2019appr\u00eate \u00e0 comm\u00e9more ...","og_url":"https:\/\/www.africa-press.net\/cameroun\/toutes-les-actualites\/cameroun-liberte-de-la-presse-des-journalistes-de-canal-2-international-tabasses-par-des-agents-de-la-mairie-de-yaounde-5-la-chaine-ne-decolere-pas","og_site_name":"Cameroun","article_published_time":"2021-04-30T18:17:41+00:00","article_modified_time":"2021-04-30T21:16:08+00:00","og_image":[{"width":800,"height":562,"url":"https:\/\/static.africa-press.net\/cameroun\/sites\/57\/2021\/04\/img-608c71915efda.jpg","type":"image\/jpeg"}],"author":"cfeditorfr","twitter_card":"summary_large_image","twitter_misc":{"\u00c9crit par":"cfeditorfr","Dur\u00e9e de lecture estim\u00e9e":"2 minutes"},"schema":{"@context":"https:\/\/schema.org","@graph":[{"@type":"Article","@id":"https:\/\/www.africa-press.net\/cameroun\/toutes-les-actualites\/cameroun-liberte-de-la-presse-des-journalistes-de-canal-2-international-tabasses-par-des-agents-de-la-mairie-de-yaounde-5-la-chaine-ne-decolere-pas#article","isPartOf":{"@id":"https:\/\/www.africa-press.net\/cameroun\/toutes-les-actualites\/cameroun-liberte-de-la-presse-des-journalistes-de-canal-2-international-tabasses-par-des-agents-de-la-mairie-de-yaounde-5-la-chaine-ne-decolere-pas"},"author":{"name":"cfeditorfr","@id":"https:\/\/www.africa-press.net\/cameroun\/#\/schema\/person\/2b1cf3cd81a31e3cd26889ca66d677f1"},"headline":"Cameroun &#8211; Libert\u00e9 de la presse: Des journalistes de Canal 2 International tabass\u00e9s par des agents de la mairie de Yaound\u00e9 5, la cha\u00eene ne d\u00e9col\u00e8re pas","datePublished":"2021-04-30T18:17:41+00:00","dateModified":"2021-04-30T21:16:08+00:00","mainEntityOfPage":{"@id":"https:\/\/www.africa-press.net\/cameroun\/toutes-les-actualites\/cameroun-liberte-de-la-presse-des-journalistes-de-canal-2-international-tabasses-par-des-agents-de-la-mairie-de-yaounde-5-la-chaine-ne-decolere-pas"},"wordCount":538,"commentCount":0,"image":{"@id":"https:\/\/www.africa-press.net\/cameroun\/toutes-les-actualites\/cameroun-liberte-de-la-presse-des-journalistes-de-canal-2-international-tabasses-par-des-agents-de-la-mairie-de-yaounde-5-la-chaine-ne-decolere-pas#primaryimage"},"thumbnailUrl":"https:\/\/static.africa-press.net\/cameroun\/sites\/57\/2021\/04\/img-608c71915efda.jpg","keywords":["Africa Press","Africa Press-Cameroun","Cameroun"],"articleSection":["Communaut\u00e9","homepage-french","Toutes les actualit\u00e9s"],"inLanguage":"fr-FR","potentialAction":[{"@type":"CommentAction","name":"Comment","target":["https:\/\/www.africa-press.net\/cameroun\/toutes-les-actualites\/cameroun-liberte-de-la-presse-des-journalistes-de-canal-2-international-tabasses-par-des-agents-de-la-mairie-de-yaounde-5-la-chaine-ne-decolere-pas#respond"]}]},{"@type":"WebPage","@id":"https:\/\/www.africa-press.net\/cameroun\/toutes-les-actualites\/cameroun-liberte-de-la-presse-des-journalistes-de-canal-2-international-tabasses-par-des-agents-de-la-mairie-de-yaounde-5-la-chaine-ne-decolere-pas","url":"https:\/\/www.africa-press.net\/cameroun\/toutes-les-actualites\/cameroun-liberte-de-la-presse-des-journalistes-de-canal-2-international-tabasses-par-des-agents-de-la-mairie-de-yaounde-5-la-chaine-ne-decolere-pas","name":"Cameroun - Libert\u00e9 de la presse: Des journalistes de Canal 2 International tabass\u00e9s par des agents de la mairie de Yaound\u00e9 5, la cha\u00eene ne d\u00e9col\u00e8re pas - Cameroun","isPartOf":{"@id":"https:\/\/www.africa-press.net\/cameroun\/#website"},"primaryImageOfPage":{"@id":"https:\/\/www.africa-press.net\/cameroun\/toutes-les-actualites\/cameroun-liberte-de-la-presse-des-journalistes-de-canal-2-international-tabasses-par-des-agents-de-la-mairie-de-yaounde-5-la-chaine-ne-decolere-pas#primaryimage"},"image":{"@id":"https:\/\/www.africa-press.net\/cameroun\/toutes-les-actualites\/cameroun-liberte-de-la-presse-des-journalistes-de-canal-2-international-tabasses-par-des-agents-de-la-mairie-de-yaounde-5-la-chaine-ne-decolere-pas#primaryimage"},"thumbnailUrl":"https:\/\/static.africa-press.net\/cameroun\/sites\/57\/2021\/04\/img-608c71915efda.jpg","datePublished":"2021-04-30T18:17:41+00:00","dateModified":"2021-04-30T21:16:08+00:00","author":{"@id":"https:\/\/www.africa-press.net\/cameroun\/#\/schema\/person\/2b1cf3cd81a31e3cd26889ca66d677f1"},"description":"C\u2019est une situation qui tombe alors que le Cameroun, de concert avec la communaut\u00e9 internationale, s\u2019appr\u00eate \u00e0 comm\u00e9more ...","breadcrumb":{"@id":"https:\/\/www.africa-press.net\/cameroun\/toutes-les-actualites\/cameroun-liberte-de-la-presse-des-journalistes-de-canal-2-international-tabasses-par-des-agents-de-la-mairie-de-yaounde-5-la-chaine-ne-decolere-pas#breadcrumb"},"inLanguage":"fr-FR","potentialAction":[{"@type":"ReadAction","target":["https:\/\/www.africa-press.net\/cameroun\/toutes-les-actualites\/cameroun-liberte-de-la-presse-des-journalistes-de-canal-2-international-tabasses-par-des-agents-de-la-mairie-de-yaounde-5-la-chaine-ne-decolere-pas"]}]},{"@type":"ImageObject","inLanguage":"fr-FR","@id":"https:\/\/www.africa-press.net\/cameroun\/toutes-les-actualites\/cameroun-liberte-de-la-presse-des-journalistes-de-canal-2-international-tabasses-par-des-agents-de-la-mairie-de-yaounde-5-la-chaine-ne-decolere-pas#primaryimage","url":"https:\/\/static.africa-press.net\/cameroun\/sites\/57\/2021\/04\/img-608c71915efda.jpg","contentUrl":"https:\/\/static.africa-press.net\/cameroun\/sites\/57\/2021\/04\/img-608c71915efda.jpg","width":800,"height":562,"caption":"Cameroun - Libert\u00e9 de la presse: Des journalistes de Canal 2 International tabass\u00e9s par des agents de la mairie de Yaound\u00e9 5, la cha\u00eene ne d\u00e9col\u00e8re pas"},{"@type":"BreadcrumbList","@id":"https:\/\/www.africa-press.net\/cameroun\/toutes-les-actualites\/cameroun-liberte-de-la-presse-des-journalistes-de-canal-2-international-tabasses-par-des-agents-de-la-mairie-de-yaounde-5-la-chaine-ne-decolere-pas#breadcrumb","itemListElement":[{"@type":"ListItem","position":1,"name":"Accueil","item":"https:\/\/www.africa-press.net\/cameroun\/"},{"@type":"ListItem","position":2,"name":"Cameroun &#8211; Libert\u00e9 de la presse: Des journalistes de Canal 2 International tabass\u00e9s par des agents de la mairie de Yaound\u00e9 5, la cha\u00eene ne d\u00e9col\u00e8re pas"}]},{"@type":"WebSite","@id":"https:\/\/www.africa-press.net\/cameroun\/#website","url":"https:\/\/www.africa-press.net\/cameroun\/","name":"Cameroun","description":"Just another Africa News Agency Sites site","potentialAction":[{"@type":"SearchAction","target":{"@type":"EntryPoint","urlTemplate":"https:\/\/www.africa-press.net\/cameroun\/?s={search_term_string}"},"query-input":{"@type":"PropertyValueSpecification","valueRequired":true,"valueName":"search_term_string"}}],"inLanguage":"fr-FR"},{"@type":"Person","@id":"https:\/\/www.africa-press.net\/cameroun\/#\/schema\/person\/2b1cf3cd81a31e3cd26889ca66d677f1","name":"cfeditorfr"}]}},"_links":{"self":[{"href":"https:\/\/www.africa-press.net\/cameroun\/wp-json\/wp\/v2\/posts\/2843","targetHints":{"allow":["GET"]}}],"collection":[{"href":"https:\/\/www.africa-press.net\/cameroun\/wp-json\/wp\/v2\/posts"}],"about":[{"href":"https:\/\/www.africa-press.net\/cameroun\/wp-json\/wp\/v2\/types\/post"}],"author":[{"embeddable":true,"href":"https:\/\/www.africa-press.net\/cameroun\/wp-json\/wp\/v2\/users\/82"}],"replies":[{"embeddable":true,"href":"https:\/\/www.africa-press.net\/cameroun\/wp-json\/wp\/v2\/comments?post=2843"}],"version-history":[{"count":0,"href":"https:\/\/www.africa-press.net\/cameroun\/wp-json\/wp\/v2\/posts\/2843\/revisions"}],"wp:featuredmedia":[{"embeddable":true,"href":"https:\/\/www.africa-press.net\/cameroun\/wp-json\/wp\/v2\/media\/2842"}],"wp:attachment":[{"href":"https:\/\/www.africa-press.net\/cameroun\/wp-json\/wp\/v2\/media?parent=2843"}],"wp:term":[{"taxonomy":"category","embeddable":true,"href":"https:\/\/www.africa-press.net\/cameroun\/wp-json\/wp\/v2\/categories?post=2843"},{"taxonomy":"post_tag","embeddable":true,"href":"https:\/\/www.africa-press.net\/cameroun\/wp-json\/wp\/v2\/tags?post=2843"}],"curies":[{"name":"wp","href":"https:\/\/api.w.org\/{rel}","templated":true}]}}