{"id":28432,"date":"2022-09-30T16:13:39","date_gmt":"2022-09-30T16:13:39","guid":{"rendered":"https:\/\/www.africa-press.net\/cameroun\/politique\/mondial-volleyball-feminin-une-raison-de-garder-espoir-pour-le-cameroun"},"modified":"2022-09-30T18:42:02","modified_gmt":"2022-09-30T18:42:02","slug":"mondial-volleyball-feminin-une-raison-de-garder-espoir-pour-le-cameroun","status":"publish","type":"post","link":"https:\/\/www.africa-press.net\/cameroun\/sports\/mondial-volleyball-feminin-une-raison-de-garder-espoir-pour-le-cameroun","title":{"rendered":"Mondial volleyball f\u00e9minin: une raison de garder espoir pour le Cameroun"},"content":{"rendered":"<p><span style=\"color: #ff6600\"><strong>Africa-Press &#8211; Cameroun. <\/strong><\/span>Bien que les <b>Lionnes indomptables<\/b> ne font qu\u2019enchai\u0302ner les de\u0301faites, il existe encore une possibilite\u0301 de croire a\u0300 une qualification au second tour.<\/p>\n<p>Les chances du Cameroun au <b>Mondial fe\u0301minin de volleyball ne cessent de de\u0301croi\u0302tre. Cela s\u2019est encore aggrave\u0301<\/b> hier apre\u0300s la de\u0301faite face au Kenya, 3 sets a\u0300 0 (25-20, 27-25, 25-19). Avec cette troisie\u0300me de\u0301faite conse\u0301cutive pour le Cameroun, le compteur de points reste a\u0300 ze\u0301ro point.<\/p>\n<p>Ainsi, pour espe\u0301rer une qualification pour le prochain tour, la capitaine Simone Bikatal et ses coe\u0301quipie\u0300res n\u2019ont plus droit a\u0300 l\u2019erreur. Il est alors impe\u0301ratif pour l\u2019e\u0301quipe du coach Rene\u0301 Akono de remporter son prochain match.<\/p>\n<p>La prochaine sortie du Cameroun sera contre le Porto Rico. Ce match de\u0301terminant pour le destin du Cameroun dans ce tournoi co-organise\u0301 par la Slove\u0301nie et la Hollande se jouera ce 29 septembre 2022. Puis, il va aussi falloir gagner le dernier match qui sera face a\u0300 la Belgique.<\/p>\n<p>A co\u0302te\u0301, il faut espe\u0301rer que le Kenya ne remporte aucun de ses deux prochains matchs. Et la\u0300, le Cameroun sera qualifie\u0301 pour le second tour; un de\u0301fi loin d\u2019e\u0302tre facile a\u0300 relever.<\/p>\n<p><strong>Pour plus d&rsquo;informations et d&rsquo;analyses sur la <a href=\"https:\/\/www.africa-press.net\/cameroun\">Cameroun<\/a>, suivez <a href=\"https:\/\/www.africa-press.net\/\">Africa-Press<\/a><\/strong><\/p>\n","protected":false},"excerpt":{"rendered":"<p>Africa-Press &#8211; Cameroun. Bien que les Lionnes indomptables ne font qu\u2019enchai\u0302ner les de\u0301faites, il existe encore une possibilite\u0301 de croire a\u0300 une qualification au second tour. Les chances du Cameroun au Mondial fe\u0301minin de volleyball ne cessent de de\u0301croi\u0302tre. Cela s\u2019est encore aggrave\u0301 hier apre\u0300s la de\u0301faite face au Kenya, 3 sets a\u0300 0 (25-20, [&hellip;]<\/p>\n","protected":false},"author":82,"featured_media":28431,"comment_status":"open","ping_status":"closed","sticky":false,"template":"","format":"standard","meta":{"footnotes":""},"categories":[6,10],"tags":[36,50,49],"class_list":["post-28432","post","type-post","status-publish","format-standard","has-post-thumbnail","hentry","category-sports","category-toutes-les-actualites","tag-africa-press","tag-africa-press-cameroun","tag-cameroun"],"yoast_head":"<!-- This site is optimized with the Yoast SEO Premium plugin v26.1 (Yoast SEO v27.0) - https:\/\/yoast.com\/product\/yoast-seo-premium-wordpress\/ -->\n<title>Mondial volleyball f\u00e9minin: une raison de garder espoir pour le Cameroun - Cameroun<\/title>\n<meta name=\"description\" content=\"Bien que les Lionnes indomptables ne font qu\u2019enchai\u0302ner les de\u0301faites, il existe encore une possibilite\u0301 de croir ...\" \/>\n<meta name=\"robots\" content=\"index, follow, max-snippet:-1, max-image-preview:large, max-video-preview:-1\" \/>\n<link rel=\"canonical\" href=\"https:\/\/www.africa-press.net\/cameroun\/sports\/mondial-volleyball-feminin-une-raison-de-garder-espoir-pour-le-cameroun\" \/>\n<meta property=\"og:locale\" content=\"fr_FR\" \/>\n<meta property=\"og:type\" content=\"article\" \/>\n<meta property=\"og:title\" content=\"Mondial volleyball f\u00e9minin: une raison de garder espoir pour le Cameroun\" \/>\n<meta property=\"og:description\" content=\"Bien que les Lionnes indomptables ne font qu\u2019enchai\u0302ner les de\u0301faites, il existe encore une possibilite\u0301 de croir ...\" \/>\n<meta property=\"og:url\" content=\"https:\/\/www.africa-press.net\/cameroun\/sports\/mondial-volleyball-feminin-une-raison-de-garder-espoir-pour-le-cameroun\" \/>\n<meta property=\"og:site_name\" content=\"Cameroun\" \/>\n<meta property=\"article:published_time\" content=\"2022-09-30T16:13:39+00:00\" \/>\n<meta property=\"article:modified_time\" content=\"2022-09-30T18:42:02+00:00\" \/>\n<meta property=\"og:image\" content=\"https:\/\/static.africa-press.net\/cameroun\/sites\/57\/2022\/09\/img-63373859b90bd.jpg\" \/>\n\t<meta property=\"og:image:width\" content=\"1000\" \/>\n\t<meta property=\"og:image:height\" content=\"648\" \/>\n\t<meta property=\"og:image:type\" content=\"image\/jpeg\" \/>\n<meta name=\"author\" content=\"cfeditorfr\" \/>\n<meta name=\"twitter:card\" content=\"summary_large_image\" \/>\n<meta name=\"twitter:label1\" content=\"\u00c9crit par\" \/>\n\t<meta name=\"twitter:data1\" content=\"cfeditorfr\" \/>\n\t<meta name=\"twitter:label2\" content=\"Dur\u00e9e de lecture estim\u00e9e\" \/>\n\t<meta name=\"twitter:data2\" content=\"2 minutes\" \/>\n<script type=\"application\/ld+json\" class=\"yoast-schema-graph\">{\"@context\":\"https:\/\/schema.org\",\"@graph\":[{\"@type\":\"Article\",\"@id\":\"https:\/\/www.africa-press.net\/cameroun\/sports\/mondial-volleyball-feminin-une-raison-de-garder-espoir-pour-le-cameroun#article\",\"isPartOf\":{\"@id\":\"https:\/\/www.africa-press.net\/cameroun\/sports\/mondial-volleyball-feminin-une-raison-de-garder-espoir-pour-le-cameroun\"},\"author\":{\"name\":\"cfeditorfr\",\"@id\":\"https:\/\/www.africa-press.net\/cameroun\/#\/schema\/person\/2b1cf3cd81a31e3cd26889ca66d677f1\"},\"headline\":\"Mondial volleyball f\u00e9minin: une raison de garder espoir pour le Cameroun\",\"datePublished\":\"2022-09-30T16:13:39+00:00\",\"dateModified\":\"2022-09-30T18:42:02+00:00\",\"mainEntityOfPage\":{\"@id\":\"https:\/\/www.africa-press.net\/cameroun\/sports\/mondial-volleyball-feminin-une-raison-de-garder-espoir-pour-le-cameroun\"},\"wordCount\":239,\"commentCount\":0,\"image\":{\"@id\":\"https:\/\/www.africa-press.net\/cameroun\/sports\/mondial-volleyball-feminin-une-raison-de-garder-espoir-pour-le-cameroun#primaryimage\"},\"thumbnailUrl\":\"https:\/\/static.africa-press.net\/cameroun\/sites\/57\/2022\/09\/img-63373859b90bd.jpg\",\"keywords\":[\"Africa Press\",\"Africa Press-Cameroun\",\"Cameroun\"],\"articleSection\":[\"Sports\",\"Toutes les actualit\u00e9s\"],\"inLanguage\":\"fr-FR\",\"potentialAction\":[{\"@type\":\"CommentAction\",\"name\":\"Comment\",\"target\":[\"https:\/\/www.africa-press.net\/cameroun\/sports\/mondial-volleyball-feminin-une-raison-de-garder-espoir-pour-le-cameroun#respond\"]}]},{\"@type\":\"WebPage\",\"@id\":\"https:\/\/www.africa-press.net\/cameroun\/sports\/mondial-volleyball-feminin-une-raison-de-garder-espoir-pour-le-cameroun\",\"url\":\"https:\/\/www.africa-press.net\/cameroun\/sports\/mondial-volleyball-feminin-une-raison-de-garder-espoir-pour-le-cameroun\",\"name\":\"Mondial volleyball f\u00e9minin: une raison de garder espoir pour le Cameroun - Cameroun\",\"isPartOf\":{\"@id\":\"https:\/\/www.africa-press.net\/cameroun\/#website\"},\"primaryImageOfPage\":{\"@id\":\"https:\/\/www.africa-press.net\/cameroun\/sports\/mondial-volleyball-feminin-une-raison-de-garder-espoir-pour-le-cameroun#primaryimage\"},\"image\":{\"@id\":\"https:\/\/www.africa-press.net\/cameroun\/sports\/mondial-volleyball-feminin-une-raison-de-garder-espoir-pour-le-cameroun#primaryimage\"},\"thumbnailUrl\":\"https:\/\/static.africa-press.net\/cameroun\/sites\/57\/2022\/09\/img-63373859b90bd.jpg\",\"datePublished\":\"2022-09-30T16:13:39+00:00\",\"dateModified\":\"2022-09-30T18:42:02+00:00\",\"author\":{\"@id\":\"https:\/\/www.africa-press.net\/cameroun\/#\/schema\/person\/2b1cf3cd81a31e3cd26889ca66d677f1\"},\"description\":\"Bien que les Lionnes indomptables ne font qu\u2019enchai\u0302ner les de\u0301faites, il existe encore une possibilite\u0301 de croir ...\",\"breadcrumb\":{\"@id\":\"https:\/\/www.africa-press.net\/cameroun\/sports\/mondial-volleyball-feminin-une-raison-de-garder-espoir-pour-le-cameroun#breadcrumb\"},\"inLanguage\":\"fr-FR\",\"potentialAction\":[{\"@type\":\"ReadAction\",\"target\":[\"https:\/\/www.africa-press.net\/cameroun\/sports\/mondial-volleyball-feminin-une-raison-de-garder-espoir-pour-le-cameroun\"]}]},{\"@type\":\"ImageObject\",\"inLanguage\":\"fr-FR\",\"@id\":\"https:\/\/www.africa-press.net\/cameroun\/sports\/mondial-volleyball-feminin-une-raison-de-garder-espoir-pour-le-cameroun#primaryimage\",\"url\":\"https:\/\/static.africa-press.net\/cameroun\/sites\/57\/2022\/09\/img-63373859b90bd.jpg\",\"contentUrl\":\"https:\/\/static.africa-press.net\/cameroun\/sites\/57\/2022\/09\/img-63373859b90bd.jpg\",\"width\":1000,\"height\":648,\"caption\":\"Mondial volleyball f\u00e9minin: une raison de garder espoir pour le Cameroun\"},{\"@type\":\"BreadcrumbList\",\"@id\":\"https:\/\/www.africa-press.net\/cameroun\/sports\/mondial-volleyball-feminin-une-raison-de-garder-espoir-pour-le-cameroun#breadcrumb\",\"itemListElement\":[{\"@type\":\"ListItem\",\"position\":1,\"name\":\"Accueil\",\"item\":\"https:\/\/www.africa-press.net\/cameroun\/\"},{\"@type\":\"ListItem\",\"position\":2,\"name\":\"Mondial volleyball f\u00e9minin: une raison de garder espoir pour le Cameroun\"}]},{\"@type\":\"WebSite\",\"@id\":\"https:\/\/www.africa-press.net\/cameroun\/#website\",\"url\":\"https:\/\/www.africa-press.net\/cameroun\/\",\"name\":\"Cameroun\",\"description\":\"Just another Africa News Agency Sites site\",\"potentialAction\":[{\"@type\":\"SearchAction\",\"target\":{\"@type\":\"EntryPoint\",\"urlTemplate\":\"https:\/\/www.africa-press.net\/cameroun\/?s={search_term_string}\"},\"query-input\":{\"@type\":\"PropertyValueSpecification\",\"valueRequired\":true,\"valueName\":\"search_term_string\"}}],\"inLanguage\":\"fr-FR\"},{\"@type\":\"Person\",\"@id\":\"https:\/\/www.africa-press.net\/cameroun\/#\/schema\/person\/2b1cf3cd81a31e3cd26889ca66d677f1\",\"name\":\"cfeditorfr\"}]}<\/script>\n<!-- \/ Yoast SEO Premium plugin. -->","yoast_head_json":{"title":"Mondial volleyball f\u00e9minin: une raison de garder espoir pour le Cameroun - Cameroun","description":"Bien que les Lionnes indomptables ne font qu\u2019enchai\u0302ner les de\u0301faites, il existe encore une possibilite\u0301 de croir ...","robots":{"index":"index","follow":"follow","max-snippet":"max-snippet:-1","max-image-preview":"max-image-preview:large","max-video-preview":"max-video-preview:-1"},"canonical":"https:\/\/www.africa-press.net\/cameroun\/sports\/mondial-volleyball-feminin-une-raison-de-garder-espoir-pour-le-cameroun","og_locale":"fr_FR","og_type":"article","og_title":"Mondial volleyball f\u00e9minin: une raison de garder espoir pour le Cameroun","og_description":"Bien que les Lionnes indomptables ne font qu\u2019enchai\u0302ner les de\u0301faites, il existe encore une possibilite\u0301 de croir ...","og_url":"https:\/\/www.africa-press.net\/cameroun\/sports\/mondial-volleyball-feminin-une-raison-de-garder-espoir-pour-le-cameroun","og_site_name":"Cameroun","article_published_time":"2022-09-30T16:13:39+00:00","article_modified_time":"2022-09-30T18:42:02+00:00","og_image":[{"width":1000,"height":648,"url":"https:\/\/static.africa-press.net\/cameroun\/sites\/57\/2022\/09\/img-63373859b90bd.jpg","type":"image\/jpeg"}],"author":"cfeditorfr","twitter_card":"summary_large_image","twitter_misc":{"\u00c9crit par":"cfeditorfr","Dur\u00e9e de lecture estim\u00e9e":"2 minutes"},"schema":{"@context":"https:\/\/schema.org","@graph":[{"@type":"Article","@id":"https:\/\/www.africa-press.net\/cameroun\/sports\/mondial-volleyball-feminin-une-raison-de-garder-espoir-pour-le-cameroun#article","isPartOf":{"@id":"https:\/\/www.africa-press.net\/cameroun\/sports\/mondial-volleyball-feminin-une-raison-de-garder-espoir-pour-le-cameroun"},"author":{"name":"cfeditorfr","@id":"https:\/\/www.africa-press.net\/cameroun\/#\/schema\/person\/2b1cf3cd81a31e3cd26889ca66d677f1"},"headline":"Mondial volleyball f\u00e9minin: une raison de garder espoir pour le Cameroun","datePublished":"2022-09-30T16:13:39+00:00","dateModified":"2022-09-30T18:42:02+00:00","mainEntityOfPage":{"@id":"https:\/\/www.africa-press.net\/cameroun\/sports\/mondial-volleyball-feminin-une-raison-de-garder-espoir-pour-le-cameroun"},"wordCount":239,"commentCount":0,"image":{"@id":"https:\/\/www.africa-press.net\/cameroun\/sports\/mondial-volleyball-feminin-une-raison-de-garder-espoir-pour-le-cameroun#primaryimage"},"thumbnailUrl":"https:\/\/static.africa-press.net\/cameroun\/sites\/57\/2022\/09\/img-63373859b90bd.jpg","keywords":["Africa Press","Africa Press-Cameroun","Cameroun"],"articleSection":["Sports","Toutes les actualit\u00e9s"],"inLanguage":"fr-FR","potentialAction":[{"@type":"CommentAction","name":"Comment","target":["https:\/\/www.africa-press.net\/cameroun\/sports\/mondial-volleyball-feminin-une-raison-de-garder-espoir-pour-le-cameroun#respond"]}]},{"@type":"WebPage","@id":"https:\/\/www.africa-press.net\/cameroun\/sports\/mondial-volleyball-feminin-une-raison-de-garder-espoir-pour-le-cameroun","url":"https:\/\/www.africa-press.net\/cameroun\/sports\/mondial-volleyball-feminin-une-raison-de-garder-espoir-pour-le-cameroun","name":"Mondial volleyball f\u00e9minin: une raison de garder espoir pour le Cameroun - Cameroun","isPartOf":{"@id":"https:\/\/www.africa-press.net\/cameroun\/#website"},"primaryImageOfPage":{"@id":"https:\/\/www.africa-press.net\/cameroun\/sports\/mondial-volleyball-feminin-une-raison-de-garder-espoir-pour-le-cameroun#primaryimage"},"image":{"@id":"https:\/\/www.africa-press.net\/cameroun\/sports\/mondial-volleyball-feminin-une-raison-de-garder-espoir-pour-le-cameroun#primaryimage"},"thumbnailUrl":"https:\/\/static.africa-press.net\/cameroun\/sites\/57\/2022\/09\/img-63373859b90bd.jpg","datePublished":"2022-09-30T16:13:39+00:00","dateModified":"2022-09-30T18:42:02+00:00","author":{"@id":"https:\/\/www.africa-press.net\/cameroun\/#\/schema\/person\/2b1cf3cd81a31e3cd26889ca66d677f1"},"description":"Bien que les Lionnes indomptables ne font qu\u2019enchai\u0302ner les de\u0301faites, il existe encore une possibilite\u0301 de croir ...","breadcrumb":{"@id":"https:\/\/www.africa-press.net\/cameroun\/sports\/mondial-volleyball-feminin-une-raison-de-garder-espoir-pour-le-cameroun#breadcrumb"},"inLanguage":"fr-FR","potentialAction":[{"@type":"ReadAction","target":["https:\/\/www.africa-press.net\/cameroun\/sports\/mondial-volleyball-feminin-une-raison-de-garder-espoir-pour-le-cameroun"]}]},{"@type":"ImageObject","inLanguage":"fr-FR","@id":"https:\/\/www.africa-press.net\/cameroun\/sports\/mondial-volleyball-feminin-une-raison-de-garder-espoir-pour-le-cameroun#primaryimage","url":"https:\/\/static.africa-press.net\/cameroun\/sites\/57\/2022\/09\/img-63373859b90bd.jpg","contentUrl":"https:\/\/static.africa-press.net\/cameroun\/sites\/57\/2022\/09\/img-63373859b90bd.jpg","width":1000,"height":648,"caption":"Mondial volleyball f\u00e9minin: une raison de garder espoir pour le Cameroun"},{"@type":"BreadcrumbList","@id":"https:\/\/www.africa-press.net\/cameroun\/sports\/mondial-volleyball-feminin-une-raison-de-garder-espoir-pour-le-cameroun#breadcrumb","itemListElement":[{"@type":"ListItem","position":1,"name":"Accueil","item":"https:\/\/www.africa-press.net\/cameroun\/"},{"@type":"ListItem","position":2,"name":"Mondial volleyball f\u00e9minin: une raison de garder espoir pour le Cameroun"}]},{"@type":"WebSite","@id":"https:\/\/www.africa-press.net\/cameroun\/#website","url":"https:\/\/www.africa-press.net\/cameroun\/","name":"Cameroun","description":"Just another Africa News Agency Sites site","potentialAction":[{"@type":"SearchAction","target":{"@type":"EntryPoint","urlTemplate":"https:\/\/www.africa-press.net\/cameroun\/?s={search_term_string}"},"query-input":{"@type":"PropertyValueSpecification","valueRequired":true,"valueName":"search_term_string"}}],"inLanguage":"fr-FR"},{"@type":"Person","@id":"https:\/\/www.africa-press.net\/cameroun\/#\/schema\/person\/2b1cf3cd81a31e3cd26889ca66d677f1","name":"cfeditorfr"}]}},"_links":{"self":[{"href":"https:\/\/www.africa-press.net\/cameroun\/wp-json\/wp\/v2\/posts\/28432","targetHints":{"allow":["GET"]}}],"collection":[{"href":"https:\/\/www.africa-press.net\/cameroun\/wp-json\/wp\/v2\/posts"}],"about":[{"href":"https:\/\/www.africa-press.net\/cameroun\/wp-json\/wp\/v2\/types\/post"}],"author":[{"embeddable":true,"href":"https:\/\/www.africa-press.net\/cameroun\/wp-json\/wp\/v2\/users\/82"}],"replies":[{"embeddable":true,"href":"https:\/\/www.africa-press.net\/cameroun\/wp-json\/wp\/v2\/comments?post=28432"}],"version-history":[{"count":0,"href":"https:\/\/www.africa-press.net\/cameroun\/wp-json\/wp\/v2\/posts\/28432\/revisions"}],"wp:featuredmedia":[{"embeddable":true,"href":"https:\/\/www.africa-press.net\/cameroun\/wp-json\/wp\/v2\/media\/28431"}],"wp:attachment":[{"href":"https:\/\/www.africa-press.net\/cameroun\/wp-json\/wp\/v2\/media?parent=28432"}],"wp:term":[{"taxonomy":"category","embeddable":true,"href":"https:\/\/www.africa-press.net\/cameroun\/wp-json\/wp\/v2\/categories?post=28432"},{"taxonomy":"post_tag","embeddable":true,"href":"https:\/\/www.africa-press.net\/cameroun\/wp-json\/wp\/v2\/tags?post=28432"}],"curies":[{"name":"wp","href":"https:\/\/api.w.org\/{rel}","templated":true}]}}