{"id":28438,"date":"2022-09-30T16:29:56","date_gmt":"2022-09-30T16:29:56","guid":{"rendered":"https:\/\/www.africa-press.net\/cameroun\/politique\/cameroun-une-plateforme-pour-outiller-les-cadres-dentreprises-en-management"},"modified":"2022-09-30T18:43:15","modified_gmt":"2022-09-30T18:43:15","slug":"cameroun-une-plateforme-pour-outiller-les-cadres-dentreprises-en-management","status":"publish","type":"post","link":"https:\/\/www.africa-press.net\/cameroun\/toutes-les-actualites\/cameroun-une-plateforme-pour-outiller-les-cadres-dentreprises-en-management","title":{"rendered":"Cameroun : une plateforme pour outiller les cadres d\u2019entreprises en management"},"content":{"rendered":"<p><span style=\"color: #ff6600\"><strong>Africa-Press &#8211; Cameroun. <\/strong><\/span><b>Les dirigeants et cadres publics et prive\u0301s, auront de\u0301sormais la possibilite\u0301 de se former en management a\u0300 travers des cours en ligne. <\/b><\/p>\n<p>Une nouvelle plateforme, vient de voir le jour. Son objectif : approfondir la connaissance des cadres d\u2019entreprises en matie\u0300re de management. Il s\u2019agit de la plateforme E-learning \u00ab Ufunde \u00bb, qui propose une solution nume\u0301rique permettant de pallier, d\u2019adapter les formations aux contraintes locales et africaines.<\/p>\n<p>C\u2019est ce 29 septembre 2022, qu\u2019elle a e\u0301te\u0301 pre\u0301sente\u0301e au public. Il e\u0301tait question de rappeler des dispositions le\u0301gales, en matie\u0300re de nomination des cadres et dirigeants camerounais. Montrer que, les conse\u0301quences de l\u2019usage du pouvoir discre\u0301tionnaire ont un impact sur la formation continue.<\/p>\n<p>L\u2019ex ministre des travaux public, Patrice Amba Salla a explique\u0301 a\u0300 cet effet que, \u00ab si les hommes qui, a\u0300 la ta\u0302che ne sont pas forme\u0301s, il est possible qu\u2019il n\u2019y ait pas de performance et s\u2019ils sont nomme\u0301s sur des bases qui ne sont pas celles qui visent la performance il est possible qu\u2019on n\u2019atteigne pas de performance \u00bb.<\/p>\n<p>D\u2019ou\u0300 la ne\u0301cessite\u0301 de la cre\u0301ation d\u2019une plateforme de E-learning, qui est une \u00ab solution apporte\u0301 a\u0300 la formation continue \u00bb. Cette formation, comprend trois niveaux selon le professeur Viviane Biwole\u0301, promotrice, \u00ab il est question de de\u0301mystifier le management car, tout le monde n\u2019a pas forcement suivi un cursus de management pour e\u0302tre nomme\u0301&#8230; il faut e\u0302tre conscient du fait que, derrie\u0300re ces nominations, il y a des compe\u0301tences qu\u2019il faut acque\u0301rir. Ensuite, de\u0301mocratiser la formation, en la mettant a\u0300 la disposition de tous les agents a\u0300 des moindres cou\u0302ts et enfin, acce\u0301der aux formations ou\u0300 que vous soyez \u00bb, a de\u0301cline\u0301 le professeur Viviane Biwole\u0301, promotrice de cette plateforme mis sur pied dans le but de contrer l\u2019e\u0301volution de la performance au sein des entreprises.<\/p>\n<p>Nom africain, \u00ab Ufunde \u00bb signifie apprendre, se former. Elle offre 22 formations de qualite\u0301s et est ouverte au camerounais et au monde entier avec un acce\u0300s de\u0301mocratise\u0301e. Elle a pour principale cible, les dirigeants et cadres supe\u0301rieurs des entreprises publiques et prive\u0301es, les experts en management et droit, les universitaires et les e\u0301tudiants.<\/p>\n<p>Rappelons qu\u2019il s\u2019agit d\u2019un produit innovant de Obiv solution, un cabinet d\u2019audit de conseil et de formation en management strate\u0301gique et ope\u0301rationnel du professeur Viviane Ondoua Biwole\u0301.<\/p>\n<p><strong>Pour plus d&rsquo;informations et d&rsquo;analyses sur la <a href=\"https:\/\/www.africa-press.net\/cameroun\">Cameroun<\/a>, suivez <a href=\"https:\/\/www.africa-press.net\/\">Africa-Press<\/a><\/strong><\/p>\n","protected":false},"excerpt":{"rendered":"<p>Africa-Press &#8211; Cameroun. Les dirigeants et cadres publics et prive\u0301s, auront de\u0301sormais la possibilite\u0301 de se former en management a\u0300 travers des cours en ligne. Une nouvelle plateforme, vient de voir le jour. Son objectif : approfondir la connaissance des cadres d\u2019entreprises en matie\u0300re de management. Il s\u2019agit de la plateforme E-learning \u00ab Ufunde \u00bb, [&hellip;]<\/p>\n","protected":false},"author":82,"featured_media":28437,"comment_status":"open","ping_status":"closed","sticky":false,"template":"","format":"standard","meta":{"footnotes":""},"categories":[21,10],"tags":[36,50,49],"class_list":["post-28438","post","type-post","status-publish","format-standard","has-post-thumbnail","hentry","category-communaute","category-toutes-les-actualites","tag-africa-press","tag-africa-press-cameroun","tag-cameroun"],"yoast_head":"<!-- This site is optimized with the Yoast SEO Premium plugin v26.1 (Yoast SEO v27.0) - https:\/\/yoast.com\/product\/yoast-seo-premium-wordpress\/ -->\n<title>Cameroun : une plateforme pour outiller les cadres d\u2019entreprises en management - Cameroun<\/title>\n<meta name=\"description\" content=\"Les dirigeants et cadres publics et prive\u0301s, auront de\u0301sormais la possibilite\u0301 de se former en management a\u0300 travers ...\" \/>\n<meta name=\"robots\" content=\"index, follow, max-snippet:-1, max-image-preview:large, max-video-preview:-1\" \/>\n<link rel=\"canonical\" href=\"https:\/\/www.africa-press.net\/cameroun\/toutes-les-actualites\/cameroun-une-plateforme-pour-outiller-les-cadres-dentreprises-en-management\" \/>\n<meta property=\"og:locale\" content=\"fr_FR\" \/>\n<meta property=\"og:type\" content=\"article\" \/>\n<meta property=\"og:title\" content=\"Cameroun : une plateforme pour outiller les cadres d\u2019entreprises en management\" \/>\n<meta property=\"og:description\" content=\"Les dirigeants et cadres publics et prive\u0301s, auront de\u0301sormais la possibilite\u0301 de se former en management a\u0300 travers ...\" \/>\n<meta property=\"og:url\" content=\"https:\/\/www.africa-press.net\/cameroun\/toutes-les-actualites\/cameroun-une-plateforme-pour-outiller-les-cadres-dentreprises-en-management\" \/>\n<meta property=\"og:site_name\" content=\"Cameroun\" \/>\n<meta property=\"article:published_time\" content=\"2022-09-30T16:29:56+00:00\" \/>\n<meta property=\"article:modified_time\" content=\"2022-09-30T18:43:15+00:00\" \/>\n<meta property=\"og:image\" content=\"https:\/\/static.africa-press.net\/cameroun\/sites\/57\/2022\/09\/img-633738a9ebbe6.jpg\" \/>\n\t<meta property=\"og:image:width\" content=\"720\" \/>\n\t<meta property=\"og:image:height\" content=\"438\" \/>\n\t<meta property=\"og:image:type\" content=\"image\/jpeg\" \/>\n<meta name=\"author\" content=\"cfeditorfr\" \/>\n<meta name=\"twitter:card\" content=\"summary_large_image\" \/>\n<meta name=\"twitter:label1\" content=\"\u00c9crit par\" \/>\n\t<meta name=\"twitter:data1\" content=\"cfeditorfr\" \/>\n\t<meta name=\"twitter:label2\" content=\"Dur\u00e9e de lecture estim\u00e9e\" \/>\n\t<meta name=\"twitter:data2\" content=\"2 minutes\" \/>\n<script type=\"application\/ld+json\" class=\"yoast-schema-graph\">{\"@context\":\"https:\/\/schema.org\",\"@graph\":[{\"@type\":\"Article\",\"@id\":\"https:\/\/www.africa-press.net\/cameroun\/toutes-les-actualites\/cameroun-une-plateforme-pour-outiller-les-cadres-dentreprises-en-management#article\",\"isPartOf\":{\"@id\":\"https:\/\/www.africa-press.net\/cameroun\/toutes-les-actualites\/cameroun-une-plateforme-pour-outiller-les-cadres-dentreprises-en-management\"},\"author\":{\"name\":\"cfeditorfr\",\"@id\":\"https:\/\/www.africa-press.net\/cameroun\/#\/schema\/person\/2b1cf3cd81a31e3cd26889ca66d677f1\"},\"headline\":\"Cameroun : une plateforme pour outiller les cadres d\u2019entreprises en management\",\"datePublished\":\"2022-09-30T16:29:56+00:00\",\"dateModified\":\"2022-09-30T18:43:15+00:00\",\"mainEntityOfPage\":{\"@id\":\"https:\/\/www.africa-press.net\/cameroun\/toutes-les-actualites\/cameroun-une-plateforme-pour-outiller-les-cadres-dentreprises-en-management\"},\"wordCount\":450,\"commentCount\":0,\"image\":{\"@id\":\"https:\/\/www.africa-press.net\/cameroun\/toutes-les-actualites\/cameroun-une-plateforme-pour-outiller-les-cadres-dentreprises-en-management#primaryimage\"},\"thumbnailUrl\":\"https:\/\/static.africa-press.net\/cameroun\/sites\/57\/2022\/09\/img-633738a9ebbe6.jpg\",\"keywords\":[\"Africa Press\",\"Africa Press-Cameroun\",\"Cameroun\"],\"articleSection\":[\"Communaut\u00e9\",\"Toutes les actualit\u00e9s\"],\"inLanguage\":\"fr-FR\",\"potentialAction\":[{\"@type\":\"CommentAction\",\"name\":\"Comment\",\"target\":[\"https:\/\/www.africa-press.net\/cameroun\/toutes-les-actualites\/cameroun-une-plateforme-pour-outiller-les-cadres-dentreprises-en-management#respond\"]}]},{\"@type\":\"WebPage\",\"@id\":\"https:\/\/www.africa-press.net\/cameroun\/toutes-les-actualites\/cameroun-une-plateforme-pour-outiller-les-cadres-dentreprises-en-management\",\"url\":\"https:\/\/www.africa-press.net\/cameroun\/toutes-les-actualites\/cameroun-une-plateforme-pour-outiller-les-cadres-dentreprises-en-management\",\"name\":\"Cameroun : une plateforme pour outiller les cadres d\u2019entreprises en management - Cameroun\",\"isPartOf\":{\"@id\":\"https:\/\/www.africa-press.net\/cameroun\/#website\"},\"primaryImageOfPage\":{\"@id\":\"https:\/\/www.africa-press.net\/cameroun\/toutes-les-actualites\/cameroun-une-plateforme-pour-outiller-les-cadres-dentreprises-en-management#primaryimage\"},\"image\":{\"@id\":\"https:\/\/www.africa-press.net\/cameroun\/toutes-les-actualites\/cameroun-une-plateforme-pour-outiller-les-cadres-dentreprises-en-management#primaryimage\"},\"thumbnailUrl\":\"https:\/\/static.africa-press.net\/cameroun\/sites\/57\/2022\/09\/img-633738a9ebbe6.jpg\",\"datePublished\":\"2022-09-30T16:29:56+00:00\",\"dateModified\":\"2022-09-30T18:43:15+00:00\",\"author\":{\"@id\":\"https:\/\/www.africa-press.net\/cameroun\/#\/schema\/person\/2b1cf3cd81a31e3cd26889ca66d677f1\"},\"description\":\"Les dirigeants et cadres publics et prive\u0301s, auront de\u0301sormais la possibilite\u0301 de se former en management a\u0300 travers ...\",\"breadcrumb\":{\"@id\":\"https:\/\/www.africa-press.net\/cameroun\/toutes-les-actualites\/cameroun-une-plateforme-pour-outiller-les-cadres-dentreprises-en-management#breadcrumb\"},\"inLanguage\":\"fr-FR\",\"potentialAction\":[{\"@type\":\"ReadAction\",\"target\":[\"https:\/\/www.africa-press.net\/cameroun\/toutes-les-actualites\/cameroun-une-plateforme-pour-outiller-les-cadres-dentreprises-en-management\"]}]},{\"@type\":\"ImageObject\",\"inLanguage\":\"fr-FR\",\"@id\":\"https:\/\/www.africa-press.net\/cameroun\/toutes-les-actualites\/cameroun-une-plateforme-pour-outiller-les-cadres-dentreprises-en-management#primaryimage\",\"url\":\"https:\/\/static.africa-press.net\/cameroun\/sites\/57\/2022\/09\/img-633738a9ebbe6.jpg\",\"contentUrl\":\"https:\/\/static.africa-press.net\/cameroun\/sites\/57\/2022\/09\/img-633738a9ebbe6.jpg\",\"width\":720,\"height\":438,\"caption\":\"Cameroun : une plateforme pour outiller les cadres d\u2019entreprises en management\"},{\"@type\":\"BreadcrumbList\",\"@id\":\"https:\/\/www.africa-press.net\/cameroun\/toutes-les-actualites\/cameroun-une-plateforme-pour-outiller-les-cadres-dentreprises-en-management#breadcrumb\",\"itemListElement\":[{\"@type\":\"ListItem\",\"position\":1,\"name\":\"Accueil\",\"item\":\"https:\/\/www.africa-press.net\/cameroun\/\"},{\"@type\":\"ListItem\",\"position\":2,\"name\":\"Cameroun : une plateforme pour outiller les cadres d\u2019entreprises en management\"}]},{\"@type\":\"WebSite\",\"@id\":\"https:\/\/www.africa-press.net\/cameroun\/#website\",\"url\":\"https:\/\/www.africa-press.net\/cameroun\/\",\"name\":\"Cameroun\",\"description\":\"Just another Africa News Agency Sites site\",\"potentialAction\":[{\"@type\":\"SearchAction\",\"target\":{\"@type\":\"EntryPoint\",\"urlTemplate\":\"https:\/\/www.africa-press.net\/cameroun\/?s={search_term_string}\"},\"query-input\":{\"@type\":\"PropertyValueSpecification\",\"valueRequired\":true,\"valueName\":\"search_term_string\"}}],\"inLanguage\":\"fr-FR\"},{\"@type\":\"Person\",\"@id\":\"https:\/\/www.africa-press.net\/cameroun\/#\/schema\/person\/2b1cf3cd81a31e3cd26889ca66d677f1\",\"name\":\"cfeditorfr\"}]}<\/script>\n<!-- \/ Yoast SEO Premium plugin. -->","yoast_head_json":{"title":"Cameroun : une plateforme pour outiller les cadres d\u2019entreprises en management - Cameroun","description":"Les dirigeants et cadres publics et prive\u0301s, auront de\u0301sormais la possibilite\u0301 de se former en management a\u0300 travers ...","robots":{"index":"index","follow":"follow","max-snippet":"max-snippet:-1","max-image-preview":"max-image-preview:large","max-video-preview":"max-video-preview:-1"},"canonical":"https:\/\/www.africa-press.net\/cameroun\/toutes-les-actualites\/cameroun-une-plateforme-pour-outiller-les-cadres-dentreprises-en-management","og_locale":"fr_FR","og_type":"article","og_title":"Cameroun : une plateforme pour outiller les cadres d\u2019entreprises en management","og_description":"Les dirigeants et cadres publics et prive\u0301s, auront de\u0301sormais la possibilite\u0301 de se former en management a\u0300 travers ...","og_url":"https:\/\/www.africa-press.net\/cameroun\/toutes-les-actualites\/cameroun-une-plateforme-pour-outiller-les-cadres-dentreprises-en-management","og_site_name":"Cameroun","article_published_time":"2022-09-30T16:29:56+00:00","article_modified_time":"2022-09-30T18:43:15+00:00","og_image":[{"width":720,"height":438,"url":"https:\/\/static.africa-press.net\/cameroun\/sites\/57\/2022\/09\/img-633738a9ebbe6.jpg","type":"image\/jpeg"}],"author":"cfeditorfr","twitter_card":"summary_large_image","twitter_misc":{"\u00c9crit par":"cfeditorfr","Dur\u00e9e de lecture estim\u00e9e":"2 minutes"},"schema":{"@context":"https:\/\/schema.org","@graph":[{"@type":"Article","@id":"https:\/\/www.africa-press.net\/cameroun\/toutes-les-actualites\/cameroun-une-plateforme-pour-outiller-les-cadres-dentreprises-en-management#article","isPartOf":{"@id":"https:\/\/www.africa-press.net\/cameroun\/toutes-les-actualites\/cameroun-une-plateforme-pour-outiller-les-cadres-dentreprises-en-management"},"author":{"name":"cfeditorfr","@id":"https:\/\/www.africa-press.net\/cameroun\/#\/schema\/person\/2b1cf3cd81a31e3cd26889ca66d677f1"},"headline":"Cameroun : une plateforme pour outiller les cadres d\u2019entreprises en management","datePublished":"2022-09-30T16:29:56+00:00","dateModified":"2022-09-30T18:43:15+00:00","mainEntityOfPage":{"@id":"https:\/\/www.africa-press.net\/cameroun\/toutes-les-actualites\/cameroun-une-plateforme-pour-outiller-les-cadres-dentreprises-en-management"},"wordCount":450,"commentCount":0,"image":{"@id":"https:\/\/www.africa-press.net\/cameroun\/toutes-les-actualites\/cameroun-une-plateforme-pour-outiller-les-cadres-dentreprises-en-management#primaryimage"},"thumbnailUrl":"https:\/\/static.africa-press.net\/cameroun\/sites\/57\/2022\/09\/img-633738a9ebbe6.jpg","keywords":["Africa Press","Africa Press-Cameroun","Cameroun"],"articleSection":["Communaut\u00e9","Toutes les actualit\u00e9s"],"inLanguage":"fr-FR","potentialAction":[{"@type":"CommentAction","name":"Comment","target":["https:\/\/www.africa-press.net\/cameroun\/toutes-les-actualites\/cameroun-une-plateforme-pour-outiller-les-cadres-dentreprises-en-management#respond"]}]},{"@type":"WebPage","@id":"https:\/\/www.africa-press.net\/cameroun\/toutes-les-actualites\/cameroun-une-plateforme-pour-outiller-les-cadres-dentreprises-en-management","url":"https:\/\/www.africa-press.net\/cameroun\/toutes-les-actualites\/cameroun-une-plateforme-pour-outiller-les-cadres-dentreprises-en-management","name":"Cameroun : une plateforme pour outiller les cadres d\u2019entreprises en management - Cameroun","isPartOf":{"@id":"https:\/\/www.africa-press.net\/cameroun\/#website"},"primaryImageOfPage":{"@id":"https:\/\/www.africa-press.net\/cameroun\/toutes-les-actualites\/cameroun-une-plateforme-pour-outiller-les-cadres-dentreprises-en-management#primaryimage"},"image":{"@id":"https:\/\/www.africa-press.net\/cameroun\/toutes-les-actualites\/cameroun-une-plateforme-pour-outiller-les-cadres-dentreprises-en-management#primaryimage"},"thumbnailUrl":"https:\/\/static.africa-press.net\/cameroun\/sites\/57\/2022\/09\/img-633738a9ebbe6.jpg","datePublished":"2022-09-30T16:29:56+00:00","dateModified":"2022-09-30T18:43:15+00:00","author":{"@id":"https:\/\/www.africa-press.net\/cameroun\/#\/schema\/person\/2b1cf3cd81a31e3cd26889ca66d677f1"},"description":"Les dirigeants et cadres publics et prive\u0301s, auront de\u0301sormais la possibilite\u0301 de se former en management a\u0300 travers ...","breadcrumb":{"@id":"https:\/\/www.africa-press.net\/cameroun\/toutes-les-actualites\/cameroun-une-plateforme-pour-outiller-les-cadres-dentreprises-en-management#breadcrumb"},"inLanguage":"fr-FR","potentialAction":[{"@type":"ReadAction","target":["https:\/\/www.africa-press.net\/cameroun\/toutes-les-actualites\/cameroun-une-plateforme-pour-outiller-les-cadres-dentreprises-en-management"]}]},{"@type":"ImageObject","inLanguage":"fr-FR","@id":"https:\/\/www.africa-press.net\/cameroun\/toutes-les-actualites\/cameroun-une-plateforme-pour-outiller-les-cadres-dentreprises-en-management#primaryimage","url":"https:\/\/static.africa-press.net\/cameroun\/sites\/57\/2022\/09\/img-633738a9ebbe6.jpg","contentUrl":"https:\/\/static.africa-press.net\/cameroun\/sites\/57\/2022\/09\/img-633738a9ebbe6.jpg","width":720,"height":438,"caption":"Cameroun : une plateforme pour outiller les cadres d\u2019entreprises en management"},{"@type":"BreadcrumbList","@id":"https:\/\/www.africa-press.net\/cameroun\/toutes-les-actualites\/cameroun-une-plateforme-pour-outiller-les-cadres-dentreprises-en-management#breadcrumb","itemListElement":[{"@type":"ListItem","position":1,"name":"Accueil","item":"https:\/\/www.africa-press.net\/cameroun\/"},{"@type":"ListItem","position":2,"name":"Cameroun : une plateforme pour outiller les cadres d\u2019entreprises en management"}]},{"@type":"WebSite","@id":"https:\/\/www.africa-press.net\/cameroun\/#website","url":"https:\/\/www.africa-press.net\/cameroun\/","name":"Cameroun","description":"Just another Africa News Agency Sites site","potentialAction":[{"@type":"SearchAction","target":{"@type":"EntryPoint","urlTemplate":"https:\/\/www.africa-press.net\/cameroun\/?s={search_term_string}"},"query-input":{"@type":"PropertyValueSpecification","valueRequired":true,"valueName":"search_term_string"}}],"inLanguage":"fr-FR"},{"@type":"Person","@id":"https:\/\/www.africa-press.net\/cameroun\/#\/schema\/person\/2b1cf3cd81a31e3cd26889ca66d677f1","name":"cfeditorfr"}]}},"_links":{"self":[{"href":"https:\/\/www.africa-press.net\/cameroun\/wp-json\/wp\/v2\/posts\/28438","targetHints":{"allow":["GET"]}}],"collection":[{"href":"https:\/\/www.africa-press.net\/cameroun\/wp-json\/wp\/v2\/posts"}],"about":[{"href":"https:\/\/www.africa-press.net\/cameroun\/wp-json\/wp\/v2\/types\/post"}],"author":[{"embeddable":true,"href":"https:\/\/www.africa-press.net\/cameroun\/wp-json\/wp\/v2\/users\/82"}],"replies":[{"embeddable":true,"href":"https:\/\/www.africa-press.net\/cameroun\/wp-json\/wp\/v2\/comments?post=28438"}],"version-history":[{"count":0,"href":"https:\/\/www.africa-press.net\/cameroun\/wp-json\/wp\/v2\/posts\/28438\/revisions"}],"wp:featuredmedia":[{"embeddable":true,"href":"https:\/\/www.africa-press.net\/cameroun\/wp-json\/wp\/v2\/media\/28437"}],"wp:attachment":[{"href":"https:\/\/www.africa-press.net\/cameroun\/wp-json\/wp\/v2\/media?parent=28438"}],"wp:term":[{"taxonomy":"category","embeddable":true,"href":"https:\/\/www.africa-press.net\/cameroun\/wp-json\/wp\/v2\/categories?post=28438"},{"taxonomy":"post_tag","embeddable":true,"href":"https:\/\/www.africa-press.net\/cameroun\/wp-json\/wp\/v2\/tags?post=28438"}],"curies":[{"name":"wp","href":"https:\/\/api.w.org\/{rel}","templated":true}]}}