{"id":28444,"date":"2022-09-30T16:44:05","date_gmt":"2022-09-30T16:44:05","guid":{"rendered":"https:\/\/www.africa-press.net\/cameroun\/politique\/le-cameroun-celebre-la-premiere-journee-nationale-de-la-paix"},"modified":"2022-09-30T18:44:34","modified_gmt":"2022-09-30T18:44:34","slug":"le-cameroun-celebre-la-premiere-journee-nationale-de-la-paix","status":"publish","type":"post","link":"https:\/\/www.africa-press.net\/cameroun\/politique\/le-cameroun-celebre-la-premiere-journee-nationale-de-la-paix","title":{"rendered":"Le Cameroun c\u00e9l\u00e8bre la premi\u00e8re  journ\u00e9e nationale de la paix"},"content":{"rendered":"<p><span style=\"color: #ff6600\"><strong>Africa-Press &#8211; Cameroun. <\/strong><\/span><b>Ce vendredi 30 septembre 2022 marque la premie\u0300re e\u0301dition de la journe\u0301e nationale de paix. Une date qui coi\u0308ncide avec le de\u0301but du Grand dialogue national en 2019.<\/b><\/p>\n<p>La persistance des crises, le de\u0301veloppement des discours de haine ainsi que les divisions ne\u0301cessitent la recherche des solutions en faveur de la paix au Cameroun. Dans ce sillage, la fondation Unite\u0301 nationale qui voit le jour en 2016 anne\u0301e ou\u0300 la crise anglophone commence, a initie\u0301 la journe\u0301e nationale de la paix. Cette journe\u0301e qui se ce\u0301le\u0300bre le 30 septembre 2022 pour la premie\u0300re fois poursuit un objectif.<\/p>\n<p>Elle vise a\u0300 sensibiliser les Camerounais sur la culture de la paix depuis le cocon familial jusqu\u2019au sommet de l\u2019Etat. Et pour cela, l\u2019implication de tous les citoyens est importante.<\/p>\n<p>\u00ab Nous avons pense\u0301 qu\u2019une seule main ne peut pas grimper dans un arbre. Il est donc question qu\u2019on se regroupe, chacun apportant du sien pour qu\u2019on fasse une vie commune cherchant a\u0300 servir l\u2019inte\u0301re\u0302t ge\u0301ne\u0301ral. Ce qui nous permet de former de grandes familles et une socie\u0301te\u0301 originale. Notre arme de base est la sensibilisation des populations a\u0300 partir de la famille et maintenant nous atteignons le niveau national \u00bb, de\u0301clare le pre\u0301sident de la fondation Nestor Owono Owono sur les antennes de Crtv radio.<\/p>\n<p>Pour cette e\u0301dition initiale, les organisateurs ont pre\u0301vu plusieurs activite\u0301s. Elles se de\u0301roulent ce vendredi a\u0300 Yaounde\u0301 au Boulevard u 20 mai et au Muse\u0301e national. Il s\u2019agit entre autres \u00ab d\u2019une messe interreligieuse, d\u2019un rite des chefs traditionnels pour exorciser les esprits de division \u00bb, informe la vice-pre\u0301sidente charge\u0301e de la coope\u0301ration Elizabeth Christine Ngo Ntonga. Durant la semaine, une se\u0301rie de festivite\u0301s a pre\u0301ce\u0301de\u0301 ce jour de ce\u0301le\u0301bration.<\/p>\n<p>Ce sont entre autres la formation des pe\u0300res-e\u0301ducateurs trie\u0301s parmi les e\u0301le\u0300ves d\u2019une dizaine d\u2019e\u0301tablissements scolaires. Elle a eu lieu le 24 septembre. Une marche patriotique a e\u0301te\u0301 effectue\u0301e du Boulevard au 20 mai au Monument de Re\u0301unification. Un match de gala le 28 septembre a permis a certains de communier autour de la paix. Tandis qu\u2019une confe\u0301rence de presse a donne\u0301 l\u2019opportunite\u0301 aux organisateurs de proce\u0301der a\u0300 la pre\u0301sentation de la journe\u0301e nationale de la paix. Cette journe\u0301e nationale est diffe\u0301rente de la journe\u0301e internationale de la paix ce\u0301le\u0301bre\u0301e chaque 21 septembre.<\/p>\n<p><strong>Pour plus d&rsquo;informations et d&rsquo;analyses sur la <a href=\"https:\/\/www.africa-press.net\/cameroun\">Cameroun<\/a>, suivez <a href=\"https:\/\/www.africa-press.net\/\">Africa-Press<\/a><\/strong><\/p>\n","protected":false},"excerpt":{"rendered":"<p>Africa-Press &#8211; Cameroun. Ce vendredi 30 septembre 2022 marque la premie\u0300re e\u0301dition de la journe\u0301e nationale de paix. Une date qui coi\u0308ncide avec le de\u0301but du Grand dialogue national en 2019. La persistance des crises, le de\u0301veloppement des discours de haine ainsi que les divisions ne\u0301cessitent la recherche des solutions en faveur de la paix [&hellip;]<\/p>\n","protected":false},"author":82,"featured_media":28443,"comment_status":"open","ping_status":"closed","sticky":false,"template":"","format":"standard","meta":{"footnotes":""},"categories":[2,20,10],"tags":[36,50,49],"class_list":["post-28444","post","type-post","status-publish","format-standard","has-post-thumbnail","hentry","category-politique","category-top-nouvelles","category-toutes-les-actualites","tag-africa-press","tag-africa-press-cameroun","tag-cameroun"],"yoast_head":"<!-- This site is optimized with the Yoast SEO Premium plugin v26.1 (Yoast SEO v27.0) - https:\/\/yoast.com\/product\/yoast-seo-premium-wordpress\/ -->\n<title>Le Cameroun c\u00e9l\u00e8bre la premi\u00e8re journ\u00e9e nationale de la paix - Cameroun<\/title>\n<meta name=\"description\" content=\"Ce vendredi 30 septembre 2022 marque la premie\u0300re e\u0301dition de la journe\u0301e nationale de paix. Une date qui coi\u0308ncide a ...\" \/>\n<meta name=\"robots\" content=\"index, follow, max-snippet:-1, max-image-preview:large, max-video-preview:-1\" \/>\n<link rel=\"canonical\" href=\"https:\/\/www.africa-press.net\/cameroun\/politique\/le-cameroun-celebre-la-premiere-journee-nationale-de-la-paix\" \/>\n<meta property=\"og:locale\" content=\"fr_FR\" \/>\n<meta property=\"og:type\" content=\"article\" \/>\n<meta property=\"og:title\" content=\"Le Cameroun c\u00e9l\u00e8bre la premi\u00e8re journ\u00e9e nationale de la paix\" \/>\n<meta property=\"og:description\" content=\"Ce vendredi 30 septembre 2022 marque la premie\u0300re e\u0301dition de la journe\u0301e nationale de paix. Une date qui coi\u0308ncide a ...\" \/>\n<meta property=\"og:url\" content=\"https:\/\/www.africa-press.net\/cameroun\/politique\/le-cameroun-celebre-la-premiere-journee-nationale-de-la-paix\" \/>\n<meta property=\"og:site_name\" content=\"Cameroun\" \/>\n<meta property=\"article:published_time\" content=\"2022-09-30T16:44:05+00:00\" \/>\n<meta property=\"article:modified_time\" content=\"2022-09-30T18:44:34+00:00\" \/>\n<meta property=\"og:image\" content=\"https:\/\/static.africa-press.net\/cameroun\/sites\/57\/2022\/09\/img-633738ee870da.jpg\" \/>\n\t<meta property=\"og:image:width\" content=\"720\" \/>\n\t<meta property=\"og:image:height\" content=\"464\" \/>\n\t<meta property=\"og:image:type\" content=\"image\/jpeg\" \/>\n<meta name=\"author\" content=\"cfeditorfr\" \/>\n<meta name=\"twitter:card\" content=\"summary_large_image\" \/>\n<meta name=\"twitter:label1\" content=\"\u00c9crit par\" \/>\n\t<meta name=\"twitter:data1\" content=\"cfeditorfr\" \/>\n\t<meta name=\"twitter:label2\" content=\"Dur\u00e9e de lecture estim\u00e9e\" \/>\n\t<meta name=\"twitter:data2\" content=\"2 minutes\" \/>\n<script type=\"application\/ld+json\" class=\"yoast-schema-graph\">{\"@context\":\"https:\/\/schema.org\",\"@graph\":[{\"@type\":\"Article\",\"@id\":\"https:\/\/www.africa-press.net\/cameroun\/politique\/le-cameroun-celebre-la-premiere-journee-nationale-de-la-paix#article\",\"isPartOf\":{\"@id\":\"https:\/\/www.africa-press.net\/cameroun\/politique\/le-cameroun-celebre-la-premiere-journee-nationale-de-la-paix\"},\"author\":{\"name\":\"cfeditorfr\",\"@id\":\"https:\/\/www.africa-press.net\/cameroun\/#\/schema\/person\/2b1cf3cd81a31e3cd26889ca66d677f1\"},\"headline\":\"Le Cameroun c\u00e9l\u00e8bre la premi\u00e8re journ\u00e9e nationale de la paix\",\"datePublished\":\"2022-09-30T16:44:05+00:00\",\"dateModified\":\"2022-09-30T18:44:34+00:00\",\"mainEntityOfPage\":{\"@id\":\"https:\/\/www.africa-press.net\/cameroun\/politique\/le-cameroun-celebre-la-premiere-journee-nationale-de-la-paix\"},\"wordCount\":457,\"commentCount\":0,\"image\":{\"@id\":\"https:\/\/www.africa-press.net\/cameroun\/politique\/le-cameroun-celebre-la-premiere-journee-nationale-de-la-paix#primaryimage\"},\"thumbnailUrl\":\"https:\/\/static.africa-press.net\/cameroun\/sites\/57\/2022\/09\/img-633738ee870da.jpg\",\"keywords\":[\"Africa Press\",\"Africa Press-Cameroun\",\"Cameroun\"],\"articleSection\":[\"Politique\",\"Top Nouvelles\",\"Toutes les actualit\u00e9s\"],\"inLanguage\":\"fr-FR\",\"potentialAction\":[{\"@type\":\"CommentAction\",\"name\":\"Comment\",\"target\":[\"https:\/\/www.africa-press.net\/cameroun\/politique\/le-cameroun-celebre-la-premiere-journee-nationale-de-la-paix#respond\"]}]},{\"@type\":\"WebPage\",\"@id\":\"https:\/\/www.africa-press.net\/cameroun\/politique\/le-cameroun-celebre-la-premiere-journee-nationale-de-la-paix\",\"url\":\"https:\/\/www.africa-press.net\/cameroun\/politique\/le-cameroun-celebre-la-premiere-journee-nationale-de-la-paix\",\"name\":\"Le Cameroun c\u00e9l\u00e8bre la premi\u00e8re journ\u00e9e nationale de la paix - Cameroun\",\"isPartOf\":{\"@id\":\"https:\/\/www.africa-press.net\/cameroun\/#website\"},\"primaryImageOfPage\":{\"@id\":\"https:\/\/www.africa-press.net\/cameroun\/politique\/le-cameroun-celebre-la-premiere-journee-nationale-de-la-paix#primaryimage\"},\"image\":{\"@id\":\"https:\/\/www.africa-press.net\/cameroun\/politique\/le-cameroun-celebre-la-premiere-journee-nationale-de-la-paix#primaryimage\"},\"thumbnailUrl\":\"https:\/\/static.africa-press.net\/cameroun\/sites\/57\/2022\/09\/img-633738ee870da.jpg\",\"datePublished\":\"2022-09-30T16:44:05+00:00\",\"dateModified\":\"2022-09-30T18:44:34+00:00\",\"author\":{\"@id\":\"https:\/\/www.africa-press.net\/cameroun\/#\/schema\/person\/2b1cf3cd81a31e3cd26889ca66d677f1\"},\"description\":\"Ce vendredi 30 septembre 2022 marque la premie\u0300re e\u0301dition de la journe\u0301e nationale de paix. Une date qui coi\u0308ncide a ...\",\"breadcrumb\":{\"@id\":\"https:\/\/www.africa-press.net\/cameroun\/politique\/le-cameroun-celebre-la-premiere-journee-nationale-de-la-paix#breadcrumb\"},\"inLanguage\":\"fr-FR\",\"potentialAction\":[{\"@type\":\"ReadAction\",\"target\":[\"https:\/\/www.africa-press.net\/cameroun\/politique\/le-cameroun-celebre-la-premiere-journee-nationale-de-la-paix\"]}]},{\"@type\":\"ImageObject\",\"inLanguage\":\"fr-FR\",\"@id\":\"https:\/\/www.africa-press.net\/cameroun\/politique\/le-cameroun-celebre-la-premiere-journee-nationale-de-la-paix#primaryimage\",\"url\":\"https:\/\/static.africa-press.net\/cameroun\/sites\/57\/2022\/09\/img-633738ee870da.jpg\",\"contentUrl\":\"https:\/\/static.africa-press.net\/cameroun\/sites\/57\/2022\/09\/img-633738ee870da.jpg\",\"width\":720,\"height\":464,\"caption\":\"Le Cameroun c\u00e9l\u00e8bre la premi\u00e8re journ\u00e9e nationale de la paix\"},{\"@type\":\"BreadcrumbList\",\"@id\":\"https:\/\/www.africa-press.net\/cameroun\/politique\/le-cameroun-celebre-la-premiere-journee-nationale-de-la-paix#breadcrumb\",\"itemListElement\":[{\"@type\":\"ListItem\",\"position\":1,\"name\":\"Accueil\",\"item\":\"https:\/\/www.africa-press.net\/cameroun\/\"},{\"@type\":\"ListItem\",\"position\":2,\"name\":\"Le Cameroun c\u00e9l\u00e8bre la premi\u00e8re journ\u00e9e nationale de la paix\"}]},{\"@type\":\"WebSite\",\"@id\":\"https:\/\/www.africa-press.net\/cameroun\/#website\",\"url\":\"https:\/\/www.africa-press.net\/cameroun\/\",\"name\":\"Cameroun\",\"description\":\"Just another Africa News Agency Sites site\",\"potentialAction\":[{\"@type\":\"SearchAction\",\"target\":{\"@type\":\"EntryPoint\",\"urlTemplate\":\"https:\/\/www.africa-press.net\/cameroun\/?s={search_term_string}\"},\"query-input\":{\"@type\":\"PropertyValueSpecification\",\"valueRequired\":true,\"valueName\":\"search_term_string\"}}],\"inLanguage\":\"fr-FR\"},{\"@type\":\"Person\",\"@id\":\"https:\/\/www.africa-press.net\/cameroun\/#\/schema\/person\/2b1cf3cd81a31e3cd26889ca66d677f1\",\"name\":\"cfeditorfr\"}]}<\/script>\n<!-- \/ Yoast SEO Premium plugin. -->","yoast_head_json":{"title":"Le Cameroun c\u00e9l\u00e8bre la premi\u00e8re journ\u00e9e nationale de la paix - Cameroun","description":"Ce vendredi 30 septembre 2022 marque la premie\u0300re e\u0301dition de la journe\u0301e nationale de paix. Une date qui coi\u0308ncide a ...","robots":{"index":"index","follow":"follow","max-snippet":"max-snippet:-1","max-image-preview":"max-image-preview:large","max-video-preview":"max-video-preview:-1"},"canonical":"https:\/\/www.africa-press.net\/cameroun\/politique\/le-cameroun-celebre-la-premiere-journee-nationale-de-la-paix","og_locale":"fr_FR","og_type":"article","og_title":"Le Cameroun c\u00e9l\u00e8bre la premi\u00e8re journ\u00e9e nationale de la paix","og_description":"Ce vendredi 30 septembre 2022 marque la premie\u0300re e\u0301dition de la journe\u0301e nationale de paix. Une date qui coi\u0308ncide a ...","og_url":"https:\/\/www.africa-press.net\/cameroun\/politique\/le-cameroun-celebre-la-premiere-journee-nationale-de-la-paix","og_site_name":"Cameroun","article_published_time":"2022-09-30T16:44:05+00:00","article_modified_time":"2022-09-30T18:44:34+00:00","og_image":[{"width":720,"height":464,"url":"https:\/\/static.africa-press.net\/cameroun\/sites\/57\/2022\/09\/img-633738ee870da.jpg","type":"image\/jpeg"}],"author":"cfeditorfr","twitter_card":"summary_large_image","twitter_misc":{"\u00c9crit par":"cfeditorfr","Dur\u00e9e de lecture estim\u00e9e":"2 minutes"},"schema":{"@context":"https:\/\/schema.org","@graph":[{"@type":"Article","@id":"https:\/\/www.africa-press.net\/cameroun\/politique\/le-cameroun-celebre-la-premiere-journee-nationale-de-la-paix#article","isPartOf":{"@id":"https:\/\/www.africa-press.net\/cameroun\/politique\/le-cameroun-celebre-la-premiere-journee-nationale-de-la-paix"},"author":{"name":"cfeditorfr","@id":"https:\/\/www.africa-press.net\/cameroun\/#\/schema\/person\/2b1cf3cd81a31e3cd26889ca66d677f1"},"headline":"Le Cameroun c\u00e9l\u00e8bre la premi\u00e8re journ\u00e9e nationale de la paix","datePublished":"2022-09-30T16:44:05+00:00","dateModified":"2022-09-30T18:44:34+00:00","mainEntityOfPage":{"@id":"https:\/\/www.africa-press.net\/cameroun\/politique\/le-cameroun-celebre-la-premiere-journee-nationale-de-la-paix"},"wordCount":457,"commentCount":0,"image":{"@id":"https:\/\/www.africa-press.net\/cameroun\/politique\/le-cameroun-celebre-la-premiere-journee-nationale-de-la-paix#primaryimage"},"thumbnailUrl":"https:\/\/static.africa-press.net\/cameroun\/sites\/57\/2022\/09\/img-633738ee870da.jpg","keywords":["Africa Press","Africa Press-Cameroun","Cameroun"],"articleSection":["Politique","Top Nouvelles","Toutes les actualit\u00e9s"],"inLanguage":"fr-FR","potentialAction":[{"@type":"CommentAction","name":"Comment","target":["https:\/\/www.africa-press.net\/cameroun\/politique\/le-cameroun-celebre-la-premiere-journee-nationale-de-la-paix#respond"]}]},{"@type":"WebPage","@id":"https:\/\/www.africa-press.net\/cameroun\/politique\/le-cameroun-celebre-la-premiere-journee-nationale-de-la-paix","url":"https:\/\/www.africa-press.net\/cameroun\/politique\/le-cameroun-celebre-la-premiere-journee-nationale-de-la-paix","name":"Le Cameroun c\u00e9l\u00e8bre la premi\u00e8re journ\u00e9e nationale de la paix - Cameroun","isPartOf":{"@id":"https:\/\/www.africa-press.net\/cameroun\/#website"},"primaryImageOfPage":{"@id":"https:\/\/www.africa-press.net\/cameroun\/politique\/le-cameroun-celebre-la-premiere-journee-nationale-de-la-paix#primaryimage"},"image":{"@id":"https:\/\/www.africa-press.net\/cameroun\/politique\/le-cameroun-celebre-la-premiere-journee-nationale-de-la-paix#primaryimage"},"thumbnailUrl":"https:\/\/static.africa-press.net\/cameroun\/sites\/57\/2022\/09\/img-633738ee870da.jpg","datePublished":"2022-09-30T16:44:05+00:00","dateModified":"2022-09-30T18:44:34+00:00","author":{"@id":"https:\/\/www.africa-press.net\/cameroun\/#\/schema\/person\/2b1cf3cd81a31e3cd26889ca66d677f1"},"description":"Ce vendredi 30 septembre 2022 marque la premie\u0300re e\u0301dition de la journe\u0301e nationale de paix. Une date qui coi\u0308ncide a ...","breadcrumb":{"@id":"https:\/\/www.africa-press.net\/cameroun\/politique\/le-cameroun-celebre-la-premiere-journee-nationale-de-la-paix#breadcrumb"},"inLanguage":"fr-FR","potentialAction":[{"@type":"ReadAction","target":["https:\/\/www.africa-press.net\/cameroun\/politique\/le-cameroun-celebre-la-premiere-journee-nationale-de-la-paix"]}]},{"@type":"ImageObject","inLanguage":"fr-FR","@id":"https:\/\/www.africa-press.net\/cameroun\/politique\/le-cameroun-celebre-la-premiere-journee-nationale-de-la-paix#primaryimage","url":"https:\/\/static.africa-press.net\/cameroun\/sites\/57\/2022\/09\/img-633738ee870da.jpg","contentUrl":"https:\/\/static.africa-press.net\/cameroun\/sites\/57\/2022\/09\/img-633738ee870da.jpg","width":720,"height":464,"caption":"Le Cameroun c\u00e9l\u00e8bre la premi\u00e8re journ\u00e9e nationale de la paix"},{"@type":"BreadcrumbList","@id":"https:\/\/www.africa-press.net\/cameroun\/politique\/le-cameroun-celebre-la-premiere-journee-nationale-de-la-paix#breadcrumb","itemListElement":[{"@type":"ListItem","position":1,"name":"Accueil","item":"https:\/\/www.africa-press.net\/cameroun\/"},{"@type":"ListItem","position":2,"name":"Le Cameroun c\u00e9l\u00e8bre la premi\u00e8re journ\u00e9e nationale de la paix"}]},{"@type":"WebSite","@id":"https:\/\/www.africa-press.net\/cameroun\/#website","url":"https:\/\/www.africa-press.net\/cameroun\/","name":"Cameroun","description":"Just another Africa News Agency Sites site","potentialAction":[{"@type":"SearchAction","target":{"@type":"EntryPoint","urlTemplate":"https:\/\/www.africa-press.net\/cameroun\/?s={search_term_string}"},"query-input":{"@type":"PropertyValueSpecification","valueRequired":true,"valueName":"search_term_string"}}],"inLanguage":"fr-FR"},{"@type":"Person","@id":"https:\/\/www.africa-press.net\/cameroun\/#\/schema\/person\/2b1cf3cd81a31e3cd26889ca66d677f1","name":"cfeditorfr"}]}},"_links":{"self":[{"href":"https:\/\/www.africa-press.net\/cameroun\/wp-json\/wp\/v2\/posts\/28444","targetHints":{"allow":["GET"]}}],"collection":[{"href":"https:\/\/www.africa-press.net\/cameroun\/wp-json\/wp\/v2\/posts"}],"about":[{"href":"https:\/\/www.africa-press.net\/cameroun\/wp-json\/wp\/v2\/types\/post"}],"author":[{"embeddable":true,"href":"https:\/\/www.africa-press.net\/cameroun\/wp-json\/wp\/v2\/users\/82"}],"replies":[{"embeddable":true,"href":"https:\/\/www.africa-press.net\/cameroun\/wp-json\/wp\/v2\/comments?post=28444"}],"version-history":[{"count":0,"href":"https:\/\/www.africa-press.net\/cameroun\/wp-json\/wp\/v2\/posts\/28444\/revisions"}],"wp:featuredmedia":[{"embeddable":true,"href":"https:\/\/www.africa-press.net\/cameroun\/wp-json\/wp\/v2\/media\/28443"}],"wp:attachment":[{"href":"https:\/\/www.africa-press.net\/cameroun\/wp-json\/wp\/v2\/media?parent=28444"}],"wp:term":[{"taxonomy":"category","embeddable":true,"href":"https:\/\/www.africa-press.net\/cameroun\/wp-json\/wp\/v2\/categories?post=28444"},{"taxonomy":"post_tag","embeddable":true,"href":"https:\/\/www.africa-press.net\/cameroun\/wp-json\/wp\/v2\/tags?post=28444"}],"curies":[{"name":"wp","href":"https:\/\/api.w.org\/{rel}","templated":true}]}}