{"id":28447,"date":"2022-09-30T16:51:52","date_gmt":"2022-09-30T16:51:52","guid":{"rendered":"https:\/\/www.africa-press.net\/cameroun\/politique\/cameroun-blaise-moussa-nouveau-dg-de-camwater"},"modified":"2022-09-30T18:45:15","modified_gmt":"2022-09-30T18:45:15","slug":"cameroun-blaise-moussa-nouveau-dg-de-camwater","status":"publish","type":"post","link":"https:\/\/www.africa-press.net\/cameroun\/politique\/cameroun-blaise-moussa-nouveau-dg-de-camwater","title":{"rendered":"Cameroun\u00a0: Blaise Moussa, nouveau DG de Camwater"},"content":{"rendered":"<p><span style=\"color: #ff6600\"><strong>Africa-Press &#8211; Cameroun. <\/strong><\/span>Il a e\u0301te\u0301 de\u0301signe\u0301 le 30 Septembre 2022 a\u0300 Douala au cours d\u2019un conseil d\u2019administration extraordinaire.<\/p>\n<p>Blaise Moussa remplace a\u0300 ce poste Gervais Bolenga, qui selon les medias Cameroun poourrait e\u0302tre interpelle\u0301 dans les prochains jours. Le nouveau directeur arrive dans un contexte ou\u0300 la Camwater e\u0301prouve beaucoup de difficulte\u0301s a\u0300 approvisionner les me\u0301nages en eau.<\/p>\n<p>D\u2019ailleurs, Gervais Bolenga avant son limogeage, a e\u0301te\u0301 somme\u0301 il y a quelques semaines de prendre des \u00ab mesures urgentes \u00bb pour garantir la qualite\u0301 de l\u2019eau produite a\u0300 la station d\u2019Akomnyada. Cette dernie\u0300re approvisionne Yaounde\u0301 et ses environs.<\/p>\n<p>Il faut noter que, le tre\u0301sor public a investi depuis 2017, pre\u0300s de 4 milliards de FCFA dans la re\u0301habilitation et l\u2019extension de cette infrastructure de production.<\/p>\n<p>MOUSSA Blaise e\u0301tait jusqu\u2019a\u0300 ce 30 septembre, Pre\u0301sident du Conseil d\u2019Administration de la SONAMINES. Il est par ailleurs actuel Directeur des Affaires Ge\u0301ne\u0301rales du Ministe\u0300re de la Fonction Publique et de la Re\u0301forme administrative, Inspecteur Principal des Impo\u0302ts, et militant actif du RDPC.<\/p>\n<p>MOUSSA Blaise est Diplo\u0302me\u0301 de l\u2019ENAM de Yaounde\u0301 et a fait des e\u0301tudes d\u2019e\u0301conomie et de gestion. Il est titulaire d\u2019un DESS en administration fiscale et finalise une the\u0300se de doctorat en finances publiques et droit fiscal au sein l\u2019Institut de Recherche en Droit Europe\u0301en, International et Compare\u0301 (IRDEIC) de l\u2019Universite\u0301 Toulouse 1-Capitole.<\/p>\n<p><strong>Pour plus d&rsquo;informations et d&rsquo;analyses sur la <a href=\"https:\/\/www.africa-press.net\/cameroun\">Cameroun<\/a>, suivez <a href=\"https:\/\/www.africa-press.net\/\">Africa-Press<\/a><\/strong><\/p>\n","protected":false},"excerpt":{"rendered":"<p>Africa-Press &#8211; Cameroun. Il a e\u0301te\u0301 de\u0301signe\u0301 le 30 Septembre 2022 a\u0300 Douala au cours d\u2019un conseil d\u2019administration extraordinaire. Blaise Moussa remplace a\u0300 ce poste Gervais Bolenga, qui selon les medias Cameroun poourrait e\u0302tre interpelle\u0301 dans les prochains jours. Le nouveau directeur arrive dans un contexte ou\u0300 la Camwater e\u0301prouve beaucoup de difficulte\u0301s a\u0300 approvisionner [&hellip;]<\/p>\n","protected":false},"author":82,"featured_media":28446,"comment_status":"open","ping_status":"closed","sticky":false,"template":"","format":"standard","meta":{"footnotes":""},"categories":[2,10],"tags":[36,50,49],"class_list":["post-28447","post","type-post","status-publish","format-standard","has-post-thumbnail","hentry","category-politique","category-toutes-les-actualites","tag-africa-press","tag-africa-press-cameroun","tag-cameroun"],"yoast_head":"<!-- This site is optimized with the Yoast SEO Premium plugin v26.1 (Yoast SEO v27.0) - https:\/\/yoast.com\/product\/yoast-seo-premium-wordpress\/ -->\n<title>Cameroun\u00a0: Blaise Moussa, nouveau DG de Camwater - Cameroun<\/title>\n<meta name=\"description\" content=\"Il a e\u0301te\u0301 de\u0301signe\u0301 le 30 Septembre 2022 a\u0300 Douala au cours d\u2019un conseil d\u2019administration extraordinaire. Blaise M ...\" \/>\n<meta name=\"robots\" content=\"index, follow, max-snippet:-1, max-image-preview:large, max-video-preview:-1\" \/>\n<link rel=\"canonical\" href=\"https:\/\/www.africa-press.net\/cameroun\/politique\/cameroun-blaise-moussa-nouveau-dg-de-camwater\" \/>\n<meta property=\"og:locale\" content=\"fr_FR\" \/>\n<meta property=\"og:type\" content=\"article\" \/>\n<meta property=\"og:title\" content=\"Cameroun\u00a0: Blaise Moussa, nouveau DG de Camwater\" \/>\n<meta property=\"og:description\" content=\"Il a e\u0301te\u0301 de\u0301signe\u0301 le 30 Septembre 2022 a\u0300 Douala au cours d\u2019un conseil d\u2019administration extraordinaire. Blaise M ...\" \/>\n<meta property=\"og:url\" content=\"https:\/\/www.africa-press.net\/cameroun\/politique\/cameroun-blaise-moussa-nouveau-dg-de-camwater\" \/>\n<meta property=\"og:site_name\" content=\"Cameroun\" \/>\n<meta property=\"article:published_time\" content=\"2022-09-30T16:51:52+00:00\" \/>\n<meta property=\"article:modified_time\" content=\"2022-09-30T18:45:15+00:00\" \/>\n<meta property=\"og:image\" content=\"https:\/\/static.africa-press.net\/cameroun\/sites\/57\/2022\/09\/img-6337391d227e1.jpg\" \/>\n\t<meta property=\"og:image:width\" content=\"787\" \/>\n\t<meta property=\"og:image:height\" content=\"525\" \/>\n\t<meta property=\"og:image:type\" content=\"image\/jpeg\" \/>\n<meta name=\"author\" content=\"cfeditorfr\" \/>\n<meta name=\"twitter:card\" content=\"summary_large_image\" \/>\n<meta name=\"twitter:label1\" content=\"\u00c9crit par\" \/>\n\t<meta name=\"twitter:data1\" content=\"cfeditorfr\" \/>\n\t<meta name=\"twitter:label2\" content=\"Dur\u00e9e de lecture estim\u00e9e\" \/>\n\t<meta name=\"twitter:data2\" content=\"2 minutes\" \/>\n<script type=\"application\/ld+json\" class=\"yoast-schema-graph\">{\"@context\":\"https:\/\/schema.org\",\"@graph\":[{\"@type\":\"Article\",\"@id\":\"https:\/\/www.africa-press.net\/cameroun\/politique\/cameroun-blaise-moussa-nouveau-dg-de-camwater#article\",\"isPartOf\":{\"@id\":\"https:\/\/www.africa-press.net\/cameroun\/politique\/cameroun-blaise-moussa-nouveau-dg-de-camwater\"},\"author\":{\"name\":\"cfeditorfr\",\"@id\":\"https:\/\/www.africa-press.net\/cameroun\/#\/schema\/person\/2b1cf3cd81a31e3cd26889ca66d677f1\"},\"headline\":\"Cameroun\u00a0: Blaise Moussa, nouveau DG de Camwater\",\"datePublished\":\"2022-09-30T16:51:52+00:00\",\"dateModified\":\"2022-09-30T18:45:15+00:00\",\"mainEntityOfPage\":{\"@id\":\"https:\/\/www.africa-press.net\/cameroun\/politique\/cameroun-blaise-moussa-nouveau-dg-de-camwater\"},\"wordCount\":269,\"commentCount\":0,\"image\":{\"@id\":\"https:\/\/www.africa-press.net\/cameroun\/politique\/cameroun-blaise-moussa-nouveau-dg-de-camwater#primaryimage\"},\"thumbnailUrl\":\"https:\/\/static.africa-press.net\/cameroun\/sites\/57\/2022\/09\/img-6337391d227e1.jpg\",\"keywords\":[\"Africa Press\",\"Africa Press-Cameroun\",\"Cameroun\"],\"articleSection\":[\"Politique\",\"Toutes les actualit\u00e9s\"],\"inLanguage\":\"fr-FR\",\"potentialAction\":[{\"@type\":\"CommentAction\",\"name\":\"Comment\",\"target\":[\"https:\/\/www.africa-press.net\/cameroun\/politique\/cameroun-blaise-moussa-nouveau-dg-de-camwater#respond\"]}]},{\"@type\":\"WebPage\",\"@id\":\"https:\/\/www.africa-press.net\/cameroun\/politique\/cameroun-blaise-moussa-nouveau-dg-de-camwater\",\"url\":\"https:\/\/www.africa-press.net\/cameroun\/politique\/cameroun-blaise-moussa-nouveau-dg-de-camwater\",\"name\":\"Cameroun\u00a0: Blaise Moussa, nouveau DG de Camwater - Cameroun\",\"isPartOf\":{\"@id\":\"https:\/\/www.africa-press.net\/cameroun\/#website\"},\"primaryImageOfPage\":{\"@id\":\"https:\/\/www.africa-press.net\/cameroun\/politique\/cameroun-blaise-moussa-nouveau-dg-de-camwater#primaryimage\"},\"image\":{\"@id\":\"https:\/\/www.africa-press.net\/cameroun\/politique\/cameroun-blaise-moussa-nouveau-dg-de-camwater#primaryimage\"},\"thumbnailUrl\":\"https:\/\/static.africa-press.net\/cameroun\/sites\/57\/2022\/09\/img-6337391d227e1.jpg\",\"datePublished\":\"2022-09-30T16:51:52+00:00\",\"dateModified\":\"2022-09-30T18:45:15+00:00\",\"author\":{\"@id\":\"https:\/\/www.africa-press.net\/cameroun\/#\/schema\/person\/2b1cf3cd81a31e3cd26889ca66d677f1\"},\"description\":\"Il a e\u0301te\u0301 de\u0301signe\u0301 le 30 Septembre 2022 a\u0300 Douala au cours d\u2019un conseil d\u2019administration extraordinaire. Blaise M ...\",\"breadcrumb\":{\"@id\":\"https:\/\/www.africa-press.net\/cameroun\/politique\/cameroun-blaise-moussa-nouveau-dg-de-camwater#breadcrumb\"},\"inLanguage\":\"fr-FR\",\"potentialAction\":[{\"@type\":\"ReadAction\",\"target\":[\"https:\/\/www.africa-press.net\/cameroun\/politique\/cameroun-blaise-moussa-nouveau-dg-de-camwater\"]}]},{\"@type\":\"ImageObject\",\"inLanguage\":\"fr-FR\",\"@id\":\"https:\/\/www.africa-press.net\/cameroun\/politique\/cameroun-blaise-moussa-nouveau-dg-de-camwater#primaryimage\",\"url\":\"https:\/\/static.africa-press.net\/cameroun\/sites\/57\/2022\/09\/img-6337391d227e1.jpg\",\"contentUrl\":\"https:\/\/static.africa-press.net\/cameroun\/sites\/57\/2022\/09\/img-6337391d227e1.jpg\",\"width\":787,\"height\":525,\"caption\":\"Cameroun\u00a0: Blaise Moussa, nouveau DG de Camwater\"},{\"@type\":\"BreadcrumbList\",\"@id\":\"https:\/\/www.africa-press.net\/cameroun\/politique\/cameroun-blaise-moussa-nouveau-dg-de-camwater#breadcrumb\",\"itemListElement\":[{\"@type\":\"ListItem\",\"position\":1,\"name\":\"Accueil\",\"item\":\"https:\/\/www.africa-press.net\/cameroun\/\"},{\"@type\":\"ListItem\",\"position\":2,\"name\":\"Cameroun\u00a0: Blaise Moussa, nouveau DG de Camwater\"}]},{\"@type\":\"WebSite\",\"@id\":\"https:\/\/www.africa-press.net\/cameroun\/#website\",\"url\":\"https:\/\/www.africa-press.net\/cameroun\/\",\"name\":\"Cameroun\",\"description\":\"Just another Africa News Agency Sites site\",\"potentialAction\":[{\"@type\":\"SearchAction\",\"target\":{\"@type\":\"EntryPoint\",\"urlTemplate\":\"https:\/\/www.africa-press.net\/cameroun\/?s={search_term_string}\"},\"query-input\":{\"@type\":\"PropertyValueSpecification\",\"valueRequired\":true,\"valueName\":\"search_term_string\"}}],\"inLanguage\":\"fr-FR\"},{\"@type\":\"Person\",\"@id\":\"https:\/\/www.africa-press.net\/cameroun\/#\/schema\/person\/2b1cf3cd81a31e3cd26889ca66d677f1\",\"name\":\"cfeditorfr\"}]}<\/script>\n<!-- \/ Yoast SEO Premium plugin. -->","yoast_head_json":{"title":"Cameroun\u00a0: Blaise Moussa, nouveau DG de Camwater - Cameroun","description":"Il a e\u0301te\u0301 de\u0301signe\u0301 le 30 Septembre 2022 a\u0300 Douala au cours d\u2019un conseil d\u2019administration extraordinaire. Blaise M ...","robots":{"index":"index","follow":"follow","max-snippet":"max-snippet:-1","max-image-preview":"max-image-preview:large","max-video-preview":"max-video-preview:-1"},"canonical":"https:\/\/www.africa-press.net\/cameroun\/politique\/cameroun-blaise-moussa-nouveau-dg-de-camwater","og_locale":"fr_FR","og_type":"article","og_title":"Cameroun\u00a0: Blaise Moussa, nouveau DG de Camwater","og_description":"Il a e\u0301te\u0301 de\u0301signe\u0301 le 30 Septembre 2022 a\u0300 Douala au cours d\u2019un conseil d\u2019administration extraordinaire. Blaise M ...","og_url":"https:\/\/www.africa-press.net\/cameroun\/politique\/cameroun-blaise-moussa-nouveau-dg-de-camwater","og_site_name":"Cameroun","article_published_time":"2022-09-30T16:51:52+00:00","article_modified_time":"2022-09-30T18:45:15+00:00","og_image":[{"width":787,"height":525,"url":"https:\/\/static.africa-press.net\/cameroun\/sites\/57\/2022\/09\/img-6337391d227e1.jpg","type":"image\/jpeg"}],"author":"cfeditorfr","twitter_card":"summary_large_image","twitter_misc":{"\u00c9crit par":"cfeditorfr","Dur\u00e9e de lecture estim\u00e9e":"2 minutes"},"schema":{"@context":"https:\/\/schema.org","@graph":[{"@type":"Article","@id":"https:\/\/www.africa-press.net\/cameroun\/politique\/cameroun-blaise-moussa-nouveau-dg-de-camwater#article","isPartOf":{"@id":"https:\/\/www.africa-press.net\/cameroun\/politique\/cameroun-blaise-moussa-nouveau-dg-de-camwater"},"author":{"name":"cfeditorfr","@id":"https:\/\/www.africa-press.net\/cameroun\/#\/schema\/person\/2b1cf3cd81a31e3cd26889ca66d677f1"},"headline":"Cameroun\u00a0: Blaise Moussa, nouveau DG de Camwater","datePublished":"2022-09-30T16:51:52+00:00","dateModified":"2022-09-30T18:45:15+00:00","mainEntityOfPage":{"@id":"https:\/\/www.africa-press.net\/cameroun\/politique\/cameroun-blaise-moussa-nouveau-dg-de-camwater"},"wordCount":269,"commentCount":0,"image":{"@id":"https:\/\/www.africa-press.net\/cameroun\/politique\/cameroun-blaise-moussa-nouveau-dg-de-camwater#primaryimage"},"thumbnailUrl":"https:\/\/static.africa-press.net\/cameroun\/sites\/57\/2022\/09\/img-6337391d227e1.jpg","keywords":["Africa Press","Africa Press-Cameroun","Cameroun"],"articleSection":["Politique","Toutes les actualit\u00e9s"],"inLanguage":"fr-FR","potentialAction":[{"@type":"CommentAction","name":"Comment","target":["https:\/\/www.africa-press.net\/cameroun\/politique\/cameroun-blaise-moussa-nouveau-dg-de-camwater#respond"]}]},{"@type":"WebPage","@id":"https:\/\/www.africa-press.net\/cameroun\/politique\/cameroun-blaise-moussa-nouveau-dg-de-camwater","url":"https:\/\/www.africa-press.net\/cameroun\/politique\/cameroun-blaise-moussa-nouveau-dg-de-camwater","name":"Cameroun\u00a0: Blaise Moussa, nouveau DG de Camwater - Cameroun","isPartOf":{"@id":"https:\/\/www.africa-press.net\/cameroun\/#website"},"primaryImageOfPage":{"@id":"https:\/\/www.africa-press.net\/cameroun\/politique\/cameroun-blaise-moussa-nouveau-dg-de-camwater#primaryimage"},"image":{"@id":"https:\/\/www.africa-press.net\/cameroun\/politique\/cameroun-blaise-moussa-nouveau-dg-de-camwater#primaryimage"},"thumbnailUrl":"https:\/\/static.africa-press.net\/cameroun\/sites\/57\/2022\/09\/img-6337391d227e1.jpg","datePublished":"2022-09-30T16:51:52+00:00","dateModified":"2022-09-30T18:45:15+00:00","author":{"@id":"https:\/\/www.africa-press.net\/cameroun\/#\/schema\/person\/2b1cf3cd81a31e3cd26889ca66d677f1"},"description":"Il a e\u0301te\u0301 de\u0301signe\u0301 le 30 Septembre 2022 a\u0300 Douala au cours d\u2019un conseil d\u2019administration extraordinaire. Blaise M ...","breadcrumb":{"@id":"https:\/\/www.africa-press.net\/cameroun\/politique\/cameroun-blaise-moussa-nouveau-dg-de-camwater#breadcrumb"},"inLanguage":"fr-FR","potentialAction":[{"@type":"ReadAction","target":["https:\/\/www.africa-press.net\/cameroun\/politique\/cameroun-blaise-moussa-nouveau-dg-de-camwater"]}]},{"@type":"ImageObject","inLanguage":"fr-FR","@id":"https:\/\/www.africa-press.net\/cameroun\/politique\/cameroun-blaise-moussa-nouveau-dg-de-camwater#primaryimage","url":"https:\/\/static.africa-press.net\/cameroun\/sites\/57\/2022\/09\/img-6337391d227e1.jpg","contentUrl":"https:\/\/static.africa-press.net\/cameroun\/sites\/57\/2022\/09\/img-6337391d227e1.jpg","width":787,"height":525,"caption":"Cameroun\u00a0: Blaise Moussa, nouveau DG de Camwater"},{"@type":"BreadcrumbList","@id":"https:\/\/www.africa-press.net\/cameroun\/politique\/cameroun-blaise-moussa-nouveau-dg-de-camwater#breadcrumb","itemListElement":[{"@type":"ListItem","position":1,"name":"Accueil","item":"https:\/\/www.africa-press.net\/cameroun\/"},{"@type":"ListItem","position":2,"name":"Cameroun\u00a0: Blaise Moussa, nouveau DG de Camwater"}]},{"@type":"WebSite","@id":"https:\/\/www.africa-press.net\/cameroun\/#website","url":"https:\/\/www.africa-press.net\/cameroun\/","name":"Cameroun","description":"Just another Africa News Agency Sites site","potentialAction":[{"@type":"SearchAction","target":{"@type":"EntryPoint","urlTemplate":"https:\/\/www.africa-press.net\/cameroun\/?s={search_term_string}"},"query-input":{"@type":"PropertyValueSpecification","valueRequired":true,"valueName":"search_term_string"}}],"inLanguage":"fr-FR"},{"@type":"Person","@id":"https:\/\/www.africa-press.net\/cameroun\/#\/schema\/person\/2b1cf3cd81a31e3cd26889ca66d677f1","name":"cfeditorfr"}]}},"_links":{"self":[{"href":"https:\/\/www.africa-press.net\/cameroun\/wp-json\/wp\/v2\/posts\/28447","targetHints":{"allow":["GET"]}}],"collection":[{"href":"https:\/\/www.africa-press.net\/cameroun\/wp-json\/wp\/v2\/posts"}],"about":[{"href":"https:\/\/www.africa-press.net\/cameroun\/wp-json\/wp\/v2\/types\/post"}],"author":[{"embeddable":true,"href":"https:\/\/www.africa-press.net\/cameroun\/wp-json\/wp\/v2\/users\/82"}],"replies":[{"embeddable":true,"href":"https:\/\/www.africa-press.net\/cameroun\/wp-json\/wp\/v2\/comments?post=28447"}],"version-history":[{"count":0,"href":"https:\/\/www.africa-press.net\/cameroun\/wp-json\/wp\/v2\/posts\/28447\/revisions"}],"wp:featuredmedia":[{"embeddable":true,"href":"https:\/\/www.africa-press.net\/cameroun\/wp-json\/wp\/v2\/media\/28446"}],"wp:attachment":[{"href":"https:\/\/www.africa-press.net\/cameroun\/wp-json\/wp\/v2\/media?parent=28447"}],"wp:term":[{"taxonomy":"category","embeddable":true,"href":"https:\/\/www.africa-press.net\/cameroun\/wp-json\/wp\/v2\/categories?post=28447"},{"taxonomy":"post_tag","embeddable":true,"href":"https:\/\/www.africa-press.net\/cameroun\/wp-json\/wp\/v2\/tags?post=28447"}],"curies":[{"name":"wp","href":"https:\/\/api.w.org\/{rel}","templated":true}]}}