{"id":28453,"date":"2022-09-30T17:05:10","date_gmt":"2022-09-30T17:05:10","guid":{"rendered":"https:\/\/www.africa-press.net\/cameroun\/politique\/cameroun-la-paix-encore-recherchee-trois-ans-apres-le-grand-dialogue-national"},"modified":"2022-09-30T18:46:38","modified_gmt":"2022-09-30T18:46:38","slug":"cameroun-la-paix-encore-recherchee-trois-ans-apres-le-grand-dialogue-national","status":"publish","type":"post","link":"https:\/\/www.africa-press.net\/cameroun\/politique\/cameroun-la-paix-encore-recherchee-trois-ans-apres-le-grand-dialogue-national","title":{"rendered":"Cameroun : la paix encore recherch\u00e9e trois ans apr\u00e8s le Grand dialogue national"},"content":{"rendered":"<p><span style=\"color: #ff6600\"><strong>Africa-Press &#8211; Cameroun. <\/strong><\/span><b>La crise anglophone se poursuit, des exactions se multiplient dans les re\u0301gions du Nord-Ouest et du Sud-Ouest. Une certaine opinion appelle encore a\u0300 un nouveau dialogue entre le gouvernement et les se\u0301paratistes.<\/b><\/p>\n<p>Trois ans apre\u0300s le Grand dialogue national, la crise sociopolitique et se\u0301curitaire dans les re\u0301gions du Nord-Ouest et du Sud-Ouest se poursuit. Les affrontements entre l\u2019arme\u0301e et les se\u0301paratistes font davantage de morts et de blesse\u0301s. Les deux camps qui s\u2019affrontent continuent de commettre des exactions.<\/p>\n<p>Parmi quelques derniers actes, figurent ces trois femmes arrose\u0301es de balles par un e\u0301le\u0301ment des forces arme\u0301es. Sept civils viennent d\u2019e\u0302tre tue\u0301s par des se\u0301paratistes dans un car de transport a\u0300 Muyuka. Cinq pre\u0302tres, une religieuse et deux fide\u0300les re\u0301cemment enleve\u0301s a\u0300 Mamfe\u0301 par des hommes arme\u0301s sont encore en captivite\u0301&#8230;<\/p>\n<p>Pourtant, en convoquant le Grand dialogue le 10 septembre 2019, le chef de l\u2019Etat a fixe\u0301 son objectif principal. Il s\u2019agissait de trouver des voies et moyens pour re\u0301pondre aux aspirations profondes des populations des re\u0301gions du Nord-Ouest et du Sud-Ouest et de toutes les composantes du Cameroun. Re\u0301uni du 30 septembre au 4 octobre 2019, le dialogue a rassemble\u0301 au moins 400 participants. Huit commissions d\u2019au moins 50 personnes ont e\u0301te\u0301 constitue\u0301es en dehors des se\u0301ances ple\u0301nie\u0300res pour discuter des the\u0301matiques pre\u0301cises en dehors d\u2019une bonne partie des se\u0301paratistes. Le gouvernement a qualifie\u0301 la rencontre d\u2019une \u00ab re\u0301ussite \u00bb.<\/p>\n<p><b><b>Solutions a\u0300 la crise anglophone <\/b><\/b><\/p>\n<p>Au bout de cinq jours, les de\u0301bats ont de\u0301bouche\u0301 sur une cinquantaine de recommandations. A la place du fe\u0301de\u0301ralisme ou de la cre\u0301ation de l\u2019Etat d\u2019Ambazonie, le dialogue a prescrit l\u2019acce\u0301le\u0301ration et l\u2019approfondissement de la de\u0301centralisation. Ce que le code ge\u0301ne\u0301ral des collectivite\u0301s territoriales de\u0301centralise\u0301es du 24 de\u0301cembre 2019 reprend, en accordant un statut spe\u0301cial aux deux re\u0301gions en crise. Ce statut est centre\u0301 sur leur particularite\u0301s linguistique (Anglais), juridique (Common law) et e\u0301ducatif (syste\u0300me anglo-saxon).<\/p>\n<p>Un ministe\u0300re de la De\u0301centralisation et du de\u0301veloppement local a vu le jour. Les premiers conseils re\u0301gionaux ont pris fonction en fin 2020 de\u0301but 2021. Une Commission pour la promotion du bilinguisme a e\u0301te\u0301 cre\u0301e\u0301e. Les centres de de\u0301sarmements de\u0301mobilisation et re\u0301insertion accueillent les anciens combattants de Boko Haram et les se\u0301paratistes. Plus de 300 personnes incarce\u0301re\u0301es dans le cadre des manifestations de la crise ont e\u0301te\u0301 libe\u0301re\u0301es. Le pre\u0301sident de la Re\u0301publique a mis sur pieds un fonds de reconstruction des re\u0301gions en crise. Mais, ces mesures et tant d\u2019autres, n\u2019ont pas re\u0301ussi a\u0300 de\u0301samorcer la crise.<\/p>\n<p><b><b>Signes d\u2019une crise anglophone qui va perdurer<\/b><\/b><\/p>\n<p>Les se\u0301paratistes ne de\u0301posent pas les armes. Ils e\u0301tendent leur champ d\u2019ope\u0301ration dans la re\u0301gion de l\u2019Ouest frontalie\u0300re a\u0300 la re\u0301gion du Nord-Ouest. Ils poursuivent avec les enle\u0300vements, la tuerie des civils, la destruction des ho\u0302pitaux et des e\u0301coles, etc. Le chef supre\u0302me des arme\u0301es vient de redistribuer les cartes au sein des commandements territoriaux de la de\u0301fense. Le ge\u0301ne\u0301ral Bouba Dobekre\u0301o qui prend la te\u0302te de 5e\u0300 re\u0301gion militaire interarme\u0301es couvrant le Nord-Ouest et le Sud-Ouest, dit venir apporter une re\u0301ponse a\u0300 la paix.<\/p>\n<p>\u00ab Ils ont en face d\u2019eux un guerrier et je vais apporter une re\u0301ponse pour la paix. Le message que je passe, c\u2019est de de\u0301poser les armes pour construire le pays, pour qu\u2019on arrive a\u0300 la paix, pour qu\u2019on arrive vers la reconstruction de ce pays \u00bb, e\u0301 de\u0301clare\u0301 l\u2019habitue\u0301 de Boko-haram le 19 juillet 2022 a\u0300 l\u2019issue de son installation a\u0300 Bamenda.<\/p>\n<p>Bien que les combats se poursuivent, le de\u0301fi du gouvernement est la reconstruction des re\u0301gions anglophones. C\u2019est du moins ce qu\u2019a de\u0301clare\u0301 le ministre des Relations exte\u0301rieures, Lejeune Mbella Mbella, a\u0300 la 77e\u0300 Assemble\u0301e ge\u0301ne\u0301rale de l\u2019ONU le 26 septembre 2022. Or, certaines figures comme Me Felix Agbaor Balla, de\u0301fenseur des droits de l\u2019homme, demandent au gouvernement de discuter avec les leaders se\u0301paratistes tels Sisiku Ayuk Tabe actuellement en prison suite a\u0300 une condamnation a\u0300 perpe\u0301tuite\u0301 en 2019. Peine confirme\u0301e en appel le 17 septembre 2020.<\/p>\n<p><strong>Pour plus d&rsquo;informations et d&rsquo;analyses sur la <a href=\"https:\/\/www.africa-press.net\/cameroun\">Cameroun<\/a>, suivez <a href=\"https:\/\/www.africa-press.net\/\">Africa-Press<\/a><\/strong><\/p>\n","protected":false},"excerpt":{"rendered":"<p>Africa-Press &#8211; Cameroun. La crise anglophone se poursuit, des exactions se multiplient dans les re\u0301gions du Nord-Ouest et du Sud-Ouest. Une certaine opinion appelle encore a\u0300 un nouveau dialogue entre le gouvernement et les se\u0301paratistes. Trois ans apre\u0300s le Grand dialogue national, la crise sociopolitique et se\u0301curitaire dans les re\u0301gions du Nord-Ouest et du Sud-Ouest [&hellip;]<\/p>\n","protected":false},"author":82,"featured_media":28452,"comment_status":"open","ping_status":"closed","sticky":false,"template":"","format":"standard","meta":{"footnotes":""},"categories":[2,20,10],"tags":[36,50,49],"class_list":["post-28453","post","type-post","status-publish","format-standard","has-post-thumbnail","hentry","category-politique","category-top-nouvelles","category-toutes-les-actualites","tag-africa-press","tag-africa-press-cameroun","tag-cameroun"],"yoast_head":"<!-- This site is optimized with the Yoast SEO Premium plugin v26.1 (Yoast SEO v27.0) - https:\/\/yoast.com\/product\/yoast-seo-premium-wordpress\/ -->\n<title>Cameroun : la paix encore recherch\u00e9e trois ans apr\u00e8s le Grand dialogue national - Cameroun<\/title>\n<meta name=\"description\" content=\"La crise anglophone se poursuit, des exactions se multiplient dans les re\u0301gions du Nord-Ouest et du Sud-Ouest. Une ce ...\" \/>\n<meta name=\"robots\" content=\"index, follow, max-snippet:-1, max-image-preview:large, max-video-preview:-1\" \/>\n<link rel=\"canonical\" href=\"https:\/\/www.africa-press.net\/cameroun\/politique\/cameroun-la-paix-encore-recherchee-trois-ans-apres-le-grand-dialogue-national\" \/>\n<meta property=\"og:locale\" content=\"fr_FR\" \/>\n<meta property=\"og:type\" content=\"article\" \/>\n<meta property=\"og:title\" content=\"Cameroun : la paix encore recherch\u00e9e trois ans apr\u00e8s le Grand dialogue national\" \/>\n<meta property=\"og:description\" content=\"La crise anglophone se poursuit, des exactions se multiplient dans les re\u0301gions du Nord-Ouest et du Sud-Ouest. Une ce ...\" \/>\n<meta property=\"og:url\" content=\"https:\/\/www.africa-press.net\/cameroun\/politique\/cameroun-la-paix-encore-recherchee-trois-ans-apres-le-grand-dialogue-national\" \/>\n<meta property=\"og:site_name\" content=\"Cameroun\" \/>\n<meta property=\"article:published_time\" content=\"2022-09-30T17:05:10+00:00\" \/>\n<meta property=\"article:modified_time\" content=\"2022-09-30T18:46:38+00:00\" \/>\n<meta property=\"og:image\" content=\"https:\/\/static.africa-press.net\/cameroun\/sites\/57\/2022\/09\/img-633739686ac68.jpg\" \/>\n\t<meta property=\"og:image:width\" content=\"930\" \/>\n\t<meta property=\"og:image:height\" content=\"620\" \/>\n\t<meta property=\"og:image:type\" content=\"image\/jpeg\" \/>\n<meta name=\"author\" content=\"cfeditorfr\" \/>\n<meta name=\"twitter:card\" content=\"summary_large_image\" \/>\n<meta name=\"twitter:label1\" content=\"\u00c9crit par\" \/>\n\t<meta name=\"twitter:data1\" content=\"cfeditorfr\" \/>\n\t<meta name=\"twitter:label2\" content=\"Dur\u00e9e de lecture estim\u00e9e\" \/>\n\t<meta name=\"twitter:data2\" content=\"4 minutes\" \/>\n<script type=\"application\/ld+json\" class=\"yoast-schema-graph\">{\"@context\":\"https:\/\/schema.org\",\"@graph\":[{\"@type\":\"Article\",\"@id\":\"https:\/\/www.africa-press.net\/cameroun\/politique\/cameroun-la-paix-encore-recherchee-trois-ans-apres-le-grand-dialogue-national#article\",\"isPartOf\":{\"@id\":\"https:\/\/www.africa-press.net\/cameroun\/politique\/cameroun-la-paix-encore-recherchee-trois-ans-apres-le-grand-dialogue-national\"},\"author\":{\"name\":\"cfeditorfr\",\"@id\":\"https:\/\/www.africa-press.net\/cameroun\/#\/schema\/person\/2b1cf3cd81a31e3cd26889ca66d677f1\"},\"headline\":\"Cameroun : la paix encore recherch\u00e9e trois ans apr\u00e8s le Grand dialogue national\",\"datePublished\":\"2022-09-30T17:05:10+00:00\",\"dateModified\":\"2022-09-30T18:46:38+00:00\",\"mainEntityOfPage\":{\"@id\":\"https:\/\/www.africa-press.net\/cameroun\/politique\/cameroun-la-paix-encore-recherchee-trois-ans-apres-le-grand-dialogue-national\"},\"wordCount\":789,\"commentCount\":0,\"image\":{\"@id\":\"https:\/\/www.africa-press.net\/cameroun\/politique\/cameroun-la-paix-encore-recherchee-trois-ans-apres-le-grand-dialogue-national#primaryimage\"},\"thumbnailUrl\":\"https:\/\/static.africa-press.net\/cameroun\/sites\/57\/2022\/09\/img-633739686ac68.jpg\",\"keywords\":[\"Africa Press\",\"Africa Press-Cameroun\",\"Cameroun\"],\"articleSection\":[\"Politique\",\"Top Nouvelles\",\"Toutes les actualit\u00e9s\"],\"inLanguage\":\"fr-FR\",\"potentialAction\":[{\"@type\":\"CommentAction\",\"name\":\"Comment\",\"target\":[\"https:\/\/www.africa-press.net\/cameroun\/politique\/cameroun-la-paix-encore-recherchee-trois-ans-apres-le-grand-dialogue-national#respond\"]}]},{\"@type\":\"WebPage\",\"@id\":\"https:\/\/www.africa-press.net\/cameroun\/politique\/cameroun-la-paix-encore-recherchee-trois-ans-apres-le-grand-dialogue-national\",\"url\":\"https:\/\/www.africa-press.net\/cameroun\/politique\/cameroun-la-paix-encore-recherchee-trois-ans-apres-le-grand-dialogue-national\",\"name\":\"Cameroun : la paix encore recherch\u00e9e trois ans apr\u00e8s le Grand dialogue national - Cameroun\",\"isPartOf\":{\"@id\":\"https:\/\/www.africa-press.net\/cameroun\/#website\"},\"primaryImageOfPage\":{\"@id\":\"https:\/\/www.africa-press.net\/cameroun\/politique\/cameroun-la-paix-encore-recherchee-trois-ans-apres-le-grand-dialogue-national#primaryimage\"},\"image\":{\"@id\":\"https:\/\/www.africa-press.net\/cameroun\/politique\/cameroun-la-paix-encore-recherchee-trois-ans-apres-le-grand-dialogue-national#primaryimage\"},\"thumbnailUrl\":\"https:\/\/static.africa-press.net\/cameroun\/sites\/57\/2022\/09\/img-633739686ac68.jpg\",\"datePublished\":\"2022-09-30T17:05:10+00:00\",\"dateModified\":\"2022-09-30T18:46:38+00:00\",\"author\":{\"@id\":\"https:\/\/www.africa-press.net\/cameroun\/#\/schema\/person\/2b1cf3cd81a31e3cd26889ca66d677f1\"},\"description\":\"La crise anglophone se poursuit, des exactions se multiplient dans les re\u0301gions du Nord-Ouest et du Sud-Ouest. Une ce ...\",\"breadcrumb\":{\"@id\":\"https:\/\/www.africa-press.net\/cameroun\/politique\/cameroun-la-paix-encore-recherchee-trois-ans-apres-le-grand-dialogue-national#breadcrumb\"},\"inLanguage\":\"fr-FR\",\"potentialAction\":[{\"@type\":\"ReadAction\",\"target\":[\"https:\/\/www.africa-press.net\/cameroun\/politique\/cameroun-la-paix-encore-recherchee-trois-ans-apres-le-grand-dialogue-national\"]}]},{\"@type\":\"ImageObject\",\"inLanguage\":\"fr-FR\",\"@id\":\"https:\/\/www.africa-press.net\/cameroun\/politique\/cameroun-la-paix-encore-recherchee-trois-ans-apres-le-grand-dialogue-national#primaryimage\",\"url\":\"https:\/\/static.africa-press.net\/cameroun\/sites\/57\/2022\/09\/img-633739686ac68.jpg\",\"contentUrl\":\"https:\/\/static.africa-press.net\/cameroun\/sites\/57\/2022\/09\/img-633739686ac68.jpg\",\"width\":930,\"height\":620,\"caption\":\"Cameroun : la paix encore recherch\u00e9e trois ans apr\u00e8s le Grand dialogue national\"},{\"@type\":\"BreadcrumbList\",\"@id\":\"https:\/\/www.africa-press.net\/cameroun\/politique\/cameroun-la-paix-encore-recherchee-trois-ans-apres-le-grand-dialogue-national#breadcrumb\",\"itemListElement\":[{\"@type\":\"ListItem\",\"position\":1,\"name\":\"Accueil\",\"item\":\"https:\/\/www.africa-press.net\/cameroun\/\"},{\"@type\":\"ListItem\",\"position\":2,\"name\":\"Cameroun : la paix encore recherch\u00e9e trois ans apr\u00e8s le Grand dialogue national\"}]},{\"@type\":\"WebSite\",\"@id\":\"https:\/\/www.africa-press.net\/cameroun\/#website\",\"url\":\"https:\/\/www.africa-press.net\/cameroun\/\",\"name\":\"Cameroun\",\"description\":\"Just another Africa News Agency Sites site\",\"potentialAction\":[{\"@type\":\"SearchAction\",\"target\":{\"@type\":\"EntryPoint\",\"urlTemplate\":\"https:\/\/www.africa-press.net\/cameroun\/?s={search_term_string}\"},\"query-input\":{\"@type\":\"PropertyValueSpecification\",\"valueRequired\":true,\"valueName\":\"search_term_string\"}}],\"inLanguage\":\"fr-FR\"},{\"@type\":\"Person\",\"@id\":\"https:\/\/www.africa-press.net\/cameroun\/#\/schema\/person\/2b1cf3cd81a31e3cd26889ca66d677f1\",\"name\":\"cfeditorfr\"}]}<\/script>\n<!-- \/ Yoast SEO Premium plugin. -->","yoast_head_json":{"title":"Cameroun : la paix encore recherch\u00e9e trois ans apr\u00e8s le Grand dialogue national - Cameroun","description":"La crise anglophone se poursuit, des exactions se multiplient dans les re\u0301gions du Nord-Ouest et du Sud-Ouest. Une ce ...","robots":{"index":"index","follow":"follow","max-snippet":"max-snippet:-1","max-image-preview":"max-image-preview:large","max-video-preview":"max-video-preview:-1"},"canonical":"https:\/\/www.africa-press.net\/cameroun\/politique\/cameroun-la-paix-encore-recherchee-trois-ans-apres-le-grand-dialogue-national","og_locale":"fr_FR","og_type":"article","og_title":"Cameroun : la paix encore recherch\u00e9e trois ans apr\u00e8s le Grand dialogue national","og_description":"La crise anglophone se poursuit, des exactions se multiplient dans les re\u0301gions du Nord-Ouest et du Sud-Ouest. Une ce ...","og_url":"https:\/\/www.africa-press.net\/cameroun\/politique\/cameroun-la-paix-encore-recherchee-trois-ans-apres-le-grand-dialogue-national","og_site_name":"Cameroun","article_published_time":"2022-09-30T17:05:10+00:00","article_modified_time":"2022-09-30T18:46:38+00:00","og_image":[{"width":930,"height":620,"url":"https:\/\/static.africa-press.net\/cameroun\/sites\/57\/2022\/09\/img-633739686ac68.jpg","type":"image\/jpeg"}],"author":"cfeditorfr","twitter_card":"summary_large_image","twitter_misc":{"\u00c9crit par":"cfeditorfr","Dur\u00e9e de lecture estim\u00e9e":"4 minutes"},"schema":{"@context":"https:\/\/schema.org","@graph":[{"@type":"Article","@id":"https:\/\/www.africa-press.net\/cameroun\/politique\/cameroun-la-paix-encore-recherchee-trois-ans-apres-le-grand-dialogue-national#article","isPartOf":{"@id":"https:\/\/www.africa-press.net\/cameroun\/politique\/cameroun-la-paix-encore-recherchee-trois-ans-apres-le-grand-dialogue-national"},"author":{"name":"cfeditorfr","@id":"https:\/\/www.africa-press.net\/cameroun\/#\/schema\/person\/2b1cf3cd81a31e3cd26889ca66d677f1"},"headline":"Cameroun : la paix encore recherch\u00e9e trois ans apr\u00e8s le Grand dialogue national","datePublished":"2022-09-30T17:05:10+00:00","dateModified":"2022-09-30T18:46:38+00:00","mainEntityOfPage":{"@id":"https:\/\/www.africa-press.net\/cameroun\/politique\/cameroun-la-paix-encore-recherchee-trois-ans-apres-le-grand-dialogue-national"},"wordCount":789,"commentCount":0,"image":{"@id":"https:\/\/www.africa-press.net\/cameroun\/politique\/cameroun-la-paix-encore-recherchee-trois-ans-apres-le-grand-dialogue-national#primaryimage"},"thumbnailUrl":"https:\/\/static.africa-press.net\/cameroun\/sites\/57\/2022\/09\/img-633739686ac68.jpg","keywords":["Africa Press","Africa Press-Cameroun","Cameroun"],"articleSection":["Politique","Top Nouvelles","Toutes les actualit\u00e9s"],"inLanguage":"fr-FR","potentialAction":[{"@type":"CommentAction","name":"Comment","target":["https:\/\/www.africa-press.net\/cameroun\/politique\/cameroun-la-paix-encore-recherchee-trois-ans-apres-le-grand-dialogue-national#respond"]}]},{"@type":"WebPage","@id":"https:\/\/www.africa-press.net\/cameroun\/politique\/cameroun-la-paix-encore-recherchee-trois-ans-apres-le-grand-dialogue-national","url":"https:\/\/www.africa-press.net\/cameroun\/politique\/cameroun-la-paix-encore-recherchee-trois-ans-apres-le-grand-dialogue-national","name":"Cameroun : la paix encore recherch\u00e9e trois ans apr\u00e8s le Grand dialogue national - Cameroun","isPartOf":{"@id":"https:\/\/www.africa-press.net\/cameroun\/#website"},"primaryImageOfPage":{"@id":"https:\/\/www.africa-press.net\/cameroun\/politique\/cameroun-la-paix-encore-recherchee-trois-ans-apres-le-grand-dialogue-national#primaryimage"},"image":{"@id":"https:\/\/www.africa-press.net\/cameroun\/politique\/cameroun-la-paix-encore-recherchee-trois-ans-apres-le-grand-dialogue-national#primaryimage"},"thumbnailUrl":"https:\/\/static.africa-press.net\/cameroun\/sites\/57\/2022\/09\/img-633739686ac68.jpg","datePublished":"2022-09-30T17:05:10+00:00","dateModified":"2022-09-30T18:46:38+00:00","author":{"@id":"https:\/\/www.africa-press.net\/cameroun\/#\/schema\/person\/2b1cf3cd81a31e3cd26889ca66d677f1"},"description":"La crise anglophone se poursuit, des exactions se multiplient dans les re\u0301gions du Nord-Ouest et du Sud-Ouest. Une ce ...","breadcrumb":{"@id":"https:\/\/www.africa-press.net\/cameroun\/politique\/cameroun-la-paix-encore-recherchee-trois-ans-apres-le-grand-dialogue-national#breadcrumb"},"inLanguage":"fr-FR","potentialAction":[{"@type":"ReadAction","target":["https:\/\/www.africa-press.net\/cameroun\/politique\/cameroun-la-paix-encore-recherchee-trois-ans-apres-le-grand-dialogue-national"]}]},{"@type":"ImageObject","inLanguage":"fr-FR","@id":"https:\/\/www.africa-press.net\/cameroun\/politique\/cameroun-la-paix-encore-recherchee-trois-ans-apres-le-grand-dialogue-national#primaryimage","url":"https:\/\/static.africa-press.net\/cameroun\/sites\/57\/2022\/09\/img-633739686ac68.jpg","contentUrl":"https:\/\/static.africa-press.net\/cameroun\/sites\/57\/2022\/09\/img-633739686ac68.jpg","width":930,"height":620,"caption":"Cameroun : la paix encore recherch\u00e9e trois ans apr\u00e8s le Grand dialogue national"},{"@type":"BreadcrumbList","@id":"https:\/\/www.africa-press.net\/cameroun\/politique\/cameroun-la-paix-encore-recherchee-trois-ans-apres-le-grand-dialogue-national#breadcrumb","itemListElement":[{"@type":"ListItem","position":1,"name":"Accueil","item":"https:\/\/www.africa-press.net\/cameroun\/"},{"@type":"ListItem","position":2,"name":"Cameroun : la paix encore recherch\u00e9e trois ans apr\u00e8s le Grand dialogue national"}]},{"@type":"WebSite","@id":"https:\/\/www.africa-press.net\/cameroun\/#website","url":"https:\/\/www.africa-press.net\/cameroun\/","name":"Cameroun","description":"Just another Africa News Agency Sites site","potentialAction":[{"@type":"SearchAction","target":{"@type":"EntryPoint","urlTemplate":"https:\/\/www.africa-press.net\/cameroun\/?s={search_term_string}"},"query-input":{"@type":"PropertyValueSpecification","valueRequired":true,"valueName":"search_term_string"}}],"inLanguage":"fr-FR"},{"@type":"Person","@id":"https:\/\/www.africa-press.net\/cameroun\/#\/schema\/person\/2b1cf3cd81a31e3cd26889ca66d677f1","name":"cfeditorfr"}]}},"_links":{"self":[{"href":"https:\/\/www.africa-press.net\/cameroun\/wp-json\/wp\/v2\/posts\/28453","targetHints":{"allow":["GET"]}}],"collection":[{"href":"https:\/\/www.africa-press.net\/cameroun\/wp-json\/wp\/v2\/posts"}],"about":[{"href":"https:\/\/www.africa-press.net\/cameroun\/wp-json\/wp\/v2\/types\/post"}],"author":[{"embeddable":true,"href":"https:\/\/www.africa-press.net\/cameroun\/wp-json\/wp\/v2\/users\/82"}],"replies":[{"embeddable":true,"href":"https:\/\/www.africa-press.net\/cameroun\/wp-json\/wp\/v2\/comments?post=28453"}],"version-history":[{"count":0,"href":"https:\/\/www.africa-press.net\/cameroun\/wp-json\/wp\/v2\/posts\/28453\/revisions"}],"wp:featuredmedia":[{"embeddable":true,"href":"https:\/\/www.africa-press.net\/cameroun\/wp-json\/wp\/v2\/media\/28452"}],"wp:attachment":[{"href":"https:\/\/www.africa-press.net\/cameroun\/wp-json\/wp\/v2\/media?parent=28453"}],"wp:term":[{"taxonomy":"category","embeddable":true,"href":"https:\/\/www.africa-press.net\/cameroun\/wp-json\/wp\/v2\/categories?post=28453"},{"taxonomy":"post_tag","embeddable":true,"href":"https:\/\/www.africa-press.net\/cameroun\/wp-json\/wp\/v2\/tags?post=28453"}],"curies":[{"name":"wp","href":"https:\/\/api.w.org\/{rel}","templated":true}]}}