{"id":28456,"date":"2022-09-30T17:13:54","date_gmt":"2022-09-30T17:13:54","guid":{"rendered":"https:\/\/www.africa-press.net\/cameroun\/politique\/rejets-des-produits-par-lue-philippe-van-damme-repond-a-la-douane-camerounaise"},"modified":"2022-09-30T19:03:14","modified_gmt":"2022-09-30T19:03:14","slug":"rejets-des-produits-par-lue-philippe-van-damme-repond-a-la-douane-camerounaise","status":"publish","type":"post","link":"https:\/\/www.africa-press.net\/cameroun\/economie\/rejets-des-produits-par-lue-philippe-van-damme-repond-a-la-douane-camerounaise","title":{"rendered":"Rejets des produits par l\u2019UE\u00a0: Philippe Van Damme r\u00e9pond \u00e0 la douane camerounaise"},"content":{"rendered":"<p><span style=\"color: #ff6600\"><strong>Africa-Press &#8211; Cameroun. <\/strong><\/span>Investir au Cameroun) &#8211; A l\u2019occasion d\u2019une rencontre avec des journalistes e\u0301conomiques le 28 septembre a\u0300 Douala, l\u2019ambassadeur de l\u2019Union europe\u0301enne (UE) au Cameroun, Philippe Van Damme (photo), a de\u0301clare\u0301 que \u00ab les produits camerounais rejete\u0301s dans l\u2019UE sont marginaux \u00bb dans le cadre de l\u2019Accord partenariat e\u0301conomique (APE).<\/p>\n<p>\u00ab D\u2019aucuns parlent des produits camerounais qui seraient rejete\u0301s dans l\u2019Union europe\u0301enne. Mais c\u0327a n\u2019a rien avoir avec l\u2019APE. C\u2019est faux de le dire. Les produits rejete\u0301s sont rares et c\u2019est marginal. C\u0327a n\u2019atteint me\u0302me pas 1% de tous les produits exporte\u0301s au sein de l\u2019Union. Ceux qui sont refoule\u0301s sont l\u2019\u0153uvre des gens qui n\u2019ont pas l\u2019expe\u0301rience dans l\u2019exportation et qui n\u2019ont pas encore inte\u0301gre\u0301 les normes UE \u00bb, a affirme\u0301 le diplomate.<\/p>\n<p>Selon lui, les principaux produits exporte\u0301s par le Cameroun dans le cadre de l\u2019APE (banane, ananas, poivre de Penja, curcuma, gingembre, fruits de la passion&#8230;) sont aux normes. Par contre, a-t-il pre\u0301cise\u0301, les mangues, papayes, goyaves, poivrons, aubergines, tomates&#8230; refoule\u0301s aux portes de l\u2019UE rentrent dans le cadre de la le\u0301gislation phytosanitaire de la Commission europe\u0301enne. Cette dernie\u0300re exige que certains pesticides ne soient pas utilise\u0301s, mais malheureusement, il se trouve que cette norme n\u2019est pas souvent respecte\u0301e par certains exportateurs. Conse\u0301quence, ces produits ne peuvent pas rentrer dans le marche\u0301 europe\u0301en. Mais, re\u0301pe\u0300te-t-il, \u00ab ce n\u2019est pas l\u2019APE \u00bb.<\/p>\n<p>A\u0300 en croire Philippe Van Damme, l\u2019UE s\u2019emploie depuis la mise en \u0153uvre de l\u2019APE a\u0300 accompagner les exportateurs au Cameroun dans la mise en \u0153uvre des normes europe\u0301ennes en matie\u0300re de la le\u0301gislation sanitaire et cela se passe pluto\u0302t bien. Dans les plantations de banane, par exemple, a-t-il indique\u0301, un accompagnement est apporte\u0301 aux producteurs en matie\u0300re de respect des normes. Le poivre de Penja aussi be\u0301ne\u0301ficie de cet encadrement d\u2019autant plus qu\u2019il jouit de\u0301sormais d\u2019un indicateur ge\u0301ographique permettant de certifier son origine et ses caracte\u0301ristiques.<\/p>\n<p><b>Contre-pied de la douane <\/b><\/p>\n<p>Mais ces de\u0301clarations de l\u2019ambassadeur de l\u2019UE sonnent comme une re\u0301ponse a\u0300 la douane camerounaise. Dans une note publie\u0301e en fe\u0301vrier 2022, cette administration re\u0301ve\u0300le que le Cameroun rencontre de \u00ab nombreux \u00bb obstacles dans le cadre des exportations de ses produits vers l\u2019UE. \u00ab A\u0300 l\u2019exportation, de manie\u0300re ge\u0301ne\u0301rale, on peut de\u0301plorer l\u2019impact mitige\u0301 [de l\u2019APE], en raison notamment des nombreux obstacles non tarifaires e\u0301rige\u0301s aux portes de l\u2019UE qui ne permettent pas toujours le be\u0301ne\u0301fice aise\u0301 aux produits camerounais de l\u2019admission en franchise du droit de douane. Cas particuliers des refoulements des produits identifie\u0301s \u00bb, renseigne le directeur ge\u0301ne\u0301ral des douanes, Fongod Edwin Nuvaga.<\/p>\n<p>Les produits camerounais souvent refoule\u0301s lors de l\u2019exportation, explique la douane, concernent surtout les produits agricoles. Ces exportations agricoles incluent des produits bruts (cacao, cafe\u0301, banane, caoutchouc) ou transforme\u0301s (produits a\u0300 base de cacao, le\u0301gumes et fruits transforme\u0301s, etc.).<\/p>\n<p>L\u2019APE entre le Cameroun et l\u2019Union europe\u0301enne est entre\u0301 en vigueur le 4 aou\u0302t 2016. Cet accord pre\u0301voit l\u2019acce\u0300s en franchise de droits de douane et sans contingent au marche\u0301 de l\u2019Union europe\u0301enne de toutes les exportations du Cameroun. De son co\u0302te\u0301, le Cameroun va ouvrir progressivement son marche\u0301 a\u0300 80% de ses importations en provenance de l\u2019UE une pe\u0301riode qui cours jusqu\u2019en 2029.<\/p>\n<p><strong>Pour plus d&rsquo;informations et d&rsquo;analyses sur la <a href=\"https:\/\/www.africa-press.net\/cameroun\">Cameroun<\/a>, suivez <a href=\"https:\/\/www.africa-press.net\/\">Africa-Press<\/a><\/strong><\/p>\n","protected":false},"excerpt":{"rendered":"<p>Africa-Press &#8211; Cameroun. Investir au Cameroun) &#8211; A l\u2019occasion d\u2019une rencontre avec des journalistes e\u0301conomiques le 28 septembre a\u0300 Douala, l\u2019ambassadeur de l\u2019Union europe\u0301enne (UE) au Cameroun, Philippe Van Damme (photo), a de\u0301clare\u0301 que \u00ab les produits camerounais rejete\u0301s dans l\u2019UE sont marginaux \u00bb dans le cadre de l\u2019Accord partenariat e\u0301conomique (APE). \u00ab D\u2019aucuns parlent [&hellip;]<\/p>\n","protected":false},"author":82,"featured_media":28455,"comment_status":"open","ping_status":"closed","sticky":false,"template":"","format":"standard","meta":{"footnotes":""},"categories":[3,10],"tags":[36,50,49],"class_list":["post-28456","post","type-post","status-publish","format-standard","has-post-thumbnail","hentry","category-economie","category-toutes-les-actualites","tag-africa-press","tag-africa-press-cameroun","tag-cameroun"],"yoast_head":"<!-- This site is optimized with the Yoast SEO Premium plugin v26.1 (Yoast SEO v27.0) - https:\/\/yoast.com\/product\/yoast-seo-premium-wordpress\/ -->\n<title>Rejets des produits par l\u2019UE\u00a0: Philippe Van Damme r\u00e9pond \u00e0 la douane camerounaise - Cameroun<\/title>\n<meta name=\"description\" content=\"Investir au Cameroun) - A l\u2019occasion d\u2019une rencontre avec des journalistes e\u0301conomiques le 28 septembre a\u0300 Douala, l\u2019amb ...\" \/>\n<meta name=\"robots\" content=\"index, follow, max-snippet:-1, max-image-preview:large, max-video-preview:-1\" \/>\n<link rel=\"canonical\" href=\"https:\/\/www.africa-press.net\/cameroun\/economie\/rejets-des-produits-par-lue-philippe-van-damme-repond-a-la-douane-camerounaise\" \/>\n<meta property=\"og:locale\" content=\"fr_FR\" \/>\n<meta property=\"og:type\" content=\"article\" \/>\n<meta property=\"og:title\" content=\"Rejets des produits par l\u2019UE\u00a0: Philippe Van Damme r\u00e9pond \u00e0 la douane camerounaise\" \/>\n<meta property=\"og:description\" content=\"Investir au Cameroun) - A l\u2019occasion d\u2019une rencontre avec des journalistes e\u0301conomiques le 28 septembre a\u0300 Douala, l\u2019amb ...\" \/>\n<meta property=\"og:url\" content=\"https:\/\/www.africa-press.net\/cameroun\/economie\/rejets-des-produits-par-lue-philippe-van-damme-repond-a-la-douane-camerounaise\" \/>\n<meta property=\"og:site_name\" content=\"Cameroun\" \/>\n<meta property=\"article:published_time\" content=\"2022-09-30T17:13:54+00:00\" \/>\n<meta property=\"article:modified_time\" content=\"2022-09-30T19:03:14+00:00\" \/>\n<meta property=\"og:image\" content=\"https:\/\/static.africa-press.net\/cameroun\/sites\/57\/2022\/09\/img-63373997a39f8.jpg\" \/>\n\t<meta property=\"og:image:width\" content=\"720\" \/>\n\t<meta property=\"og:image:height\" content=\"479\" \/>\n\t<meta property=\"og:image:type\" content=\"image\/jpeg\" \/>\n<meta name=\"author\" content=\"cfeditorfr\" \/>\n<meta name=\"twitter:card\" content=\"summary_large_image\" \/>\n<meta name=\"twitter:label1\" content=\"\u00c9crit par\" \/>\n\t<meta name=\"twitter:data1\" content=\"cfeditorfr\" \/>\n\t<meta name=\"twitter:label2\" content=\"Dur\u00e9e de lecture estim\u00e9e\" \/>\n\t<meta name=\"twitter:data2\" content=\"3 minutes\" \/>\n<script type=\"application\/ld+json\" class=\"yoast-schema-graph\">{\"@context\":\"https:\/\/schema.org\",\"@graph\":[{\"@type\":\"Article\",\"@id\":\"https:\/\/www.africa-press.net\/cameroun\/economie\/rejets-des-produits-par-lue-philippe-van-damme-repond-a-la-douane-camerounaise#article\",\"isPartOf\":{\"@id\":\"https:\/\/www.africa-press.net\/cameroun\/economie\/rejets-des-produits-par-lue-philippe-van-damme-repond-a-la-douane-camerounaise\"},\"author\":{\"name\":\"cfeditorfr\",\"@id\":\"https:\/\/www.africa-press.net\/cameroun\/#\/schema\/person\/2b1cf3cd81a31e3cd26889ca66d677f1\"},\"headline\":\"Rejets des produits par l\u2019UE\u00a0: Philippe Van Damme r\u00e9pond \u00e0 la douane camerounaise\",\"datePublished\":\"2022-09-30T17:13:54+00:00\",\"dateModified\":\"2022-09-30T19:03:14+00:00\",\"mainEntityOfPage\":{\"@id\":\"https:\/\/www.africa-press.net\/cameroun\/economie\/rejets-des-produits-par-lue-philippe-van-damme-repond-a-la-douane-camerounaise\"},\"wordCount\":645,\"commentCount\":0,\"image\":{\"@id\":\"https:\/\/www.africa-press.net\/cameroun\/economie\/rejets-des-produits-par-lue-philippe-van-damme-repond-a-la-douane-camerounaise#primaryimage\"},\"thumbnailUrl\":\"https:\/\/static.africa-press.net\/cameroun\/sites\/57\/2022\/09\/img-63373997a39f8.jpg\",\"keywords\":[\"Africa Press\",\"Africa Press-Cameroun\",\"Cameroun\"],\"articleSection\":[\"\u00c9conomie\",\"Toutes les actualit\u00e9s\"],\"inLanguage\":\"fr-FR\",\"potentialAction\":[{\"@type\":\"CommentAction\",\"name\":\"Comment\",\"target\":[\"https:\/\/www.africa-press.net\/cameroun\/economie\/rejets-des-produits-par-lue-philippe-van-damme-repond-a-la-douane-camerounaise#respond\"]}]},{\"@type\":\"WebPage\",\"@id\":\"https:\/\/www.africa-press.net\/cameroun\/economie\/rejets-des-produits-par-lue-philippe-van-damme-repond-a-la-douane-camerounaise\",\"url\":\"https:\/\/www.africa-press.net\/cameroun\/economie\/rejets-des-produits-par-lue-philippe-van-damme-repond-a-la-douane-camerounaise\",\"name\":\"Rejets des produits par l\u2019UE\u00a0: Philippe Van Damme r\u00e9pond \u00e0 la douane camerounaise - Cameroun\",\"isPartOf\":{\"@id\":\"https:\/\/www.africa-press.net\/cameroun\/#website\"},\"primaryImageOfPage\":{\"@id\":\"https:\/\/www.africa-press.net\/cameroun\/economie\/rejets-des-produits-par-lue-philippe-van-damme-repond-a-la-douane-camerounaise#primaryimage\"},\"image\":{\"@id\":\"https:\/\/www.africa-press.net\/cameroun\/economie\/rejets-des-produits-par-lue-philippe-van-damme-repond-a-la-douane-camerounaise#primaryimage\"},\"thumbnailUrl\":\"https:\/\/static.africa-press.net\/cameroun\/sites\/57\/2022\/09\/img-63373997a39f8.jpg\",\"datePublished\":\"2022-09-30T17:13:54+00:00\",\"dateModified\":\"2022-09-30T19:03:14+00:00\",\"author\":{\"@id\":\"https:\/\/www.africa-press.net\/cameroun\/#\/schema\/person\/2b1cf3cd81a31e3cd26889ca66d677f1\"},\"description\":\"Investir au Cameroun) - A l\u2019occasion d\u2019une rencontre avec des journalistes e\u0301conomiques le 28 septembre a\u0300 Douala, l\u2019amb ...\",\"breadcrumb\":{\"@id\":\"https:\/\/www.africa-press.net\/cameroun\/economie\/rejets-des-produits-par-lue-philippe-van-damme-repond-a-la-douane-camerounaise#breadcrumb\"},\"inLanguage\":\"fr-FR\",\"potentialAction\":[{\"@type\":\"ReadAction\",\"target\":[\"https:\/\/www.africa-press.net\/cameroun\/economie\/rejets-des-produits-par-lue-philippe-van-damme-repond-a-la-douane-camerounaise\"]}]},{\"@type\":\"ImageObject\",\"inLanguage\":\"fr-FR\",\"@id\":\"https:\/\/www.africa-press.net\/cameroun\/economie\/rejets-des-produits-par-lue-philippe-van-damme-repond-a-la-douane-camerounaise#primaryimage\",\"url\":\"https:\/\/static.africa-press.net\/cameroun\/sites\/57\/2022\/09\/img-63373997a39f8.jpg\",\"contentUrl\":\"https:\/\/static.africa-press.net\/cameroun\/sites\/57\/2022\/09\/img-63373997a39f8.jpg\",\"width\":720,\"height\":479,\"caption\":\"Rejets des produits par l\u2019UE\u00a0: Philippe Van Damme r\u00e9pond \u00e0 la douane camerounaise\"},{\"@type\":\"BreadcrumbList\",\"@id\":\"https:\/\/www.africa-press.net\/cameroun\/economie\/rejets-des-produits-par-lue-philippe-van-damme-repond-a-la-douane-camerounaise#breadcrumb\",\"itemListElement\":[{\"@type\":\"ListItem\",\"position\":1,\"name\":\"Accueil\",\"item\":\"https:\/\/www.africa-press.net\/cameroun\/\"},{\"@type\":\"ListItem\",\"position\":2,\"name\":\"Rejets des produits par l\u2019UE\u00a0: Philippe Van Damme r\u00e9pond \u00e0 la douane camerounaise\"}]},{\"@type\":\"WebSite\",\"@id\":\"https:\/\/www.africa-press.net\/cameroun\/#website\",\"url\":\"https:\/\/www.africa-press.net\/cameroun\/\",\"name\":\"Cameroun\",\"description\":\"Just another Africa News Agency Sites site\",\"potentialAction\":[{\"@type\":\"SearchAction\",\"target\":{\"@type\":\"EntryPoint\",\"urlTemplate\":\"https:\/\/www.africa-press.net\/cameroun\/?s={search_term_string}\"},\"query-input\":{\"@type\":\"PropertyValueSpecification\",\"valueRequired\":true,\"valueName\":\"search_term_string\"}}],\"inLanguage\":\"fr-FR\"},{\"@type\":\"Person\",\"@id\":\"https:\/\/www.africa-press.net\/cameroun\/#\/schema\/person\/2b1cf3cd81a31e3cd26889ca66d677f1\",\"name\":\"cfeditorfr\"}]}<\/script>\n<!-- \/ Yoast SEO Premium plugin. -->","yoast_head_json":{"title":"Rejets des produits par l\u2019UE\u00a0: Philippe Van Damme r\u00e9pond \u00e0 la douane camerounaise - Cameroun","description":"Investir au Cameroun) - A l\u2019occasion d\u2019une rencontre avec des journalistes e\u0301conomiques le 28 septembre a\u0300 Douala, l\u2019amb ...","robots":{"index":"index","follow":"follow","max-snippet":"max-snippet:-1","max-image-preview":"max-image-preview:large","max-video-preview":"max-video-preview:-1"},"canonical":"https:\/\/www.africa-press.net\/cameroun\/economie\/rejets-des-produits-par-lue-philippe-van-damme-repond-a-la-douane-camerounaise","og_locale":"fr_FR","og_type":"article","og_title":"Rejets des produits par l\u2019UE\u00a0: Philippe Van Damme r\u00e9pond \u00e0 la douane camerounaise","og_description":"Investir au Cameroun) - A l\u2019occasion d\u2019une rencontre avec des journalistes e\u0301conomiques le 28 septembre a\u0300 Douala, l\u2019amb ...","og_url":"https:\/\/www.africa-press.net\/cameroun\/economie\/rejets-des-produits-par-lue-philippe-van-damme-repond-a-la-douane-camerounaise","og_site_name":"Cameroun","article_published_time":"2022-09-30T17:13:54+00:00","article_modified_time":"2022-09-30T19:03:14+00:00","og_image":[{"width":720,"height":479,"url":"https:\/\/static.africa-press.net\/cameroun\/sites\/57\/2022\/09\/img-63373997a39f8.jpg","type":"image\/jpeg"}],"author":"cfeditorfr","twitter_card":"summary_large_image","twitter_misc":{"\u00c9crit par":"cfeditorfr","Dur\u00e9e de lecture estim\u00e9e":"3 minutes"},"schema":{"@context":"https:\/\/schema.org","@graph":[{"@type":"Article","@id":"https:\/\/www.africa-press.net\/cameroun\/economie\/rejets-des-produits-par-lue-philippe-van-damme-repond-a-la-douane-camerounaise#article","isPartOf":{"@id":"https:\/\/www.africa-press.net\/cameroun\/economie\/rejets-des-produits-par-lue-philippe-van-damme-repond-a-la-douane-camerounaise"},"author":{"name":"cfeditorfr","@id":"https:\/\/www.africa-press.net\/cameroun\/#\/schema\/person\/2b1cf3cd81a31e3cd26889ca66d677f1"},"headline":"Rejets des produits par l\u2019UE\u00a0: Philippe Van Damme r\u00e9pond \u00e0 la douane camerounaise","datePublished":"2022-09-30T17:13:54+00:00","dateModified":"2022-09-30T19:03:14+00:00","mainEntityOfPage":{"@id":"https:\/\/www.africa-press.net\/cameroun\/economie\/rejets-des-produits-par-lue-philippe-van-damme-repond-a-la-douane-camerounaise"},"wordCount":645,"commentCount":0,"image":{"@id":"https:\/\/www.africa-press.net\/cameroun\/economie\/rejets-des-produits-par-lue-philippe-van-damme-repond-a-la-douane-camerounaise#primaryimage"},"thumbnailUrl":"https:\/\/static.africa-press.net\/cameroun\/sites\/57\/2022\/09\/img-63373997a39f8.jpg","keywords":["Africa Press","Africa Press-Cameroun","Cameroun"],"articleSection":["\u00c9conomie","Toutes les actualit\u00e9s"],"inLanguage":"fr-FR","potentialAction":[{"@type":"CommentAction","name":"Comment","target":["https:\/\/www.africa-press.net\/cameroun\/economie\/rejets-des-produits-par-lue-philippe-van-damme-repond-a-la-douane-camerounaise#respond"]}]},{"@type":"WebPage","@id":"https:\/\/www.africa-press.net\/cameroun\/economie\/rejets-des-produits-par-lue-philippe-van-damme-repond-a-la-douane-camerounaise","url":"https:\/\/www.africa-press.net\/cameroun\/economie\/rejets-des-produits-par-lue-philippe-van-damme-repond-a-la-douane-camerounaise","name":"Rejets des produits par l\u2019UE\u00a0: Philippe Van Damme r\u00e9pond \u00e0 la douane camerounaise - Cameroun","isPartOf":{"@id":"https:\/\/www.africa-press.net\/cameroun\/#website"},"primaryImageOfPage":{"@id":"https:\/\/www.africa-press.net\/cameroun\/economie\/rejets-des-produits-par-lue-philippe-van-damme-repond-a-la-douane-camerounaise#primaryimage"},"image":{"@id":"https:\/\/www.africa-press.net\/cameroun\/economie\/rejets-des-produits-par-lue-philippe-van-damme-repond-a-la-douane-camerounaise#primaryimage"},"thumbnailUrl":"https:\/\/static.africa-press.net\/cameroun\/sites\/57\/2022\/09\/img-63373997a39f8.jpg","datePublished":"2022-09-30T17:13:54+00:00","dateModified":"2022-09-30T19:03:14+00:00","author":{"@id":"https:\/\/www.africa-press.net\/cameroun\/#\/schema\/person\/2b1cf3cd81a31e3cd26889ca66d677f1"},"description":"Investir au Cameroun) - A l\u2019occasion d\u2019une rencontre avec des journalistes e\u0301conomiques le 28 septembre a\u0300 Douala, l\u2019amb ...","breadcrumb":{"@id":"https:\/\/www.africa-press.net\/cameroun\/economie\/rejets-des-produits-par-lue-philippe-van-damme-repond-a-la-douane-camerounaise#breadcrumb"},"inLanguage":"fr-FR","potentialAction":[{"@type":"ReadAction","target":["https:\/\/www.africa-press.net\/cameroun\/economie\/rejets-des-produits-par-lue-philippe-van-damme-repond-a-la-douane-camerounaise"]}]},{"@type":"ImageObject","inLanguage":"fr-FR","@id":"https:\/\/www.africa-press.net\/cameroun\/economie\/rejets-des-produits-par-lue-philippe-van-damme-repond-a-la-douane-camerounaise#primaryimage","url":"https:\/\/static.africa-press.net\/cameroun\/sites\/57\/2022\/09\/img-63373997a39f8.jpg","contentUrl":"https:\/\/static.africa-press.net\/cameroun\/sites\/57\/2022\/09\/img-63373997a39f8.jpg","width":720,"height":479,"caption":"Rejets des produits par l\u2019UE\u00a0: Philippe Van Damme r\u00e9pond \u00e0 la douane camerounaise"},{"@type":"BreadcrumbList","@id":"https:\/\/www.africa-press.net\/cameroun\/economie\/rejets-des-produits-par-lue-philippe-van-damme-repond-a-la-douane-camerounaise#breadcrumb","itemListElement":[{"@type":"ListItem","position":1,"name":"Accueil","item":"https:\/\/www.africa-press.net\/cameroun\/"},{"@type":"ListItem","position":2,"name":"Rejets des produits par l\u2019UE\u00a0: Philippe Van Damme r\u00e9pond \u00e0 la douane camerounaise"}]},{"@type":"WebSite","@id":"https:\/\/www.africa-press.net\/cameroun\/#website","url":"https:\/\/www.africa-press.net\/cameroun\/","name":"Cameroun","description":"Just another Africa News Agency Sites site","potentialAction":[{"@type":"SearchAction","target":{"@type":"EntryPoint","urlTemplate":"https:\/\/www.africa-press.net\/cameroun\/?s={search_term_string}"},"query-input":{"@type":"PropertyValueSpecification","valueRequired":true,"valueName":"search_term_string"}}],"inLanguage":"fr-FR"},{"@type":"Person","@id":"https:\/\/www.africa-press.net\/cameroun\/#\/schema\/person\/2b1cf3cd81a31e3cd26889ca66d677f1","name":"cfeditorfr"}]}},"_links":{"self":[{"href":"https:\/\/www.africa-press.net\/cameroun\/wp-json\/wp\/v2\/posts\/28456","targetHints":{"allow":["GET"]}}],"collection":[{"href":"https:\/\/www.africa-press.net\/cameroun\/wp-json\/wp\/v2\/posts"}],"about":[{"href":"https:\/\/www.africa-press.net\/cameroun\/wp-json\/wp\/v2\/types\/post"}],"author":[{"embeddable":true,"href":"https:\/\/www.africa-press.net\/cameroun\/wp-json\/wp\/v2\/users\/82"}],"replies":[{"embeddable":true,"href":"https:\/\/www.africa-press.net\/cameroun\/wp-json\/wp\/v2\/comments?post=28456"}],"version-history":[{"count":0,"href":"https:\/\/www.africa-press.net\/cameroun\/wp-json\/wp\/v2\/posts\/28456\/revisions"}],"wp:featuredmedia":[{"embeddable":true,"href":"https:\/\/www.africa-press.net\/cameroun\/wp-json\/wp\/v2\/media\/28455"}],"wp:attachment":[{"href":"https:\/\/www.africa-press.net\/cameroun\/wp-json\/wp\/v2\/media?parent=28456"}],"wp:term":[{"taxonomy":"category","embeddable":true,"href":"https:\/\/www.africa-press.net\/cameroun\/wp-json\/wp\/v2\/categories?post=28456"},{"taxonomy":"post_tag","embeddable":true,"href":"https:\/\/www.africa-press.net\/cameroun\/wp-json\/wp\/v2\/tags?post=28456"}],"curies":[{"name":"wp","href":"https:\/\/api.w.org\/{rel}","templated":true}]}}