{"id":2846,"date":"2021-04-30T18:23:20","date_gmt":"2021-04-30T18:23:20","guid":{"rendered":"https:\/\/www.africa-press.net\/cameroun\/politique\/cameroun-transport-ferroviaire-le-trafic-a-repris-entre-douala-et-yaounde-par-un-train-express-cinq-ans-apres-la-catastrophe-deseka"},"modified":"2021-04-30T21:08:31","modified_gmt":"2021-04-30T21:08:31","slug":"cameroun-transport-ferroviaire-le-trafic-a-repris-entre-douala-et-yaounde-par-un-train-express-cinq-ans-apres-la-catastrophe-deseka","status":"publish","type":"post","link":"https:\/\/www.africa-press.net\/cameroun\/toutes-les-actualites\/cameroun-transport-ferroviaire-le-trafic-a-repris-entre-douala-et-yaounde-par-un-train-express-cinq-ans-apres-la-catastrophe-deseka","title":{"rendered":"Cameroun &#8211; Transport ferroviaire: Le trafic a repris entre Douala et Yaound\u00e9 par un \u00abtrain express\u00bb, cinq ans apr\u00e8s la catastrophe d\u2019Es\u00e9ka"},"content":{"rendered":"<p><span style=\"color: #ff6600\"><strong><a href=\"https:\/\/www.africa-press.net\/\">Africa-Press<\/a> &#8211; <a href=\"https:\/\/www.africa-press.net\/cameroun\">Cameroun<\/a>. <\/strong><\/span>Cinq ans apr\u00e8s la trag\u00e9die d\u2019Es\u00e9ka, dans le d\u00e9partement du Nyong-et-Kell\u00e9, r\u00e9gion du Centre, et qui avait co\u00fbt\u00e9 la vie \u00e0 pr\u00e8s de 800 personnes le 21 octobre 2016, la compagnie Cameroon Railways (CAMRAIL) a relanc\u00e9 la desserte Douala-Yaound\u00e9 par train. Cette reprise est effective depuis ce jeudi 29 avril 2021.<\/p>\n<p>Le ministre des Transports, Jean Ernest Mass\u00e9na Ngalle Bibehe, a inaugur\u00e9 ce jour m\u00eame le voyage de reprise \u00e0 bord d\u2019un \u00abtrain express\u00bb, parti de Douala dans la matin\u00e9e en direction de Yaound\u00e9. \u00abLe train Express parti de Douala \u00e0 9h 40 ce jeudi matin effectuait un voyage test en vue de la relance du trafic voyageurs entre les villes de Douala et Yaound\u00e9\u00bb, et est arriv\u00e9 dans la capitale politique aux encablures de 16 heures.<\/p>\n<p>Le train aura mis pr\u00e8s de cinq heures en chemin, avec quatre escales \u00e0 Ed\u00e9a (Littoral), Eseka (Centre), Makak (Centre), et Ngoumou (Centre).<\/p>\n<p>Il n\u2019a plus \u00e9t\u00e9 question de \u00abtrain Intercity\u00bb dans le jargon de CAMRAIL, mais d\u00e9sormais de \u00abtrain express\u00bb, sans doute pour ne pas ressasser le triste souvenir de la catastrophe ferroviaire d\u2019Es\u00e9ka.<\/p>\n<p>Au cours de ce voyage de relance du trafic ferroviaire entre Douala et Yaound\u00e9, Jean Ernest Mass\u00e9na Ngalle Bibehe \u00e9tait accompagn\u00e9 de plusieurs personnalit\u00e9s administratives, religieuses, traditionnelles et m\u00eame politiques \u00e0 l\u2019instar du pr\u00e9sident du Parti Camerounais pour la R\u00e9conciliation Nationale (PCRN), l\u2019honorable Cabral Libii, par ailleurs natif du d\u00e9partement du Nyong-et-Kell\u00e9 dont Es\u00e9ka est le chef-lieu.<\/p>\n","protected":false},"excerpt":{"rendered":"<p>Africa-Press &#8211; Cameroun. Cinq ans apr\u00e8s la trag\u00e9die d\u2019Es\u00e9ka, dans le d\u00e9partement du Nyong-et-Kell\u00e9, r\u00e9gion du Centre, et qui avait co\u00fbt\u00e9 la vie \u00e0 pr\u00e8s de 800 personnes le 21 octobre 2016, la compagnie Cameroon Railways (CAMRAIL) a relanc\u00e9 la desserte Douala-Yaound\u00e9 par train. Cette reprise est effective depuis ce jeudi 29 avril 2021. Le [&hellip;]<\/p>\n","protected":false},"author":82,"featured_media":2845,"comment_status":"open","ping_status":"closed","sticky":false,"template":"","format":"standard","meta":{"footnotes":""},"categories":[21,11,10],"tags":[36,50,49],"class_list":["post-2846","post","type-post","status-publish","format-standard","has-post-thumbnail","hentry","category-communaute","category-homepage-french","category-toutes-les-actualites","tag-africa-press","tag-africa-press-cameroun","tag-cameroun"],"yoast_head":"<!-- This site is optimized with the Yoast SEO Premium plugin v26.1 (Yoast SEO v27.0) - https:\/\/yoast.com\/product\/yoast-seo-premium-wordpress\/ -->\n<title>Cameroun - Transport ferroviaire: Le trafic a repris entre Douala et Yaound\u00e9 par un \u00abtrain express\u00bb, cinq ans apr\u00e8s la catastrophe d\u2019Es\u00e9ka - Cameroun<\/title>\n<meta name=\"description\" content=\"Cinq ans apr\u00e8s la trag\u00e9die d\u2019Es\u00e9ka, dans le d\u00e9partement du Nyong-et-Kell\u00e9, r\u00e9gion du Centre, et qui avait co\u00fbt\u00e9 la vie \u00e0 ...\" \/>\n<meta name=\"robots\" content=\"index, follow, max-snippet:-1, max-image-preview:large, max-video-preview:-1\" \/>\n<link rel=\"canonical\" href=\"https:\/\/www.africa-press.net\/cameroun\/toutes-les-actualites\/cameroun-transport-ferroviaire-le-trafic-a-repris-entre-douala-et-yaounde-par-un-train-express-cinq-ans-apres-la-catastrophe-deseka\" \/>\n<meta property=\"og:locale\" content=\"fr_FR\" \/>\n<meta property=\"og:type\" content=\"article\" \/>\n<meta property=\"og:title\" content=\"Cameroun - Transport ferroviaire: Le trafic a repris entre Douala et Yaound\u00e9 par un \u00abtrain express\u00bb, cinq ans apr\u00e8s la catastrophe d\u2019Es\u00e9ka\" \/>\n<meta property=\"og:description\" content=\"Cinq ans apr\u00e8s la trag\u00e9die d\u2019Es\u00e9ka, dans le d\u00e9partement du Nyong-et-Kell\u00e9, r\u00e9gion du Centre, et qui avait co\u00fbt\u00e9 la vie \u00e0 ...\" \/>\n<meta property=\"og:url\" content=\"https:\/\/www.africa-press.net\/cameroun\/toutes-les-actualites\/cameroun-transport-ferroviaire-le-trafic-a-repris-entre-douala-et-yaounde-par-un-train-express-cinq-ans-apres-la-catastrophe-deseka\" \/>\n<meta property=\"og:site_name\" content=\"Cameroun\" \/>\n<meta property=\"article:published_time\" content=\"2021-04-30T18:23:20+00:00\" \/>\n<meta property=\"article:modified_time\" content=\"2021-04-30T21:08:31+00:00\" \/>\n<meta property=\"og:image\" content=\"https:\/\/static.africa-press.net\/cameroun\/sites\/57\/2021\/04\/img-608c71b55d7ea.jpg\" \/>\n\t<meta property=\"og:image:width\" content=\"800\" \/>\n\t<meta property=\"og:image:height\" content=\"424\" \/>\n\t<meta property=\"og:image:type\" content=\"image\/jpeg\" \/>\n<meta name=\"author\" content=\"cfeditorfr\" \/>\n<meta name=\"twitter:card\" content=\"summary_large_image\" \/>\n<meta name=\"twitter:label1\" content=\"\u00c9crit par\" \/>\n\t<meta name=\"twitter:data1\" content=\"cfeditorfr\" \/>\n\t<meta name=\"twitter:label2\" content=\"Dur\u00e9e de lecture estim\u00e9e\" \/>\n\t<meta name=\"twitter:data2\" content=\"1 minute\" \/>\n<script type=\"application\/ld+json\" class=\"yoast-schema-graph\">{\"@context\":\"https:\/\/schema.org\",\"@graph\":[{\"@type\":\"Article\",\"@id\":\"https:\/\/www.africa-press.net\/cameroun\/toutes-les-actualites\/cameroun-transport-ferroviaire-le-trafic-a-repris-entre-douala-et-yaounde-par-un-train-express-cinq-ans-apres-la-catastrophe-deseka#article\",\"isPartOf\":{\"@id\":\"https:\/\/www.africa-press.net\/cameroun\/toutes-les-actualites\/cameroun-transport-ferroviaire-le-trafic-a-repris-entre-douala-et-yaounde-par-un-train-express-cinq-ans-apres-la-catastrophe-deseka\"},\"author\":{\"name\":\"cfeditorfr\",\"@id\":\"https:\/\/www.africa-press.net\/cameroun\/#\/schema\/person\/2b1cf3cd81a31e3cd26889ca66d677f1\"},\"headline\":\"Cameroun &#8211; Transport ferroviaire: Le trafic a repris entre Douala et Yaound\u00e9 par un \u00abtrain express\u00bb, cinq ans apr\u00e8s la catastrophe d\u2019Es\u00e9ka\",\"datePublished\":\"2021-04-30T18:23:20+00:00\",\"dateModified\":\"2021-04-30T21:08:31+00:00\",\"mainEntityOfPage\":{\"@id\":\"https:\/\/www.africa-press.net\/cameroun\/toutes-les-actualites\/cameroun-transport-ferroviaire-le-trafic-a-repris-entre-douala-et-yaounde-par-un-train-express-cinq-ans-apres-la-catastrophe-deseka\"},\"wordCount\":282,\"commentCount\":0,\"image\":{\"@id\":\"https:\/\/www.africa-press.net\/cameroun\/toutes-les-actualites\/cameroun-transport-ferroviaire-le-trafic-a-repris-entre-douala-et-yaounde-par-un-train-express-cinq-ans-apres-la-catastrophe-deseka#primaryimage\"},\"thumbnailUrl\":\"https:\/\/static.africa-press.net\/cameroun\/sites\/57\/2021\/04\/img-608c71b55d7ea.jpg\",\"keywords\":[\"Africa Press\",\"Africa Press-Cameroun\",\"Cameroun\"],\"articleSection\":[\"Communaut\u00e9\",\"homepage-french\",\"Toutes les actualit\u00e9s\"],\"inLanguage\":\"fr-FR\",\"potentialAction\":[{\"@type\":\"CommentAction\",\"name\":\"Comment\",\"target\":[\"https:\/\/www.africa-press.net\/cameroun\/toutes-les-actualites\/cameroun-transport-ferroviaire-le-trafic-a-repris-entre-douala-et-yaounde-par-un-train-express-cinq-ans-apres-la-catastrophe-deseka#respond\"]}]},{\"@type\":\"WebPage\",\"@id\":\"https:\/\/www.africa-press.net\/cameroun\/toutes-les-actualites\/cameroun-transport-ferroviaire-le-trafic-a-repris-entre-douala-et-yaounde-par-un-train-express-cinq-ans-apres-la-catastrophe-deseka\",\"url\":\"https:\/\/www.africa-press.net\/cameroun\/toutes-les-actualites\/cameroun-transport-ferroviaire-le-trafic-a-repris-entre-douala-et-yaounde-par-un-train-express-cinq-ans-apres-la-catastrophe-deseka\",\"name\":\"Cameroun - Transport ferroviaire: Le trafic a repris entre Douala et Yaound\u00e9 par un \u00abtrain express\u00bb, cinq ans apr\u00e8s la catastrophe d\u2019Es\u00e9ka - Cameroun\",\"isPartOf\":{\"@id\":\"https:\/\/www.africa-press.net\/cameroun\/#website\"},\"primaryImageOfPage\":{\"@id\":\"https:\/\/www.africa-press.net\/cameroun\/toutes-les-actualites\/cameroun-transport-ferroviaire-le-trafic-a-repris-entre-douala-et-yaounde-par-un-train-express-cinq-ans-apres-la-catastrophe-deseka#primaryimage\"},\"image\":{\"@id\":\"https:\/\/www.africa-press.net\/cameroun\/toutes-les-actualites\/cameroun-transport-ferroviaire-le-trafic-a-repris-entre-douala-et-yaounde-par-un-train-express-cinq-ans-apres-la-catastrophe-deseka#primaryimage\"},\"thumbnailUrl\":\"https:\/\/static.africa-press.net\/cameroun\/sites\/57\/2021\/04\/img-608c71b55d7ea.jpg\",\"datePublished\":\"2021-04-30T18:23:20+00:00\",\"dateModified\":\"2021-04-30T21:08:31+00:00\",\"author\":{\"@id\":\"https:\/\/www.africa-press.net\/cameroun\/#\/schema\/person\/2b1cf3cd81a31e3cd26889ca66d677f1\"},\"description\":\"Cinq ans apr\u00e8s la trag\u00e9die d\u2019Es\u00e9ka, dans le d\u00e9partement du Nyong-et-Kell\u00e9, r\u00e9gion du Centre, et qui avait co\u00fbt\u00e9 la vie \u00e0 ...\",\"breadcrumb\":{\"@id\":\"https:\/\/www.africa-press.net\/cameroun\/toutes-les-actualites\/cameroun-transport-ferroviaire-le-trafic-a-repris-entre-douala-et-yaounde-par-un-train-express-cinq-ans-apres-la-catastrophe-deseka#breadcrumb\"},\"inLanguage\":\"fr-FR\",\"potentialAction\":[{\"@type\":\"ReadAction\",\"target\":[\"https:\/\/www.africa-press.net\/cameroun\/toutes-les-actualites\/cameroun-transport-ferroviaire-le-trafic-a-repris-entre-douala-et-yaounde-par-un-train-express-cinq-ans-apres-la-catastrophe-deseka\"]}]},{\"@type\":\"ImageObject\",\"inLanguage\":\"fr-FR\",\"@id\":\"https:\/\/www.africa-press.net\/cameroun\/toutes-les-actualites\/cameroun-transport-ferroviaire-le-trafic-a-repris-entre-douala-et-yaounde-par-un-train-express-cinq-ans-apres-la-catastrophe-deseka#primaryimage\",\"url\":\"https:\/\/static.africa-press.net\/cameroun\/sites\/57\/2021\/04\/img-608c71b55d7ea.jpg\",\"contentUrl\":\"https:\/\/static.africa-press.net\/cameroun\/sites\/57\/2021\/04\/img-608c71b55d7ea.jpg\",\"width\":800,\"height\":424,\"caption\":\"Cameroun - Transport ferroviaire: Le trafic a repris entre Douala et Yaound\u00e9 par un \u00abtrain express\u00bb, cinq ans apr\u00e8s la catastrophe d\u2019Es\u00e9ka\"},{\"@type\":\"BreadcrumbList\",\"@id\":\"https:\/\/www.africa-press.net\/cameroun\/toutes-les-actualites\/cameroun-transport-ferroviaire-le-trafic-a-repris-entre-douala-et-yaounde-par-un-train-express-cinq-ans-apres-la-catastrophe-deseka#breadcrumb\",\"itemListElement\":[{\"@type\":\"ListItem\",\"position\":1,\"name\":\"Accueil\",\"item\":\"https:\/\/www.africa-press.net\/cameroun\/\"},{\"@type\":\"ListItem\",\"position\":2,\"name\":\"Cameroun &#8211; Transport ferroviaire: Le trafic a repris entre Douala et Yaound\u00e9 par un \u00abtrain express\u00bb, cinq ans apr\u00e8s la catastrophe d\u2019Es\u00e9ka\"}]},{\"@type\":\"WebSite\",\"@id\":\"https:\/\/www.africa-press.net\/cameroun\/#website\",\"url\":\"https:\/\/www.africa-press.net\/cameroun\/\",\"name\":\"Cameroun\",\"description\":\"Just another Africa News Agency Sites site\",\"potentialAction\":[{\"@type\":\"SearchAction\",\"target\":{\"@type\":\"EntryPoint\",\"urlTemplate\":\"https:\/\/www.africa-press.net\/cameroun\/?s={search_term_string}\"},\"query-input\":{\"@type\":\"PropertyValueSpecification\",\"valueRequired\":true,\"valueName\":\"search_term_string\"}}],\"inLanguage\":\"fr-FR\"},{\"@type\":\"Person\",\"@id\":\"https:\/\/www.africa-press.net\/cameroun\/#\/schema\/person\/2b1cf3cd81a31e3cd26889ca66d677f1\",\"name\":\"cfeditorfr\"}]}<\/script>\n<!-- \/ Yoast SEO Premium plugin. -->","yoast_head_json":{"title":"Cameroun - Transport ferroviaire: Le trafic a repris entre Douala et Yaound\u00e9 par un \u00abtrain express\u00bb, cinq ans apr\u00e8s la catastrophe d\u2019Es\u00e9ka - Cameroun","description":"Cinq ans apr\u00e8s la trag\u00e9die d\u2019Es\u00e9ka, dans le d\u00e9partement du Nyong-et-Kell\u00e9, r\u00e9gion du Centre, et qui avait co\u00fbt\u00e9 la vie \u00e0 ...","robots":{"index":"index","follow":"follow","max-snippet":"max-snippet:-1","max-image-preview":"max-image-preview:large","max-video-preview":"max-video-preview:-1"},"canonical":"https:\/\/www.africa-press.net\/cameroun\/toutes-les-actualites\/cameroun-transport-ferroviaire-le-trafic-a-repris-entre-douala-et-yaounde-par-un-train-express-cinq-ans-apres-la-catastrophe-deseka","og_locale":"fr_FR","og_type":"article","og_title":"Cameroun - Transport ferroviaire: Le trafic a repris entre Douala et Yaound\u00e9 par un \u00abtrain express\u00bb, cinq ans apr\u00e8s la catastrophe d\u2019Es\u00e9ka","og_description":"Cinq ans apr\u00e8s la trag\u00e9die d\u2019Es\u00e9ka, dans le d\u00e9partement du Nyong-et-Kell\u00e9, r\u00e9gion du Centre, et qui avait co\u00fbt\u00e9 la vie \u00e0 ...","og_url":"https:\/\/www.africa-press.net\/cameroun\/toutes-les-actualites\/cameroun-transport-ferroviaire-le-trafic-a-repris-entre-douala-et-yaounde-par-un-train-express-cinq-ans-apres-la-catastrophe-deseka","og_site_name":"Cameroun","article_published_time":"2021-04-30T18:23:20+00:00","article_modified_time":"2021-04-30T21:08:31+00:00","og_image":[{"width":800,"height":424,"url":"https:\/\/static.africa-press.net\/cameroun\/sites\/57\/2021\/04\/img-608c71b55d7ea.jpg","type":"image\/jpeg"}],"author":"cfeditorfr","twitter_card":"summary_large_image","twitter_misc":{"\u00c9crit par":"cfeditorfr","Dur\u00e9e de lecture estim\u00e9e":"1 minute"},"schema":{"@context":"https:\/\/schema.org","@graph":[{"@type":"Article","@id":"https:\/\/www.africa-press.net\/cameroun\/toutes-les-actualites\/cameroun-transport-ferroviaire-le-trafic-a-repris-entre-douala-et-yaounde-par-un-train-express-cinq-ans-apres-la-catastrophe-deseka#article","isPartOf":{"@id":"https:\/\/www.africa-press.net\/cameroun\/toutes-les-actualites\/cameroun-transport-ferroviaire-le-trafic-a-repris-entre-douala-et-yaounde-par-un-train-express-cinq-ans-apres-la-catastrophe-deseka"},"author":{"name":"cfeditorfr","@id":"https:\/\/www.africa-press.net\/cameroun\/#\/schema\/person\/2b1cf3cd81a31e3cd26889ca66d677f1"},"headline":"Cameroun &#8211; Transport ferroviaire: Le trafic a repris entre Douala et Yaound\u00e9 par un \u00abtrain express\u00bb, cinq ans apr\u00e8s la catastrophe d\u2019Es\u00e9ka","datePublished":"2021-04-30T18:23:20+00:00","dateModified":"2021-04-30T21:08:31+00:00","mainEntityOfPage":{"@id":"https:\/\/www.africa-press.net\/cameroun\/toutes-les-actualites\/cameroun-transport-ferroviaire-le-trafic-a-repris-entre-douala-et-yaounde-par-un-train-express-cinq-ans-apres-la-catastrophe-deseka"},"wordCount":282,"commentCount":0,"image":{"@id":"https:\/\/www.africa-press.net\/cameroun\/toutes-les-actualites\/cameroun-transport-ferroviaire-le-trafic-a-repris-entre-douala-et-yaounde-par-un-train-express-cinq-ans-apres-la-catastrophe-deseka#primaryimage"},"thumbnailUrl":"https:\/\/static.africa-press.net\/cameroun\/sites\/57\/2021\/04\/img-608c71b55d7ea.jpg","keywords":["Africa Press","Africa Press-Cameroun","Cameroun"],"articleSection":["Communaut\u00e9","homepage-french","Toutes les actualit\u00e9s"],"inLanguage":"fr-FR","potentialAction":[{"@type":"CommentAction","name":"Comment","target":["https:\/\/www.africa-press.net\/cameroun\/toutes-les-actualites\/cameroun-transport-ferroviaire-le-trafic-a-repris-entre-douala-et-yaounde-par-un-train-express-cinq-ans-apres-la-catastrophe-deseka#respond"]}]},{"@type":"WebPage","@id":"https:\/\/www.africa-press.net\/cameroun\/toutes-les-actualites\/cameroun-transport-ferroviaire-le-trafic-a-repris-entre-douala-et-yaounde-par-un-train-express-cinq-ans-apres-la-catastrophe-deseka","url":"https:\/\/www.africa-press.net\/cameroun\/toutes-les-actualites\/cameroun-transport-ferroviaire-le-trafic-a-repris-entre-douala-et-yaounde-par-un-train-express-cinq-ans-apres-la-catastrophe-deseka","name":"Cameroun - Transport ferroviaire: Le trafic a repris entre Douala et Yaound\u00e9 par un \u00abtrain express\u00bb, cinq ans apr\u00e8s la catastrophe d\u2019Es\u00e9ka - Cameroun","isPartOf":{"@id":"https:\/\/www.africa-press.net\/cameroun\/#website"},"primaryImageOfPage":{"@id":"https:\/\/www.africa-press.net\/cameroun\/toutes-les-actualites\/cameroun-transport-ferroviaire-le-trafic-a-repris-entre-douala-et-yaounde-par-un-train-express-cinq-ans-apres-la-catastrophe-deseka#primaryimage"},"image":{"@id":"https:\/\/www.africa-press.net\/cameroun\/toutes-les-actualites\/cameroun-transport-ferroviaire-le-trafic-a-repris-entre-douala-et-yaounde-par-un-train-express-cinq-ans-apres-la-catastrophe-deseka#primaryimage"},"thumbnailUrl":"https:\/\/static.africa-press.net\/cameroun\/sites\/57\/2021\/04\/img-608c71b55d7ea.jpg","datePublished":"2021-04-30T18:23:20+00:00","dateModified":"2021-04-30T21:08:31+00:00","author":{"@id":"https:\/\/www.africa-press.net\/cameroun\/#\/schema\/person\/2b1cf3cd81a31e3cd26889ca66d677f1"},"description":"Cinq ans apr\u00e8s la trag\u00e9die d\u2019Es\u00e9ka, dans le d\u00e9partement du Nyong-et-Kell\u00e9, r\u00e9gion du Centre, et qui avait co\u00fbt\u00e9 la vie \u00e0 ...","breadcrumb":{"@id":"https:\/\/www.africa-press.net\/cameroun\/toutes-les-actualites\/cameroun-transport-ferroviaire-le-trafic-a-repris-entre-douala-et-yaounde-par-un-train-express-cinq-ans-apres-la-catastrophe-deseka#breadcrumb"},"inLanguage":"fr-FR","potentialAction":[{"@type":"ReadAction","target":["https:\/\/www.africa-press.net\/cameroun\/toutes-les-actualites\/cameroun-transport-ferroviaire-le-trafic-a-repris-entre-douala-et-yaounde-par-un-train-express-cinq-ans-apres-la-catastrophe-deseka"]}]},{"@type":"ImageObject","inLanguage":"fr-FR","@id":"https:\/\/www.africa-press.net\/cameroun\/toutes-les-actualites\/cameroun-transport-ferroviaire-le-trafic-a-repris-entre-douala-et-yaounde-par-un-train-express-cinq-ans-apres-la-catastrophe-deseka#primaryimage","url":"https:\/\/static.africa-press.net\/cameroun\/sites\/57\/2021\/04\/img-608c71b55d7ea.jpg","contentUrl":"https:\/\/static.africa-press.net\/cameroun\/sites\/57\/2021\/04\/img-608c71b55d7ea.jpg","width":800,"height":424,"caption":"Cameroun - Transport ferroviaire: Le trafic a repris entre Douala et Yaound\u00e9 par un \u00abtrain express\u00bb, cinq ans apr\u00e8s la catastrophe d\u2019Es\u00e9ka"},{"@type":"BreadcrumbList","@id":"https:\/\/www.africa-press.net\/cameroun\/toutes-les-actualites\/cameroun-transport-ferroviaire-le-trafic-a-repris-entre-douala-et-yaounde-par-un-train-express-cinq-ans-apres-la-catastrophe-deseka#breadcrumb","itemListElement":[{"@type":"ListItem","position":1,"name":"Accueil","item":"https:\/\/www.africa-press.net\/cameroun\/"},{"@type":"ListItem","position":2,"name":"Cameroun &#8211; Transport ferroviaire: Le trafic a repris entre Douala et Yaound\u00e9 par un \u00abtrain express\u00bb, cinq ans apr\u00e8s la catastrophe d\u2019Es\u00e9ka"}]},{"@type":"WebSite","@id":"https:\/\/www.africa-press.net\/cameroun\/#website","url":"https:\/\/www.africa-press.net\/cameroun\/","name":"Cameroun","description":"Just another Africa News Agency Sites site","potentialAction":[{"@type":"SearchAction","target":{"@type":"EntryPoint","urlTemplate":"https:\/\/www.africa-press.net\/cameroun\/?s={search_term_string}"},"query-input":{"@type":"PropertyValueSpecification","valueRequired":true,"valueName":"search_term_string"}}],"inLanguage":"fr-FR"},{"@type":"Person","@id":"https:\/\/www.africa-press.net\/cameroun\/#\/schema\/person\/2b1cf3cd81a31e3cd26889ca66d677f1","name":"cfeditorfr"}]}},"_links":{"self":[{"href":"https:\/\/www.africa-press.net\/cameroun\/wp-json\/wp\/v2\/posts\/2846","targetHints":{"allow":["GET"]}}],"collection":[{"href":"https:\/\/www.africa-press.net\/cameroun\/wp-json\/wp\/v2\/posts"}],"about":[{"href":"https:\/\/www.africa-press.net\/cameroun\/wp-json\/wp\/v2\/types\/post"}],"author":[{"embeddable":true,"href":"https:\/\/www.africa-press.net\/cameroun\/wp-json\/wp\/v2\/users\/82"}],"replies":[{"embeddable":true,"href":"https:\/\/www.africa-press.net\/cameroun\/wp-json\/wp\/v2\/comments?post=2846"}],"version-history":[{"count":0,"href":"https:\/\/www.africa-press.net\/cameroun\/wp-json\/wp\/v2\/posts\/2846\/revisions"}],"wp:featuredmedia":[{"embeddable":true,"href":"https:\/\/www.africa-press.net\/cameroun\/wp-json\/wp\/v2\/media\/2845"}],"wp:attachment":[{"href":"https:\/\/www.africa-press.net\/cameroun\/wp-json\/wp\/v2\/media?parent=2846"}],"wp:term":[{"taxonomy":"category","embeddable":true,"href":"https:\/\/www.africa-press.net\/cameroun\/wp-json\/wp\/v2\/categories?post=2846"},{"taxonomy":"post_tag","embeddable":true,"href":"https:\/\/www.africa-press.net\/cameroun\/wp-json\/wp\/v2\/tags?post=2846"}],"curies":[{"name":"wp","href":"https:\/\/api.w.org\/{rel}","templated":true}]}}