{"id":28462,"date":"2022-09-30T17:30:16","date_gmt":"2022-09-30T17:30:16","guid":{"rendered":"https:\/\/www.africa-press.net\/cameroun\/politique\/litalien-ferrero-annonce-la-restructuration-de-sa-filiale-au-cameroun-dont-le-capital-a-augmente-de-700"},"modified":"2022-09-30T19:03:29","modified_gmt":"2022-09-30T19:03:29","slug":"litalien-ferrero-annonce-la-restructuration-de-sa-filiale-au-cameroun-dont-le-capital-a-augmente-de-700","status":"publish","type":"post","link":"https:\/\/www.africa-press.net\/cameroun\/economie\/litalien-ferrero-annonce-la-restructuration-de-sa-filiale-au-cameroun-dont-le-capital-a-augmente-de-700","title":{"rendered":"L\u2019Italien Ferrero annonce la restructuration de sa filiale au Cameroun dont le capital a augment\u00e9 de 700%"},"content":{"rendered":"<p><span style=\"color: #ff6600\"><strong>Africa-Press &#8211; Cameroun. <\/strong><\/span>Investir au Cameroun) &#8211; Dans une annonce publie\u0301e le 30 septembre, le groupe italien Ferrero spe\u0301cialise\u0301 dans la confiserie et qui commercialise principalement la marque \u00ab Kinder \u00bb, annonce la restructuration de sa filiale au Cameroun. Selon le communique\u0301, cette restructuration est rendue ne\u0301cessaire par le \u00ab contexte e\u0301conomique \u00bb.<\/p>\n<p>L\u2019entreprise, qui assure que l\u2019ope\u0301ration \u00ab se fera dans le strict respect de la le\u0301gislation et la re\u0301glementation camerounaises en vigueur \u00bb, ne donne pas de de\u0301tails. Elle ne pre\u0301cise pas si c\u2019est pour re\u0301duire ou augmenter sa voilure ou encore s\u2019il y aura un plan social impliquant par exemple des licenciements. Mais son annonce ne surprend vraiment pas.<\/p>\n<p>En effet, selon une annonce le\u0301gale publie\u0301e le 3 fe\u0301vrier 2022, Ferrero Cameroun a mene\u0301 des ope\u0301rations successives qui lui ont permis d\u2019augmenter son capital de 2,86 milliards de FCFA, d\u2019assainir son bilan en effac\u0327ant 2,56 milliards de pertes nettes comptables et de re\u0301gler une dette de 5,4 milliards de FCFA. Pour rembourser cette dette due a\u0300 un de ses actionnaires, Ferrero Cameroun explique avoir augmente\u0301 le capital a\u0300 concurrence de cette somme au be\u0301ne\u0301fice de son cre\u0301ancier.<\/p>\n<p>Ce dernier, dont l\u2019identite\u0301 n\u2019est pas re\u0301ve\u0301le\u0301e, est ainsi devenu l\u2019actionnaire majoritaire en contro\u0302lant 93% du capital passe\u0301 de 408,69 millions de FCFA a\u0300 plus de 5,8 milliards de FCFA. Le nouvel actionnaire majoritaire a ensuite autorise\u0301 la re\u0301duction du capital de 2,56 milliards pour effacer une partie des pertes nettes comptables. Le nouveau capital de Ferrero Cameroun se chiffre alors a\u0300 3,26 milliards de FCFA, soit une hausse de pre\u0300s de 700% par rapport aux 408,69 millions de FCFA de de\u0301part.<\/p>\n<p>Les objectifs de ces passe-passe financiers n\u2019ont pas e\u0301te\u0301 re\u0301ve\u0301le\u0301s. Mais si le nouvel actionnaire majoritaire reste Ferrero, l\u2019une des hypothe\u0300ses est que le groupe italien assainit le bilan de sa filiale et la positionne pour une nouvelle e\u0301tape de de\u0301veloppement avec une meilleure valeur d\u2019entreprise.<\/p>\n<p>Selon le ministe\u0300re du Commerce, la fabrique de production de chocolat et pa\u0302te a\u0300 tartiner Ferrero est l\u2019une des entreprises e\u0301trange\u0300res les plus compe\u0301titives dans ce domaine au Cameroun. Elle emploie environ 200 travailleurs. Avec 717 tonnes de cacao transforme\u0301es au cours de la campagne cacaoye\u0300re 2019-2020, l\u2019Italien Ferrero a e\u0301te\u0301 classe\u0301 au rang de 2e transformateur du pays par l\u2019Office national du cacao et du cafe\u0301 (ONCC).<\/p>\n<p><strong>Pour plus d&rsquo;informations et d&rsquo;analyses sur la <a href=\"https:\/\/www.africa-press.net\/cameroun\">Cameroun<\/a>, suivez <a href=\"https:\/\/www.africa-press.net\/\">Africa-Press<\/a><\/strong><\/p>\n","protected":false},"excerpt":{"rendered":"<p>Africa-Press &#8211; Cameroun. Investir au Cameroun) &#8211; Dans une annonce publie\u0301e le 30 septembre, le groupe italien Ferrero spe\u0301cialise\u0301 dans la confiserie et qui commercialise principalement la marque \u00ab Kinder \u00bb, annonce la restructuration de sa filiale au Cameroun. Selon le communique\u0301, cette restructuration est rendue ne\u0301cessaire par le \u00ab contexte e\u0301conomique \u00bb. L\u2019entreprise, qui [&hellip;]<\/p>\n","protected":false},"author":82,"featured_media":28461,"comment_status":"open","ping_status":"closed","sticky":false,"template":"","format":"standard","meta":{"footnotes":""},"categories":[3,10],"tags":[36,50,49],"class_list":["post-28462","post","type-post","status-publish","format-standard","has-post-thumbnail","hentry","category-economie","category-toutes-les-actualites","tag-africa-press","tag-africa-press-cameroun","tag-cameroun"],"yoast_head":"<!-- This site is optimized with the Yoast SEO Premium plugin v26.1 (Yoast SEO v27.0) - https:\/\/yoast.com\/product\/yoast-seo-premium-wordpress\/ -->\n<title>L\u2019Italien Ferrero annonce la restructuration de sa filiale au Cameroun dont le capital a augment\u00e9 de 700% - Cameroun<\/title>\n<meta name=\"description\" content=\"Investir au Cameroun) - Dans une annonce publie\u0301e le 30 septembre, le groupe italien Ferrero spe\u0301cialise\u0301 dans la confis ...\" \/>\n<meta name=\"robots\" content=\"index, follow, max-snippet:-1, max-image-preview:large, max-video-preview:-1\" \/>\n<link rel=\"canonical\" href=\"https:\/\/www.africa-press.net\/cameroun\/economie\/litalien-ferrero-annonce-la-restructuration-de-sa-filiale-au-cameroun-dont-le-capital-a-augmente-de-700\" \/>\n<meta property=\"og:locale\" content=\"fr_FR\" \/>\n<meta property=\"og:type\" content=\"article\" \/>\n<meta property=\"og:title\" content=\"L\u2019Italien Ferrero annonce la restructuration de sa filiale au Cameroun dont le capital a augment\u00e9 de 700%\" \/>\n<meta property=\"og:description\" content=\"Investir au Cameroun) - Dans une annonce publie\u0301e le 30 septembre, le groupe italien Ferrero spe\u0301cialise\u0301 dans la confis ...\" \/>\n<meta property=\"og:url\" content=\"https:\/\/www.africa-press.net\/cameroun\/economie\/litalien-ferrero-annonce-la-restructuration-de-sa-filiale-au-cameroun-dont-le-capital-a-augmente-de-700\" \/>\n<meta property=\"og:site_name\" content=\"Cameroun\" \/>\n<meta property=\"article:published_time\" content=\"2022-09-30T17:30:16+00:00\" \/>\n<meta property=\"article:modified_time\" content=\"2022-09-30T19:03:29+00:00\" \/>\n<meta property=\"og:image\" content=\"https:\/\/static.africa-press.net\/cameroun\/sites\/57\/2022\/09\/img-633739ea291d2.jpg\" \/>\n\t<meta property=\"og:image:width\" content=\"720\" \/>\n\t<meta property=\"og:image:height\" content=\"479\" \/>\n\t<meta property=\"og:image:type\" content=\"image\/jpeg\" \/>\n<meta name=\"author\" content=\"cfeditorfr\" \/>\n<meta name=\"twitter:card\" content=\"summary_large_image\" \/>\n<meta name=\"twitter:label1\" content=\"\u00c9crit par\" \/>\n\t<meta name=\"twitter:data1\" content=\"cfeditorfr\" \/>\n\t<meta name=\"twitter:label2\" content=\"Dur\u00e9e de lecture estim\u00e9e\" \/>\n\t<meta name=\"twitter:data2\" content=\"3 minutes\" \/>\n<script type=\"application\/ld+json\" class=\"yoast-schema-graph\">{\"@context\":\"https:\/\/schema.org\",\"@graph\":[{\"@type\":\"Article\",\"@id\":\"https:\/\/www.africa-press.net\/cameroun\/economie\/litalien-ferrero-annonce-la-restructuration-de-sa-filiale-au-cameroun-dont-le-capital-a-augmente-de-700#article\",\"isPartOf\":{\"@id\":\"https:\/\/www.africa-press.net\/cameroun\/economie\/litalien-ferrero-annonce-la-restructuration-de-sa-filiale-au-cameroun-dont-le-capital-a-augmente-de-700\"},\"author\":{\"name\":\"cfeditorfr\",\"@id\":\"https:\/\/www.africa-press.net\/cameroun\/#\/schema\/person\/2b1cf3cd81a31e3cd26889ca66d677f1\"},\"headline\":\"L\u2019Italien Ferrero annonce la restructuration de sa filiale au Cameroun dont le capital a augment\u00e9 de 700%\",\"datePublished\":\"2022-09-30T17:30:16+00:00\",\"dateModified\":\"2022-09-30T19:03:29+00:00\",\"mainEntityOfPage\":{\"@id\":\"https:\/\/www.africa-press.net\/cameroun\/economie\/litalien-ferrero-annonce-la-restructuration-de-sa-filiale-au-cameroun-dont-le-capital-a-augmente-de-700\"},\"wordCount\":450,\"commentCount\":0,\"image\":{\"@id\":\"https:\/\/www.africa-press.net\/cameroun\/economie\/litalien-ferrero-annonce-la-restructuration-de-sa-filiale-au-cameroun-dont-le-capital-a-augmente-de-700#primaryimage\"},\"thumbnailUrl\":\"https:\/\/static.africa-press.net\/cameroun\/sites\/57\/2022\/09\/img-633739ea291d2.jpg\",\"keywords\":[\"Africa Press\",\"Africa Press-Cameroun\",\"Cameroun\"],\"articleSection\":[\"\u00c9conomie\",\"Toutes les actualit\u00e9s\"],\"inLanguage\":\"fr-FR\",\"potentialAction\":[{\"@type\":\"CommentAction\",\"name\":\"Comment\",\"target\":[\"https:\/\/www.africa-press.net\/cameroun\/economie\/litalien-ferrero-annonce-la-restructuration-de-sa-filiale-au-cameroun-dont-le-capital-a-augmente-de-700#respond\"]}]},{\"@type\":\"WebPage\",\"@id\":\"https:\/\/www.africa-press.net\/cameroun\/economie\/litalien-ferrero-annonce-la-restructuration-de-sa-filiale-au-cameroun-dont-le-capital-a-augmente-de-700\",\"url\":\"https:\/\/www.africa-press.net\/cameroun\/economie\/litalien-ferrero-annonce-la-restructuration-de-sa-filiale-au-cameroun-dont-le-capital-a-augmente-de-700\",\"name\":\"L\u2019Italien Ferrero annonce la restructuration de sa filiale au Cameroun dont le capital a augment\u00e9 de 700% - Cameroun\",\"isPartOf\":{\"@id\":\"https:\/\/www.africa-press.net\/cameroun\/#website\"},\"primaryImageOfPage\":{\"@id\":\"https:\/\/www.africa-press.net\/cameroun\/economie\/litalien-ferrero-annonce-la-restructuration-de-sa-filiale-au-cameroun-dont-le-capital-a-augmente-de-700#primaryimage\"},\"image\":{\"@id\":\"https:\/\/www.africa-press.net\/cameroun\/economie\/litalien-ferrero-annonce-la-restructuration-de-sa-filiale-au-cameroun-dont-le-capital-a-augmente-de-700#primaryimage\"},\"thumbnailUrl\":\"https:\/\/static.africa-press.net\/cameroun\/sites\/57\/2022\/09\/img-633739ea291d2.jpg\",\"datePublished\":\"2022-09-30T17:30:16+00:00\",\"dateModified\":\"2022-09-30T19:03:29+00:00\",\"author\":{\"@id\":\"https:\/\/www.africa-press.net\/cameroun\/#\/schema\/person\/2b1cf3cd81a31e3cd26889ca66d677f1\"},\"description\":\"Investir au Cameroun) - Dans une annonce publie\u0301e le 30 septembre, le groupe italien Ferrero spe\u0301cialise\u0301 dans la confis ...\",\"breadcrumb\":{\"@id\":\"https:\/\/www.africa-press.net\/cameroun\/economie\/litalien-ferrero-annonce-la-restructuration-de-sa-filiale-au-cameroun-dont-le-capital-a-augmente-de-700#breadcrumb\"},\"inLanguage\":\"fr-FR\",\"potentialAction\":[{\"@type\":\"ReadAction\",\"target\":[\"https:\/\/www.africa-press.net\/cameroun\/economie\/litalien-ferrero-annonce-la-restructuration-de-sa-filiale-au-cameroun-dont-le-capital-a-augmente-de-700\"]}]},{\"@type\":\"ImageObject\",\"inLanguage\":\"fr-FR\",\"@id\":\"https:\/\/www.africa-press.net\/cameroun\/economie\/litalien-ferrero-annonce-la-restructuration-de-sa-filiale-au-cameroun-dont-le-capital-a-augmente-de-700#primaryimage\",\"url\":\"https:\/\/static.africa-press.net\/cameroun\/sites\/57\/2022\/09\/img-633739ea291d2.jpg\",\"contentUrl\":\"https:\/\/static.africa-press.net\/cameroun\/sites\/57\/2022\/09\/img-633739ea291d2.jpg\",\"width\":720,\"height\":479,\"caption\":\"L\u2019Italien Ferrero annonce la restructuration de sa filiale au Cameroun dont le capital a augment\u00e9 de 700%\"},{\"@type\":\"BreadcrumbList\",\"@id\":\"https:\/\/www.africa-press.net\/cameroun\/economie\/litalien-ferrero-annonce-la-restructuration-de-sa-filiale-au-cameroun-dont-le-capital-a-augmente-de-700#breadcrumb\",\"itemListElement\":[{\"@type\":\"ListItem\",\"position\":1,\"name\":\"Accueil\",\"item\":\"https:\/\/www.africa-press.net\/cameroun\/\"},{\"@type\":\"ListItem\",\"position\":2,\"name\":\"L\u2019Italien Ferrero annonce la restructuration de sa filiale au Cameroun dont le capital a augment\u00e9 de 700%\"}]},{\"@type\":\"WebSite\",\"@id\":\"https:\/\/www.africa-press.net\/cameroun\/#website\",\"url\":\"https:\/\/www.africa-press.net\/cameroun\/\",\"name\":\"Cameroun\",\"description\":\"Just another Africa News Agency Sites site\",\"potentialAction\":[{\"@type\":\"SearchAction\",\"target\":{\"@type\":\"EntryPoint\",\"urlTemplate\":\"https:\/\/www.africa-press.net\/cameroun\/?s={search_term_string}\"},\"query-input\":{\"@type\":\"PropertyValueSpecification\",\"valueRequired\":true,\"valueName\":\"search_term_string\"}}],\"inLanguage\":\"fr-FR\"},{\"@type\":\"Person\",\"@id\":\"https:\/\/www.africa-press.net\/cameroun\/#\/schema\/person\/2b1cf3cd81a31e3cd26889ca66d677f1\",\"name\":\"cfeditorfr\"}]}<\/script>\n<!-- \/ Yoast SEO Premium plugin. -->","yoast_head_json":{"title":"L\u2019Italien Ferrero annonce la restructuration de sa filiale au Cameroun dont le capital a augment\u00e9 de 700% - Cameroun","description":"Investir au Cameroun) - Dans une annonce publie\u0301e le 30 septembre, le groupe italien Ferrero spe\u0301cialise\u0301 dans la confis ...","robots":{"index":"index","follow":"follow","max-snippet":"max-snippet:-1","max-image-preview":"max-image-preview:large","max-video-preview":"max-video-preview:-1"},"canonical":"https:\/\/www.africa-press.net\/cameroun\/economie\/litalien-ferrero-annonce-la-restructuration-de-sa-filiale-au-cameroun-dont-le-capital-a-augmente-de-700","og_locale":"fr_FR","og_type":"article","og_title":"L\u2019Italien Ferrero annonce la restructuration de sa filiale au Cameroun dont le capital a augment\u00e9 de 700%","og_description":"Investir au Cameroun) - Dans une annonce publie\u0301e le 30 septembre, le groupe italien Ferrero spe\u0301cialise\u0301 dans la confis ...","og_url":"https:\/\/www.africa-press.net\/cameroun\/economie\/litalien-ferrero-annonce-la-restructuration-de-sa-filiale-au-cameroun-dont-le-capital-a-augmente-de-700","og_site_name":"Cameroun","article_published_time":"2022-09-30T17:30:16+00:00","article_modified_time":"2022-09-30T19:03:29+00:00","og_image":[{"width":720,"height":479,"url":"https:\/\/static.africa-press.net\/cameroun\/sites\/57\/2022\/09\/img-633739ea291d2.jpg","type":"image\/jpeg"}],"author":"cfeditorfr","twitter_card":"summary_large_image","twitter_misc":{"\u00c9crit par":"cfeditorfr","Dur\u00e9e de lecture estim\u00e9e":"3 minutes"},"schema":{"@context":"https:\/\/schema.org","@graph":[{"@type":"Article","@id":"https:\/\/www.africa-press.net\/cameroun\/economie\/litalien-ferrero-annonce-la-restructuration-de-sa-filiale-au-cameroun-dont-le-capital-a-augmente-de-700#article","isPartOf":{"@id":"https:\/\/www.africa-press.net\/cameroun\/economie\/litalien-ferrero-annonce-la-restructuration-de-sa-filiale-au-cameroun-dont-le-capital-a-augmente-de-700"},"author":{"name":"cfeditorfr","@id":"https:\/\/www.africa-press.net\/cameroun\/#\/schema\/person\/2b1cf3cd81a31e3cd26889ca66d677f1"},"headline":"L\u2019Italien Ferrero annonce la restructuration de sa filiale au Cameroun dont le capital a augment\u00e9 de 700%","datePublished":"2022-09-30T17:30:16+00:00","dateModified":"2022-09-30T19:03:29+00:00","mainEntityOfPage":{"@id":"https:\/\/www.africa-press.net\/cameroun\/economie\/litalien-ferrero-annonce-la-restructuration-de-sa-filiale-au-cameroun-dont-le-capital-a-augmente-de-700"},"wordCount":450,"commentCount":0,"image":{"@id":"https:\/\/www.africa-press.net\/cameroun\/economie\/litalien-ferrero-annonce-la-restructuration-de-sa-filiale-au-cameroun-dont-le-capital-a-augmente-de-700#primaryimage"},"thumbnailUrl":"https:\/\/static.africa-press.net\/cameroun\/sites\/57\/2022\/09\/img-633739ea291d2.jpg","keywords":["Africa Press","Africa Press-Cameroun","Cameroun"],"articleSection":["\u00c9conomie","Toutes les actualit\u00e9s"],"inLanguage":"fr-FR","potentialAction":[{"@type":"CommentAction","name":"Comment","target":["https:\/\/www.africa-press.net\/cameroun\/economie\/litalien-ferrero-annonce-la-restructuration-de-sa-filiale-au-cameroun-dont-le-capital-a-augmente-de-700#respond"]}]},{"@type":"WebPage","@id":"https:\/\/www.africa-press.net\/cameroun\/economie\/litalien-ferrero-annonce-la-restructuration-de-sa-filiale-au-cameroun-dont-le-capital-a-augmente-de-700","url":"https:\/\/www.africa-press.net\/cameroun\/economie\/litalien-ferrero-annonce-la-restructuration-de-sa-filiale-au-cameroun-dont-le-capital-a-augmente-de-700","name":"L\u2019Italien Ferrero annonce la restructuration de sa filiale au Cameroun dont le capital a augment\u00e9 de 700% - Cameroun","isPartOf":{"@id":"https:\/\/www.africa-press.net\/cameroun\/#website"},"primaryImageOfPage":{"@id":"https:\/\/www.africa-press.net\/cameroun\/economie\/litalien-ferrero-annonce-la-restructuration-de-sa-filiale-au-cameroun-dont-le-capital-a-augmente-de-700#primaryimage"},"image":{"@id":"https:\/\/www.africa-press.net\/cameroun\/economie\/litalien-ferrero-annonce-la-restructuration-de-sa-filiale-au-cameroun-dont-le-capital-a-augmente-de-700#primaryimage"},"thumbnailUrl":"https:\/\/static.africa-press.net\/cameroun\/sites\/57\/2022\/09\/img-633739ea291d2.jpg","datePublished":"2022-09-30T17:30:16+00:00","dateModified":"2022-09-30T19:03:29+00:00","author":{"@id":"https:\/\/www.africa-press.net\/cameroun\/#\/schema\/person\/2b1cf3cd81a31e3cd26889ca66d677f1"},"description":"Investir au Cameroun) - Dans une annonce publie\u0301e le 30 septembre, le groupe italien Ferrero spe\u0301cialise\u0301 dans la confis ...","breadcrumb":{"@id":"https:\/\/www.africa-press.net\/cameroun\/economie\/litalien-ferrero-annonce-la-restructuration-de-sa-filiale-au-cameroun-dont-le-capital-a-augmente-de-700#breadcrumb"},"inLanguage":"fr-FR","potentialAction":[{"@type":"ReadAction","target":["https:\/\/www.africa-press.net\/cameroun\/economie\/litalien-ferrero-annonce-la-restructuration-de-sa-filiale-au-cameroun-dont-le-capital-a-augmente-de-700"]}]},{"@type":"ImageObject","inLanguage":"fr-FR","@id":"https:\/\/www.africa-press.net\/cameroun\/economie\/litalien-ferrero-annonce-la-restructuration-de-sa-filiale-au-cameroun-dont-le-capital-a-augmente-de-700#primaryimage","url":"https:\/\/static.africa-press.net\/cameroun\/sites\/57\/2022\/09\/img-633739ea291d2.jpg","contentUrl":"https:\/\/static.africa-press.net\/cameroun\/sites\/57\/2022\/09\/img-633739ea291d2.jpg","width":720,"height":479,"caption":"L\u2019Italien Ferrero annonce la restructuration de sa filiale au Cameroun dont le capital a augment\u00e9 de 700%"},{"@type":"BreadcrumbList","@id":"https:\/\/www.africa-press.net\/cameroun\/economie\/litalien-ferrero-annonce-la-restructuration-de-sa-filiale-au-cameroun-dont-le-capital-a-augmente-de-700#breadcrumb","itemListElement":[{"@type":"ListItem","position":1,"name":"Accueil","item":"https:\/\/www.africa-press.net\/cameroun\/"},{"@type":"ListItem","position":2,"name":"L\u2019Italien Ferrero annonce la restructuration de sa filiale au Cameroun dont le capital a augment\u00e9 de 700%"}]},{"@type":"WebSite","@id":"https:\/\/www.africa-press.net\/cameroun\/#website","url":"https:\/\/www.africa-press.net\/cameroun\/","name":"Cameroun","description":"Just another Africa News Agency Sites site","potentialAction":[{"@type":"SearchAction","target":{"@type":"EntryPoint","urlTemplate":"https:\/\/www.africa-press.net\/cameroun\/?s={search_term_string}"},"query-input":{"@type":"PropertyValueSpecification","valueRequired":true,"valueName":"search_term_string"}}],"inLanguage":"fr-FR"},{"@type":"Person","@id":"https:\/\/www.africa-press.net\/cameroun\/#\/schema\/person\/2b1cf3cd81a31e3cd26889ca66d677f1","name":"cfeditorfr"}]}},"_links":{"self":[{"href":"https:\/\/www.africa-press.net\/cameroun\/wp-json\/wp\/v2\/posts\/28462","targetHints":{"allow":["GET"]}}],"collection":[{"href":"https:\/\/www.africa-press.net\/cameroun\/wp-json\/wp\/v2\/posts"}],"about":[{"href":"https:\/\/www.africa-press.net\/cameroun\/wp-json\/wp\/v2\/types\/post"}],"author":[{"embeddable":true,"href":"https:\/\/www.africa-press.net\/cameroun\/wp-json\/wp\/v2\/users\/82"}],"replies":[{"embeddable":true,"href":"https:\/\/www.africa-press.net\/cameroun\/wp-json\/wp\/v2\/comments?post=28462"}],"version-history":[{"count":0,"href":"https:\/\/www.africa-press.net\/cameroun\/wp-json\/wp\/v2\/posts\/28462\/revisions"}],"wp:featuredmedia":[{"embeddable":true,"href":"https:\/\/www.africa-press.net\/cameroun\/wp-json\/wp\/v2\/media\/28461"}],"wp:attachment":[{"href":"https:\/\/www.africa-press.net\/cameroun\/wp-json\/wp\/v2\/media?parent=28462"}],"wp:term":[{"taxonomy":"category","embeddable":true,"href":"https:\/\/www.africa-press.net\/cameroun\/wp-json\/wp\/v2\/categories?post=28462"},{"taxonomy":"post_tag","embeddable":true,"href":"https:\/\/www.africa-press.net\/cameroun\/wp-json\/wp\/v2\/tags?post=28462"}],"curies":[{"name":"wp","href":"https:\/\/api.w.org\/{rel}","templated":true}]}}