{"id":28468,"date":"2022-09-30T17:43:32","date_gmt":"2022-09-30T17:43:32","guid":{"rendered":"https:\/\/www.africa-press.net\/cameroun\/politique\/agriculture-relance-post-covid-le-cameroun-sapprete-a-contracter-une-dette-de-945-milliards-de-fcfa-a-la-bad"},"modified":"2022-09-30T19:03:44","modified_gmt":"2022-09-30T19:03:44","slug":"agriculture-relance-post-covid-le-cameroun-sapprete-a-contracter-une-dette-de-945-milliards-de-fcfa-a-la-bad","status":"publish","type":"post","link":"https:\/\/www.africa-press.net\/cameroun\/economie\/agriculture-relance-post-covid-le-cameroun-sapprete-a-contracter-une-dette-de-945-milliards-de-fcfa-a-la-bad","title":{"rendered":"Agriculture, relance post-Covid\u00a0: le Cameroun s\u2019appr\u00eate \u00e0 contracter une dette de 94,5 milliards de FCFA \u00e0 la BAD"},"content":{"rendered":"<p><span style=\"color: #ff6600\"><strong>Africa-Press &#8211; Cameroun. <\/strong><\/span>Investir au Cameroun) &#8211; Le Cameroun s\u2019appre\u0302te a\u0300 contracter une dette d\u2019un montant global de 94,5 milliards de FCFA aupre\u0300s de la Banque africaine de de\u0301veloppement (BAD) pour financer le secteur agricole et relancer l\u2019activite\u0301 e\u0301conomique post-Covid-19.<\/p>\n<p>Dans le de\u0301tail, le pre\u0301sident de la Re\u0301publique, Paul Biya, a signe\u0301, le 28 septembre un de\u0301cret habilitant le ministre en charge de l\u2019E\u0301conomie, a\u0300 signer avec la BAD, un premier accord de pre\u0302t d\u2019un montant de 81 millions d\u2019euros, soit environ 53,13 milliards de FCFA pour le financement du Programme d\u2019appui a\u0300 la relance e\u0301conomique post-Covid-19 (Parcam). Ce programme vise a\u0300 ame\u0301liorer le cadre de gestion des finances publiques (GFP) et a\u0300 renforcer la gouvernance et la compe\u0301titivite\u0301 dans les secteurs de production (transport, e\u0301nergie, agriculture et industrie). La mise en \u0153uvre dudit programme be\u0301ne\u0301ficiera a\u0300 l\u2019ensemble de la population camerounaise, en particulier aux jeunes et aux femmes, qui font partie des groupes sociaux les plus vulne\u0301rables.<\/p>\n<p>Le second de\u0301cret pre\u0301sidentiel habilite le ministre en charge de l\u2019E\u0301conomie a\u0300 signer un accord de pre\u0302t d\u2019un montant de 62,9 millions d\u2019euros, soit environ 41,4 milliards de FCFA, pour le financement du Programme d\u2019appui au renforcement de la production agricole au Cameroun. Ces ressources sont annonce\u0301es depuis juillet 2022 par le ministe\u0300re camerounais en change de l\u2019Agriculture. \u00ab Cet appui fait suite a\u0300 une demande du gouvernement a\u0300 la BAD, pour mettre en place un plan d\u2019urgence de production agricole, afin d\u2019enrayer les effets ne\u0301gatifs de la crise russo-ukrainienne, de l\u2019augmentation du prix du gaz en Europe et de l\u2019apre\u0300s-Covid-19 \u00bb, avait explique\u0301 le ministre de l\u2019Agriculture, Gabriel Mbairobe au cours du Comite\u0301 de pilotage (Copil) et d\u2019orientation de la mise en \u0153uvre des subventions agricole tenu a\u0300 Yaounde\u0301 le 12 juillet 2022.<\/p>\n<p>Selon la BAD, cette facilite\u0301 africaine de production alimentaire d\u2019urgence est une initiative globale sans pre\u0301ce\u0301dent qui permettra la fourniture des semences certifie\u0301es a\u0300 20 millions de petits exploitants agricoles du continent africain. Elle e\u0301largira l\u2019acce\u0300s aux engrais et leur permettra de produire rapidement 38 millions de tonnes de denre\u0301es alimentaires. Il s\u2019agit notamment de 11 millions de tonnes de ble\u0301, 18 millions de tonnes de mai\u0308s, 6 millions de tonnes de riz et 2,5 millions de tonnes de soja.<\/p>\n<p><strong>Pour plus d&rsquo;informations et d&rsquo;analyses sur la <a href=\"https:\/\/www.africa-press.net\/cameroun\">Cameroun<\/a>, suivez <a href=\"https:\/\/www.africa-press.net\/\">Africa-Press<\/a><\/strong><\/p>\n","protected":false},"excerpt":{"rendered":"<p>Africa-Press &#8211; Cameroun. Investir au Cameroun) &#8211; Le Cameroun s\u2019appre\u0302te a\u0300 contracter une dette d\u2019un montant global de 94,5 milliards de FCFA aupre\u0300s de la Banque africaine de de\u0301veloppement (BAD) pour financer le secteur agricole et relancer l\u2019activite\u0301 e\u0301conomique post-Covid-19. Dans le de\u0301tail, le pre\u0301sident de la Re\u0301publique, Paul Biya, a signe\u0301, le 28 septembre [&hellip;]<\/p>\n","protected":false},"author":82,"featured_media":28467,"comment_status":"open","ping_status":"closed","sticky":false,"template":"","format":"standard","meta":{"footnotes":""},"categories":[3,10],"tags":[36,50,49],"class_list":["post-28468","post","type-post","status-publish","format-standard","has-post-thumbnail","hentry","category-economie","category-toutes-les-actualites","tag-africa-press","tag-africa-press-cameroun","tag-cameroun"],"yoast_head":"<!-- This site is optimized with the Yoast SEO Premium plugin v26.1 (Yoast SEO v27.0) - https:\/\/yoast.com\/product\/yoast-seo-premium-wordpress\/ -->\n<title>Agriculture, relance post-Covid\u00a0: le Cameroun s\u2019appr\u00eate \u00e0 contracter une dette de 94,5 milliards de FCFA \u00e0 la BAD - Cameroun<\/title>\n<meta name=\"description\" content=\"Investir au Cameroun) - Le Cameroun s\u2019appre\u0302te a\u0300 contracter une dette d\u2019un montant global de 94,5 milliards de FCFA aup ...\" \/>\n<meta name=\"robots\" content=\"index, follow, max-snippet:-1, max-image-preview:large, max-video-preview:-1\" \/>\n<link rel=\"canonical\" href=\"https:\/\/www.africa-press.net\/cameroun\/economie\/agriculture-relance-post-covid-le-cameroun-sapprete-a-contracter-une-dette-de-945-milliards-de-fcfa-a-la-bad\" \/>\n<meta property=\"og:locale\" content=\"fr_FR\" \/>\n<meta property=\"og:type\" content=\"article\" \/>\n<meta property=\"og:title\" content=\"Agriculture, relance post-Covid\u00a0: le Cameroun s\u2019appr\u00eate \u00e0 contracter une dette de 94,5 milliards de FCFA \u00e0 la BAD\" \/>\n<meta property=\"og:description\" content=\"Investir au Cameroun) - Le Cameroun s\u2019appre\u0302te a\u0300 contracter une dette d\u2019un montant global de 94,5 milliards de FCFA aup ...\" \/>\n<meta property=\"og:url\" content=\"https:\/\/www.africa-press.net\/cameroun\/economie\/agriculture-relance-post-covid-le-cameroun-sapprete-a-contracter-une-dette-de-945-milliards-de-fcfa-a-la-bad\" \/>\n<meta property=\"og:site_name\" content=\"Cameroun\" \/>\n<meta property=\"article:published_time\" content=\"2022-09-30T17:43:32+00:00\" \/>\n<meta property=\"article:modified_time\" content=\"2022-09-30T19:03:44+00:00\" \/>\n<meta property=\"og:image\" content=\"https:\/\/static.africa-press.net\/cameroun\/sites\/57\/2022\/09\/img-63373a34e8240.jpg\" \/>\n\t<meta property=\"og:image:width\" content=\"720\" \/>\n\t<meta property=\"og:image:height\" content=\"463\" \/>\n\t<meta property=\"og:image:type\" content=\"image\/jpeg\" \/>\n<meta name=\"author\" content=\"cfeditorfr\" \/>\n<meta name=\"twitter:card\" content=\"summary_large_image\" \/>\n<meta name=\"twitter:label1\" content=\"\u00c9crit par\" \/>\n\t<meta name=\"twitter:data1\" content=\"cfeditorfr\" \/>\n\t<meta name=\"twitter:label2\" content=\"Dur\u00e9e de lecture estim\u00e9e\" \/>\n\t<meta name=\"twitter:data2\" content=\"2 minutes\" \/>\n<script type=\"application\/ld+json\" class=\"yoast-schema-graph\">{\"@context\":\"https:\/\/schema.org\",\"@graph\":[{\"@type\":\"Article\",\"@id\":\"https:\/\/www.africa-press.net\/cameroun\/economie\/agriculture-relance-post-covid-le-cameroun-sapprete-a-contracter-une-dette-de-945-milliards-de-fcfa-a-la-bad#article\",\"isPartOf\":{\"@id\":\"https:\/\/www.africa-press.net\/cameroun\/economie\/agriculture-relance-post-covid-le-cameroun-sapprete-a-contracter-une-dette-de-945-milliards-de-fcfa-a-la-bad\"},\"author\":{\"name\":\"cfeditorfr\",\"@id\":\"https:\/\/www.africa-press.net\/cameroun\/#\/schema\/person\/2b1cf3cd81a31e3cd26889ca66d677f1\"},\"headline\":\"Agriculture, relance post-Covid\u00a0: le Cameroun s\u2019appr\u00eate \u00e0 contracter une dette de 94,5 milliards de FCFA \u00e0 la BAD\",\"datePublished\":\"2022-09-30T17:43:32+00:00\",\"dateModified\":\"2022-09-30T19:03:44+00:00\",\"mainEntityOfPage\":{\"@id\":\"https:\/\/www.africa-press.net\/cameroun\/economie\/agriculture-relance-post-covid-le-cameroun-sapprete-a-contracter-une-dette-de-945-milliards-de-fcfa-a-la-bad\"},\"wordCount\":438,\"commentCount\":0,\"image\":{\"@id\":\"https:\/\/www.africa-press.net\/cameroun\/economie\/agriculture-relance-post-covid-le-cameroun-sapprete-a-contracter-une-dette-de-945-milliards-de-fcfa-a-la-bad#primaryimage\"},\"thumbnailUrl\":\"https:\/\/static.africa-press.net\/cameroun\/sites\/57\/2022\/09\/img-63373a34e8240.jpg\",\"keywords\":[\"Africa Press\",\"Africa Press-Cameroun\",\"Cameroun\"],\"articleSection\":[\"\u00c9conomie\",\"Toutes les actualit\u00e9s\"],\"inLanguage\":\"fr-FR\",\"potentialAction\":[{\"@type\":\"CommentAction\",\"name\":\"Comment\",\"target\":[\"https:\/\/www.africa-press.net\/cameroun\/economie\/agriculture-relance-post-covid-le-cameroun-sapprete-a-contracter-une-dette-de-945-milliards-de-fcfa-a-la-bad#respond\"]}]},{\"@type\":\"WebPage\",\"@id\":\"https:\/\/www.africa-press.net\/cameroun\/economie\/agriculture-relance-post-covid-le-cameroun-sapprete-a-contracter-une-dette-de-945-milliards-de-fcfa-a-la-bad\",\"url\":\"https:\/\/www.africa-press.net\/cameroun\/economie\/agriculture-relance-post-covid-le-cameroun-sapprete-a-contracter-une-dette-de-945-milliards-de-fcfa-a-la-bad\",\"name\":\"Agriculture, relance post-Covid\u00a0: le Cameroun s\u2019appr\u00eate \u00e0 contracter une dette de 94,5 milliards de FCFA \u00e0 la BAD - Cameroun\",\"isPartOf\":{\"@id\":\"https:\/\/www.africa-press.net\/cameroun\/#website\"},\"primaryImageOfPage\":{\"@id\":\"https:\/\/www.africa-press.net\/cameroun\/economie\/agriculture-relance-post-covid-le-cameroun-sapprete-a-contracter-une-dette-de-945-milliards-de-fcfa-a-la-bad#primaryimage\"},\"image\":{\"@id\":\"https:\/\/www.africa-press.net\/cameroun\/economie\/agriculture-relance-post-covid-le-cameroun-sapprete-a-contracter-une-dette-de-945-milliards-de-fcfa-a-la-bad#primaryimage\"},\"thumbnailUrl\":\"https:\/\/static.africa-press.net\/cameroun\/sites\/57\/2022\/09\/img-63373a34e8240.jpg\",\"datePublished\":\"2022-09-30T17:43:32+00:00\",\"dateModified\":\"2022-09-30T19:03:44+00:00\",\"author\":{\"@id\":\"https:\/\/www.africa-press.net\/cameroun\/#\/schema\/person\/2b1cf3cd81a31e3cd26889ca66d677f1\"},\"description\":\"Investir au Cameroun) - Le Cameroun s\u2019appre\u0302te a\u0300 contracter une dette d\u2019un montant global de 94,5 milliards de FCFA aup ...\",\"breadcrumb\":{\"@id\":\"https:\/\/www.africa-press.net\/cameroun\/economie\/agriculture-relance-post-covid-le-cameroun-sapprete-a-contracter-une-dette-de-945-milliards-de-fcfa-a-la-bad#breadcrumb\"},\"inLanguage\":\"fr-FR\",\"potentialAction\":[{\"@type\":\"ReadAction\",\"target\":[\"https:\/\/www.africa-press.net\/cameroun\/economie\/agriculture-relance-post-covid-le-cameroun-sapprete-a-contracter-une-dette-de-945-milliards-de-fcfa-a-la-bad\"]}]},{\"@type\":\"ImageObject\",\"inLanguage\":\"fr-FR\",\"@id\":\"https:\/\/www.africa-press.net\/cameroun\/economie\/agriculture-relance-post-covid-le-cameroun-sapprete-a-contracter-une-dette-de-945-milliards-de-fcfa-a-la-bad#primaryimage\",\"url\":\"https:\/\/static.africa-press.net\/cameroun\/sites\/57\/2022\/09\/img-63373a34e8240.jpg\",\"contentUrl\":\"https:\/\/static.africa-press.net\/cameroun\/sites\/57\/2022\/09\/img-63373a34e8240.jpg\",\"width\":720,\"height\":463,\"caption\":\"Agriculture, relance post-Covid\u00a0: le Cameroun s\u2019appr\u00eate \u00e0 contracter une dette de 94,5 milliards de FCFA \u00e0 la BAD\"},{\"@type\":\"BreadcrumbList\",\"@id\":\"https:\/\/www.africa-press.net\/cameroun\/economie\/agriculture-relance-post-covid-le-cameroun-sapprete-a-contracter-une-dette-de-945-milliards-de-fcfa-a-la-bad#breadcrumb\",\"itemListElement\":[{\"@type\":\"ListItem\",\"position\":1,\"name\":\"Accueil\",\"item\":\"https:\/\/www.africa-press.net\/cameroun\/\"},{\"@type\":\"ListItem\",\"position\":2,\"name\":\"Agriculture, relance post-Covid\u00a0: le Cameroun s\u2019appr\u00eate \u00e0 contracter une dette de 94,5 milliards de FCFA \u00e0 la BAD\"}]},{\"@type\":\"WebSite\",\"@id\":\"https:\/\/www.africa-press.net\/cameroun\/#website\",\"url\":\"https:\/\/www.africa-press.net\/cameroun\/\",\"name\":\"Cameroun\",\"description\":\"Just another Africa News Agency Sites site\",\"potentialAction\":[{\"@type\":\"SearchAction\",\"target\":{\"@type\":\"EntryPoint\",\"urlTemplate\":\"https:\/\/www.africa-press.net\/cameroun\/?s={search_term_string}\"},\"query-input\":{\"@type\":\"PropertyValueSpecification\",\"valueRequired\":true,\"valueName\":\"search_term_string\"}}],\"inLanguage\":\"fr-FR\"},{\"@type\":\"Person\",\"@id\":\"https:\/\/www.africa-press.net\/cameroun\/#\/schema\/person\/2b1cf3cd81a31e3cd26889ca66d677f1\",\"name\":\"cfeditorfr\"}]}<\/script>\n<!-- \/ Yoast SEO Premium plugin. -->","yoast_head_json":{"title":"Agriculture, relance post-Covid\u00a0: le Cameroun s\u2019appr\u00eate \u00e0 contracter une dette de 94,5 milliards de FCFA \u00e0 la BAD - Cameroun","description":"Investir au Cameroun) - Le Cameroun s\u2019appre\u0302te a\u0300 contracter une dette d\u2019un montant global de 94,5 milliards de FCFA aup ...","robots":{"index":"index","follow":"follow","max-snippet":"max-snippet:-1","max-image-preview":"max-image-preview:large","max-video-preview":"max-video-preview:-1"},"canonical":"https:\/\/www.africa-press.net\/cameroun\/economie\/agriculture-relance-post-covid-le-cameroun-sapprete-a-contracter-une-dette-de-945-milliards-de-fcfa-a-la-bad","og_locale":"fr_FR","og_type":"article","og_title":"Agriculture, relance post-Covid\u00a0: le Cameroun s\u2019appr\u00eate \u00e0 contracter une dette de 94,5 milliards de FCFA \u00e0 la BAD","og_description":"Investir au Cameroun) - Le Cameroun s\u2019appre\u0302te a\u0300 contracter une dette d\u2019un montant global de 94,5 milliards de FCFA aup ...","og_url":"https:\/\/www.africa-press.net\/cameroun\/economie\/agriculture-relance-post-covid-le-cameroun-sapprete-a-contracter-une-dette-de-945-milliards-de-fcfa-a-la-bad","og_site_name":"Cameroun","article_published_time":"2022-09-30T17:43:32+00:00","article_modified_time":"2022-09-30T19:03:44+00:00","og_image":[{"width":720,"height":463,"url":"https:\/\/static.africa-press.net\/cameroun\/sites\/57\/2022\/09\/img-63373a34e8240.jpg","type":"image\/jpeg"}],"author":"cfeditorfr","twitter_card":"summary_large_image","twitter_misc":{"\u00c9crit par":"cfeditorfr","Dur\u00e9e de lecture estim\u00e9e":"2 minutes"},"schema":{"@context":"https:\/\/schema.org","@graph":[{"@type":"Article","@id":"https:\/\/www.africa-press.net\/cameroun\/economie\/agriculture-relance-post-covid-le-cameroun-sapprete-a-contracter-une-dette-de-945-milliards-de-fcfa-a-la-bad#article","isPartOf":{"@id":"https:\/\/www.africa-press.net\/cameroun\/economie\/agriculture-relance-post-covid-le-cameroun-sapprete-a-contracter-une-dette-de-945-milliards-de-fcfa-a-la-bad"},"author":{"name":"cfeditorfr","@id":"https:\/\/www.africa-press.net\/cameroun\/#\/schema\/person\/2b1cf3cd81a31e3cd26889ca66d677f1"},"headline":"Agriculture, relance post-Covid\u00a0: le Cameroun s\u2019appr\u00eate \u00e0 contracter une dette de 94,5 milliards de FCFA \u00e0 la BAD","datePublished":"2022-09-30T17:43:32+00:00","dateModified":"2022-09-30T19:03:44+00:00","mainEntityOfPage":{"@id":"https:\/\/www.africa-press.net\/cameroun\/economie\/agriculture-relance-post-covid-le-cameroun-sapprete-a-contracter-une-dette-de-945-milliards-de-fcfa-a-la-bad"},"wordCount":438,"commentCount":0,"image":{"@id":"https:\/\/www.africa-press.net\/cameroun\/economie\/agriculture-relance-post-covid-le-cameroun-sapprete-a-contracter-une-dette-de-945-milliards-de-fcfa-a-la-bad#primaryimage"},"thumbnailUrl":"https:\/\/static.africa-press.net\/cameroun\/sites\/57\/2022\/09\/img-63373a34e8240.jpg","keywords":["Africa Press","Africa Press-Cameroun","Cameroun"],"articleSection":["\u00c9conomie","Toutes les actualit\u00e9s"],"inLanguage":"fr-FR","potentialAction":[{"@type":"CommentAction","name":"Comment","target":["https:\/\/www.africa-press.net\/cameroun\/economie\/agriculture-relance-post-covid-le-cameroun-sapprete-a-contracter-une-dette-de-945-milliards-de-fcfa-a-la-bad#respond"]}]},{"@type":"WebPage","@id":"https:\/\/www.africa-press.net\/cameroun\/economie\/agriculture-relance-post-covid-le-cameroun-sapprete-a-contracter-une-dette-de-945-milliards-de-fcfa-a-la-bad","url":"https:\/\/www.africa-press.net\/cameroun\/economie\/agriculture-relance-post-covid-le-cameroun-sapprete-a-contracter-une-dette-de-945-milliards-de-fcfa-a-la-bad","name":"Agriculture, relance post-Covid\u00a0: le Cameroun s\u2019appr\u00eate \u00e0 contracter une dette de 94,5 milliards de FCFA \u00e0 la BAD - Cameroun","isPartOf":{"@id":"https:\/\/www.africa-press.net\/cameroun\/#website"},"primaryImageOfPage":{"@id":"https:\/\/www.africa-press.net\/cameroun\/economie\/agriculture-relance-post-covid-le-cameroun-sapprete-a-contracter-une-dette-de-945-milliards-de-fcfa-a-la-bad#primaryimage"},"image":{"@id":"https:\/\/www.africa-press.net\/cameroun\/economie\/agriculture-relance-post-covid-le-cameroun-sapprete-a-contracter-une-dette-de-945-milliards-de-fcfa-a-la-bad#primaryimage"},"thumbnailUrl":"https:\/\/static.africa-press.net\/cameroun\/sites\/57\/2022\/09\/img-63373a34e8240.jpg","datePublished":"2022-09-30T17:43:32+00:00","dateModified":"2022-09-30T19:03:44+00:00","author":{"@id":"https:\/\/www.africa-press.net\/cameroun\/#\/schema\/person\/2b1cf3cd81a31e3cd26889ca66d677f1"},"description":"Investir au Cameroun) - Le Cameroun s\u2019appre\u0302te a\u0300 contracter une dette d\u2019un montant global de 94,5 milliards de FCFA aup ...","breadcrumb":{"@id":"https:\/\/www.africa-press.net\/cameroun\/economie\/agriculture-relance-post-covid-le-cameroun-sapprete-a-contracter-une-dette-de-945-milliards-de-fcfa-a-la-bad#breadcrumb"},"inLanguage":"fr-FR","potentialAction":[{"@type":"ReadAction","target":["https:\/\/www.africa-press.net\/cameroun\/economie\/agriculture-relance-post-covid-le-cameroun-sapprete-a-contracter-une-dette-de-945-milliards-de-fcfa-a-la-bad"]}]},{"@type":"ImageObject","inLanguage":"fr-FR","@id":"https:\/\/www.africa-press.net\/cameroun\/economie\/agriculture-relance-post-covid-le-cameroun-sapprete-a-contracter-une-dette-de-945-milliards-de-fcfa-a-la-bad#primaryimage","url":"https:\/\/static.africa-press.net\/cameroun\/sites\/57\/2022\/09\/img-63373a34e8240.jpg","contentUrl":"https:\/\/static.africa-press.net\/cameroun\/sites\/57\/2022\/09\/img-63373a34e8240.jpg","width":720,"height":463,"caption":"Agriculture, relance post-Covid\u00a0: le Cameroun s\u2019appr\u00eate \u00e0 contracter une dette de 94,5 milliards de FCFA \u00e0 la BAD"},{"@type":"BreadcrumbList","@id":"https:\/\/www.africa-press.net\/cameroun\/economie\/agriculture-relance-post-covid-le-cameroun-sapprete-a-contracter-une-dette-de-945-milliards-de-fcfa-a-la-bad#breadcrumb","itemListElement":[{"@type":"ListItem","position":1,"name":"Accueil","item":"https:\/\/www.africa-press.net\/cameroun\/"},{"@type":"ListItem","position":2,"name":"Agriculture, relance post-Covid\u00a0: le Cameroun s\u2019appr\u00eate \u00e0 contracter une dette de 94,5 milliards de FCFA \u00e0 la BAD"}]},{"@type":"WebSite","@id":"https:\/\/www.africa-press.net\/cameroun\/#website","url":"https:\/\/www.africa-press.net\/cameroun\/","name":"Cameroun","description":"Just another Africa News Agency Sites site","potentialAction":[{"@type":"SearchAction","target":{"@type":"EntryPoint","urlTemplate":"https:\/\/www.africa-press.net\/cameroun\/?s={search_term_string}"},"query-input":{"@type":"PropertyValueSpecification","valueRequired":true,"valueName":"search_term_string"}}],"inLanguage":"fr-FR"},{"@type":"Person","@id":"https:\/\/www.africa-press.net\/cameroun\/#\/schema\/person\/2b1cf3cd81a31e3cd26889ca66d677f1","name":"cfeditorfr"}]}},"_links":{"self":[{"href":"https:\/\/www.africa-press.net\/cameroun\/wp-json\/wp\/v2\/posts\/28468","targetHints":{"allow":["GET"]}}],"collection":[{"href":"https:\/\/www.africa-press.net\/cameroun\/wp-json\/wp\/v2\/posts"}],"about":[{"href":"https:\/\/www.africa-press.net\/cameroun\/wp-json\/wp\/v2\/types\/post"}],"author":[{"embeddable":true,"href":"https:\/\/www.africa-press.net\/cameroun\/wp-json\/wp\/v2\/users\/82"}],"replies":[{"embeddable":true,"href":"https:\/\/www.africa-press.net\/cameroun\/wp-json\/wp\/v2\/comments?post=28468"}],"version-history":[{"count":0,"href":"https:\/\/www.africa-press.net\/cameroun\/wp-json\/wp\/v2\/posts\/28468\/revisions"}],"wp:featuredmedia":[{"embeddable":true,"href":"https:\/\/www.africa-press.net\/cameroun\/wp-json\/wp\/v2\/media\/28467"}],"wp:attachment":[{"href":"https:\/\/www.africa-press.net\/cameroun\/wp-json\/wp\/v2\/media?parent=28468"}],"wp:term":[{"taxonomy":"category","embeddable":true,"href":"https:\/\/www.africa-press.net\/cameroun\/wp-json\/wp\/v2\/categories?post=28468"},{"taxonomy":"post_tag","embeddable":true,"href":"https:\/\/www.africa-press.net\/cameroun\/wp-json\/wp\/v2\/tags?post=28468"}],"curies":[{"name":"wp","href":"https:\/\/api.w.org\/{rel}","templated":true}]}}