{"id":28474,"date":"2022-09-30T18:00:47","date_gmt":"2022-09-30T18:00:47","guid":{"rendered":"https:\/\/www.africa-press.net\/cameroun\/politique\/entreprises-publiques-blaise-moussa-nomme-dg-dune-camwater-en-difficulte"},"modified":"2022-09-30T19:03:53","modified_gmt":"2022-09-30T19:03:53","slug":"entreprises-publiques-blaise-moussa-nomme-dg-dune-camwater-en-difficulte","status":"publish","type":"post","link":"https:\/\/www.africa-press.net\/cameroun\/economie\/entreprises-publiques-blaise-moussa-nomme-dg-dune-camwater-en-difficulte","title":{"rendered":"Entreprises publiques\u00a0: Blaise Moussa nomm\u00e9 DG d\u2019une Camwater en difficult\u00e9"},"content":{"rendered":"<p><span style=\"color: #ff6600\"><strong>Africa-Press &#8211; Cameroun. <\/strong><\/span>Investir au Cameroun) &#8211; Au sortir du Conseil d\u2019administration extraordinaire tenu ce 30 septembre 2022 a\u0300 Douala, Blaise Moussa a e\u0301te\u0301 nomme\u0301 au poste de directeur ge\u0301ne\u0301ral (DG) de la Cameroon Water Utilities (Camwater), l\u2019entreprise publique charge\u0301e de la production et de la distribution de l\u2019eau potable dans le pays. Le nouveau promu remplace a\u0300 ce poste Gervais Bolenga, qui avait e\u0301te\u0301 nomme\u0301 a\u0300 la te\u0302te de cette socie\u0301te\u0301 d\u2019E\u0301tat en novembre 2017.<\/p>\n<p>Inspecteur principal des impo\u0302ts, diplo\u0302me\u0301 de l\u2019E\u0301cole nationale d\u2019administration et de magistrature (Enam), Blaise Moussa occupe depuis le 13 mars 2019, le poste de directeur des affaires ge\u0301ne\u0301rales au ministe\u0300re de la Fonction publique et de la Re\u0301forme administrative (Minfopra). Ce dernier rejoignait ainsi l\u2019administration centrale apre\u0300s un long bail a\u0300 l\u2019Agence des normes et de la qualite\u0301 (Anor), dont il fut le directeur administratif et financier, puis a\u0300 la Fe\u0301de\u0301ration camerounaise de football (Fecafoot), dont il a e\u0301te\u0301 le secre\u0301taire ge\u0301ne\u0301ral entre janvier 2016 et septembre 2017.<\/p>\n<p>Militant du RDPC, au pouvoir, ce cadre du ministe\u0300re des Finances, originaire de la re\u0301gion forestie\u0300re et minie\u0300re de l\u2019Est du Cameroun, est par ailleurs membre du Conseil re\u0301gional, au sein duquel il occupe le poste de pre\u0301sident de la commission des finances. Blaise Moussa, ne\u0301 le 21 mai 1974 a\u0300 Betare\u0301 Oya, est aussi le tout premier pre\u0301sident du Conseil d\u2019administration (PCA) de la Socie\u0301te\u0301 nationale des mines (Sonamines), bras se\u0301culier de l\u2019E\u0301tat dans le domaine de la mine solide. Il a e\u0301te\u0301 remplace\u0301 ce jour au Conseil d\u2019administration de cette entreprise par Jackson Betty Amouko.<\/p>\n<p>Le nouveau DG sera seconde\u0301 par Jocelyne Alice Ngo Njiki, porte\u0301 au poste directeur ge\u0301ne\u0301ral adjoint en remplacement de Jean Pierre Bidjocka. Ne\u0301e le 8 janvier 1981 a\u0300 Yaounde\u0301, cette originaire de Ngok Mapubi dans le Nyong et Kelle, re\u0301gion du Centre, est inge\u0301nieur de ge\u0301nie rural et titulaire d\u2019un master en management et de\u0301veloppement. Elle occupait jusqu\u2019a\u0300 ce jour le poste de directeur de la mobilisation des ressources en eau au ministe\u0300re de l\u2019Eau et de l\u2019E\u0301nergie (Minee).<\/p>\n<p><b>Une entreprise en difficulte\u0301 <\/b><\/p>\n<p>Fonctionnaire aux multiples casquettes, Blaise Moussa arrive a\u0300 la te\u0302te d\u2019une entreprise dans la tourmente. En effet, Camwater peine a\u0300 satisfaire ses plus de 500 000 abonne\u0301s. Depuis plusieurs semaines, des dysfonctionnements techniques et ope\u0301rationnels perturbent l\u2019approvisionnement en eau potable me\u0302me des deux capitales du pays.<\/p>\n<p>De sources officielles, avec ses 96 stations de traitement et 32 stations de reprise, l\u2019entreprise dispose d\u2019un d\u2019une capacite\u0301 installe\u0301e de 824 456 m3\/jour et d\u2019une capacite\u0301 totale de stockage de 267 834 m3. Mais \u00ab de nombreux e\u0301quipements de production et de traitement des eaux sont dans un e\u0301tat de de\u0301labrement et le re\u0301seau de distribution est ve\u0301tuste et ne\u0301cessite d\u2019importants moyens pour sa re\u0301habilitation \u00bb, reconnait le ministre de l\u2019Eau et de l\u2019E\u0301nergie, Gaston Eloundou Essomba, dans son discours d\u2019installation. La situation est telle que le rendement de distribution se situe aujourd\u2019hui autour de 48%. C\u2019est-a\u0300-dire que plus de la moitie\u0301 de l\u2019eau injecte\u0301e dans le re\u0301seau est perdue. Ce qui engendre un de\u0301se\u0301quilibre entre les charges de l\u2019entreprise et ses recettes.<\/p>\n<p>\u00ab Je vous invite a\u0300 faire l\u2019analyse des donne\u0301es chiffre\u0301es ci-dessus, pour de\u0301duire par vous-me\u0302mes les pertes qui en re\u0301sultent alors que les populations sont dans le besoin en eau potable et l\u2019entreprise dans le besoin financier \u00bb, a indique\u0301 Gaston Eloundou Essomba a\u0300 l\u2019endroit des nouveaux promus.<\/p>\n<p>Pour ame\u0301liorer le service et re\u0301tablir l\u2019e\u0301quilibre financier de sa structure, ce dernier a\u0300 recommander aux nouveaux dirigeants l\u2019ame\u0301lioration du rendement de distribution ; la mise en place d\u2019un syste\u0300me de facturation efficace et efficient ainsi qu\u2019un dispositif de recouvrement hautement performant ; l\u2019installation d\u2019un syste\u0300me de back-up e\u0301nerge\u0301tique a\u0300 travers l\u2019acquisition des groupes e\u0301lectroge\u0300nes en vue de maintenir la production continue d\u2019eau potable et le maintien en bon e\u0301tat des installations de production d\u2019eau potable a\u0300 travers le territoire national.<\/p>\n<p><b>Brice R. Mbodiam<\/b><\/p>\n<p><strong>Pour plus d&rsquo;informations et d&rsquo;analyses sur la <a href=\"https:\/\/www.africa-press.net\/cameroun\">Cameroun<\/a>, suivez <a href=\"https:\/\/www.africa-press.net\/\">Africa-Press<\/a><\/strong><\/p>\n","protected":false},"excerpt":{"rendered":"<p>Africa-Press &#8211; Cameroun. Investir au Cameroun) &#8211; Au sortir du Conseil d\u2019administration extraordinaire tenu ce 30 septembre 2022 a\u0300 Douala, Blaise Moussa a e\u0301te\u0301 nomme\u0301 au poste de directeur ge\u0301ne\u0301ral (DG) de la Cameroon Water Utilities (Camwater), l\u2019entreprise publique charge\u0301e de la production et de la distribution de l\u2019eau potable dans le pays. Le nouveau [&hellip;]<\/p>\n","protected":false},"author":82,"featured_media":28473,"comment_status":"open","ping_status":"closed","sticky":false,"template":"","format":"standard","meta":{"footnotes":""},"categories":[3,10],"tags":[36,50,49],"class_list":["post-28474","post","type-post","status-publish","format-standard","has-post-thumbnail","hentry","category-economie","category-toutes-les-actualites","tag-africa-press","tag-africa-press-cameroun","tag-cameroun"],"yoast_head":"<!-- This site is optimized with the Yoast SEO Premium plugin v26.1 (Yoast SEO v27.0) - https:\/\/yoast.com\/product\/yoast-seo-premium-wordpress\/ -->\n<title>Entreprises publiques\u00a0: Blaise Moussa nomm\u00e9 DG d\u2019une Camwater en difficult\u00e9 - Cameroun<\/title>\n<meta name=\"description\" content=\"Investir au Cameroun) - Au sortir du Conseil d\u2019administration extraordinaire tenu ce 30 septembre 2022 a\u0300 Douala, Blaise ...\" \/>\n<meta name=\"robots\" content=\"index, follow, max-snippet:-1, max-image-preview:large, max-video-preview:-1\" \/>\n<link rel=\"canonical\" href=\"https:\/\/www.africa-press.net\/cameroun\/economie\/entreprises-publiques-blaise-moussa-nomme-dg-dune-camwater-en-difficulte\" \/>\n<meta property=\"og:locale\" content=\"fr_FR\" \/>\n<meta property=\"og:type\" content=\"article\" \/>\n<meta property=\"og:title\" content=\"Entreprises publiques\u00a0: Blaise Moussa nomm\u00e9 DG d\u2019une Camwater en difficult\u00e9\" \/>\n<meta property=\"og:description\" content=\"Investir au Cameroun) - Au sortir du Conseil d\u2019administration extraordinaire tenu ce 30 septembre 2022 a\u0300 Douala, Blaise ...\" \/>\n<meta property=\"og:url\" content=\"https:\/\/www.africa-press.net\/cameroun\/economie\/entreprises-publiques-blaise-moussa-nomme-dg-dune-camwater-en-difficulte\" \/>\n<meta property=\"og:site_name\" content=\"Cameroun\" \/>\n<meta property=\"article:published_time\" content=\"2022-09-30T18:00:47+00:00\" \/>\n<meta property=\"article:modified_time\" content=\"2022-09-30T19:03:53+00:00\" \/>\n<meta property=\"og:image\" content=\"https:\/\/static.africa-press.net\/cameroun\/sites\/57\/2022\/09\/img-63373a7e99e6c.jpg\" \/>\n\t<meta property=\"og:image:width\" content=\"720\" \/>\n\t<meta property=\"og:image:height\" content=\"479\" \/>\n\t<meta property=\"og:image:type\" content=\"image\/jpeg\" \/>\n<meta name=\"author\" content=\"cfeditorfr\" \/>\n<meta name=\"twitter:card\" content=\"summary_large_image\" \/>\n<meta name=\"twitter:label1\" content=\"\u00c9crit par\" \/>\n\t<meta name=\"twitter:data1\" content=\"cfeditorfr\" \/>\n\t<meta name=\"twitter:label2\" content=\"Dur\u00e9e de lecture estim\u00e9e\" \/>\n\t<meta name=\"twitter:data2\" content=\"4 minutes\" \/>\n<script type=\"application\/ld+json\" class=\"yoast-schema-graph\">{\"@context\":\"https:\/\/schema.org\",\"@graph\":[{\"@type\":\"Article\",\"@id\":\"https:\/\/www.africa-press.net\/cameroun\/economie\/entreprises-publiques-blaise-moussa-nomme-dg-dune-camwater-en-difficulte#article\",\"isPartOf\":{\"@id\":\"https:\/\/www.africa-press.net\/cameroun\/economie\/entreprises-publiques-blaise-moussa-nomme-dg-dune-camwater-en-difficulte\"},\"author\":{\"name\":\"cfeditorfr\",\"@id\":\"https:\/\/www.africa-press.net\/cameroun\/#\/schema\/person\/2b1cf3cd81a31e3cd26889ca66d677f1\"},\"headline\":\"Entreprises publiques\u00a0: Blaise Moussa nomm\u00e9 DG d\u2019une Camwater en difficult\u00e9\",\"datePublished\":\"2022-09-30T18:00:47+00:00\",\"dateModified\":\"2022-09-30T19:03:53+00:00\",\"mainEntityOfPage\":{\"@id\":\"https:\/\/www.africa-press.net\/cameroun\/economie\/entreprises-publiques-blaise-moussa-nomme-dg-dune-camwater-en-difficulte\"},\"wordCount\":762,\"commentCount\":0,\"image\":{\"@id\":\"https:\/\/www.africa-press.net\/cameroun\/economie\/entreprises-publiques-blaise-moussa-nomme-dg-dune-camwater-en-difficulte#primaryimage\"},\"thumbnailUrl\":\"https:\/\/static.africa-press.net\/cameroun\/sites\/57\/2022\/09\/img-63373a7e99e6c.jpg\",\"keywords\":[\"Africa Press\",\"Africa Press-Cameroun\",\"Cameroun\"],\"articleSection\":[\"\u00c9conomie\",\"Toutes les actualit\u00e9s\"],\"inLanguage\":\"fr-FR\",\"potentialAction\":[{\"@type\":\"CommentAction\",\"name\":\"Comment\",\"target\":[\"https:\/\/www.africa-press.net\/cameroun\/economie\/entreprises-publiques-blaise-moussa-nomme-dg-dune-camwater-en-difficulte#respond\"]}]},{\"@type\":\"WebPage\",\"@id\":\"https:\/\/www.africa-press.net\/cameroun\/economie\/entreprises-publiques-blaise-moussa-nomme-dg-dune-camwater-en-difficulte\",\"url\":\"https:\/\/www.africa-press.net\/cameroun\/economie\/entreprises-publiques-blaise-moussa-nomme-dg-dune-camwater-en-difficulte\",\"name\":\"Entreprises publiques\u00a0: Blaise Moussa nomm\u00e9 DG d\u2019une Camwater en difficult\u00e9 - Cameroun\",\"isPartOf\":{\"@id\":\"https:\/\/www.africa-press.net\/cameroun\/#website\"},\"primaryImageOfPage\":{\"@id\":\"https:\/\/www.africa-press.net\/cameroun\/economie\/entreprises-publiques-blaise-moussa-nomme-dg-dune-camwater-en-difficulte#primaryimage\"},\"image\":{\"@id\":\"https:\/\/www.africa-press.net\/cameroun\/economie\/entreprises-publiques-blaise-moussa-nomme-dg-dune-camwater-en-difficulte#primaryimage\"},\"thumbnailUrl\":\"https:\/\/static.africa-press.net\/cameroun\/sites\/57\/2022\/09\/img-63373a7e99e6c.jpg\",\"datePublished\":\"2022-09-30T18:00:47+00:00\",\"dateModified\":\"2022-09-30T19:03:53+00:00\",\"author\":{\"@id\":\"https:\/\/www.africa-press.net\/cameroun\/#\/schema\/person\/2b1cf3cd81a31e3cd26889ca66d677f1\"},\"description\":\"Investir au Cameroun) - Au sortir du Conseil d\u2019administration extraordinaire tenu ce 30 septembre 2022 a\u0300 Douala, Blaise ...\",\"breadcrumb\":{\"@id\":\"https:\/\/www.africa-press.net\/cameroun\/economie\/entreprises-publiques-blaise-moussa-nomme-dg-dune-camwater-en-difficulte#breadcrumb\"},\"inLanguage\":\"fr-FR\",\"potentialAction\":[{\"@type\":\"ReadAction\",\"target\":[\"https:\/\/www.africa-press.net\/cameroun\/economie\/entreprises-publiques-blaise-moussa-nomme-dg-dune-camwater-en-difficulte\"]}]},{\"@type\":\"ImageObject\",\"inLanguage\":\"fr-FR\",\"@id\":\"https:\/\/www.africa-press.net\/cameroun\/economie\/entreprises-publiques-blaise-moussa-nomme-dg-dune-camwater-en-difficulte#primaryimage\",\"url\":\"https:\/\/static.africa-press.net\/cameroun\/sites\/57\/2022\/09\/img-63373a7e99e6c.jpg\",\"contentUrl\":\"https:\/\/static.africa-press.net\/cameroun\/sites\/57\/2022\/09\/img-63373a7e99e6c.jpg\",\"width\":720,\"height\":479,\"caption\":\"Entreprises publiques\u00a0: Blaise Moussa nomm\u00e9 DG d\u2019une Camwater en difficult\u00e9\"},{\"@type\":\"BreadcrumbList\",\"@id\":\"https:\/\/www.africa-press.net\/cameroun\/economie\/entreprises-publiques-blaise-moussa-nomme-dg-dune-camwater-en-difficulte#breadcrumb\",\"itemListElement\":[{\"@type\":\"ListItem\",\"position\":1,\"name\":\"Accueil\",\"item\":\"https:\/\/www.africa-press.net\/cameroun\/\"},{\"@type\":\"ListItem\",\"position\":2,\"name\":\"Entreprises publiques\u00a0: Blaise Moussa nomm\u00e9 DG d\u2019une Camwater en difficult\u00e9\"}]},{\"@type\":\"WebSite\",\"@id\":\"https:\/\/www.africa-press.net\/cameroun\/#website\",\"url\":\"https:\/\/www.africa-press.net\/cameroun\/\",\"name\":\"Cameroun\",\"description\":\"Just another Africa News Agency Sites site\",\"potentialAction\":[{\"@type\":\"SearchAction\",\"target\":{\"@type\":\"EntryPoint\",\"urlTemplate\":\"https:\/\/www.africa-press.net\/cameroun\/?s={search_term_string}\"},\"query-input\":{\"@type\":\"PropertyValueSpecification\",\"valueRequired\":true,\"valueName\":\"search_term_string\"}}],\"inLanguage\":\"fr-FR\"},{\"@type\":\"Person\",\"@id\":\"https:\/\/www.africa-press.net\/cameroun\/#\/schema\/person\/2b1cf3cd81a31e3cd26889ca66d677f1\",\"name\":\"cfeditorfr\"}]}<\/script>\n<!-- \/ Yoast SEO Premium plugin. -->","yoast_head_json":{"title":"Entreprises publiques\u00a0: Blaise Moussa nomm\u00e9 DG d\u2019une Camwater en difficult\u00e9 - Cameroun","description":"Investir au Cameroun) - Au sortir du Conseil d\u2019administration extraordinaire tenu ce 30 septembre 2022 a\u0300 Douala, Blaise ...","robots":{"index":"index","follow":"follow","max-snippet":"max-snippet:-1","max-image-preview":"max-image-preview:large","max-video-preview":"max-video-preview:-1"},"canonical":"https:\/\/www.africa-press.net\/cameroun\/economie\/entreprises-publiques-blaise-moussa-nomme-dg-dune-camwater-en-difficulte","og_locale":"fr_FR","og_type":"article","og_title":"Entreprises publiques\u00a0: Blaise Moussa nomm\u00e9 DG d\u2019une Camwater en difficult\u00e9","og_description":"Investir au Cameroun) - Au sortir du Conseil d\u2019administration extraordinaire tenu ce 30 septembre 2022 a\u0300 Douala, Blaise ...","og_url":"https:\/\/www.africa-press.net\/cameroun\/economie\/entreprises-publiques-blaise-moussa-nomme-dg-dune-camwater-en-difficulte","og_site_name":"Cameroun","article_published_time":"2022-09-30T18:00:47+00:00","article_modified_time":"2022-09-30T19:03:53+00:00","og_image":[{"width":720,"height":479,"url":"https:\/\/static.africa-press.net\/cameroun\/sites\/57\/2022\/09\/img-63373a7e99e6c.jpg","type":"image\/jpeg"}],"author":"cfeditorfr","twitter_card":"summary_large_image","twitter_misc":{"\u00c9crit par":"cfeditorfr","Dur\u00e9e de lecture estim\u00e9e":"4 minutes"},"schema":{"@context":"https:\/\/schema.org","@graph":[{"@type":"Article","@id":"https:\/\/www.africa-press.net\/cameroun\/economie\/entreprises-publiques-blaise-moussa-nomme-dg-dune-camwater-en-difficulte#article","isPartOf":{"@id":"https:\/\/www.africa-press.net\/cameroun\/economie\/entreprises-publiques-blaise-moussa-nomme-dg-dune-camwater-en-difficulte"},"author":{"name":"cfeditorfr","@id":"https:\/\/www.africa-press.net\/cameroun\/#\/schema\/person\/2b1cf3cd81a31e3cd26889ca66d677f1"},"headline":"Entreprises publiques\u00a0: Blaise Moussa nomm\u00e9 DG d\u2019une Camwater en difficult\u00e9","datePublished":"2022-09-30T18:00:47+00:00","dateModified":"2022-09-30T19:03:53+00:00","mainEntityOfPage":{"@id":"https:\/\/www.africa-press.net\/cameroun\/economie\/entreprises-publiques-blaise-moussa-nomme-dg-dune-camwater-en-difficulte"},"wordCount":762,"commentCount":0,"image":{"@id":"https:\/\/www.africa-press.net\/cameroun\/economie\/entreprises-publiques-blaise-moussa-nomme-dg-dune-camwater-en-difficulte#primaryimage"},"thumbnailUrl":"https:\/\/static.africa-press.net\/cameroun\/sites\/57\/2022\/09\/img-63373a7e99e6c.jpg","keywords":["Africa Press","Africa Press-Cameroun","Cameroun"],"articleSection":["\u00c9conomie","Toutes les actualit\u00e9s"],"inLanguage":"fr-FR","potentialAction":[{"@type":"CommentAction","name":"Comment","target":["https:\/\/www.africa-press.net\/cameroun\/economie\/entreprises-publiques-blaise-moussa-nomme-dg-dune-camwater-en-difficulte#respond"]}]},{"@type":"WebPage","@id":"https:\/\/www.africa-press.net\/cameroun\/economie\/entreprises-publiques-blaise-moussa-nomme-dg-dune-camwater-en-difficulte","url":"https:\/\/www.africa-press.net\/cameroun\/economie\/entreprises-publiques-blaise-moussa-nomme-dg-dune-camwater-en-difficulte","name":"Entreprises publiques\u00a0: Blaise Moussa nomm\u00e9 DG d\u2019une Camwater en difficult\u00e9 - Cameroun","isPartOf":{"@id":"https:\/\/www.africa-press.net\/cameroun\/#website"},"primaryImageOfPage":{"@id":"https:\/\/www.africa-press.net\/cameroun\/economie\/entreprises-publiques-blaise-moussa-nomme-dg-dune-camwater-en-difficulte#primaryimage"},"image":{"@id":"https:\/\/www.africa-press.net\/cameroun\/economie\/entreprises-publiques-blaise-moussa-nomme-dg-dune-camwater-en-difficulte#primaryimage"},"thumbnailUrl":"https:\/\/static.africa-press.net\/cameroun\/sites\/57\/2022\/09\/img-63373a7e99e6c.jpg","datePublished":"2022-09-30T18:00:47+00:00","dateModified":"2022-09-30T19:03:53+00:00","author":{"@id":"https:\/\/www.africa-press.net\/cameroun\/#\/schema\/person\/2b1cf3cd81a31e3cd26889ca66d677f1"},"description":"Investir au Cameroun) - Au sortir du Conseil d\u2019administration extraordinaire tenu ce 30 septembre 2022 a\u0300 Douala, Blaise ...","breadcrumb":{"@id":"https:\/\/www.africa-press.net\/cameroun\/economie\/entreprises-publiques-blaise-moussa-nomme-dg-dune-camwater-en-difficulte#breadcrumb"},"inLanguage":"fr-FR","potentialAction":[{"@type":"ReadAction","target":["https:\/\/www.africa-press.net\/cameroun\/economie\/entreprises-publiques-blaise-moussa-nomme-dg-dune-camwater-en-difficulte"]}]},{"@type":"ImageObject","inLanguage":"fr-FR","@id":"https:\/\/www.africa-press.net\/cameroun\/economie\/entreprises-publiques-blaise-moussa-nomme-dg-dune-camwater-en-difficulte#primaryimage","url":"https:\/\/static.africa-press.net\/cameroun\/sites\/57\/2022\/09\/img-63373a7e99e6c.jpg","contentUrl":"https:\/\/static.africa-press.net\/cameroun\/sites\/57\/2022\/09\/img-63373a7e99e6c.jpg","width":720,"height":479,"caption":"Entreprises publiques\u00a0: Blaise Moussa nomm\u00e9 DG d\u2019une Camwater en difficult\u00e9"},{"@type":"BreadcrumbList","@id":"https:\/\/www.africa-press.net\/cameroun\/economie\/entreprises-publiques-blaise-moussa-nomme-dg-dune-camwater-en-difficulte#breadcrumb","itemListElement":[{"@type":"ListItem","position":1,"name":"Accueil","item":"https:\/\/www.africa-press.net\/cameroun\/"},{"@type":"ListItem","position":2,"name":"Entreprises publiques\u00a0: Blaise Moussa nomm\u00e9 DG d\u2019une Camwater en difficult\u00e9"}]},{"@type":"WebSite","@id":"https:\/\/www.africa-press.net\/cameroun\/#website","url":"https:\/\/www.africa-press.net\/cameroun\/","name":"Cameroun","description":"Just another Africa News Agency Sites site","potentialAction":[{"@type":"SearchAction","target":{"@type":"EntryPoint","urlTemplate":"https:\/\/www.africa-press.net\/cameroun\/?s={search_term_string}"},"query-input":{"@type":"PropertyValueSpecification","valueRequired":true,"valueName":"search_term_string"}}],"inLanguage":"fr-FR"},{"@type":"Person","@id":"https:\/\/www.africa-press.net\/cameroun\/#\/schema\/person\/2b1cf3cd81a31e3cd26889ca66d677f1","name":"cfeditorfr"}]}},"_links":{"self":[{"href":"https:\/\/www.africa-press.net\/cameroun\/wp-json\/wp\/v2\/posts\/28474","targetHints":{"allow":["GET"]}}],"collection":[{"href":"https:\/\/www.africa-press.net\/cameroun\/wp-json\/wp\/v2\/posts"}],"about":[{"href":"https:\/\/www.africa-press.net\/cameroun\/wp-json\/wp\/v2\/types\/post"}],"author":[{"embeddable":true,"href":"https:\/\/www.africa-press.net\/cameroun\/wp-json\/wp\/v2\/users\/82"}],"replies":[{"embeddable":true,"href":"https:\/\/www.africa-press.net\/cameroun\/wp-json\/wp\/v2\/comments?post=28474"}],"version-history":[{"count":0,"href":"https:\/\/www.africa-press.net\/cameroun\/wp-json\/wp\/v2\/posts\/28474\/revisions"}],"wp:featuredmedia":[{"embeddable":true,"href":"https:\/\/www.africa-press.net\/cameroun\/wp-json\/wp\/v2\/media\/28473"}],"wp:attachment":[{"href":"https:\/\/www.africa-press.net\/cameroun\/wp-json\/wp\/v2\/media?parent=28474"}],"wp:term":[{"taxonomy":"category","embeddable":true,"href":"https:\/\/www.africa-press.net\/cameroun\/wp-json\/wp\/v2\/categories?post=28474"},{"taxonomy":"post_tag","embeddable":true,"href":"https:\/\/www.africa-press.net\/cameroun\/wp-json\/wp\/v2\/tags?post=28474"}],"curies":[{"name":"wp","href":"https:\/\/api.w.org\/{rel}","templated":true}]}}