{"id":28505,"date":"2022-10-01T15:54:48","date_gmt":"2022-10-01T15:54:48","guid":{"rendered":"https:\/\/www.africa-press.net\/cameroun\/politique\/nord-kivu-une-dizaine-de-morts-dans-une-nouvelle-attaque-des-adf-a-beni"},"modified":"2022-10-01T15:55:38","modified_gmt":"2022-10-01T15:55:38","slug":"nord-kivu-une-dizaine-de-morts-dans-une-nouvelle-attaque-des-adf-a-beni","status":"publish","type":"post","link":"https:\/\/www.africa-press.net\/cameroun\/toutes-les-actualites\/nord-kivu-une-dizaine-de-morts-dans-une-nouvelle-attaque-des-adf-a-beni","title":{"rendered":"Nord-Kivu : une dizaine de morts dans une nouvelle attaque des ADF \u00e0 Beni"},"content":{"rendered":"<p><span style=\"color: #ff6600\"><strong>Africa-Press &#8211; Cameroun. <\/strong><\/span><b>Une dizaine de civils ont e\u0301te\u0301 tue\u0301s lors du passage, vendredi 30 septembre 2022, des rebelles des Forces de\u0301mocratiques et allie\u0301es(ADF) a\u0300 Kanindo, Virunga, Upende, Kabalwa et Hurara, des entite\u0301s situe\u0301es dans le secteur de Ruwenzori, en territoire de Beni, au Nord-Kivu.<\/b><\/p>\n<p>D\u2019apre\u0300s Meleki Mulala, coordinateur de la Nouvelle socie\u0301te\u0301 civile Congolaise (NSCC) a\u0300 Ruwenzori, qui rapporte la nouvelle a\u0300 Actu30.cd, provisoirement 10 corps sans vie ont e\u0301te\u0301 de\u0301ja\u0300 retrouve\u0301s. A\u0300 l\u2019en croire, les assaillants ont e\u0301galement bru\u0302le\u0301 2 motos.<\/p>\n<p>\u00ab Les mouvements des rebelles ADF ont e\u0301te\u0301 signale\u0301s a\u0300 Kanindo, Virunga, Upende, Kabalwa et Hurara. Provisoirement, le bilan est passe\u0301 de 2 a\u0300 10 civils tue\u0301s par les ADF et 2 motos ont e\u0301te\u0301 incendie\u0301es \u00bb, a-t-il explique\u0301.<\/p>\n<p>Le colonel Charles Euta Omeonga, administrateur du territoire de Beni, confirme cette attaque. Il compte se prononcer dans les heures qui suivent.<\/p>\n<p><strong>Pour plus d&rsquo;informations et d&rsquo;analyses sur la <a href=\"https:\/\/www.africa-press.net\/cameroun\">Cameroun<\/a>, suivez <a href=\"https:\/\/www.africa-press.net\/\">Africa-Press<\/a><\/strong><\/p>\n","protected":false},"excerpt":{"rendered":"<p>Africa-Press &#8211; Cameroun. Une dizaine de civils ont e\u0301te\u0301 tue\u0301s lors du passage, vendredi 30 septembre 2022, des rebelles des Forces de\u0301mocratiques et allie\u0301es(ADF) a\u0300 Kanindo, Virunga, Upende, Kabalwa et Hurara, des entite\u0301s situe\u0301es dans le secteur de Ruwenzori, en territoire de Beni, au Nord-Kivu. D\u2019apre\u0300s Meleki Mulala, coordinateur de la Nouvelle socie\u0301te\u0301 civile Congolaise [&hellip;]<\/p>\n","protected":false},"author":82,"featured_media":28504,"comment_status":"open","ping_status":"closed","sticky":false,"template":"","format":"standard","meta":{"footnotes":""},"categories":[21,10],"tags":[36,50,49],"class_list":["post-28505","post","type-post","status-publish","format-standard","has-post-thumbnail","hentry","category-communaute","category-toutes-les-actualites","tag-africa-press","tag-africa-press-cameroun","tag-cameroun"],"yoast_head":"<!-- This site is optimized with the Yoast SEO Premium plugin v26.1 (Yoast SEO v27.0) - https:\/\/yoast.com\/product\/yoast-seo-premium-wordpress\/ -->\n<title>Nord-Kivu : une dizaine de morts dans une nouvelle attaque des ADF \u00e0 Beni - Cameroun<\/title>\n<meta name=\"description\" content=\"Une dizaine de civils ont e\u0301te\u0301 tue\u0301s lors du passage, vendredi 30 septembre 2022, des rebelles des Forces de\u0301mocrati ...\" \/>\n<meta name=\"robots\" content=\"index, follow, max-snippet:-1, max-image-preview:large, max-video-preview:-1\" \/>\n<link rel=\"canonical\" href=\"https:\/\/www.africa-press.net\/cameroun\/toutes-les-actualites\/nord-kivu-une-dizaine-de-morts-dans-une-nouvelle-attaque-des-adf-a-beni\" \/>\n<meta property=\"og:locale\" content=\"fr_FR\" \/>\n<meta property=\"og:type\" content=\"article\" \/>\n<meta property=\"og:title\" content=\"Nord-Kivu : une dizaine de morts dans une nouvelle attaque des ADF \u00e0 Beni\" \/>\n<meta property=\"og:description\" content=\"Une dizaine de civils ont e\u0301te\u0301 tue\u0301s lors du passage, vendredi 30 septembre 2022, des rebelles des Forces de\u0301mocrati ...\" \/>\n<meta property=\"og:url\" content=\"https:\/\/www.africa-press.net\/cameroun\/toutes-les-actualites\/nord-kivu-une-dizaine-de-morts-dans-une-nouvelle-attaque-des-adf-a-beni\" \/>\n<meta property=\"og:site_name\" content=\"Cameroun\" \/>\n<meta property=\"article:published_time\" content=\"2022-10-01T15:54:48+00:00\" \/>\n<meta property=\"article:modified_time\" content=\"2022-10-01T15:55:38+00:00\" \/>\n<meta property=\"og:image\" content=\"https:\/\/static.africa-press.net\/cameroun\/sites\/57\/2022\/10\/img.jpg\" \/>\n\t<meta property=\"og:image:width\" content=\"720\" \/>\n\t<meta property=\"og:image:height\" content=\"317\" \/>\n\t<meta property=\"og:image:type\" content=\"image\/jpeg\" \/>\n<meta name=\"author\" content=\"cfeditorfr\" \/>\n<meta name=\"twitter:card\" content=\"summary_large_image\" \/>\n<meta name=\"twitter:label1\" content=\"\u00c9crit par\" \/>\n\t<meta name=\"twitter:data1\" content=\"cfeditorfr\" \/>\n\t<meta name=\"twitter:label2\" content=\"Dur\u00e9e de lecture estim\u00e9e\" \/>\n\t<meta name=\"twitter:data2\" content=\"1 minute\" \/>\n<script type=\"application\/ld+json\" class=\"yoast-schema-graph\">{\"@context\":\"https:\/\/schema.org\",\"@graph\":[{\"@type\":\"Article\",\"@id\":\"https:\/\/www.africa-press.net\/cameroun\/toutes-les-actualites\/nord-kivu-une-dizaine-de-morts-dans-une-nouvelle-attaque-des-adf-a-beni#article\",\"isPartOf\":{\"@id\":\"https:\/\/www.africa-press.net\/cameroun\/toutes-les-actualites\/nord-kivu-une-dizaine-de-morts-dans-une-nouvelle-attaque-des-adf-a-beni\"},\"author\":{\"name\":\"cfeditorfr\",\"@id\":\"https:\/\/www.africa-press.net\/cameroun\/#\/schema\/person\/2b1cf3cd81a31e3cd26889ca66d677f1\"},\"headline\":\"Nord-Kivu : une dizaine de morts dans une nouvelle attaque des ADF \u00e0 Beni\",\"datePublished\":\"2022-10-01T15:54:48+00:00\",\"dateModified\":\"2022-10-01T15:55:38+00:00\",\"mainEntityOfPage\":{\"@id\":\"https:\/\/www.africa-press.net\/cameroun\/toutes-les-actualites\/nord-kivu-une-dizaine-de-morts-dans-une-nouvelle-attaque-des-adf-a-beni\"},\"wordCount\":181,\"commentCount\":0,\"image\":{\"@id\":\"https:\/\/www.africa-press.net\/cameroun\/toutes-les-actualites\/nord-kivu-une-dizaine-de-morts-dans-une-nouvelle-attaque-des-adf-a-beni#primaryimage\"},\"thumbnailUrl\":\"https:\/\/static.africa-press.net\/cameroun\/sites\/57\/2022\/10\/img.jpg\",\"keywords\":[\"Africa Press\",\"Africa Press-Cameroun\",\"Cameroun\"],\"articleSection\":[\"Communaut\u00e9\",\"Toutes les actualit\u00e9s\"],\"inLanguage\":\"fr-FR\",\"potentialAction\":[{\"@type\":\"CommentAction\",\"name\":\"Comment\",\"target\":[\"https:\/\/www.africa-press.net\/cameroun\/toutes-les-actualites\/nord-kivu-une-dizaine-de-morts-dans-une-nouvelle-attaque-des-adf-a-beni#respond\"]}]},{\"@type\":\"WebPage\",\"@id\":\"https:\/\/www.africa-press.net\/cameroun\/toutes-les-actualites\/nord-kivu-une-dizaine-de-morts-dans-une-nouvelle-attaque-des-adf-a-beni\",\"url\":\"https:\/\/www.africa-press.net\/cameroun\/toutes-les-actualites\/nord-kivu-une-dizaine-de-morts-dans-une-nouvelle-attaque-des-adf-a-beni\",\"name\":\"Nord-Kivu : une dizaine de morts dans une nouvelle attaque des ADF \u00e0 Beni - Cameroun\",\"isPartOf\":{\"@id\":\"https:\/\/www.africa-press.net\/cameroun\/#website\"},\"primaryImageOfPage\":{\"@id\":\"https:\/\/www.africa-press.net\/cameroun\/toutes-les-actualites\/nord-kivu-une-dizaine-de-morts-dans-une-nouvelle-attaque-des-adf-a-beni#primaryimage\"},\"image\":{\"@id\":\"https:\/\/www.africa-press.net\/cameroun\/toutes-les-actualites\/nord-kivu-une-dizaine-de-morts-dans-une-nouvelle-attaque-des-adf-a-beni#primaryimage\"},\"thumbnailUrl\":\"https:\/\/static.africa-press.net\/cameroun\/sites\/57\/2022\/10\/img.jpg\",\"datePublished\":\"2022-10-01T15:54:48+00:00\",\"dateModified\":\"2022-10-01T15:55:38+00:00\",\"author\":{\"@id\":\"https:\/\/www.africa-press.net\/cameroun\/#\/schema\/person\/2b1cf3cd81a31e3cd26889ca66d677f1\"},\"description\":\"Une dizaine de civils ont e\u0301te\u0301 tue\u0301s lors du passage, vendredi 30 septembre 2022, des rebelles des Forces de\u0301mocrati ...\",\"breadcrumb\":{\"@id\":\"https:\/\/www.africa-press.net\/cameroun\/toutes-les-actualites\/nord-kivu-une-dizaine-de-morts-dans-une-nouvelle-attaque-des-adf-a-beni#breadcrumb\"},\"inLanguage\":\"fr-FR\",\"potentialAction\":[{\"@type\":\"ReadAction\",\"target\":[\"https:\/\/www.africa-press.net\/cameroun\/toutes-les-actualites\/nord-kivu-une-dizaine-de-morts-dans-une-nouvelle-attaque-des-adf-a-beni\"]}]},{\"@type\":\"ImageObject\",\"inLanguage\":\"fr-FR\",\"@id\":\"https:\/\/www.africa-press.net\/cameroun\/toutes-les-actualites\/nord-kivu-une-dizaine-de-morts-dans-une-nouvelle-attaque-des-adf-a-beni#primaryimage\",\"url\":\"https:\/\/static.africa-press.net\/cameroun\/sites\/57\/2022\/10\/img.jpg\",\"contentUrl\":\"https:\/\/static.africa-press.net\/cameroun\/sites\/57\/2022\/10\/img.jpg\",\"width\":720,\"height\":317,\"caption\":\"Nord-Kivu : une dizaine de morts dans une nouvelle attaque des ADF \u00e0 Beni\"},{\"@type\":\"BreadcrumbList\",\"@id\":\"https:\/\/www.africa-press.net\/cameroun\/toutes-les-actualites\/nord-kivu-une-dizaine-de-morts-dans-une-nouvelle-attaque-des-adf-a-beni#breadcrumb\",\"itemListElement\":[{\"@type\":\"ListItem\",\"position\":1,\"name\":\"Accueil\",\"item\":\"https:\/\/www.africa-press.net\/cameroun\/\"},{\"@type\":\"ListItem\",\"position\":2,\"name\":\"Nord-Kivu : une dizaine de morts dans une nouvelle attaque des ADF \u00e0 Beni\"}]},{\"@type\":\"WebSite\",\"@id\":\"https:\/\/www.africa-press.net\/cameroun\/#website\",\"url\":\"https:\/\/www.africa-press.net\/cameroun\/\",\"name\":\"Cameroun\",\"description\":\"Just another Africa News Agency Sites site\",\"potentialAction\":[{\"@type\":\"SearchAction\",\"target\":{\"@type\":\"EntryPoint\",\"urlTemplate\":\"https:\/\/www.africa-press.net\/cameroun\/?s={search_term_string}\"},\"query-input\":{\"@type\":\"PropertyValueSpecification\",\"valueRequired\":true,\"valueName\":\"search_term_string\"}}],\"inLanguage\":\"fr-FR\"},{\"@type\":\"Person\",\"@id\":\"https:\/\/www.africa-press.net\/cameroun\/#\/schema\/person\/2b1cf3cd81a31e3cd26889ca66d677f1\",\"name\":\"cfeditorfr\"}]}<\/script>\n<!-- \/ Yoast SEO Premium plugin. -->","yoast_head_json":{"title":"Nord-Kivu : une dizaine de morts dans une nouvelle attaque des ADF \u00e0 Beni - Cameroun","description":"Une dizaine de civils ont e\u0301te\u0301 tue\u0301s lors du passage, vendredi 30 septembre 2022, des rebelles des Forces de\u0301mocrati ...","robots":{"index":"index","follow":"follow","max-snippet":"max-snippet:-1","max-image-preview":"max-image-preview:large","max-video-preview":"max-video-preview:-1"},"canonical":"https:\/\/www.africa-press.net\/cameroun\/toutes-les-actualites\/nord-kivu-une-dizaine-de-morts-dans-une-nouvelle-attaque-des-adf-a-beni","og_locale":"fr_FR","og_type":"article","og_title":"Nord-Kivu : une dizaine de morts dans une nouvelle attaque des ADF \u00e0 Beni","og_description":"Une dizaine de civils ont e\u0301te\u0301 tue\u0301s lors du passage, vendredi 30 septembre 2022, des rebelles des Forces de\u0301mocrati ...","og_url":"https:\/\/www.africa-press.net\/cameroun\/toutes-les-actualites\/nord-kivu-une-dizaine-de-morts-dans-une-nouvelle-attaque-des-adf-a-beni","og_site_name":"Cameroun","article_published_time":"2022-10-01T15:54:48+00:00","article_modified_time":"2022-10-01T15:55:38+00:00","og_image":[{"width":720,"height":317,"url":"https:\/\/static.africa-press.net\/cameroun\/sites\/57\/2022\/10\/img.jpg","type":"image\/jpeg"}],"author":"cfeditorfr","twitter_card":"summary_large_image","twitter_misc":{"\u00c9crit par":"cfeditorfr","Dur\u00e9e de lecture estim\u00e9e":"1 minute"},"schema":{"@context":"https:\/\/schema.org","@graph":[{"@type":"Article","@id":"https:\/\/www.africa-press.net\/cameroun\/toutes-les-actualites\/nord-kivu-une-dizaine-de-morts-dans-une-nouvelle-attaque-des-adf-a-beni#article","isPartOf":{"@id":"https:\/\/www.africa-press.net\/cameroun\/toutes-les-actualites\/nord-kivu-une-dizaine-de-morts-dans-une-nouvelle-attaque-des-adf-a-beni"},"author":{"name":"cfeditorfr","@id":"https:\/\/www.africa-press.net\/cameroun\/#\/schema\/person\/2b1cf3cd81a31e3cd26889ca66d677f1"},"headline":"Nord-Kivu : une dizaine de morts dans une nouvelle attaque des ADF \u00e0 Beni","datePublished":"2022-10-01T15:54:48+00:00","dateModified":"2022-10-01T15:55:38+00:00","mainEntityOfPage":{"@id":"https:\/\/www.africa-press.net\/cameroun\/toutes-les-actualites\/nord-kivu-une-dizaine-de-morts-dans-une-nouvelle-attaque-des-adf-a-beni"},"wordCount":181,"commentCount":0,"image":{"@id":"https:\/\/www.africa-press.net\/cameroun\/toutes-les-actualites\/nord-kivu-une-dizaine-de-morts-dans-une-nouvelle-attaque-des-adf-a-beni#primaryimage"},"thumbnailUrl":"https:\/\/static.africa-press.net\/cameroun\/sites\/57\/2022\/10\/img.jpg","keywords":["Africa Press","Africa Press-Cameroun","Cameroun"],"articleSection":["Communaut\u00e9","Toutes les actualit\u00e9s"],"inLanguage":"fr-FR","potentialAction":[{"@type":"CommentAction","name":"Comment","target":["https:\/\/www.africa-press.net\/cameroun\/toutes-les-actualites\/nord-kivu-une-dizaine-de-morts-dans-une-nouvelle-attaque-des-adf-a-beni#respond"]}]},{"@type":"WebPage","@id":"https:\/\/www.africa-press.net\/cameroun\/toutes-les-actualites\/nord-kivu-une-dizaine-de-morts-dans-une-nouvelle-attaque-des-adf-a-beni","url":"https:\/\/www.africa-press.net\/cameroun\/toutes-les-actualites\/nord-kivu-une-dizaine-de-morts-dans-une-nouvelle-attaque-des-adf-a-beni","name":"Nord-Kivu : une dizaine de morts dans une nouvelle attaque des ADF \u00e0 Beni - Cameroun","isPartOf":{"@id":"https:\/\/www.africa-press.net\/cameroun\/#website"},"primaryImageOfPage":{"@id":"https:\/\/www.africa-press.net\/cameroun\/toutes-les-actualites\/nord-kivu-une-dizaine-de-morts-dans-une-nouvelle-attaque-des-adf-a-beni#primaryimage"},"image":{"@id":"https:\/\/www.africa-press.net\/cameroun\/toutes-les-actualites\/nord-kivu-une-dizaine-de-morts-dans-une-nouvelle-attaque-des-adf-a-beni#primaryimage"},"thumbnailUrl":"https:\/\/static.africa-press.net\/cameroun\/sites\/57\/2022\/10\/img.jpg","datePublished":"2022-10-01T15:54:48+00:00","dateModified":"2022-10-01T15:55:38+00:00","author":{"@id":"https:\/\/www.africa-press.net\/cameroun\/#\/schema\/person\/2b1cf3cd81a31e3cd26889ca66d677f1"},"description":"Une dizaine de civils ont e\u0301te\u0301 tue\u0301s lors du passage, vendredi 30 septembre 2022, des rebelles des Forces de\u0301mocrati ...","breadcrumb":{"@id":"https:\/\/www.africa-press.net\/cameroun\/toutes-les-actualites\/nord-kivu-une-dizaine-de-morts-dans-une-nouvelle-attaque-des-adf-a-beni#breadcrumb"},"inLanguage":"fr-FR","potentialAction":[{"@type":"ReadAction","target":["https:\/\/www.africa-press.net\/cameroun\/toutes-les-actualites\/nord-kivu-une-dizaine-de-morts-dans-une-nouvelle-attaque-des-adf-a-beni"]}]},{"@type":"ImageObject","inLanguage":"fr-FR","@id":"https:\/\/www.africa-press.net\/cameroun\/toutes-les-actualites\/nord-kivu-une-dizaine-de-morts-dans-une-nouvelle-attaque-des-adf-a-beni#primaryimage","url":"https:\/\/static.africa-press.net\/cameroun\/sites\/57\/2022\/10\/img.jpg","contentUrl":"https:\/\/static.africa-press.net\/cameroun\/sites\/57\/2022\/10\/img.jpg","width":720,"height":317,"caption":"Nord-Kivu : une dizaine de morts dans une nouvelle attaque des ADF \u00e0 Beni"},{"@type":"BreadcrumbList","@id":"https:\/\/www.africa-press.net\/cameroun\/toutes-les-actualites\/nord-kivu-une-dizaine-de-morts-dans-une-nouvelle-attaque-des-adf-a-beni#breadcrumb","itemListElement":[{"@type":"ListItem","position":1,"name":"Accueil","item":"https:\/\/www.africa-press.net\/cameroun\/"},{"@type":"ListItem","position":2,"name":"Nord-Kivu : une dizaine de morts dans une nouvelle attaque des ADF \u00e0 Beni"}]},{"@type":"WebSite","@id":"https:\/\/www.africa-press.net\/cameroun\/#website","url":"https:\/\/www.africa-press.net\/cameroun\/","name":"Cameroun","description":"Just another Africa News Agency Sites site","potentialAction":[{"@type":"SearchAction","target":{"@type":"EntryPoint","urlTemplate":"https:\/\/www.africa-press.net\/cameroun\/?s={search_term_string}"},"query-input":{"@type":"PropertyValueSpecification","valueRequired":true,"valueName":"search_term_string"}}],"inLanguage":"fr-FR"},{"@type":"Person","@id":"https:\/\/www.africa-press.net\/cameroun\/#\/schema\/person\/2b1cf3cd81a31e3cd26889ca66d677f1","name":"cfeditorfr"}]}},"_links":{"self":[{"href":"https:\/\/www.africa-press.net\/cameroun\/wp-json\/wp\/v2\/posts\/28505","targetHints":{"allow":["GET"]}}],"collection":[{"href":"https:\/\/www.africa-press.net\/cameroun\/wp-json\/wp\/v2\/posts"}],"about":[{"href":"https:\/\/www.africa-press.net\/cameroun\/wp-json\/wp\/v2\/types\/post"}],"author":[{"embeddable":true,"href":"https:\/\/www.africa-press.net\/cameroun\/wp-json\/wp\/v2\/users\/82"}],"replies":[{"embeddable":true,"href":"https:\/\/www.africa-press.net\/cameroun\/wp-json\/wp\/v2\/comments?post=28505"}],"version-history":[{"count":0,"href":"https:\/\/www.africa-press.net\/cameroun\/wp-json\/wp\/v2\/posts\/28505\/revisions"}],"wp:featuredmedia":[{"embeddable":true,"href":"https:\/\/www.africa-press.net\/cameroun\/wp-json\/wp\/v2\/media\/28504"}],"wp:attachment":[{"href":"https:\/\/www.africa-press.net\/cameroun\/wp-json\/wp\/v2\/media?parent=28505"}],"wp:term":[{"taxonomy":"category","embeddable":true,"href":"https:\/\/www.africa-press.net\/cameroun\/wp-json\/wp\/v2\/categories?post=28505"},{"taxonomy":"post_tag","embeddable":true,"href":"https:\/\/www.africa-press.net\/cameroun\/wp-json\/wp\/v2\/tags?post=28505"}],"curies":[{"name":"wp","href":"https:\/\/api.w.org\/{rel}","templated":true}]}}