{"id":28514,"date":"2022-10-01T13:24:24","date_gmt":"2022-10-01T13:24:24","guid":{"rendered":"https:\/\/www.africa-press.net\/cameroun\/politique\/fizi-un-casque-bleu-de-la-monusco-tue-par-des-elements-twirwaneho-a-minembwe"},"modified":"2022-10-01T15:59:19","modified_gmt":"2022-10-01T15:59:19","slug":"fizi-un-casque-bleu-de-la-monusco-tue-par-des-elements-twirwaneho-a-minembwe","status":"publish","type":"post","link":"https:\/\/www.africa-press.net\/cameroun\/politique\/fizi-un-casque-bleu-de-la-monusco-tue-par-des-elements-twirwaneho-a-minembwe","title":{"rendered":"Fizi: un casque bleu de la Monusco tu\u00e9 par des \u00e9l\u00e9ments Twirwaneho \u00e0 Minembwe"},"content":{"rendered":"<p><span style=\"color: #ff6600\"><strong>Africa-Press &#8211; Cameroun. <\/strong><\/span>Un casque bleu de la Monusco a e\u0301te\u0301 tue\u0301 par des e\u0301le\u0301ments du groupe arme\u0301 Twirwaneho, la nuit de vendredi a\u0300 ce samedi 1er octobre 2022 dans la base ope\u0301rationnelle de la mission onusienne a\u0300 Madegu, au centre de Minembwe, dans le territoire de Fizi au Sud-Kivu.<\/p>\n<p>D\u2019apre\u0300s des sources au sein de la Monusco, ces miliciens sont venus comme s\u2019ils voulaient se rendre. Mais par la suite, ils ont tire\u0301 a\u0300 bout portant sur les casques bleus commis a\u0300 leur garde.<\/p>\n<p>\u00abSur le champ, un casque bleu pakistanais est mort. Trois autres blesse\u0301s,\u00bb affirme notre source.<\/p>\n<p>D\u2019autres sources au sein de la Socie\u0301te\u0301 Civile locale indiquent qu\u2019environ 8 e\u0301le\u0301ments de ce groupe arme\u0301 s\u2019e\u0301taient rendus a\u0300 la Monusco la veille. Leurs colle\u0300gues auraient donc voulu se venger et re\u0301cupe\u0301rer les armes avec lesquels ces derniers se sont rendus.<\/p>\n<p>Contacte\u0301e, la Monusco Sud-Kivu promet de se prononcer dans un bref de\u0301lai sur les circonstances de cet incident se\u0301curitaire.<\/p>\n<p><strong>Pour plus d&rsquo;informations et d&rsquo;analyses sur la <a href=\"https:\/\/www.africa-press.net\/cameroun\">Cameroun<\/a>, suivez <a href=\"https:\/\/www.africa-press.net\/\">Africa-Press<\/a><\/strong><\/p>\n","protected":false},"excerpt":{"rendered":"<p>Africa-Press &#8211; Cameroun. Un casque bleu de la Monusco a e\u0301te\u0301 tue\u0301 par des e\u0301le\u0301ments du groupe arme\u0301 Twirwaneho, la nuit de vendredi a\u0300 ce samedi 1er octobre 2022 dans la base ope\u0301rationnelle de la mission onusienne a\u0300 Madegu, au centre de Minembwe, dans le territoire de Fizi au Sud-Kivu. D\u2019apre\u0300s des sources au sein [&hellip;]<\/p>\n","protected":false},"author":82,"featured_media":28513,"comment_status":"open","ping_status":"closed","sticky":false,"template":"","format":"standard","meta":{"footnotes":""},"categories":[2,10],"tags":[36,50,49],"class_list":["post-28514","post","type-post","status-publish","format-standard","has-post-thumbnail","hentry","category-politique","category-toutes-les-actualites","tag-africa-press","tag-africa-press-cameroun","tag-cameroun"],"yoast_head":"<!-- This site is optimized with the Yoast SEO Premium plugin v26.1 (Yoast SEO v27.0) - https:\/\/yoast.com\/product\/yoast-seo-premium-wordpress\/ -->\n<title>Fizi: un casque bleu de la Monusco tu\u00e9 par des \u00e9l\u00e9ments Twirwaneho \u00e0 Minembwe - Cameroun<\/title>\n<meta name=\"description\" content=\"Un casque bleu de la Monusco a e\u0301te\u0301 tue\u0301 par des e\u0301le\u0301ments du groupe arme\u0301 Twirwaneho, la nuit de vendredi a\u0300 ce samed ...\" \/>\n<meta name=\"robots\" content=\"index, follow, max-snippet:-1, max-image-preview:large, max-video-preview:-1\" \/>\n<link rel=\"canonical\" href=\"https:\/\/www.africa-press.net\/cameroun\/politique\/fizi-un-casque-bleu-de-la-monusco-tue-par-des-elements-twirwaneho-a-minembwe\" \/>\n<meta property=\"og:locale\" content=\"fr_FR\" \/>\n<meta property=\"og:type\" content=\"article\" \/>\n<meta property=\"og:title\" content=\"Fizi: un casque bleu de la Monusco tu\u00e9 par des \u00e9l\u00e9ments Twirwaneho \u00e0 Minembwe\" \/>\n<meta property=\"og:description\" content=\"Un casque bleu de la Monusco a e\u0301te\u0301 tue\u0301 par des e\u0301le\u0301ments du groupe arme\u0301 Twirwaneho, la nuit de vendredi a\u0300 ce samed ...\" \/>\n<meta property=\"og:url\" content=\"https:\/\/www.africa-press.net\/cameroun\/politique\/fizi-un-casque-bleu-de-la-monusco-tue-par-des-elements-twirwaneho-a-minembwe\" \/>\n<meta property=\"og:site_name\" content=\"Cameroun\" \/>\n<meta property=\"article:published_time\" content=\"2022-10-01T13:24:24+00:00\" \/>\n<meta property=\"article:modified_time\" content=\"2022-10-01T15:59:19+00:00\" \/>\n<meta property=\"og:image\" content=\"https:\/\/static.africa-press.net\/cameroun\/sites\/57\/2022\/10\/img-63386394d82a6.jpg\" \/>\n\t<meta property=\"og:image:width\" content=\"720\" \/>\n\t<meta property=\"og:image:height\" content=\"324\" \/>\n\t<meta property=\"og:image:type\" content=\"image\/jpeg\" \/>\n<meta name=\"author\" content=\"cfeditorfr\" \/>\n<meta name=\"twitter:card\" content=\"summary_large_image\" \/>\n<meta name=\"twitter:label1\" content=\"\u00c9crit par\" \/>\n\t<meta name=\"twitter:data1\" content=\"cfeditorfr\" \/>\n\t<meta name=\"twitter:label2\" content=\"Dur\u00e9e de lecture estim\u00e9e\" \/>\n\t<meta name=\"twitter:data2\" content=\"1 minute\" \/>\n<script type=\"application\/ld+json\" class=\"yoast-schema-graph\">{\"@context\":\"https:\/\/schema.org\",\"@graph\":[{\"@type\":\"Article\",\"@id\":\"https:\/\/www.africa-press.net\/cameroun\/politique\/fizi-un-casque-bleu-de-la-monusco-tue-par-des-elements-twirwaneho-a-minembwe#article\",\"isPartOf\":{\"@id\":\"https:\/\/www.africa-press.net\/cameroun\/politique\/fizi-un-casque-bleu-de-la-monusco-tue-par-des-elements-twirwaneho-a-minembwe\"},\"author\":{\"name\":\"cfeditorfr\",\"@id\":\"https:\/\/www.africa-press.net\/cameroun\/#\/schema\/person\/2b1cf3cd81a31e3cd26889ca66d677f1\"},\"headline\":\"Fizi: un casque bleu de la Monusco tu\u00e9 par des \u00e9l\u00e9ments Twirwaneho \u00e0 Minembwe\",\"datePublished\":\"2022-10-01T13:24:24+00:00\",\"dateModified\":\"2022-10-01T15:59:19+00:00\",\"mainEntityOfPage\":{\"@id\":\"https:\/\/www.africa-press.net\/cameroun\/politique\/fizi-un-casque-bleu-de-la-monusco-tue-par-des-elements-twirwaneho-a-minembwe\"},\"wordCount\":206,\"commentCount\":0,\"image\":{\"@id\":\"https:\/\/www.africa-press.net\/cameroun\/politique\/fizi-un-casque-bleu-de-la-monusco-tue-par-des-elements-twirwaneho-a-minembwe#primaryimage\"},\"thumbnailUrl\":\"https:\/\/static.africa-press.net\/cameroun\/sites\/57\/2022\/10\/img-63386394d82a6.jpg\",\"keywords\":[\"Africa Press\",\"Africa Press-Cameroun\",\"Cameroun\"],\"articleSection\":[\"Politique\",\"Toutes les actualit\u00e9s\"],\"inLanguage\":\"fr-FR\",\"potentialAction\":[{\"@type\":\"CommentAction\",\"name\":\"Comment\",\"target\":[\"https:\/\/www.africa-press.net\/cameroun\/politique\/fizi-un-casque-bleu-de-la-monusco-tue-par-des-elements-twirwaneho-a-minembwe#respond\"]}]},{\"@type\":\"WebPage\",\"@id\":\"https:\/\/www.africa-press.net\/cameroun\/politique\/fizi-un-casque-bleu-de-la-monusco-tue-par-des-elements-twirwaneho-a-minembwe\",\"url\":\"https:\/\/www.africa-press.net\/cameroun\/politique\/fizi-un-casque-bleu-de-la-monusco-tue-par-des-elements-twirwaneho-a-minembwe\",\"name\":\"Fizi: un casque bleu de la Monusco tu\u00e9 par des \u00e9l\u00e9ments Twirwaneho \u00e0 Minembwe - Cameroun\",\"isPartOf\":{\"@id\":\"https:\/\/www.africa-press.net\/cameroun\/#website\"},\"primaryImageOfPage\":{\"@id\":\"https:\/\/www.africa-press.net\/cameroun\/politique\/fizi-un-casque-bleu-de-la-monusco-tue-par-des-elements-twirwaneho-a-minembwe#primaryimage\"},\"image\":{\"@id\":\"https:\/\/www.africa-press.net\/cameroun\/politique\/fizi-un-casque-bleu-de-la-monusco-tue-par-des-elements-twirwaneho-a-minembwe#primaryimage\"},\"thumbnailUrl\":\"https:\/\/static.africa-press.net\/cameroun\/sites\/57\/2022\/10\/img-63386394d82a6.jpg\",\"datePublished\":\"2022-10-01T13:24:24+00:00\",\"dateModified\":\"2022-10-01T15:59:19+00:00\",\"author\":{\"@id\":\"https:\/\/www.africa-press.net\/cameroun\/#\/schema\/person\/2b1cf3cd81a31e3cd26889ca66d677f1\"},\"description\":\"Un casque bleu de la Monusco a e\u0301te\u0301 tue\u0301 par des e\u0301le\u0301ments du groupe arme\u0301 Twirwaneho, la nuit de vendredi a\u0300 ce samed ...\",\"breadcrumb\":{\"@id\":\"https:\/\/www.africa-press.net\/cameroun\/politique\/fizi-un-casque-bleu-de-la-monusco-tue-par-des-elements-twirwaneho-a-minembwe#breadcrumb\"},\"inLanguage\":\"fr-FR\",\"potentialAction\":[{\"@type\":\"ReadAction\",\"target\":[\"https:\/\/www.africa-press.net\/cameroun\/politique\/fizi-un-casque-bleu-de-la-monusco-tue-par-des-elements-twirwaneho-a-minembwe\"]}]},{\"@type\":\"ImageObject\",\"inLanguage\":\"fr-FR\",\"@id\":\"https:\/\/www.africa-press.net\/cameroun\/politique\/fizi-un-casque-bleu-de-la-monusco-tue-par-des-elements-twirwaneho-a-minembwe#primaryimage\",\"url\":\"https:\/\/static.africa-press.net\/cameroun\/sites\/57\/2022\/10\/img-63386394d82a6.jpg\",\"contentUrl\":\"https:\/\/static.africa-press.net\/cameroun\/sites\/57\/2022\/10\/img-63386394d82a6.jpg\",\"width\":720,\"height\":324,\"caption\":\"Fizi: un casque bleu de la Monusco tu\u00e9 par des \u00e9l\u00e9ments Twirwaneho \u00e0 Minembwe\"},{\"@type\":\"BreadcrumbList\",\"@id\":\"https:\/\/www.africa-press.net\/cameroun\/politique\/fizi-un-casque-bleu-de-la-monusco-tue-par-des-elements-twirwaneho-a-minembwe#breadcrumb\",\"itemListElement\":[{\"@type\":\"ListItem\",\"position\":1,\"name\":\"Accueil\",\"item\":\"https:\/\/www.africa-press.net\/cameroun\/\"},{\"@type\":\"ListItem\",\"position\":2,\"name\":\"Fizi: un casque bleu de la Monusco tu\u00e9 par des \u00e9l\u00e9ments Twirwaneho \u00e0 Minembwe\"}]},{\"@type\":\"WebSite\",\"@id\":\"https:\/\/www.africa-press.net\/cameroun\/#website\",\"url\":\"https:\/\/www.africa-press.net\/cameroun\/\",\"name\":\"Cameroun\",\"description\":\"Just another Africa News Agency Sites site\",\"potentialAction\":[{\"@type\":\"SearchAction\",\"target\":{\"@type\":\"EntryPoint\",\"urlTemplate\":\"https:\/\/www.africa-press.net\/cameroun\/?s={search_term_string}\"},\"query-input\":{\"@type\":\"PropertyValueSpecification\",\"valueRequired\":true,\"valueName\":\"search_term_string\"}}],\"inLanguage\":\"fr-FR\"},{\"@type\":\"Person\",\"@id\":\"https:\/\/www.africa-press.net\/cameroun\/#\/schema\/person\/2b1cf3cd81a31e3cd26889ca66d677f1\",\"name\":\"cfeditorfr\"}]}<\/script>\n<!-- \/ Yoast SEO Premium plugin. -->","yoast_head_json":{"title":"Fizi: un casque bleu de la Monusco tu\u00e9 par des \u00e9l\u00e9ments Twirwaneho \u00e0 Minembwe - Cameroun","description":"Un casque bleu de la Monusco a e\u0301te\u0301 tue\u0301 par des e\u0301le\u0301ments du groupe arme\u0301 Twirwaneho, la nuit de vendredi a\u0300 ce samed ...","robots":{"index":"index","follow":"follow","max-snippet":"max-snippet:-1","max-image-preview":"max-image-preview:large","max-video-preview":"max-video-preview:-1"},"canonical":"https:\/\/www.africa-press.net\/cameroun\/politique\/fizi-un-casque-bleu-de-la-monusco-tue-par-des-elements-twirwaneho-a-minembwe","og_locale":"fr_FR","og_type":"article","og_title":"Fizi: un casque bleu de la Monusco tu\u00e9 par des \u00e9l\u00e9ments Twirwaneho \u00e0 Minembwe","og_description":"Un casque bleu de la Monusco a e\u0301te\u0301 tue\u0301 par des e\u0301le\u0301ments du groupe arme\u0301 Twirwaneho, la nuit de vendredi a\u0300 ce samed ...","og_url":"https:\/\/www.africa-press.net\/cameroun\/politique\/fizi-un-casque-bleu-de-la-monusco-tue-par-des-elements-twirwaneho-a-minembwe","og_site_name":"Cameroun","article_published_time":"2022-10-01T13:24:24+00:00","article_modified_time":"2022-10-01T15:59:19+00:00","og_image":[{"width":720,"height":324,"url":"https:\/\/static.africa-press.net\/cameroun\/sites\/57\/2022\/10\/img-63386394d82a6.jpg","type":"image\/jpeg"}],"author":"cfeditorfr","twitter_card":"summary_large_image","twitter_misc":{"\u00c9crit par":"cfeditorfr","Dur\u00e9e de lecture estim\u00e9e":"1 minute"},"schema":{"@context":"https:\/\/schema.org","@graph":[{"@type":"Article","@id":"https:\/\/www.africa-press.net\/cameroun\/politique\/fizi-un-casque-bleu-de-la-monusco-tue-par-des-elements-twirwaneho-a-minembwe#article","isPartOf":{"@id":"https:\/\/www.africa-press.net\/cameroun\/politique\/fizi-un-casque-bleu-de-la-monusco-tue-par-des-elements-twirwaneho-a-minembwe"},"author":{"name":"cfeditorfr","@id":"https:\/\/www.africa-press.net\/cameroun\/#\/schema\/person\/2b1cf3cd81a31e3cd26889ca66d677f1"},"headline":"Fizi: un casque bleu de la Monusco tu\u00e9 par des \u00e9l\u00e9ments Twirwaneho \u00e0 Minembwe","datePublished":"2022-10-01T13:24:24+00:00","dateModified":"2022-10-01T15:59:19+00:00","mainEntityOfPage":{"@id":"https:\/\/www.africa-press.net\/cameroun\/politique\/fizi-un-casque-bleu-de-la-monusco-tue-par-des-elements-twirwaneho-a-minembwe"},"wordCount":206,"commentCount":0,"image":{"@id":"https:\/\/www.africa-press.net\/cameroun\/politique\/fizi-un-casque-bleu-de-la-monusco-tue-par-des-elements-twirwaneho-a-minembwe#primaryimage"},"thumbnailUrl":"https:\/\/static.africa-press.net\/cameroun\/sites\/57\/2022\/10\/img-63386394d82a6.jpg","keywords":["Africa Press","Africa Press-Cameroun","Cameroun"],"articleSection":["Politique","Toutes les actualit\u00e9s"],"inLanguage":"fr-FR","potentialAction":[{"@type":"CommentAction","name":"Comment","target":["https:\/\/www.africa-press.net\/cameroun\/politique\/fizi-un-casque-bleu-de-la-monusco-tue-par-des-elements-twirwaneho-a-minembwe#respond"]}]},{"@type":"WebPage","@id":"https:\/\/www.africa-press.net\/cameroun\/politique\/fizi-un-casque-bleu-de-la-monusco-tue-par-des-elements-twirwaneho-a-minembwe","url":"https:\/\/www.africa-press.net\/cameroun\/politique\/fizi-un-casque-bleu-de-la-monusco-tue-par-des-elements-twirwaneho-a-minembwe","name":"Fizi: un casque bleu de la Monusco tu\u00e9 par des \u00e9l\u00e9ments Twirwaneho \u00e0 Minembwe - Cameroun","isPartOf":{"@id":"https:\/\/www.africa-press.net\/cameroun\/#website"},"primaryImageOfPage":{"@id":"https:\/\/www.africa-press.net\/cameroun\/politique\/fizi-un-casque-bleu-de-la-monusco-tue-par-des-elements-twirwaneho-a-minembwe#primaryimage"},"image":{"@id":"https:\/\/www.africa-press.net\/cameroun\/politique\/fizi-un-casque-bleu-de-la-monusco-tue-par-des-elements-twirwaneho-a-minembwe#primaryimage"},"thumbnailUrl":"https:\/\/static.africa-press.net\/cameroun\/sites\/57\/2022\/10\/img-63386394d82a6.jpg","datePublished":"2022-10-01T13:24:24+00:00","dateModified":"2022-10-01T15:59:19+00:00","author":{"@id":"https:\/\/www.africa-press.net\/cameroun\/#\/schema\/person\/2b1cf3cd81a31e3cd26889ca66d677f1"},"description":"Un casque bleu de la Monusco a e\u0301te\u0301 tue\u0301 par des e\u0301le\u0301ments du groupe arme\u0301 Twirwaneho, la nuit de vendredi a\u0300 ce samed ...","breadcrumb":{"@id":"https:\/\/www.africa-press.net\/cameroun\/politique\/fizi-un-casque-bleu-de-la-monusco-tue-par-des-elements-twirwaneho-a-minembwe#breadcrumb"},"inLanguage":"fr-FR","potentialAction":[{"@type":"ReadAction","target":["https:\/\/www.africa-press.net\/cameroun\/politique\/fizi-un-casque-bleu-de-la-monusco-tue-par-des-elements-twirwaneho-a-minembwe"]}]},{"@type":"ImageObject","inLanguage":"fr-FR","@id":"https:\/\/www.africa-press.net\/cameroun\/politique\/fizi-un-casque-bleu-de-la-monusco-tue-par-des-elements-twirwaneho-a-minembwe#primaryimage","url":"https:\/\/static.africa-press.net\/cameroun\/sites\/57\/2022\/10\/img-63386394d82a6.jpg","contentUrl":"https:\/\/static.africa-press.net\/cameroun\/sites\/57\/2022\/10\/img-63386394d82a6.jpg","width":720,"height":324,"caption":"Fizi: un casque bleu de la Monusco tu\u00e9 par des \u00e9l\u00e9ments Twirwaneho \u00e0 Minembwe"},{"@type":"BreadcrumbList","@id":"https:\/\/www.africa-press.net\/cameroun\/politique\/fizi-un-casque-bleu-de-la-monusco-tue-par-des-elements-twirwaneho-a-minembwe#breadcrumb","itemListElement":[{"@type":"ListItem","position":1,"name":"Accueil","item":"https:\/\/www.africa-press.net\/cameroun\/"},{"@type":"ListItem","position":2,"name":"Fizi: un casque bleu de la Monusco tu\u00e9 par des \u00e9l\u00e9ments Twirwaneho \u00e0 Minembwe"}]},{"@type":"WebSite","@id":"https:\/\/www.africa-press.net\/cameroun\/#website","url":"https:\/\/www.africa-press.net\/cameroun\/","name":"Cameroun","description":"Just another Africa News Agency Sites site","potentialAction":[{"@type":"SearchAction","target":{"@type":"EntryPoint","urlTemplate":"https:\/\/www.africa-press.net\/cameroun\/?s={search_term_string}"},"query-input":{"@type":"PropertyValueSpecification","valueRequired":true,"valueName":"search_term_string"}}],"inLanguage":"fr-FR"},{"@type":"Person","@id":"https:\/\/www.africa-press.net\/cameroun\/#\/schema\/person\/2b1cf3cd81a31e3cd26889ca66d677f1","name":"cfeditorfr"}]}},"_links":{"self":[{"href":"https:\/\/www.africa-press.net\/cameroun\/wp-json\/wp\/v2\/posts\/28514","targetHints":{"allow":["GET"]}}],"collection":[{"href":"https:\/\/www.africa-press.net\/cameroun\/wp-json\/wp\/v2\/posts"}],"about":[{"href":"https:\/\/www.africa-press.net\/cameroun\/wp-json\/wp\/v2\/types\/post"}],"author":[{"embeddable":true,"href":"https:\/\/www.africa-press.net\/cameroun\/wp-json\/wp\/v2\/users\/82"}],"replies":[{"embeddable":true,"href":"https:\/\/www.africa-press.net\/cameroun\/wp-json\/wp\/v2\/comments?post=28514"}],"version-history":[{"count":0,"href":"https:\/\/www.africa-press.net\/cameroun\/wp-json\/wp\/v2\/posts\/28514\/revisions"}],"wp:featuredmedia":[{"embeddable":true,"href":"https:\/\/www.africa-press.net\/cameroun\/wp-json\/wp\/v2\/media\/28513"}],"wp:attachment":[{"href":"https:\/\/www.africa-press.net\/cameroun\/wp-json\/wp\/v2\/media?parent=28514"}],"wp:term":[{"taxonomy":"category","embeddable":true,"href":"https:\/\/www.africa-press.net\/cameroun\/wp-json\/wp\/v2\/categories?post=28514"},{"taxonomy":"post_tag","embeddable":true,"href":"https:\/\/www.africa-press.net\/cameroun\/wp-json\/wp\/v2\/tags?post=28514"}],"curies":[{"name":"wp","href":"https:\/\/api.w.org\/{rel}","templated":true}]}}