{"id":28520,"date":"2022-10-01T13:38:59","date_gmt":"2022-10-01T13:38:59","guid":{"rendered":"https:\/\/www.africa-press.net\/cameroun\/politique\/kinshasa-gode-mpoyi-juge-positif-le-bilan-des-deputes-provinciaux"},"modified":"2022-10-01T16:02:00","modified_gmt":"2022-10-01T16:02:00","slug":"kinshasa-gode-mpoyi-juge-positif-le-bilan-des-deputes-provinciaux","status":"publish","type":"post","link":"https:\/\/www.africa-press.net\/cameroun\/politique\/kinshasa-gode-mpoyi-juge-positif-le-bilan-des-deputes-provinciaux","title":{"rendered":"Kinshasa : God\u00e9 Mpoyi juge \u00ab positif \u00bb le bilan des d\u00e9put\u00e9s provinciaux"},"content":{"rendered":"<p><span style=\"color: #ff6600\"><strong>Africa-Press &#8211; Cameroun. <\/strong><\/span><b>Au cours de la ce\u0301re\u0301monie officielle d&rsquo;ouverture de la session budge\u0301taire a\u0300 l&rsquo;assemble\u0301e provinciale de Kinshasa, le 30 septembre, le pre\u0301sident de cette institution, Gode\u0301 Mpoyi a dresse\u0301 le bilan du travail re\u0301alise\u0301 par les de\u0301pute\u0301s provinciaux, a\u0300 une anne\u0301e de la fin de leur mandat le\u0301gislatif.<\/b><\/p>\n<p>Pour Gode\u0301 Mpoyi, le bilan est largement positif, avec 27 e\u0301dits dont 15 de\u0301ja\u0300 examine\u0301s, vote\u0301s et promulgue\u0301s ; 4 propositions d&rsquo;e\u0301dits qui ont fait objet de de\u0301bats en ple\u0301nie\u0300re, ont e\u0301te\u0301 de\u0301clare\u0301s recevables et sont actuellement en e\u0301tudes approfondies au niveau de la commission mixte (politique administrative et juridique &amp; e\u0301conomique et financie\u0300res). Il a aussi ajoute\u0301 que 8 initiatives le\u0301gislatives nouvellement de\u0301pose\u0301es par les honorables de\u0301pute\u0301s seront examine\u0301s au cours de cette session de septembre.<\/p>\n<p>Le pre\u0301sident de l\u2019Assemble\u0301e provinciale de la ville Kinshasa a poursuivi son discours d&rsquo;ouverture en soulignant que l\u2019institution qu&rsquo;il dirige, en tant qu&rsquo;autorite\u0301 budge\u0301taire, ne cesse de doter le gouvernement provincial de moyens conse\u0301quents pour la re\u0301alisation de plusieurs projets visibles a\u0300 Impact re\u0301el et significatif sur le ve\u0301cu quotidien de la population kinoise.<\/p>\n<p>Toujours dans son adresse, Gode\u0301 Mpoyi a re\u0301pondu a\u0300 ceux qui critiquent les de\u0301pute\u0301s provinciaux en de\u0301clarant : \u00a0\u00bb ceux qui disent que les de\u0301pute\u0301s provinciaux ne sont pas la\u0300 pour acclamer l&rsquo;exe\u0301cutif ont tout a\u0300 fait raison. Mais, en politique publique, il existe une chai\u0302ne d&rsquo;attribution. Il y a, d&rsquo;une part, le concepteur que nous sommes (de\u0301pute\u0301s provinciaux) et, d\u2019autre part, les exe\u0301cutants que repre\u0301sente le gouvernement provincial. Cela veut dire que si nous ne faisons rien, l&rsquo;exe\u0301cutif ne fera rien non plus\u00a0\u00bb, a martele\u0301 Gode\u0301 Mpoyi. Pour ce dernier, toutes les re\u0301alisations qu&rsquo;il y a dans la ville de Kinshasa sont d&rsquo;abord l&rsquo;\u0153uvre de l&rsquo;assemble\u0301e provinciale de Kinshasa.<\/p>\n<p>Pour Gode\u0301 Mpoyi, a\u0300 une anne\u0301e et demie de la fin du mandat des de\u0301pute\u0301s provinciaux, la ville de Kinshasa n&rsquo;est plus dans l&rsquo;e\u0301tat ou\u0300 ils l&rsquo;ont trouve\u0301e. \u00a0\u00bb Aujourd\u2019hui, c&rsquo;est re\u0301el que l&rsquo;e\u0301clairage public est rentre\u0301 a\u0300 Kinshasa et les routes sont en train d&rsquo;e\u0302tre construites\u00a0\u00bb, a-t-il de\u0301clare\u0301.<\/p>\n<p><strong>Pour plus d&rsquo;informations et d&rsquo;analyses sur la <a href=\"https:\/\/www.africa-press.net\/cameroun\">Cameroun<\/a>, suivez <a href=\"https:\/\/www.africa-press.net\/\">Africa-Press<\/a><\/strong><\/p>\n","protected":false},"excerpt":{"rendered":"<p>Africa-Press &#8211; Cameroun. Au cours de la ce\u0301re\u0301monie officielle d&rsquo;ouverture de la session budge\u0301taire a\u0300 l&rsquo;assemble\u0301e provinciale de Kinshasa, le 30 septembre, le pre\u0301sident de cette institution, Gode\u0301 Mpoyi a dresse\u0301 le bilan du travail re\u0301alise\u0301 par les de\u0301pute\u0301s provinciaux, a\u0300 une anne\u0301e de la fin de leur mandat le\u0301gislatif. Pour Gode\u0301 Mpoyi, le bilan [&hellip;]<\/p>\n","protected":false},"author":82,"featured_media":28519,"comment_status":"open","ping_status":"closed","sticky":false,"template":"","format":"standard","meta":{"footnotes":""},"categories":[2,10],"tags":[36,50,49],"class_list":["post-28520","post","type-post","status-publish","format-standard","has-post-thumbnail","hentry","category-politique","category-toutes-les-actualites","tag-africa-press","tag-africa-press-cameroun","tag-cameroun"],"yoast_head":"<!-- This site is optimized with the Yoast SEO Premium plugin v26.1 (Yoast SEO v27.0) - https:\/\/yoast.com\/product\/yoast-seo-premium-wordpress\/ -->\n<title>Kinshasa : God\u00e9 Mpoyi juge \u00ab positif \u00bb le bilan des d\u00e9put\u00e9s provinciaux - Cameroun<\/title>\n<meta name=\"description\" content=\"Au cours de la ce\u0301re\u0301monie officielle d&#039;ouverture de la session budge\u0301taire a\u0300 l&#039;assemble\u0301e provinciale de Kinshasa, ...\" \/>\n<meta name=\"robots\" content=\"index, follow, max-snippet:-1, max-image-preview:large, max-video-preview:-1\" \/>\n<link rel=\"canonical\" href=\"https:\/\/www.africa-press.net\/cameroun\/politique\/kinshasa-gode-mpoyi-juge-positif-le-bilan-des-deputes-provinciaux\" \/>\n<meta property=\"og:locale\" content=\"fr_FR\" \/>\n<meta property=\"og:type\" content=\"article\" \/>\n<meta property=\"og:title\" content=\"Kinshasa : God\u00e9 Mpoyi juge \u00ab positif \u00bb le bilan des d\u00e9put\u00e9s provinciaux\" \/>\n<meta property=\"og:description\" content=\"Au cours de la ce\u0301re\u0301monie officielle d&#039;ouverture de la session budge\u0301taire a\u0300 l&#039;assemble\u0301e provinciale de Kinshasa, ...\" \/>\n<meta property=\"og:url\" content=\"https:\/\/www.africa-press.net\/cameroun\/politique\/kinshasa-gode-mpoyi-juge-positif-le-bilan-des-deputes-provinciaux\" \/>\n<meta property=\"og:site_name\" content=\"Cameroun\" \/>\n<meta property=\"article:published_time\" content=\"2022-10-01T13:38:59+00:00\" \/>\n<meta property=\"article:modified_time\" content=\"2022-10-01T16:02:00+00:00\" \/>\n<meta property=\"og:image\" content=\"https:\/\/static.africa-press.net\/cameroun\/sites\/57\/2022\/10\/img-6338642968b01.jpg\" \/>\n\t<meta property=\"og:image:width\" content=\"720\" \/>\n\t<meta property=\"og:image:height\" content=\"479\" \/>\n\t<meta property=\"og:image:type\" content=\"image\/jpeg\" \/>\n<meta name=\"author\" content=\"cfeditorfr\" \/>\n<meta name=\"twitter:card\" content=\"summary_large_image\" \/>\n<meta name=\"twitter:label1\" content=\"\u00c9crit par\" \/>\n\t<meta name=\"twitter:data1\" content=\"cfeditorfr\" \/>\n\t<meta name=\"twitter:label2\" content=\"Dur\u00e9e de lecture estim\u00e9e\" \/>\n\t<meta name=\"twitter:data2\" content=\"2 minutes\" \/>\n<script type=\"application\/ld+json\" class=\"yoast-schema-graph\">{\"@context\":\"https:\/\/schema.org\",\"@graph\":[{\"@type\":\"Article\",\"@id\":\"https:\/\/www.africa-press.net\/cameroun\/politique\/kinshasa-gode-mpoyi-juge-positif-le-bilan-des-deputes-provinciaux#article\",\"isPartOf\":{\"@id\":\"https:\/\/www.africa-press.net\/cameroun\/politique\/kinshasa-gode-mpoyi-juge-positif-le-bilan-des-deputes-provinciaux\"},\"author\":{\"name\":\"cfeditorfr\",\"@id\":\"https:\/\/www.africa-press.net\/cameroun\/#\/schema\/person\/2b1cf3cd81a31e3cd26889ca66d677f1\"},\"headline\":\"Kinshasa : God\u00e9 Mpoyi juge \u00ab positif \u00bb le bilan des d\u00e9put\u00e9s provinciaux\",\"datePublished\":\"2022-10-01T13:38:59+00:00\",\"dateModified\":\"2022-10-01T16:02:00+00:00\",\"mainEntityOfPage\":{\"@id\":\"https:\/\/www.africa-press.net\/cameroun\/politique\/kinshasa-gode-mpoyi-juge-positif-le-bilan-des-deputes-provinciaux\"},\"wordCount\":441,\"commentCount\":0,\"image\":{\"@id\":\"https:\/\/www.africa-press.net\/cameroun\/politique\/kinshasa-gode-mpoyi-juge-positif-le-bilan-des-deputes-provinciaux#primaryimage\"},\"thumbnailUrl\":\"https:\/\/static.africa-press.net\/cameroun\/sites\/57\/2022\/10\/img-6338642968b01.jpg\",\"keywords\":[\"Africa Press\",\"Africa Press-Cameroun\",\"Cameroun\"],\"articleSection\":[\"Politique\",\"Toutes les actualit\u00e9s\"],\"inLanguage\":\"fr-FR\",\"potentialAction\":[{\"@type\":\"CommentAction\",\"name\":\"Comment\",\"target\":[\"https:\/\/www.africa-press.net\/cameroun\/politique\/kinshasa-gode-mpoyi-juge-positif-le-bilan-des-deputes-provinciaux#respond\"]}]},{\"@type\":\"WebPage\",\"@id\":\"https:\/\/www.africa-press.net\/cameroun\/politique\/kinshasa-gode-mpoyi-juge-positif-le-bilan-des-deputes-provinciaux\",\"url\":\"https:\/\/www.africa-press.net\/cameroun\/politique\/kinshasa-gode-mpoyi-juge-positif-le-bilan-des-deputes-provinciaux\",\"name\":\"Kinshasa : God\u00e9 Mpoyi juge \u00ab positif \u00bb le bilan des d\u00e9put\u00e9s provinciaux - Cameroun\",\"isPartOf\":{\"@id\":\"https:\/\/www.africa-press.net\/cameroun\/#website\"},\"primaryImageOfPage\":{\"@id\":\"https:\/\/www.africa-press.net\/cameroun\/politique\/kinshasa-gode-mpoyi-juge-positif-le-bilan-des-deputes-provinciaux#primaryimage\"},\"image\":{\"@id\":\"https:\/\/www.africa-press.net\/cameroun\/politique\/kinshasa-gode-mpoyi-juge-positif-le-bilan-des-deputes-provinciaux#primaryimage\"},\"thumbnailUrl\":\"https:\/\/static.africa-press.net\/cameroun\/sites\/57\/2022\/10\/img-6338642968b01.jpg\",\"datePublished\":\"2022-10-01T13:38:59+00:00\",\"dateModified\":\"2022-10-01T16:02:00+00:00\",\"author\":{\"@id\":\"https:\/\/www.africa-press.net\/cameroun\/#\/schema\/person\/2b1cf3cd81a31e3cd26889ca66d677f1\"},\"description\":\"Au cours de la ce\u0301re\u0301monie officielle d'ouverture de la session budge\u0301taire a\u0300 l'assemble\u0301e provinciale de Kinshasa, ...\",\"breadcrumb\":{\"@id\":\"https:\/\/www.africa-press.net\/cameroun\/politique\/kinshasa-gode-mpoyi-juge-positif-le-bilan-des-deputes-provinciaux#breadcrumb\"},\"inLanguage\":\"fr-FR\",\"potentialAction\":[{\"@type\":\"ReadAction\",\"target\":[\"https:\/\/www.africa-press.net\/cameroun\/politique\/kinshasa-gode-mpoyi-juge-positif-le-bilan-des-deputes-provinciaux\"]}]},{\"@type\":\"ImageObject\",\"inLanguage\":\"fr-FR\",\"@id\":\"https:\/\/www.africa-press.net\/cameroun\/politique\/kinshasa-gode-mpoyi-juge-positif-le-bilan-des-deputes-provinciaux#primaryimage\",\"url\":\"https:\/\/static.africa-press.net\/cameroun\/sites\/57\/2022\/10\/img-6338642968b01.jpg\",\"contentUrl\":\"https:\/\/static.africa-press.net\/cameroun\/sites\/57\/2022\/10\/img-6338642968b01.jpg\",\"width\":720,\"height\":479,\"caption\":\"Kinshasa : God\u00e9 Mpoyi juge \u00ab positif \u00bb le bilan des d\u00e9put\u00e9s provinciaux\"},{\"@type\":\"BreadcrumbList\",\"@id\":\"https:\/\/www.africa-press.net\/cameroun\/politique\/kinshasa-gode-mpoyi-juge-positif-le-bilan-des-deputes-provinciaux#breadcrumb\",\"itemListElement\":[{\"@type\":\"ListItem\",\"position\":1,\"name\":\"Accueil\",\"item\":\"https:\/\/www.africa-press.net\/cameroun\/\"},{\"@type\":\"ListItem\",\"position\":2,\"name\":\"Kinshasa : God\u00e9 Mpoyi juge \u00ab positif \u00bb le bilan des d\u00e9put\u00e9s provinciaux\"}]},{\"@type\":\"WebSite\",\"@id\":\"https:\/\/www.africa-press.net\/cameroun\/#website\",\"url\":\"https:\/\/www.africa-press.net\/cameroun\/\",\"name\":\"Cameroun\",\"description\":\"Just another Africa News Agency Sites site\",\"potentialAction\":[{\"@type\":\"SearchAction\",\"target\":{\"@type\":\"EntryPoint\",\"urlTemplate\":\"https:\/\/www.africa-press.net\/cameroun\/?s={search_term_string}\"},\"query-input\":{\"@type\":\"PropertyValueSpecification\",\"valueRequired\":true,\"valueName\":\"search_term_string\"}}],\"inLanguage\":\"fr-FR\"},{\"@type\":\"Person\",\"@id\":\"https:\/\/www.africa-press.net\/cameroun\/#\/schema\/person\/2b1cf3cd81a31e3cd26889ca66d677f1\",\"name\":\"cfeditorfr\"}]}<\/script>\n<!-- \/ Yoast SEO Premium plugin. -->","yoast_head_json":{"title":"Kinshasa : God\u00e9 Mpoyi juge \u00ab positif \u00bb le bilan des d\u00e9put\u00e9s provinciaux - Cameroun","description":"Au cours de la ce\u0301re\u0301monie officielle d'ouverture de la session budge\u0301taire a\u0300 l'assemble\u0301e provinciale de Kinshasa, ...","robots":{"index":"index","follow":"follow","max-snippet":"max-snippet:-1","max-image-preview":"max-image-preview:large","max-video-preview":"max-video-preview:-1"},"canonical":"https:\/\/www.africa-press.net\/cameroun\/politique\/kinshasa-gode-mpoyi-juge-positif-le-bilan-des-deputes-provinciaux","og_locale":"fr_FR","og_type":"article","og_title":"Kinshasa : God\u00e9 Mpoyi juge \u00ab positif \u00bb le bilan des d\u00e9put\u00e9s provinciaux","og_description":"Au cours de la ce\u0301re\u0301monie officielle d'ouverture de la session budge\u0301taire a\u0300 l'assemble\u0301e provinciale de Kinshasa, ...","og_url":"https:\/\/www.africa-press.net\/cameroun\/politique\/kinshasa-gode-mpoyi-juge-positif-le-bilan-des-deputes-provinciaux","og_site_name":"Cameroun","article_published_time":"2022-10-01T13:38:59+00:00","article_modified_time":"2022-10-01T16:02:00+00:00","og_image":[{"width":720,"height":479,"url":"https:\/\/static.africa-press.net\/cameroun\/sites\/57\/2022\/10\/img-6338642968b01.jpg","type":"image\/jpeg"}],"author":"cfeditorfr","twitter_card":"summary_large_image","twitter_misc":{"\u00c9crit par":"cfeditorfr","Dur\u00e9e de lecture estim\u00e9e":"2 minutes"},"schema":{"@context":"https:\/\/schema.org","@graph":[{"@type":"Article","@id":"https:\/\/www.africa-press.net\/cameroun\/politique\/kinshasa-gode-mpoyi-juge-positif-le-bilan-des-deputes-provinciaux#article","isPartOf":{"@id":"https:\/\/www.africa-press.net\/cameroun\/politique\/kinshasa-gode-mpoyi-juge-positif-le-bilan-des-deputes-provinciaux"},"author":{"name":"cfeditorfr","@id":"https:\/\/www.africa-press.net\/cameroun\/#\/schema\/person\/2b1cf3cd81a31e3cd26889ca66d677f1"},"headline":"Kinshasa : God\u00e9 Mpoyi juge \u00ab positif \u00bb le bilan des d\u00e9put\u00e9s provinciaux","datePublished":"2022-10-01T13:38:59+00:00","dateModified":"2022-10-01T16:02:00+00:00","mainEntityOfPage":{"@id":"https:\/\/www.africa-press.net\/cameroun\/politique\/kinshasa-gode-mpoyi-juge-positif-le-bilan-des-deputes-provinciaux"},"wordCount":441,"commentCount":0,"image":{"@id":"https:\/\/www.africa-press.net\/cameroun\/politique\/kinshasa-gode-mpoyi-juge-positif-le-bilan-des-deputes-provinciaux#primaryimage"},"thumbnailUrl":"https:\/\/static.africa-press.net\/cameroun\/sites\/57\/2022\/10\/img-6338642968b01.jpg","keywords":["Africa Press","Africa Press-Cameroun","Cameroun"],"articleSection":["Politique","Toutes les actualit\u00e9s"],"inLanguage":"fr-FR","potentialAction":[{"@type":"CommentAction","name":"Comment","target":["https:\/\/www.africa-press.net\/cameroun\/politique\/kinshasa-gode-mpoyi-juge-positif-le-bilan-des-deputes-provinciaux#respond"]}]},{"@type":"WebPage","@id":"https:\/\/www.africa-press.net\/cameroun\/politique\/kinshasa-gode-mpoyi-juge-positif-le-bilan-des-deputes-provinciaux","url":"https:\/\/www.africa-press.net\/cameroun\/politique\/kinshasa-gode-mpoyi-juge-positif-le-bilan-des-deputes-provinciaux","name":"Kinshasa : God\u00e9 Mpoyi juge \u00ab positif \u00bb le bilan des d\u00e9put\u00e9s provinciaux - Cameroun","isPartOf":{"@id":"https:\/\/www.africa-press.net\/cameroun\/#website"},"primaryImageOfPage":{"@id":"https:\/\/www.africa-press.net\/cameroun\/politique\/kinshasa-gode-mpoyi-juge-positif-le-bilan-des-deputes-provinciaux#primaryimage"},"image":{"@id":"https:\/\/www.africa-press.net\/cameroun\/politique\/kinshasa-gode-mpoyi-juge-positif-le-bilan-des-deputes-provinciaux#primaryimage"},"thumbnailUrl":"https:\/\/static.africa-press.net\/cameroun\/sites\/57\/2022\/10\/img-6338642968b01.jpg","datePublished":"2022-10-01T13:38:59+00:00","dateModified":"2022-10-01T16:02:00+00:00","author":{"@id":"https:\/\/www.africa-press.net\/cameroun\/#\/schema\/person\/2b1cf3cd81a31e3cd26889ca66d677f1"},"description":"Au cours de la ce\u0301re\u0301monie officielle d'ouverture de la session budge\u0301taire a\u0300 l'assemble\u0301e provinciale de Kinshasa, ...","breadcrumb":{"@id":"https:\/\/www.africa-press.net\/cameroun\/politique\/kinshasa-gode-mpoyi-juge-positif-le-bilan-des-deputes-provinciaux#breadcrumb"},"inLanguage":"fr-FR","potentialAction":[{"@type":"ReadAction","target":["https:\/\/www.africa-press.net\/cameroun\/politique\/kinshasa-gode-mpoyi-juge-positif-le-bilan-des-deputes-provinciaux"]}]},{"@type":"ImageObject","inLanguage":"fr-FR","@id":"https:\/\/www.africa-press.net\/cameroun\/politique\/kinshasa-gode-mpoyi-juge-positif-le-bilan-des-deputes-provinciaux#primaryimage","url":"https:\/\/static.africa-press.net\/cameroun\/sites\/57\/2022\/10\/img-6338642968b01.jpg","contentUrl":"https:\/\/static.africa-press.net\/cameroun\/sites\/57\/2022\/10\/img-6338642968b01.jpg","width":720,"height":479,"caption":"Kinshasa : God\u00e9 Mpoyi juge \u00ab positif \u00bb le bilan des d\u00e9put\u00e9s provinciaux"},{"@type":"BreadcrumbList","@id":"https:\/\/www.africa-press.net\/cameroun\/politique\/kinshasa-gode-mpoyi-juge-positif-le-bilan-des-deputes-provinciaux#breadcrumb","itemListElement":[{"@type":"ListItem","position":1,"name":"Accueil","item":"https:\/\/www.africa-press.net\/cameroun\/"},{"@type":"ListItem","position":2,"name":"Kinshasa : God\u00e9 Mpoyi juge \u00ab positif \u00bb le bilan des d\u00e9put\u00e9s provinciaux"}]},{"@type":"WebSite","@id":"https:\/\/www.africa-press.net\/cameroun\/#website","url":"https:\/\/www.africa-press.net\/cameroun\/","name":"Cameroun","description":"Just another Africa News Agency Sites site","potentialAction":[{"@type":"SearchAction","target":{"@type":"EntryPoint","urlTemplate":"https:\/\/www.africa-press.net\/cameroun\/?s={search_term_string}"},"query-input":{"@type":"PropertyValueSpecification","valueRequired":true,"valueName":"search_term_string"}}],"inLanguage":"fr-FR"},{"@type":"Person","@id":"https:\/\/www.africa-press.net\/cameroun\/#\/schema\/person\/2b1cf3cd81a31e3cd26889ca66d677f1","name":"cfeditorfr"}]}},"_links":{"self":[{"href":"https:\/\/www.africa-press.net\/cameroun\/wp-json\/wp\/v2\/posts\/28520","targetHints":{"allow":["GET"]}}],"collection":[{"href":"https:\/\/www.africa-press.net\/cameroun\/wp-json\/wp\/v2\/posts"}],"about":[{"href":"https:\/\/www.africa-press.net\/cameroun\/wp-json\/wp\/v2\/types\/post"}],"author":[{"embeddable":true,"href":"https:\/\/www.africa-press.net\/cameroun\/wp-json\/wp\/v2\/users\/82"}],"replies":[{"embeddable":true,"href":"https:\/\/www.africa-press.net\/cameroun\/wp-json\/wp\/v2\/comments?post=28520"}],"version-history":[{"count":0,"href":"https:\/\/www.africa-press.net\/cameroun\/wp-json\/wp\/v2\/posts\/28520\/revisions"}],"wp:featuredmedia":[{"embeddable":true,"href":"https:\/\/www.africa-press.net\/cameroun\/wp-json\/wp\/v2\/media\/28519"}],"wp:attachment":[{"href":"https:\/\/www.africa-press.net\/cameroun\/wp-json\/wp\/v2\/media?parent=28520"}],"wp:term":[{"taxonomy":"category","embeddable":true,"href":"https:\/\/www.africa-press.net\/cameroun\/wp-json\/wp\/v2\/categories?post=28520"},{"taxonomy":"post_tag","embeddable":true,"href":"https:\/\/www.africa-press.net\/cameroun\/wp-json\/wp\/v2\/tags?post=28520"}],"curies":[{"name":"wp","href":"https:\/\/api.w.org\/{rel}","templated":true}]}}