{"id":28523,"date":"2022-10-01T13:48:29","date_gmt":"2022-10-01T13:48:29","guid":{"rendered":"https:\/\/www.africa-press.net\/cameroun\/politique\/adolphe-muzito-invite-les-chefs-coutumiers-a-reclamer-la-titrisation-de-leurs-terres-a-letat"},"modified":"2022-10-01T16:03:30","modified_gmt":"2022-10-01T16:03:30","slug":"adolphe-muzito-invite-les-chefs-coutumiers-a-reclamer-la-titrisation-de-leurs-terres-a-letat","status":"publish","type":"post","link":"https:\/\/www.africa-press.net\/cameroun\/politique\/adolphe-muzito-invite-les-chefs-coutumiers-a-reclamer-la-titrisation-de-leurs-terres-a-letat","title":{"rendered":"Adolphe Muzito invite les Chefs coutumiers \u00e0 r\u00e9clamer la \u00a0\u00bb titrisation\u00a0\u00bb de leurs terres \u00e0 l&rsquo;\u00c9tat"},"content":{"rendered":"<p><span style=\"color: #ff6600\"><strong>Africa-Press &#8211; Cameroun. <\/strong><\/span><b>L&rsquo; ancien Premier ministre et initiateur du parti politique \u00ab Nouvel E\u0301lan \u00bb, Adolphe Muzito, a encourage\u0301 les chefs coutumiers a\u0300 re\u0301clamer a\u0300 l&rsquo;E\u0301tat la \u00ab\u00a0titratisation\u00a0\u00bb de leurs terres car,a-t-il estime\u0301, c&rsquo;est l&rsquo;unique moyen pour eux de garantir la proprie\u0301te\u0301 de leurs terres aux ge\u0301ne\u0301rations futures. Adolphe Muzito l&rsquo;a fait savoir au cours de sa rencontre avec les chefs coutumiers, le vendredi 30 septembre, dans le cadre de son projet relatif a\u0300 la titratisation des terres.<\/b><\/p>\n<p>Le leader de Nouvel Elan a estime\u0301 que remettre, par une loi, la proprie\u0301te\u0301 terrienne aux chefs coutumiers va re\u0301soudre plusieurs proble\u0300mes notamment les conflits intercommunautaires comme celui qui oppose la communaute\u0301 Teke et Yaka dans le territoire de Kwamouth.<\/p>\n<p>\u00ab\u00a0Je vous encourage a\u0300 mettre la pression sur l&rsquo;Etat comme vous-me\u0302mes vous l&rsquo;avez compris&#8230;Si vous e\u0302tes des proprie\u0301taires avec des titres e\u0301tablis, celui qui vient d&rsquo;un autre clan congolais ou e\u0301tranger respectera la redevance coutumie\u0300re, en tant qu&rsquo;exploitant et aussi le lignage du pouvoir coutumier de ces terres\u00a0\u00bb, a-t-il dit.<\/p>\n<p>\u00ab\u00a0Mais alors, dans ce contexte de titrisation des terres, l&rsquo;Etat gardera ses espaces ou\u0300 il le souhaitera, a\u0300 condition de se mettre en accord avec les proprie\u0301taires terriens. Et le reste des espaces ruraux pourra rester sous l&rsquo;autorite\u0301 des chefs de terre comme partout ailleurs\u00a0\u00bb, a-t-il ajoute\u0301.<\/p>\n<p>Des chefs coutumiers ont, de leur co\u0302te\u0301, annonce\u0301 une pe\u0301tition qu&rsquo;ils vont biento\u0302t adresser aux dirigeants du pays notamment a\u0300 l\u2019Assemble\u0301e nationale, afin de demander une meilleure interpre\u0301tation, si non la modification de la loi Bakajika, a\u0300 de\u0301faut d&rsquo;une nouvelle loi, afin qu&rsquo;ils soient remis dans leur droit des proprie\u0301taires des terres juridiquement e\u0301tablis.<\/p>\n<p>L&rsquo; initiative de la titrisation des terres est un projet que porte l&rsquo;ancien Premier ministre congolais pour notamment prote\u0301ger les terres congolaises des invasions e\u0301trange\u0300res ou intercommunautaires et permettre aux communaute\u0301s rurales de se doter d&rsquo;une certaine autonomie financie\u0300re gra\u0302ce a\u0300 des droits exerce\u0301s sur leurs terres.<\/p>\n<p><strong>Pour plus d&rsquo;informations et d&rsquo;analyses sur la <a href=\"https:\/\/www.africa-press.net\/cameroun\">Cameroun<\/a>, suivez <a href=\"https:\/\/www.africa-press.net\/\">Africa-Press<\/a><\/strong><\/p>\n","protected":false},"excerpt":{"rendered":"<p>Africa-Press &#8211; Cameroun. L&rsquo; ancien Premier ministre et initiateur du parti politique \u00ab Nouvel E\u0301lan \u00bb, Adolphe Muzito, a encourage\u0301 les chefs coutumiers a\u0300 re\u0301clamer a\u0300 l&rsquo;E\u0301tat la \u00ab\u00a0titratisation\u00a0\u00bb de leurs terres car,a-t-il estime\u0301, c&rsquo;est l&rsquo;unique moyen pour eux de garantir la proprie\u0301te\u0301 de leurs terres aux ge\u0301ne\u0301rations futures. Adolphe Muzito l&rsquo;a fait savoir au [&hellip;]<\/p>\n","protected":false},"author":82,"featured_media":28522,"comment_status":"open","ping_status":"closed","sticky":false,"template":"","format":"standard","meta":{"footnotes":""},"categories":[2,10],"tags":[36,50,49],"class_list":["post-28523","post","type-post","status-publish","format-standard","has-post-thumbnail","hentry","category-politique","category-toutes-les-actualites","tag-africa-press","tag-africa-press-cameroun","tag-cameroun"],"yoast_head":"<!-- This site is optimized with the Yoast SEO Premium plugin v26.1 (Yoast SEO v27.0) - https:\/\/yoast.com\/product\/yoast-seo-premium-wordpress\/ -->\n<title>Adolphe Muzito invite les Chefs coutumiers \u00e0 r\u00e9clamer la &quot; titrisation&quot; de leurs terres \u00e0 l&#039;\u00c9tat - Cameroun<\/title>\n<meta name=\"description\" content=\"L&#039; ancien Premier ministre et initiateur du parti politique \u00ab Nouvel E\u0301lan \u00bb, Adolphe Muzito, a encourage\u0301 les chefs ...\" \/>\n<meta name=\"robots\" content=\"index, follow, max-snippet:-1, max-image-preview:large, max-video-preview:-1\" \/>\n<link rel=\"canonical\" href=\"https:\/\/www.africa-press.net\/cameroun\/politique\/adolphe-muzito-invite-les-chefs-coutumiers-a-reclamer-la-titrisation-de-leurs-terres-a-letat\" \/>\n<meta property=\"og:locale\" content=\"fr_FR\" \/>\n<meta property=\"og:type\" content=\"article\" \/>\n<meta property=\"og:title\" content=\"Adolphe Muzito invite les Chefs coutumiers \u00e0 r\u00e9clamer la &quot; titrisation&quot; de leurs terres \u00e0 l&#039;\u00c9tat\" \/>\n<meta property=\"og:description\" content=\"L&#039; ancien Premier ministre et initiateur du parti politique \u00ab Nouvel E\u0301lan \u00bb, Adolphe Muzito, a encourage\u0301 les chefs ...\" \/>\n<meta property=\"og:url\" content=\"https:\/\/www.africa-press.net\/cameroun\/politique\/adolphe-muzito-invite-les-chefs-coutumiers-a-reclamer-la-titrisation-de-leurs-terres-a-letat\" \/>\n<meta property=\"og:site_name\" content=\"Cameroun\" \/>\n<meta property=\"article:published_time\" content=\"2022-10-01T13:48:29+00:00\" \/>\n<meta property=\"article:modified_time\" content=\"2022-10-01T16:03:30+00:00\" \/>\n<meta property=\"og:image\" content=\"https:\/\/static.africa-press.net\/cameroun\/sites\/57\/2022\/10\/img-633864836fbe4.jpg\" \/>\n\t<meta property=\"og:image:width\" content=\"720\" \/>\n\t<meta property=\"og:image:height\" content=\"490\" \/>\n\t<meta property=\"og:image:type\" content=\"image\/jpeg\" \/>\n<meta name=\"author\" content=\"cfeditorfr\" \/>\n<meta name=\"twitter:card\" content=\"summary_large_image\" \/>\n<meta name=\"twitter:label1\" content=\"\u00c9crit par\" \/>\n\t<meta name=\"twitter:data1\" content=\"cfeditorfr\" \/>\n\t<meta name=\"twitter:label2\" content=\"Dur\u00e9e de lecture estim\u00e9e\" \/>\n\t<meta name=\"twitter:data2\" content=\"2 minutes\" \/>\n<script type=\"application\/ld+json\" class=\"yoast-schema-graph\">{\"@context\":\"https:\/\/schema.org\",\"@graph\":[{\"@type\":\"Article\",\"@id\":\"https:\/\/www.africa-press.net\/cameroun\/politique\/adolphe-muzito-invite-les-chefs-coutumiers-a-reclamer-la-titrisation-de-leurs-terres-a-letat#article\",\"isPartOf\":{\"@id\":\"https:\/\/www.africa-press.net\/cameroun\/politique\/adolphe-muzito-invite-les-chefs-coutumiers-a-reclamer-la-titrisation-de-leurs-terres-a-letat\"},\"author\":{\"name\":\"cfeditorfr\",\"@id\":\"https:\/\/www.africa-press.net\/cameroun\/#\/schema\/person\/2b1cf3cd81a31e3cd26889ca66d677f1\"},\"headline\":\"Adolphe Muzito invite les Chefs coutumiers \u00e0 r\u00e9clamer la \u00a0\u00bb titrisation\u00a0\u00bb de leurs terres \u00e0 l&rsquo;\u00c9tat\",\"datePublished\":\"2022-10-01T13:48:29+00:00\",\"dateModified\":\"2022-10-01T16:03:30+00:00\",\"mainEntityOfPage\":{\"@id\":\"https:\/\/www.africa-press.net\/cameroun\/politique\/adolphe-muzito-invite-les-chefs-coutumiers-a-reclamer-la-titrisation-de-leurs-terres-a-letat\"},\"wordCount\":390,\"commentCount\":0,\"image\":{\"@id\":\"https:\/\/www.africa-press.net\/cameroun\/politique\/adolphe-muzito-invite-les-chefs-coutumiers-a-reclamer-la-titrisation-de-leurs-terres-a-letat#primaryimage\"},\"thumbnailUrl\":\"https:\/\/static.africa-press.net\/cameroun\/sites\/57\/2022\/10\/img-633864836fbe4.jpg\",\"keywords\":[\"Africa Press\",\"Africa Press-Cameroun\",\"Cameroun\"],\"articleSection\":[\"Politique\",\"Toutes les actualit\u00e9s\"],\"inLanguage\":\"fr-FR\",\"potentialAction\":[{\"@type\":\"CommentAction\",\"name\":\"Comment\",\"target\":[\"https:\/\/www.africa-press.net\/cameroun\/politique\/adolphe-muzito-invite-les-chefs-coutumiers-a-reclamer-la-titrisation-de-leurs-terres-a-letat#respond\"]}]},{\"@type\":\"WebPage\",\"@id\":\"https:\/\/www.africa-press.net\/cameroun\/politique\/adolphe-muzito-invite-les-chefs-coutumiers-a-reclamer-la-titrisation-de-leurs-terres-a-letat\",\"url\":\"https:\/\/www.africa-press.net\/cameroun\/politique\/adolphe-muzito-invite-les-chefs-coutumiers-a-reclamer-la-titrisation-de-leurs-terres-a-letat\",\"name\":\"Adolphe Muzito invite les Chefs coutumiers \u00e0 r\u00e9clamer la \\\" titrisation\\\" de leurs terres \u00e0 l'\u00c9tat - Cameroun\",\"isPartOf\":{\"@id\":\"https:\/\/www.africa-press.net\/cameroun\/#website\"},\"primaryImageOfPage\":{\"@id\":\"https:\/\/www.africa-press.net\/cameroun\/politique\/adolphe-muzito-invite-les-chefs-coutumiers-a-reclamer-la-titrisation-de-leurs-terres-a-letat#primaryimage\"},\"image\":{\"@id\":\"https:\/\/www.africa-press.net\/cameroun\/politique\/adolphe-muzito-invite-les-chefs-coutumiers-a-reclamer-la-titrisation-de-leurs-terres-a-letat#primaryimage\"},\"thumbnailUrl\":\"https:\/\/static.africa-press.net\/cameroun\/sites\/57\/2022\/10\/img-633864836fbe4.jpg\",\"datePublished\":\"2022-10-01T13:48:29+00:00\",\"dateModified\":\"2022-10-01T16:03:30+00:00\",\"author\":{\"@id\":\"https:\/\/www.africa-press.net\/cameroun\/#\/schema\/person\/2b1cf3cd81a31e3cd26889ca66d677f1\"},\"description\":\"L' ancien Premier ministre et initiateur du parti politique \u00ab Nouvel E\u0301lan \u00bb, Adolphe Muzito, a encourage\u0301 les chefs ...\",\"breadcrumb\":{\"@id\":\"https:\/\/www.africa-press.net\/cameroun\/politique\/adolphe-muzito-invite-les-chefs-coutumiers-a-reclamer-la-titrisation-de-leurs-terres-a-letat#breadcrumb\"},\"inLanguage\":\"fr-FR\",\"potentialAction\":[{\"@type\":\"ReadAction\",\"target\":[\"https:\/\/www.africa-press.net\/cameroun\/politique\/adolphe-muzito-invite-les-chefs-coutumiers-a-reclamer-la-titrisation-de-leurs-terres-a-letat\"]}]},{\"@type\":\"ImageObject\",\"inLanguage\":\"fr-FR\",\"@id\":\"https:\/\/www.africa-press.net\/cameroun\/politique\/adolphe-muzito-invite-les-chefs-coutumiers-a-reclamer-la-titrisation-de-leurs-terres-a-letat#primaryimage\",\"url\":\"https:\/\/static.africa-press.net\/cameroun\/sites\/57\/2022\/10\/img-633864836fbe4.jpg\",\"contentUrl\":\"https:\/\/static.africa-press.net\/cameroun\/sites\/57\/2022\/10\/img-633864836fbe4.jpg\",\"width\":720,\"height\":490,\"caption\":\"Adolphe Muzito invite les Chefs coutumiers \u00e0 r\u00e9clamer la \\\" titrisation\\\" de leurs terres \u00e0 l'\u00c9tat\"},{\"@type\":\"BreadcrumbList\",\"@id\":\"https:\/\/www.africa-press.net\/cameroun\/politique\/adolphe-muzito-invite-les-chefs-coutumiers-a-reclamer-la-titrisation-de-leurs-terres-a-letat#breadcrumb\",\"itemListElement\":[{\"@type\":\"ListItem\",\"position\":1,\"name\":\"Accueil\",\"item\":\"https:\/\/www.africa-press.net\/cameroun\/\"},{\"@type\":\"ListItem\",\"position\":2,\"name\":\"Adolphe Muzito invite les Chefs coutumiers \u00e0 r\u00e9clamer la &#8221; titrisation&#8221; de leurs terres \u00e0 l&#8217;\u00c9tat\"}]},{\"@type\":\"WebSite\",\"@id\":\"https:\/\/www.africa-press.net\/cameroun\/#website\",\"url\":\"https:\/\/www.africa-press.net\/cameroun\/\",\"name\":\"Cameroun\",\"description\":\"Just another Africa News Agency Sites site\",\"potentialAction\":[{\"@type\":\"SearchAction\",\"target\":{\"@type\":\"EntryPoint\",\"urlTemplate\":\"https:\/\/www.africa-press.net\/cameroun\/?s={search_term_string}\"},\"query-input\":{\"@type\":\"PropertyValueSpecification\",\"valueRequired\":true,\"valueName\":\"search_term_string\"}}],\"inLanguage\":\"fr-FR\"},{\"@type\":\"Person\",\"@id\":\"https:\/\/www.africa-press.net\/cameroun\/#\/schema\/person\/2b1cf3cd81a31e3cd26889ca66d677f1\",\"name\":\"cfeditorfr\"}]}<\/script>\n<!-- \/ Yoast SEO Premium plugin. -->","yoast_head_json":{"title":"Adolphe Muzito invite les Chefs coutumiers \u00e0 r\u00e9clamer la \" titrisation\" de leurs terres \u00e0 l'\u00c9tat - Cameroun","description":"L' ancien Premier ministre et initiateur du parti politique \u00ab Nouvel E\u0301lan \u00bb, Adolphe Muzito, a encourage\u0301 les chefs ...","robots":{"index":"index","follow":"follow","max-snippet":"max-snippet:-1","max-image-preview":"max-image-preview:large","max-video-preview":"max-video-preview:-1"},"canonical":"https:\/\/www.africa-press.net\/cameroun\/politique\/adolphe-muzito-invite-les-chefs-coutumiers-a-reclamer-la-titrisation-de-leurs-terres-a-letat","og_locale":"fr_FR","og_type":"article","og_title":"Adolphe Muzito invite les Chefs coutumiers \u00e0 r\u00e9clamer la \" titrisation\" de leurs terres \u00e0 l'\u00c9tat","og_description":"L' ancien Premier ministre et initiateur du parti politique \u00ab Nouvel E\u0301lan \u00bb, Adolphe Muzito, a encourage\u0301 les chefs ...","og_url":"https:\/\/www.africa-press.net\/cameroun\/politique\/adolphe-muzito-invite-les-chefs-coutumiers-a-reclamer-la-titrisation-de-leurs-terres-a-letat","og_site_name":"Cameroun","article_published_time":"2022-10-01T13:48:29+00:00","article_modified_time":"2022-10-01T16:03:30+00:00","og_image":[{"width":720,"height":490,"url":"https:\/\/static.africa-press.net\/cameroun\/sites\/57\/2022\/10\/img-633864836fbe4.jpg","type":"image\/jpeg"}],"author":"cfeditorfr","twitter_card":"summary_large_image","twitter_misc":{"\u00c9crit par":"cfeditorfr","Dur\u00e9e de lecture estim\u00e9e":"2 minutes"},"schema":{"@context":"https:\/\/schema.org","@graph":[{"@type":"Article","@id":"https:\/\/www.africa-press.net\/cameroun\/politique\/adolphe-muzito-invite-les-chefs-coutumiers-a-reclamer-la-titrisation-de-leurs-terres-a-letat#article","isPartOf":{"@id":"https:\/\/www.africa-press.net\/cameroun\/politique\/adolphe-muzito-invite-les-chefs-coutumiers-a-reclamer-la-titrisation-de-leurs-terres-a-letat"},"author":{"name":"cfeditorfr","@id":"https:\/\/www.africa-press.net\/cameroun\/#\/schema\/person\/2b1cf3cd81a31e3cd26889ca66d677f1"},"headline":"Adolphe Muzito invite les Chefs coutumiers \u00e0 r\u00e9clamer la \u00a0\u00bb titrisation\u00a0\u00bb de leurs terres \u00e0 l&rsquo;\u00c9tat","datePublished":"2022-10-01T13:48:29+00:00","dateModified":"2022-10-01T16:03:30+00:00","mainEntityOfPage":{"@id":"https:\/\/www.africa-press.net\/cameroun\/politique\/adolphe-muzito-invite-les-chefs-coutumiers-a-reclamer-la-titrisation-de-leurs-terres-a-letat"},"wordCount":390,"commentCount":0,"image":{"@id":"https:\/\/www.africa-press.net\/cameroun\/politique\/adolphe-muzito-invite-les-chefs-coutumiers-a-reclamer-la-titrisation-de-leurs-terres-a-letat#primaryimage"},"thumbnailUrl":"https:\/\/static.africa-press.net\/cameroun\/sites\/57\/2022\/10\/img-633864836fbe4.jpg","keywords":["Africa Press","Africa Press-Cameroun","Cameroun"],"articleSection":["Politique","Toutes les actualit\u00e9s"],"inLanguage":"fr-FR","potentialAction":[{"@type":"CommentAction","name":"Comment","target":["https:\/\/www.africa-press.net\/cameroun\/politique\/adolphe-muzito-invite-les-chefs-coutumiers-a-reclamer-la-titrisation-de-leurs-terres-a-letat#respond"]}]},{"@type":"WebPage","@id":"https:\/\/www.africa-press.net\/cameroun\/politique\/adolphe-muzito-invite-les-chefs-coutumiers-a-reclamer-la-titrisation-de-leurs-terres-a-letat","url":"https:\/\/www.africa-press.net\/cameroun\/politique\/adolphe-muzito-invite-les-chefs-coutumiers-a-reclamer-la-titrisation-de-leurs-terres-a-letat","name":"Adolphe Muzito invite les Chefs coutumiers \u00e0 r\u00e9clamer la \" titrisation\" de leurs terres \u00e0 l'\u00c9tat - Cameroun","isPartOf":{"@id":"https:\/\/www.africa-press.net\/cameroun\/#website"},"primaryImageOfPage":{"@id":"https:\/\/www.africa-press.net\/cameroun\/politique\/adolphe-muzito-invite-les-chefs-coutumiers-a-reclamer-la-titrisation-de-leurs-terres-a-letat#primaryimage"},"image":{"@id":"https:\/\/www.africa-press.net\/cameroun\/politique\/adolphe-muzito-invite-les-chefs-coutumiers-a-reclamer-la-titrisation-de-leurs-terres-a-letat#primaryimage"},"thumbnailUrl":"https:\/\/static.africa-press.net\/cameroun\/sites\/57\/2022\/10\/img-633864836fbe4.jpg","datePublished":"2022-10-01T13:48:29+00:00","dateModified":"2022-10-01T16:03:30+00:00","author":{"@id":"https:\/\/www.africa-press.net\/cameroun\/#\/schema\/person\/2b1cf3cd81a31e3cd26889ca66d677f1"},"description":"L' ancien Premier ministre et initiateur du parti politique \u00ab Nouvel E\u0301lan \u00bb, Adolphe Muzito, a encourage\u0301 les chefs ...","breadcrumb":{"@id":"https:\/\/www.africa-press.net\/cameroun\/politique\/adolphe-muzito-invite-les-chefs-coutumiers-a-reclamer-la-titrisation-de-leurs-terres-a-letat#breadcrumb"},"inLanguage":"fr-FR","potentialAction":[{"@type":"ReadAction","target":["https:\/\/www.africa-press.net\/cameroun\/politique\/adolphe-muzito-invite-les-chefs-coutumiers-a-reclamer-la-titrisation-de-leurs-terres-a-letat"]}]},{"@type":"ImageObject","inLanguage":"fr-FR","@id":"https:\/\/www.africa-press.net\/cameroun\/politique\/adolphe-muzito-invite-les-chefs-coutumiers-a-reclamer-la-titrisation-de-leurs-terres-a-letat#primaryimage","url":"https:\/\/static.africa-press.net\/cameroun\/sites\/57\/2022\/10\/img-633864836fbe4.jpg","contentUrl":"https:\/\/static.africa-press.net\/cameroun\/sites\/57\/2022\/10\/img-633864836fbe4.jpg","width":720,"height":490,"caption":"Adolphe Muzito invite les Chefs coutumiers \u00e0 r\u00e9clamer la \" titrisation\" de leurs terres \u00e0 l'\u00c9tat"},{"@type":"BreadcrumbList","@id":"https:\/\/www.africa-press.net\/cameroun\/politique\/adolphe-muzito-invite-les-chefs-coutumiers-a-reclamer-la-titrisation-de-leurs-terres-a-letat#breadcrumb","itemListElement":[{"@type":"ListItem","position":1,"name":"Accueil","item":"https:\/\/www.africa-press.net\/cameroun\/"},{"@type":"ListItem","position":2,"name":"Adolphe Muzito invite les Chefs coutumiers \u00e0 r\u00e9clamer la &#8221; titrisation&#8221; de leurs terres \u00e0 l&#8217;\u00c9tat"}]},{"@type":"WebSite","@id":"https:\/\/www.africa-press.net\/cameroun\/#website","url":"https:\/\/www.africa-press.net\/cameroun\/","name":"Cameroun","description":"Just another Africa News Agency Sites site","potentialAction":[{"@type":"SearchAction","target":{"@type":"EntryPoint","urlTemplate":"https:\/\/www.africa-press.net\/cameroun\/?s={search_term_string}"},"query-input":{"@type":"PropertyValueSpecification","valueRequired":true,"valueName":"search_term_string"}}],"inLanguage":"fr-FR"},{"@type":"Person","@id":"https:\/\/www.africa-press.net\/cameroun\/#\/schema\/person\/2b1cf3cd81a31e3cd26889ca66d677f1","name":"cfeditorfr"}]}},"_links":{"self":[{"href":"https:\/\/www.africa-press.net\/cameroun\/wp-json\/wp\/v2\/posts\/28523","targetHints":{"allow":["GET"]}}],"collection":[{"href":"https:\/\/www.africa-press.net\/cameroun\/wp-json\/wp\/v2\/posts"}],"about":[{"href":"https:\/\/www.africa-press.net\/cameroun\/wp-json\/wp\/v2\/types\/post"}],"author":[{"embeddable":true,"href":"https:\/\/www.africa-press.net\/cameroun\/wp-json\/wp\/v2\/users\/82"}],"replies":[{"embeddable":true,"href":"https:\/\/www.africa-press.net\/cameroun\/wp-json\/wp\/v2\/comments?post=28523"}],"version-history":[{"count":0,"href":"https:\/\/www.africa-press.net\/cameroun\/wp-json\/wp\/v2\/posts\/28523\/revisions"}],"wp:featuredmedia":[{"embeddable":true,"href":"https:\/\/www.africa-press.net\/cameroun\/wp-json\/wp\/v2\/media\/28522"}],"wp:attachment":[{"href":"https:\/\/www.africa-press.net\/cameroun\/wp-json\/wp\/v2\/media?parent=28523"}],"wp:term":[{"taxonomy":"category","embeddable":true,"href":"https:\/\/www.africa-press.net\/cameroun\/wp-json\/wp\/v2\/categories?post=28523"},{"taxonomy":"post_tag","embeddable":true,"href":"https:\/\/www.africa-press.net\/cameroun\/wp-json\/wp\/v2\/tags?post=28523"}],"curies":[{"name":"wp","href":"https:\/\/api.w.org\/{rel}","templated":true}]}}