{"id":28526,"date":"2022-10-01T13:55:54","date_gmt":"2022-10-01T13:55:54","guid":{"rendered":"https:\/\/www.africa-press.net\/cameroun\/politique\/le-president-felix-tshisekedi-prone-lintegration-des-opportunites-des-marches-du-travail-dans-le-cadre-macro-economique-et-budgetaire"},"modified":"2022-10-01T16:04:48","modified_gmt":"2022-10-01T16:04:48","slug":"le-president-felix-tshisekedi-prone-lintegration-des-opportunites-des-marches-du-travail-dans-le-cadre-macro-economique-et-budgetaire","status":"publish","type":"post","link":"https:\/\/www.africa-press.net\/cameroun\/economie\/le-president-felix-tshisekedi-prone-lintegration-des-opportunites-des-marches-du-travail-dans-le-cadre-macro-economique-et-budgetaire","title":{"rendered":"Le Pr\u00e9sident F\u00e9lix Tshisekedi pr\u00f4ne l\u2019int\u00e9gration des opportunit\u00e9s des march\u00e9s du travail dans le cadre macro-\u00e9conomique et budg\u00e9taire"},"content":{"rendered":"<p><span style=\"color: #ff6600\"><strong>Africa-Press &#8211; Cameroun. <\/strong><\/span>Le Pre\u0301sident de la Re\u0301publique, Fe\u0301lix Antoine Tshisekedi Tshilombo, a pro\u0302ne\u0301 vendredi a\u0300 Kinshasa, l\u2019inte\u0301gration des opportunite\u0301s des marche\u0301s du travail dans le cadre macro-e\u0301conomique en vue d\u2019ame\u0301liorer la cohe\u0301sion sociale au pays, et de cre\u0301er les conditions favorisant le de\u0301veloppement.<\/p>\n<p><b>Il l\u2019a dit au cours de la 71e re\u0301union du Conseil des ministres qu\u2019il a pre\u0301side\u0301, vendredi a\u0300 Kinshasa, par visioconfe\u0301rence.<\/b><\/p>\n<p>Le porte-parole du gouvernement, ministre de la Communication et me\u0301dias, Patrick Muyaya Katembwe, qui l\u2019a de\u0301clare\u0301 dans le compte rendu dudit conseil lu sur les antennes de la Radiote\u0301le\u0301vision nationale congolaise (RTNC), a fait savoir que le Chef de l\u2019Etat a rappele\u0301 aux membres du conseil sa volonte\u0301, maintes fois exprime\u0301e et manifeste\u0301e, pour l\u2019ame\u0301lioration du social et la cre\u0301ation d\u2019une classe moyenne dont le nombre sera en croissance sensible du fait de leur acce\u0300s a\u0300 des emplois tant dans le secteur prive\u0301 que public.<\/p>\n<p>\u00ab En effet, la cohe\u0301sion sociale et la prospe\u0301rite\u0301 partage\u0301e qui reposent impe\u0301rativement sur une exploitation optimale de la diversite\u0301 des ressources naturelles que regorge notre pays doivent se concre\u0301tiser, par une dynamique de cre\u0301ation des emplois correctement re\u0301mune\u0301re\u0301s et de\u0301cents. La cre\u0301ation me\u0302me d\u2019emploi principalement dans le secteur prive\u0301 devrait demeurer une pre\u0301occupation majeure du gouvernement pour absorber le nombre expe\u0301rientiel des jeunes tant diplo\u0302me\u0301s que non qualifie\u0301s qui arrivent chaque anne\u0301e et qui se de\u0301versent sur le marche\u0301 du travail. Cette situation s\u2019observe sur l\u2019ensemble de nos 26 provinces, principalement dans les villes \u00bb a martele\u0301 le ministre Muyaya.<\/p>\n<p>Le porte-parole du gouvernement a fait savoir, en outre, qu\u2019il est e\u0301tabli que le niveau du taux d\u2019emploi dans un pays traduit le dynamisme de son e\u0301conomie et permet aussi a\u0300 son gouvernement d\u2019ajuster ses politiques publiques en vue de tendre vers une situation de \u00ab plein emploi pour sa population active \u00bb.<\/p>\n<p>Il a par ailleurs, fait savoir que le Pre\u0301sident Tshisekedi a salue\u0301 les efforts fournis par le gouvernement notamment pour l\u2019assainissement du climat des affaires, la stabilite\u0301 du cadre macro-e\u0301conomique, la re\u0301forme de la fiscalite\u0301 qui sont profitables au secteur prive\u0301 et qui doivent se mesurer, entre autres, par des emplois pre\u0301serve\u0301s, cre\u0301e\u0301s et surtout diversifie\u0301s suivant les potentialite\u0301s de notre e\u0301conomie.<\/p>\n<p>Le Chef de l\u2019Etat a instruit, de ce fait, le ministre d\u2019Etat ministre du Plan, la ministre du Travail et pre\u0301voyance sociale sous la direction du Premier ministre de prendre toutes les mesures ne\u0301cessaires pour inte\u0301grer les indicateurs du marche\u0301 de travail dans le cadre macro-e\u0301conomique a\u0300 partir de l\u2019anne\u0301e prochaine, indiquant le nombre d\u2019emplois net et le taux de cho\u0302mage. Le ministre d\u2019Etat, ministre du Plan, devra pre\u0301senter, d\u2019ici la fin du mois d\u2019octobre, une feuille de route y relative.<\/p>\n<p><b>Appel au respect du droit international par l\u2019ONU<\/b><\/p>\n<p>Le Pre\u0301sident de la Re\u0301publique Fe\u0301lix Antoine Tshisekedi Tshilombo qui est revenu sur la participation de la Re\u0301publique de\u0301mocratique du Congo a\u0300 la 77e\u0300me session de l\u2019Assemble\u0301e ge\u0301ne\u0301rale des Nations Unies axe\u0301e sur le the\u0300me \u00ab Un tournant de\u0301cisif des solutions transformatrices face a\u0300 des de\u0301fis intrique\u0301s \u00bb, a indique\u0301 avoir fait entendre la voix de la RD Congo sur les enjeux nationaux et internationaux en lanc\u0327ant un appel au respect du droit international et surtout du multilate\u0301ralisme qui sont a\u0300 la base de la cre\u0301ation de l\u2019Organisation des nations Unies (ONU).<\/p>\n<p>Le ministre de communication et me\u0301dias a encore ajoute\u0301 que Fe\u0301lix Tshisekedi s\u2019est e\u0301galement penche\u0301 sur les questions lie\u0301es a\u0300 la se\u0301curite\u0301 et a\u0300 la paix, au changement climatique, l\u2019e\u0301conomie mondiale poste-Covid et la lutte contre la pauvrete\u0301 tout en rappelant l\u2019importance de re\u0301former le syste\u0300me actuel des Nations Unies afin de l\u2019adapter aux de\u0301fis de l\u2019heure de notre temps, en respectant les e\u0301quilibres ge\u0301opolitiques par l\u2019acce\u0300s de deux postes des membres permanents et deux autres membres non permanents a\u0300 l\u2019Afrique avec les me\u0302mes droits.<\/p>\n<p>Du point de vue national et par devoir de ve\u0301rite\u0301, a-t-il poursuivi, le Chef de l\u2019Etat a de\u0301nonce\u0301 l\u2019agression injuste et illicite sur le plan du droit international dont la RD Congo est victime de la part du Rwanda qui utilise un mouvement terroriste dit du \u00ab M23 \u00bb, par procuration et ce, face a\u0300 l\u2019impuissance de l\u2019ONU et a\u0300 l\u2019indiffe\u0301rence de la Communaute\u0301 internationale et qui vont me\u0302me jusqu\u2019a\u0300 soutenir des mesures de restriction affectant les capacite\u0301s de de\u0301fense, appelant ainsi a\u0300 la requalification du calendrier de retrait des forces de la Monusco dont les faiblesses et limites ont e\u0301te\u0301 reconnues au plus haut sommet de l\u2019administration Onusienne.<\/p>\n<p>Le pre\u0301sident de la Re\u0301publique a e\u0301galement rappele\u0301 la de\u0301termination du peuple congolais a\u0300 de\u0301fendre la souverainete\u0301 nationale et l\u2019inte\u0301grite\u0301 territoriale du pays, quelqu\u2019en soit le prix. \u00ab Nous devons nous mobiliser tous et toutes pour cette cause existentielle \u00bb avant de re\u0301ve\u0301ler avoir eu des e\u0301changes avec d\u2019autres dirigeants du monde et des organisations internationales.<\/p>\n<p><b>Ne\u0301cessite\u0301 de construction des passerelles-pie\u0301tons et sur la voie rapide vers l\u2019ae\u0301roport internationale de N\u2019djili<\/b><\/p>\n<p>Le porte-parole du gouvernement a fait e\u0301galement savoir que le Pre\u0301sident de la Re\u0301publique est revenu sur la persistance des multiples proble\u0300mes lie\u0301s a\u0300 la mobilite\u0301 et a\u0300 la se\u0301curite\u0301 routie\u0300re de nos compatriotes, avant de rappeler la responsabilite\u0301 du gouvernement de garantir une mobilite\u0301 aise\u0301e et se\u0301curise\u0301e a\u0300 tout usager y compris les personnes a\u0300 mobilite\u0301 re\u0301duite lors de la conception et de la mise en \u0153uvre des projets de construction et de modernisation des infrastructures routie\u0300res particulie\u0300rement en milieu urbain.<\/p>\n<p>Le ministre Muyaya a de\u0301plore\u0301, en outre, que le Pre\u0301sident Tshisekedi a de\u0301plore\u0301 le fait de voir les adultes et enfants enjamber les se\u0301parateurs est avilissent, de\u0301gradant et dangereux. Pour ce faire, il est urgent de relancer le projet de construction des passerelles-pie\u0301tons tout au long de cet axe routier du boulevard Lumumba afin d\u2019avoir des voies de passage se\u0301curise\u0301es d\u2019une rive a\u0300 une autre.<\/p>\n<p>\u00ab Cependant, apre\u0300s avoir rehausse\u0301 le niveau de service du boulevard Lumumba et de favoriser la fluidite\u0301 du trafic entre les communes de la ville de Kinshasa et l\u2019ae\u0301roport international de N\u2019djili, la se\u0301curisation des pie\u0301tons devant traverser cette voie rapide est plus qu\u2019impe\u0301rieuse \u00bb a-t-il renche\u0301ri.<\/p>\n<p>C\u2019est dans ce contexte que le Pre\u0301sident de la Re\u0301publique a instruit le ministre d\u2019Etat, ministre des Infrastructures et travaux publics qui de\u0301tient la tutelle technique de l\u2019Agence congolaise des grands travaux (ACGT) de commander, un seul s\u2019il y, a e\u0301tat des lieux sur la re\u0301alisation du plan initial de construction de dix (10) passerelles mais aussi tenant compte de l\u2019expertise de cet e\u0301tablissement public de mener des e\u0301tudes de faisabilite\u0301 pour la construction des nouvelles passerelles tout au long de cet axe afin d\u2019avoir des espaces se\u0301curise\u0301s en nombre suffisant pour les traverse\u0301es pie\u0301tonnes quotidiennes.<\/p>\n<p><b>Le Premier ministre rend hommage au pre\u0301sident de la Re\u0301publique pour son discours a\u0300 l\u2019ONU<\/b><\/p>\n<p>Intervenant a\u0300 la suite de la communication du Pre\u0301sident de la Re\u0301publique, le Premier ministre, Jean Michel Sama Lukonde Kyenge, a tenu a\u0300 fe\u0301liciter a\u0300 et rendre un vibrant hommage au Chef de l\u2019Etat pour son discours politique et historique qu\u2019il a tenu devant l\u2019Assemble\u0301 ge\u0301ne\u0301rale des Nations-Unies a\u0300 l\u2019occasion de sa 77e\u0300me session.<\/p>\n<p>Il a ensuite, aborde\u0301 les points relatifs a\u0300 la proble\u0301matique des gre\u0300ves dans le secteur social notamment dans l\u2019enseignement supe\u0301rieur et universitaire ainsi que dans le secteur de la sante\u0301 publique.<\/p>\n<p>A propos de mouvement observer dans le secteur de l\u2019Enseignement supe\u0301rieur et universitaire (ESU), le chef du gouvernement re\u0301ve\u0301le\u0301 avoir pre\u0301side\u0301, le jeudi 29 septembre 2022, une re\u0301union de l\u2019e\u0301valuation de revendications de la coope\u0301ration avec le ministe\u0300re sectoriel accompagne\u0301 des de\u0301le\u0301gue\u0301s syndicaux de ce sous-secteur a\u0300 pendant laquelle des avance\u0301es ont e\u0301te\u0301 enregistre\u0301es notamment dans l\u2019approche de la prise en compte des leurs pre\u0301occupations en vue de l\u2019ame\u0301lioration des conditions des vies des professeurs d\u2019universite\u0301.<\/p>\n<p>Dans ces conditions, les de\u0301le\u0301gue\u0301s des syndicats, les professeurs de l\u2019universite\u0301 ont promis de restituer a\u0300 leurs pairs la conclusion de ces travaux avant de re\u0301unir avec les enseignements pour assurer une anne\u0301e acade\u0301mique apaiser en mettant le dialogue permanent avec le gouvernement.<\/p>\n<p>Abordant le secteur de la sante\u0301, Sama Lukonde qui a de\u0301plore\u0301 avec fermete\u0301 les incidents intervenus lors de la marche des me\u0301decins du 21 septembre 2022, a informe\u0301 le conseil de la re\u0301union qu\u2019il a pre\u0301side\u0301 avec les diffe\u0301rents syndicats du corps me\u0301dical qui a accompagnaient le ministre de la sante\u0301 dans le but d\u2019harmoniser les vies pour une prise en compte de leurs revendications dont le cahier des charge sera examine\u0301 dans le cadre de\u0301fini par les accords de Bibwa en vue d\u2019aboutir a\u0300 une leve\u0301e total de gre\u0300ve.<\/p>\n<p><b>Le chef du gouvernement a, en outre, fait part au conseil du bon de\u0301roulement des pre\u0301paratifs des IXe Jeux de la Francophonie qui auront lieu a\u0300 Kinshasa.<\/b><\/p>\n<p>Pour s\u2019assurer de la bonne pre\u0301paration desdits jeux, Sama Lukonde de la re\u0301union de comite\u0301 de pilotage qui l\u2019a pre\u0301side\u0301 le jeudi 29 septembre 2022, se\u0301ance qui lui a permis de relever les avance\u0301es a\u0300 ce stade de l\u2019e\u0301volution de pre\u0301paratif de cette important e\u0301ve\u0301nement, avant d\u2019annoncer une se\u0301rie des visites a\u0300 effectuer dans les diffe\u0301rents sites se\u0301lectionne\u0301s pour la tenue de cet grand e\u0301ve\u0300nement en vue de s\u2019impre\u0301gner personnellement de l\u2019e\u0301volution des travaux.<\/p>\n<p><strong>Pour plus d&rsquo;informations et d&rsquo;analyses sur la <a href=\"https:\/\/www.africa-press.net\/cameroun\">Cameroun<\/a>, suivez <a href=\"https:\/\/www.africa-press.net\/\">Africa-Press<\/a><\/strong><\/p>\n","protected":false},"excerpt":{"rendered":"<p>Africa-Press &#8211; Cameroun. Le Pre\u0301sident de la Re\u0301publique, Fe\u0301lix Antoine Tshisekedi Tshilombo, a pro\u0302ne\u0301 vendredi a\u0300 Kinshasa, l\u2019inte\u0301gration des opportunite\u0301s des marche\u0301s du travail dans le cadre macro-e\u0301conomique en vue d\u2019ame\u0301liorer la cohe\u0301sion sociale au pays, et de cre\u0301er les conditions favorisant le de\u0301veloppement. Il l\u2019a dit au cours de la 71e re\u0301union du Conseil [&hellip;]<\/p>\n","protected":false},"author":82,"featured_media":28525,"comment_status":"open","ping_status":"closed","sticky":false,"template":"","format":"standard","meta":{"footnotes":""},"categories":[3,10],"tags":[36,50,49],"class_list":["post-28526","post","type-post","status-publish","format-standard","has-post-thumbnail","hentry","category-economie","category-toutes-les-actualites","tag-africa-press","tag-africa-press-cameroun","tag-cameroun"],"yoast_head":"<!-- This site is optimized with the Yoast SEO Premium plugin v26.1 (Yoast SEO v27.0) - https:\/\/yoast.com\/product\/yoast-seo-premium-wordpress\/ -->\n<title>Le Pr\u00e9sident F\u00e9lix Tshisekedi pr\u00f4ne l\u2019int\u00e9gration des opportunit\u00e9s des march\u00e9s du travail dans le cadre macro-\u00e9conomique et budg\u00e9taire - Cameroun<\/title>\n<meta name=\"description\" content=\"Le Pre\u0301sident de la Re\u0301publique, Fe\u0301lix Antoine Tshisekedi Tshilombo, a pro\u0302ne\u0301 vendredi a\u0300 Kinshasa, l\u2019inte\u0301gration des ...\" \/>\n<meta name=\"robots\" content=\"index, follow, max-snippet:-1, max-image-preview:large, max-video-preview:-1\" \/>\n<link rel=\"canonical\" href=\"https:\/\/www.africa-press.net\/cameroun\/economie\/le-president-felix-tshisekedi-prone-lintegration-des-opportunites-des-marches-du-travail-dans-le-cadre-macro-economique-et-budgetaire\" \/>\n<meta property=\"og:locale\" content=\"fr_FR\" \/>\n<meta property=\"og:type\" content=\"article\" \/>\n<meta property=\"og:title\" content=\"Le Pr\u00e9sident F\u00e9lix Tshisekedi pr\u00f4ne l\u2019int\u00e9gration des opportunit\u00e9s des march\u00e9s du travail dans le cadre macro-\u00e9conomique et budg\u00e9taire\" \/>\n<meta property=\"og:description\" content=\"Le Pre\u0301sident de la Re\u0301publique, Fe\u0301lix Antoine Tshisekedi Tshilombo, a pro\u0302ne\u0301 vendredi a\u0300 Kinshasa, l\u2019inte\u0301gration des ...\" \/>\n<meta property=\"og:url\" content=\"https:\/\/www.africa-press.net\/cameroun\/economie\/le-president-felix-tshisekedi-prone-lintegration-des-opportunites-des-marches-du-travail-dans-le-cadre-macro-economique-et-budgetaire\" \/>\n<meta property=\"og:site_name\" content=\"Cameroun\" \/>\n<meta property=\"article:published_time\" content=\"2022-10-01T13:55:54+00:00\" \/>\n<meta property=\"article:modified_time\" content=\"2022-10-01T16:04:48+00:00\" \/>\n<meta property=\"og:image\" content=\"https:\/\/static.africa-press.net\/cameroun\/sites\/57\/2022\/10\/img-633864dc752fc.jpg\" \/>\n\t<meta property=\"og:image:width\" content=\"720\" \/>\n\t<meta property=\"og:image:height\" content=\"349\" \/>\n\t<meta property=\"og:image:type\" content=\"image\/jpeg\" \/>\n<meta name=\"author\" content=\"cfeditorfr\" \/>\n<meta name=\"twitter:card\" content=\"summary_large_image\" \/>\n<meta name=\"twitter:label1\" content=\"\u00c9crit par\" \/>\n\t<meta name=\"twitter:data1\" content=\"cfeditorfr\" \/>\n\t<meta name=\"twitter:label2\" content=\"Dur\u00e9e de lecture estim\u00e9e\" \/>\n\t<meta name=\"twitter:data2\" content=\"8 minutes\" \/>\n<script type=\"application\/ld+json\" class=\"yoast-schema-graph\">{\"@context\":\"https:\/\/schema.org\",\"@graph\":[{\"@type\":\"Article\",\"@id\":\"https:\/\/www.africa-press.net\/cameroun\/economie\/le-president-felix-tshisekedi-prone-lintegration-des-opportunites-des-marches-du-travail-dans-le-cadre-macro-economique-et-budgetaire#article\",\"isPartOf\":{\"@id\":\"https:\/\/www.africa-press.net\/cameroun\/economie\/le-president-felix-tshisekedi-prone-lintegration-des-opportunites-des-marches-du-travail-dans-le-cadre-macro-economique-et-budgetaire\"},\"author\":{\"name\":\"cfeditorfr\",\"@id\":\"https:\/\/www.africa-press.net\/cameroun\/#\/schema\/person\/2b1cf3cd81a31e3cd26889ca66d677f1\"},\"headline\":\"Le Pr\u00e9sident F\u00e9lix Tshisekedi pr\u00f4ne l\u2019int\u00e9gration des opportunit\u00e9s des march\u00e9s du travail dans le cadre macro-\u00e9conomique et budg\u00e9taire\",\"datePublished\":\"2022-10-01T13:55:54+00:00\",\"dateModified\":\"2022-10-01T16:04:48+00:00\",\"mainEntityOfPage\":{\"@id\":\"https:\/\/www.africa-press.net\/cameroun\/economie\/le-president-felix-tshisekedi-prone-lintegration-des-opportunites-des-marches-du-travail-dans-le-cadre-macro-economique-et-budgetaire\"},\"wordCount\":1817,\"commentCount\":0,\"image\":{\"@id\":\"https:\/\/www.africa-press.net\/cameroun\/economie\/le-president-felix-tshisekedi-prone-lintegration-des-opportunites-des-marches-du-travail-dans-le-cadre-macro-economique-et-budgetaire#primaryimage\"},\"thumbnailUrl\":\"https:\/\/static.africa-press.net\/cameroun\/sites\/57\/2022\/10\/img-633864dc752fc.jpg\",\"keywords\":[\"Africa Press\",\"Africa Press-Cameroun\",\"Cameroun\"],\"articleSection\":[\"\u00c9conomie\",\"Toutes les actualit\u00e9s\"],\"inLanguage\":\"fr-FR\",\"potentialAction\":[{\"@type\":\"CommentAction\",\"name\":\"Comment\",\"target\":[\"https:\/\/www.africa-press.net\/cameroun\/economie\/le-president-felix-tshisekedi-prone-lintegration-des-opportunites-des-marches-du-travail-dans-le-cadre-macro-economique-et-budgetaire#respond\"]}]},{\"@type\":\"WebPage\",\"@id\":\"https:\/\/www.africa-press.net\/cameroun\/economie\/le-president-felix-tshisekedi-prone-lintegration-des-opportunites-des-marches-du-travail-dans-le-cadre-macro-economique-et-budgetaire\",\"url\":\"https:\/\/www.africa-press.net\/cameroun\/economie\/le-president-felix-tshisekedi-prone-lintegration-des-opportunites-des-marches-du-travail-dans-le-cadre-macro-economique-et-budgetaire\",\"name\":\"Le Pr\u00e9sident F\u00e9lix Tshisekedi pr\u00f4ne l\u2019int\u00e9gration des opportunit\u00e9s des march\u00e9s du travail dans le cadre macro-\u00e9conomique et budg\u00e9taire - Cameroun\",\"isPartOf\":{\"@id\":\"https:\/\/www.africa-press.net\/cameroun\/#website\"},\"primaryImageOfPage\":{\"@id\":\"https:\/\/www.africa-press.net\/cameroun\/economie\/le-president-felix-tshisekedi-prone-lintegration-des-opportunites-des-marches-du-travail-dans-le-cadre-macro-economique-et-budgetaire#primaryimage\"},\"image\":{\"@id\":\"https:\/\/www.africa-press.net\/cameroun\/economie\/le-president-felix-tshisekedi-prone-lintegration-des-opportunites-des-marches-du-travail-dans-le-cadre-macro-economique-et-budgetaire#primaryimage\"},\"thumbnailUrl\":\"https:\/\/static.africa-press.net\/cameroun\/sites\/57\/2022\/10\/img-633864dc752fc.jpg\",\"datePublished\":\"2022-10-01T13:55:54+00:00\",\"dateModified\":\"2022-10-01T16:04:48+00:00\",\"author\":{\"@id\":\"https:\/\/www.africa-press.net\/cameroun\/#\/schema\/person\/2b1cf3cd81a31e3cd26889ca66d677f1\"},\"description\":\"Le Pre\u0301sident de la Re\u0301publique, Fe\u0301lix Antoine Tshisekedi Tshilombo, a pro\u0302ne\u0301 vendredi a\u0300 Kinshasa, l\u2019inte\u0301gration des ...\",\"breadcrumb\":{\"@id\":\"https:\/\/www.africa-press.net\/cameroun\/economie\/le-president-felix-tshisekedi-prone-lintegration-des-opportunites-des-marches-du-travail-dans-le-cadre-macro-economique-et-budgetaire#breadcrumb\"},\"inLanguage\":\"fr-FR\",\"potentialAction\":[{\"@type\":\"ReadAction\",\"target\":[\"https:\/\/www.africa-press.net\/cameroun\/economie\/le-president-felix-tshisekedi-prone-lintegration-des-opportunites-des-marches-du-travail-dans-le-cadre-macro-economique-et-budgetaire\"]}]},{\"@type\":\"ImageObject\",\"inLanguage\":\"fr-FR\",\"@id\":\"https:\/\/www.africa-press.net\/cameroun\/economie\/le-president-felix-tshisekedi-prone-lintegration-des-opportunites-des-marches-du-travail-dans-le-cadre-macro-economique-et-budgetaire#primaryimage\",\"url\":\"https:\/\/static.africa-press.net\/cameroun\/sites\/57\/2022\/10\/img-633864dc752fc.jpg\",\"contentUrl\":\"https:\/\/static.africa-press.net\/cameroun\/sites\/57\/2022\/10\/img-633864dc752fc.jpg\",\"width\":720,\"height\":349,\"caption\":\"Le Pr\u00e9sident F\u00e9lix Tshisekedi pr\u00f4ne l\u2019int\u00e9gration des opportunit\u00e9s des march\u00e9s du travail dans le cadre macro-\u00e9conomique et budg\u00e9taire\"},{\"@type\":\"BreadcrumbList\",\"@id\":\"https:\/\/www.africa-press.net\/cameroun\/economie\/le-president-felix-tshisekedi-prone-lintegration-des-opportunites-des-marches-du-travail-dans-le-cadre-macro-economique-et-budgetaire#breadcrumb\",\"itemListElement\":[{\"@type\":\"ListItem\",\"position\":1,\"name\":\"Accueil\",\"item\":\"https:\/\/www.africa-press.net\/cameroun\/\"},{\"@type\":\"ListItem\",\"position\":2,\"name\":\"Le Pr\u00e9sident F\u00e9lix Tshisekedi pr\u00f4ne l\u2019int\u00e9gration des opportunit\u00e9s des march\u00e9s du travail dans le cadre macro-\u00e9conomique et budg\u00e9taire\"}]},{\"@type\":\"WebSite\",\"@id\":\"https:\/\/www.africa-press.net\/cameroun\/#website\",\"url\":\"https:\/\/www.africa-press.net\/cameroun\/\",\"name\":\"Cameroun\",\"description\":\"Just another Africa News Agency Sites site\",\"potentialAction\":[{\"@type\":\"SearchAction\",\"target\":{\"@type\":\"EntryPoint\",\"urlTemplate\":\"https:\/\/www.africa-press.net\/cameroun\/?s={search_term_string}\"},\"query-input\":{\"@type\":\"PropertyValueSpecification\",\"valueRequired\":true,\"valueName\":\"search_term_string\"}}],\"inLanguage\":\"fr-FR\"},{\"@type\":\"Person\",\"@id\":\"https:\/\/www.africa-press.net\/cameroun\/#\/schema\/person\/2b1cf3cd81a31e3cd26889ca66d677f1\",\"name\":\"cfeditorfr\"}]}<\/script>\n<!-- \/ Yoast SEO Premium plugin. -->","yoast_head_json":{"title":"Le Pr\u00e9sident F\u00e9lix Tshisekedi pr\u00f4ne l\u2019int\u00e9gration des opportunit\u00e9s des march\u00e9s du travail dans le cadre macro-\u00e9conomique et budg\u00e9taire - Cameroun","description":"Le Pre\u0301sident de la Re\u0301publique, Fe\u0301lix Antoine Tshisekedi Tshilombo, a pro\u0302ne\u0301 vendredi a\u0300 Kinshasa, l\u2019inte\u0301gration des ...","robots":{"index":"index","follow":"follow","max-snippet":"max-snippet:-1","max-image-preview":"max-image-preview:large","max-video-preview":"max-video-preview:-1"},"canonical":"https:\/\/www.africa-press.net\/cameroun\/economie\/le-president-felix-tshisekedi-prone-lintegration-des-opportunites-des-marches-du-travail-dans-le-cadre-macro-economique-et-budgetaire","og_locale":"fr_FR","og_type":"article","og_title":"Le Pr\u00e9sident F\u00e9lix Tshisekedi pr\u00f4ne l\u2019int\u00e9gration des opportunit\u00e9s des march\u00e9s du travail dans le cadre macro-\u00e9conomique et budg\u00e9taire","og_description":"Le Pre\u0301sident de la Re\u0301publique, Fe\u0301lix Antoine Tshisekedi Tshilombo, a pro\u0302ne\u0301 vendredi a\u0300 Kinshasa, l\u2019inte\u0301gration des ...","og_url":"https:\/\/www.africa-press.net\/cameroun\/economie\/le-president-felix-tshisekedi-prone-lintegration-des-opportunites-des-marches-du-travail-dans-le-cadre-macro-economique-et-budgetaire","og_site_name":"Cameroun","article_published_time":"2022-10-01T13:55:54+00:00","article_modified_time":"2022-10-01T16:04:48+00:00","og_image":[{"width":720,"height":349,"url":"https:\/\/static.africa-press.net\/cameroun\/sites\/57\/2022\/10\/img-633864dc752fc.jpg","type":"image\/jpeg"}],"author":"cfeditorfr","twitter_card":"summary_large_image","twitter_misc":{"\u00c9crit par":"cfeditorfr","Dur\u00e9e de lecture estim\u00e9e":"8 minutes"},"schema":{"@context":"https:\/\/schema.org","@graph":[{"@type":"Article","@id":"https:\/\/www.africa-press.net\/cameroun\/economie\/le-president-felix-tshisekedi-prone-lintegration-des-opportunites-des-marches-du-travail-dans-le-cadre-macro-economique-et-budgetaire#article","isPartOf":{"@id":"https:\/\/www.africa-press.net\/cameroun\/economie\/le-president-felix-tshisekedi-prone-lintegration-des-opportunites-des-marches-du-travail-dans-le-cadre-macro-economique-et-budgetaire"},"author":{"name":"cfeditorfr","@id":"https:\/\/www.africa-press.net\/cameroun\/#\/schema\/person\/2b1cf3cd81a31e3cd26889ca66d677f1"},"headline":"Le Pr\u00e9sident F\u00e9lix Tshisekedi pr\u00f4ne l\u2019int\u00e9gration des opportunit\u00e9s des march\u00e9s du travail dans le cadre macro-\u00e9conomique et budg\u00e9taire","datePublished":"2022-10-01T13:55:54+00:00","dateModified":"2022-10-01T16:04:48+00:00","mainEntityOfPage":{"@id":"https:\/\/www.africa-press.net\/cameroun\/economie\/le-president-felix-tshisekedi-prone-lintegration-des-opportunites-des-marches-du-travail-dans-le-cadre-macro-economique-et-budgetaire"},"wordCount":1817,"commentCount":0,"image":{"@id":"https:\/\/www.africa-press.net\/cameroun\/economie\/le-president-felix-tshisekedi-prone-lintegration-des-opportunites-des-marches-du-travail-dans-le-cadre-macro-economique-et-budgetaire#primaryimage"},"thumbnailUrl":"https:\/\/static.africa-press.net\/cameroun\/sites\/57\/2022\/10\/img-633864dc752fc.jpg","keywords":["Africa Press","Africa Press-Cameroun","Cameroun"],"articleSection":["\u00c9conomie","Toutes les actualit\u00e9s"],"inLanguage":"fr-FR","potentialAction":[{"@type":"CommentAction","name":"Comment","target":["https:\/\/www.africa-press.net\/cameroun\/economie\/le-president-felix-tshisekedi-prone-lintegration-des-opportunites-des-marches-du-travail-dans-le-cadre-macro-economique-et-budgetaire#respond"]}]},{"@type":"WebPage","@id":"https:\/\/www.africa-press.net\/cameroun\/economie\/le-president-felix-tshisekedi-prone-lintegration-des-opportunites-des-marches-du-travail-dans-le-cadre-macro-economique-et-budgetaire","url":"https:\/\/www.africa-press.net\/cameroun\/economie\/le-president-felix-tshisekedi-prone-lintegration-des-opportunites-des-marches-du-travail-dans-le-cadre-macro-economique-et-budgetaire","name":"Le Pr\u00e9sident F\u00e9lix Tshisekedi pr\u00f4ne l\u2019int\u00e9gration des opportunit\u00e9s des march\u00e9s du travail dans le cadre macro-\u00e9conomique et budg\u00e9taire - Cameroun","isPartOf":{"@id":"https:\/\/www.africa-press.net\/cameroun\/#website"},"primaryImageOfPage":{"@id":"https:\/\/www.africa-press.net\/cameroun\/economie\/le-president-felix-tshisekedi-prone-lintegration-des-opportunites-des-marches-du-travail-dans-le-cadre-macro-economique-et-budgetaire#primaryimage"},"image":{"@id":"https:\/\/www.africa-press.net\/cameroun\/economie\/le-president-felix-tshisekedi-prone-lintegration-des-opportunites-des-marches-du-travail-dans-le-cadre-macro-economique-et-budgetaire#primaryimage"},"thumbnailUrl":"https:\/\/static.africa-press.net\/cameroun\/sites\/57\/2022\/10\/img-633864dc752fc.jpg","datePublished":"2022-10-01T13:55:54+00:00","dateModified":"2022-10-01T16:04:48+00:00","author":{"@id":"https:\/\/www.africa-press.net\/cameroun\/#\/schema\/person\/2b1cf3cd81a31e3cd26889ca66d677f1"},"description":"Le Pre\u0301sident de la Re\u0301publique, Fe\u0301lix Antoine Tshisekedi Tshilombo, a pro\u0302ne\u0301 vendredi a\u0300 Kinshasa, l\u2019inte\u0301gration des ...","breadcrumb":{"@id":"https:\/\/www.africa-press.net\/cameroun\/economie\/le-president-felix-tshisekedi-prone-lintegration-des-opportunites-des-marches-du-travail-dans-le-cadre-macro-economique-et-budgetaire#breadcrumb"},"inLanguage":"fr-FR","potentialAction":[{"@type":"ReadAction","target":["https:\/\/www.africa-press.net\/cameroun\/economie\/le-president-felix-tshisekedi-prone-lintegration-des-opportunites-des-marches-du-travail-dans-le-cadre-macro-economique-et-budgetaire"]}]},{"@type":"ImageObject","inLanguage":"fr-FR","@id":"https:\/\/www.africa-press.net\/cameroun\/economie\/le-president-felix-tshisekedi-prone-lintegration-des-opportunites-des-marches-du-travail-dans-le-cadre-macro-economique-et-budgetaire#primaryimage","url":"https:\/\/static.africa-press.net\/cameroun\/sites\/57\/2022\/10\/img-633864dc752fc.jpg","contentUrl":"https:\/\/static.africa-press.net\/cameroun\/sites\/57\/2022\/10\/img-633864dc752fc.jpg","width":720,"height":349,"caption":"Le Pr\u00e9sident F\u00e9lix Tshisekedi pr\u00f4ne l\u2019int\u00e9gration des opportunit\u00e9s des march\u00e9s du travail dans le cadre macro-\u00e9conomique et budg\u00e9taire"},{"@type":"BreadcrumbList","@id":"https:\/\/www.africa-press.net\/cameroun\/economie\/le-president-felix-tshisekedi-prone-lintegration-des-opportunites-des-marches-du-travail-dans-le-cadre-macro-economique-et-budgetaire#breadcrumb","itemListElement":[{"@type":"ListItem","position":1,"name":"Accueil","item":"https:\/\/www.africa-press.net\/cameroun\/"},{"@type":"ListItem","position":2,"name":"Le Pr\u00e9sident F\u00e9lix Tshisekedi pr\u00f4ne l\u2019int\u00e9gration des opportunit\u00e9s des march\u00e9s du travail dans le cadre macro-\u00e9conomique et budg\u00e9taire"}]},{"@type":"WebSite","@id":"https:\/\/www.africa-press.net\/cameroun\/#website","url":"https:\/\/www.africa-press.net\/cameroun\/","name":"Cameroun","description":"Just another Africa News Agency Sites site","potentialAction":[{"@type":"SearchAction","target":{"@type":"EntryPoint","urlTemplate":"https:\/\/www.africa-press.net\/cameroun\/?s={search_term_string}"},"query-input":{"@type":"PropertyValueSpecification","valueRequired":true,"valueName":"search_term_string"}}],"inLanguage":"fr-FR"},{"@type":"Person","@id":"https:\/\/www.africa-press.net\/cameroun\/#\/schema\/person\/2b1cf3cd81a31e3cd26889ca66d677f1","name":"cfeditorfr"}]}},"_links":{"self":[{"href":"https:\/\/www.africa-press.net\/cameroun\/wp-json\/wp\/v2\/posts\/28526","targetHints":{"allow":["GET"]}}],"collection":[{"href":"https:\/\/www.africa-press.net\/cameroun\/wp-json\/wp\/v2\/posts"}],"about":[{"href":"https:\/\/www.africa-press.net\/cameroun\/wp-json\/wp\/v2\/types\/post"}],"author":[{"embeddable":true,"href":"https:\/\/www.africa-press.net\/cameroun\/wp-json\/wp\/v2\/users\/82"}],"replies":[{"embeddable":true,"href":"https:\/\/www.africa-press.net\/cameroun\/wp-json\/wp\/v2\/comments?post=28526"}],"version-history":[{"count":0,"href":"https:\/\/www.africa-press.net\/cameroun\/wp-json\/wp\/v2\/posts\/28526\/revisions"}],"wp:featuredmedia":[{"embeddable":true,"href":"https:\/\/www.africa-press.net\/cameroun\/wp-json\/wp\/v2\/media\/28525"}],"wp:attachment":[{"href":"https:\/\/www.africa-press.net\/cameroun\/wp-json\/wp\/v2\/media?parent=28526"}],"wp:term":[{"taxonomy":"category","embeddable":true,"href":"https:\/\/www.africa-press.net\/cameroun\/wp-json\/wp\/v2\/categories?post=28526"},{"taxonomy":"post_tag","embeddable":true,"href":"https:\/\/www.africa-press.net\/cameroun\/wp-json\/wp\/v2\/tags?post=28526"}],"curies":[{"name":"wp","href":"https:\/\/api.w.org\/{rel}","templated":true}]}}