{"id":28535,"date":"2022-10-01T14:22:33","date_gmt":"2022-10-01T14:22:33","guid":{"rendered":"https:\/\/www.africa-press.net\/cameroun\/politique\/bintou-keita-salue-les-efforts-pour-etablir-le-cadre-legal-et-les-conditions-pour-la-bonne-tenue-des-scrutins"},"modified":"2022-10-01T16:08:07","modified_gmt":"2022-10-01T16:08:07","slug":"bintou-keita-salue-les-efforts-pour-etablir-le-cadre-legal-et-les-conditions-pour-la-bonne-tenue-des-scrutins","status":"publish","type":"post","link":"https:\/\/www.africa-press.net\/cameroun\/politique\/bintou-keita-salue-les-efforts-pour-etablir-le-cadre-legal-et-les-conditions-pour-la-bonne-tenue-des-scrutins","title":{"rendered":"Bintou Keita salue les efforts pour \u00e9tablir le cadre l\u00e9gal et les conditions pour la bonne tenue des scrutins"},"content":{"rendered":"<p><span style=\"color: #ff6600\"><strong>Africa-Press &#8211; Cameroun. <\/strong><\/span>a repre\u0301sentante spe\u0301ciale du Secre\u0301taire ge\u0301ne\u0301ral de l\u2019ONU en RDC, Bintou Keita, a salue\u0301, vendredi 30 septembre devant le Conseil de se\u0301curite\u0301 de l\u2019ONU, les efforts du gouvernement, du Parlement et de la CENI pour e\u0301tablir le cadre le\u0301gal et les conditions pour la bonne tenue des scrutins.<\/p>\n<p>\u00ab Je re\u0301ite\u0300re la disponibilite\u0301 de la MONUSCO pour faciliter le dialogue pouvant assurer un processus transparent, inclusif et apaise\u0301, tenu dans les de\u0301lais constitutionnels, avec la participation actives des femmes et des jeunes a\u0300 chacune de ses e\u0301tapes \u00bb, a-t-elle ajoute\u0301.<\/p>\n<p>Outre la promulgation de la loi e\u0301lectorale, la cheffe de la MONUSCO a particulie\u0300rement salue\u0301 la mise en place de cadres de concertation avec les femmes, les jeunes, les partis politiques et la socie\u0301te\u0301 civile, et les pre\u0301paratifs pour le lancement de l\u2019enregistrement des e\u0301lecteurs en de\u0301cembre prochain.<\/p>\n<p><b>Bonnes performances de l&rsquo;e\u0301conomie<\/b><\/p>\n<p>Devant les membres du Conseil de se\u0301curite\u0301 , elle a aussi souligne\u0301 que le projet de budget e\u0301tait en augmentation d&rsquo;environ 32% par rapport a\u0300 2022 et y a vu le re\u0301sultat des bonnes performances de l\u2019e\u0301conomie et de collectes fiscales record, qui te\u0301moignent de progre\u0300s significatifs en matie\u0300re de gouvernance financie\u0300re et de redevabilite\u0301, avec l\u2019entre\u0301e en fonction de la Cour des comptes du pays.<\/p>\n<p>L&rsquo;adoption de ce budget devrait permettre d&rsquo;acce\u0301le\u0301rer la mise en \u0153uvre du programme de de\u0301veloppement des 145 Territoires et de doter la Commission e\u0301lectorale nationale inde\u0301pendante (CENI) des moyens ne\u0301cessaires, a-t-elle releve\u0301.<\/p>\n<p>La Repre\u0301sentante spe\u0301ciale a souligne\u0301 le caracte\u0300re strate\u0301gique de la loi de programmation militaire 2022-2025, estime\u0301e a\u0300 1 milliard USD par an, que le Parlement doit examiner. Cet instrument est essentiel pour permettre la monte\u0301e en puissance des Forces arme\u0301es de la RDC (FARDC) et mener a\u0300 bien les re\u0301formes du secteur de la se\u0301curite\u0301, deux e\u0301le\u0301ments fondamentaux pour re\u0301pondre aux de\u0301fis se\u0301curitaires que connait le pays, notamment dans l&rsquo;Est, ou\u0300 les groupes arme\u0301s continuent de commettre des actes de violence contre les civils.<\/p>\n<p>La plupart des abus sont perpe\u0301tre\u0301s par la Coope\u0301rative pour le de\u0301veloppement du Congo (CODECO), les Forces de\u0301mocratiques allie\u0301es (ADF) et le Mouvement du 23 mars (M23) en Ituri et au Nord-Kivu, tandis que les groupes Mai\u0308-Mai\u0308 et d&rsquo;autres milices ont intensifie\u0301 leurs attaques contre les civils au Sud-Kivu, a-t-elle explique\u0301.<\/p>\n<p>\u00ab Mon appel a\u0300 renforcer les FARDC trouve son origine dans les proble\u0300mes de se\u0301curite\u0301 persistants dans l&rsquo;est de la RDC. Les groupes arme\u0301s continuent de repre\u0301senter une menace importante et de commettre des violences a\u0300 l&rsquo;encontre des civils. La MONUSCO reste pleinement mobilise\u0301e pour faire face a\u0300 l&rsquo;inse\u0301curite\u0301 et aux activite\u0301s criminelles des groupes arme\u0301s en RDC. La Force continue de fournir un soutien ope\u0301rationnel, logistique et tactique aux FARDC et a\u0300 la PNC dans leur lutte contre les groupes arme\u0301s \u00bb, a explique\u0301 Mme Keita.<\/p>\n<p>Cette inse\u0301curite\u0301 contribue aux violations des droits de l&rsquo;homme et a \u00ab aggrave\u0301 une situation humanitaire de\u0301ja\u0300 de\u0301sastreuse \u00bb, a de\u0301plore\u0301 Mme Keita, qui a estime\u0301 a\u0300 27 millions le nombre de personnes ne\u0301cessitant une aide humanitaire, et pour beaucoup d\u2019entre eux, une protection. Signe de la de\u0301te\u0301rioration de la situation, l&rsquo;augmentation des de\u0301placements internes depuis janvier 2022, qui a porte\u0301 le nombre total de personnes de\u0301place\u0301es a\u0300 5,5 millions &#8211; le plus grand nombre de cas en Afrique.<\/p>\n<p><b>Attaques contre des travailleurs humanitaires<\/b><\/p>\n<p>La cheffe de la MONUSCO a de plus condamne\u0301 fermement les attaques contre les travailleurs humanitaires, qui ont atteint leur plus haut niveau depuis le de\u0301but de l&rsquo;anne\u0301e au cours du mois de juillet, avec 34 incidents enregistre\u0301s. Elle a aussi appele\u0301 les donateurs a\u0300 poursuivre leur soutien au Plan de re\u0301ponse humanitaire 2022 pour la RDC, qui n\u2019a rec\u0327u que 37% du 1,88 milliard de dollars requis.<\/p>\n<p>Rappelant le ro\u0302le de la MONUSCO, qui travaille avec les FARDC pour mener des ope\u0301rations offensives dans les zones affecte\u0301es par les ADF et la CODECO, la Repre\u0301sentante spe\u0301ciale a souligne\u0301 que des initiatives re\u0301gionales conjointes avec la Communaute\u0301 d\u2019Afrique de l\u2019Est (CAE) sont e\u0301galement en cours pour soutenir la stabilisation de l&rsquo;Est du pays. \u00ab Ces initiatives ne\u0301cessitent un soutien international constant \u00bb, a plaide\u0301 Mme Keita.<\/p>\n<p>Elle a en outre salue\u0301 l&rsquo;adoption, le 6 juillet, de la \u00ab feuille de route de Luanda \u00bb par les Pre\u0301sidents Tshisekedi de la RDC et Kagame du Rwanda, sous la me\u0301diation du Pre\u0301sident Joa\u0303o Lourenc\u0327o de l\u2019Angola, actuel Pre\u0301sident de la Confe\u0301rence internationale sur la re\u0301gion des Grands Lacs (CIRGL), mandate\u0301 par l&rsquo;Union africaine pour de\u0301samorcer les tensions entre les deux pays.<\/p>\n<p>Les discussions en marge de l&rsquo;Assemble\u0301e ge\u0301ne\u0301rale des Nations Unies entre le Pre\u0301sident Tshisekedi et le Pre\u0301sident Kagame, a\u0300 l&rsquo;appui des processus de Nairobi et de Luanda, facilite\u0301es par le Pre\u0301sident franc\u0327ais Macron, constituent \u00ab un autre pas dans la bonne direction \u00bb, a-t-elle releve\u0301.<\/p>\n<p>Ces initiatives re\u0301gionales et le de\u0301ploiement de contingents des pays de la CAE doivent aller de pair avec des mesures non militaires, \u00ab sans lesquelles aucune paix durable n&rsquo;est possible \u00bb, a averti Mme Keita. Selon elle, le processus de Nairobi est indissociable du Programme de de\u0301sarmement, de\u0301mobilisation, rele\u0300vement communautaire et stabilisation.<\/p>\n<p>Il faut donc mobiliser les moyens ope\u0301rationnels et les ressources ne\u0301cessaires pour doter les autorite\u0301s provinciales des capacite\u0301s requises pour sa mise en \u0153uvre.<\/p>\n<p>Mme Keita a aussi encourage\u0301 la RDC a\u0300 poursuivre ses efforts et a\u0300 fortifier son arsenal juridique pour lutter contre les de\u0301rives, notamment en adoptant le projet de loi contre le tribalisme, le racisme et la xe\u0301nophobie.<\/p>\n<p>Elle a constate\u0301 qu\u2019au cours des derniers mois, dans le sillage de la re\u0301surgence du M23, la crise de confiance entre la Mission et la population congolaise dans l\u2019est du pays s\u2019e\u0301tait aggrave\u0301e.<\/p>\n<p>Cette situation a offert un terrain fertile aux manipulations et stigmatisations contre la MONUSCO, menant a\u0300 de nouvelles manifestations violentes et a\u0300 de graves incidents causant la mort de plusieurs dizaines de manifestants et de quatre membres de la Mission.<\/p>\n<p>A\u0300 la suite de ces incidents, le Pre\u0301sident Tshisekedi a ordonne\u0301 a\u0300 son gouvernement de re\u0301e\u0301valuer le plan de transition afin d\u2019acce\u0301le\u0301rer le de\u0301part de la MONUSCO. \u00ab Nous sommes dispose\u0301s a\u0300 travailler e\u0301troitement avec le gouvernement a\u0300 cet effet \u00bb, a-t-elle assure\u0301.<\/p>\n<p><strong>Pour plus d&rsquo;informations et d&rsquo;analyses sur la <a href=\"https:\/\/www.africa-press.net\/cameroun\">Cameroun<\/a>, suivez <a href=\"https:\/\/www.africa-press.net\/\">Africa-Press<\/a><\/strong><\/p>\n","protected":false},"excerpt":{"rendered":"<p>Africa-Press &#8211; Cameroun. a repre\u0301sentante spe\u0301ciale du Secre\u0301taire ge\u0301ne\u0301ral de l\u2019ONU en RDC, Bintou Keita, a salue\u0301, vendredi 30 septembre devant le Conseil de se\u0301curite\u0301 de l\u2019ONU, les efforts du gouvernement, du Parlement et de la CENI pour e\u0301tablir le cadre le\u0301gal et les conditions pour la bonne tenue des scrutins. \u00ab Je re\u0301ite\u0300re la [&hellip;]<\/p>\n","protected":false},"author":82,"featured_media":28534,"comment_status":"open","ping_status":"closed","sticky":false,"template":"","format":"standard","meta":{"footnotes":""},"categories":[2,20,10],"tags":[36,50,49],"class_list":["post-28535","post","type-post","status-publish","format-standard","has-post-thumbnail","hentry","category-politique","category-top-nouvelles","category-toutes-les-actualites","tag-africa-press","tag-africa-press-cameroun","tag-cameroun"],"yoast_head":"<!-- This site is optimized with the Yoast SEO Premium plugin v26.1 (Yoast SEO v27.0) - https:\/\/yoast.com\/product\/yoast-seo-premium-wordpress\/ -->\n<title>Bintou Keita salue les efforts pour \u00e9tablir le cadre l\u00e9gal et les conditions pour la bonne tenue des scrutins - Cameroun<\/title>\n<meta name=\"description\" content=\"a repre\u0301sentante spe\u0301ciale du Secre\u0301taire ge\u0301ne\u0301ral de l\u2019ONU en RDC, Bintou Keita, a salue\u0301, vendredi 30 septembre devan ...\" \/>\n<meta name=\"robots\" content=\"index, follow, max-snippet:-1, max-image-preview:large, max-video-preview:-1\" \/>\n<link rel=\"canonical\" href=\"https:\/\/www.africa-press.net\/cameroun\/politique\/bintou-keita-salue-les-efforts-pour-etablir-le-cadre-legal-et-les-conditions-pour-la-bonne-tenue-des-scrutins\" \/>\n<meta property=\"og:locale\" content=\"fr_FR\" \/>\n<meta property=\"og:type\" content=\"article\" \/>\n<meta property=\"og:title\" content=\"Bintou Keita salue les efforts pour \u00e9tablir le cadre l\u00e9gal et les conditions pour la bonne tenue des scrutins\" \/>\n<meta property=\"og:description\" content=\"a repre\u0301sentante spe\u0301ciale du Secre\u0301taire ge\u0301ne\u0301ral de l\u2019ONU en RDC, Bintou Keita, a salue\u0301, vendredi 30 septembre devan ...\" \/>\n<meta property=\"og:url\" content=\"https:\/\/www.africa-press.net\/cameroun\/politique\/bintou-keita-salue-les-efforts-pour-etablir-le-cadre-legal-et-les-conditions-pour-la-bonne-tenue-des-scrutins\" \/>\n<meta property=\"og:site_name\" content=\"Cameroun\" \/>\n<meta property=\"article:published_time\" content=\"2022-10-01T14:22:33+00:00\" \/>\n<meta property=\"article:modified_time\" content=\"2022-10-01T16:08:07+00:00\" \/>\n<meta property=\"og:image\" content=\"https:\/\/static.africa-press.net\/cameroun\/sites\/57\/2022\/10\/img-633865bbd043c.jpg\" \/>\n\t<meta property=\"og:image:width\" content=\"720\" \/>\n\t<meta property=\"og:image:height\" content=\"479\" \/>\n\t<meta property=\"og:image:type\" content=\"image\/jpeg\" \/>\n<meta name=\"author\" content=\"cfeditorfr\" \/>\n<meta name=\"twitter:card\" content=\"summary_large_image\" \/>\n<meta name=\"twitter:label1\" content=\"\u00c9crit par\" \/>\n\t<meta name=\"twitter:data1\" content=\"cfeditorfr\" \/>\n\t<meta name=\"twitter:label2\" content=\"Dur\u00e9e de lecture estim\u00e9e\" \/>\n\t<meta name=\"twitter:data2\" content=\"6 minutes\" \/>\n<script type=\"application\/ld+json\" class=\"yoast-schema-graph\">{\"@context\":\"https:\/\/schema.org\",\"@graph\":[{\"@type\":\"Article\",\"@id\":\"https:\/\/www.africa-press.net\/cameroun\/politique\/bintou-keita-salue-les-efforts-pour-etablir-le-cadre-legal-et-les-conditions-pour-la-bonne-tenue-des-scrutins#article\",\"isPartOf\":{\"@id\":\"https:\/\/www.africa-press.net\/cameroun\/politique\/bintou-keita-salue-les-efforts-pour-etablir-le-cadre-legal-et-les-conditions-pour-la-bonne-tenue-des-scrutins\"},\"author\":{\"name\":\"cfeditorfr\",\"@id\":\"https:\/\/www.africa-press.net\/cameroun\/#\/schema\/person\/2b1cf3cd81a31e3cd26889ca66d677f1\"},\"headline\":\"Bintou Keita salue les efforts pour \u00e9tablir le cadre l\u00e9gal et les conditions pour la bonne tenue des scrutins\",\"datePublished\":\"2022-10-01T14:22:33+00:00\",\"dateModified\":\"2022-10-01T16:08:07+00:00\",\"mainEntityOfPage\":{\"@id\":\"https:\/\/www.africa-press.net\/cameroun\/politique\/bintou-keita-salue-les-efforts-pour-etablir-le-cadre-legal-et-les-conditions-pour-la-bonne-tenue-des-scrutins\"},\"wordCount\":1183,\"commentCount\":0,\"image\":{\"@id\":\"https:\/\/www.africa-press.net\/cameroun\/politique\/bintou-keita-salue-les-efforts-pour-etablir-le-cadre-legal-et-les-conditions-pour-la-bonne-tenue-des-scrutins#primaryimage\"},\"thumbnailUrl\":\"https:\/\/static.africa-press.net\/cameroun\/sites\/57\/2022\/10\/img-633865bbd043c.jpg\",\"keywords\":[\"Africa Press\",\"Africa Press-Cameroun\",\"Cameroun\"],\"articleSection\":[\"Politique\",\"Top Nouvelles\",\"Toutes les actualit\u00e9s\"],\"inLanguage\":\"fr-FR\",\"potentialAction\":[{\"@type\":\"CommentAction\",\"name\":\"Comment\",\"target\":[\"https:\/\/www.africa-press.net\/cameroun\/politique\/bintou-keita-salue-les-efforts-pour-etablir-le-cadre-legal-et-les-conditions-pour-la-bonne-tenue-des-scrutins#respond\"]}]},{\"@type\":\"WebPage\",\"@id\":\"https:\/\/www.africa-press.net\/cameroun\/politique\/bintou-keita-salue-les-efforts-pour-etablir-le-cadre-legal-et-les-conditions-pour-la-bonne-tenue-des-scrutins\",\"url\":\"https:\/\/www.africa-press.net\/cameroun\/politique\/bintou-keita-salue-les-efforts-pour-etablir-le-cadre-legal-et-les-conditions-pour-la-bonne-tenue-des-scrutins\",\"name\":\"Bintou Keita salue les efforts pour \u00e9tablir le cadre l\u00e9gal et les conditions pour la bonne tenue des scrutins - Cameroun\",\"isPartOf\":{\"@id\":\"https:\/\/www.africa-press.net\/cameroun\/#website\"},\"primaryImageOfPage\":{\"@id\":\"https:\/\/www.africa-press.net\/cameroun\/politique\/bintou-keita-salue-les-efforts-pour-etablir-le-cadre-legal-et-les-conditions-pour-la-bonne-tenue-des-scrutins#primaryimage\"},\"image\":{\"@id\":\"https:\/\/www.africa-press.net\/cameroun\/politique\/bintou-keita-salue-les-efforts-pour-etablir-le-cadre-legal-et-les-conditions-pour-la-bonne-tenue-des-scrutins#primaryimage\"},\"thumbnailUrl\":\"https:\/\/static.africa-press.net\/cameroun\/sites\/57\/2022\/10\/img-633865bbd043c.jpg\",\"datePublished\":\"2022-10-01T14:22:33+00:00\",\"dateModified\":\"2022-10-01T16:08:07+00:00\",\"author\":{\"@id\":\"https:\/\/www.africa-press.net\/cameroun\/#\/schema\/person\/2b1cf3cd81a31e3cd26889ca66d677f1\"},\"description\":\"a repre\u0301sentante spe\u0301ciale du Secre\u0301taire ge\u0301ne\u0301ral de l\u2019ONU en RDC, Bintou Keita, a salue\u0301, vendredi 30 septembre devan ...\",\"breadcrumb\":{\"@id\":\"https:\/\/www.africa-press.net\/cameroun\/politique\/bintou-keita-salue-les-efforts-pour-etablir-le-cadre-legal-et-les-conditions-pour-la-bonne-tenue-des-scrutins#breadcrumb\"},\"inLanguage\":\"fr-FR\",\"potentialAction\":[{\"@type\":\"ReadAction\",\"target\":[\"https:\/\/www.africa-press.net\/cameroun\/politique\/bintou-keita-salue-les-efforts-pour-etablir-le-cadre-legal-et-les-conditions-pour-la-bonne-tenue-des-scrutins\"]}]},{\"@type\":\"ImageObject\",\"inLanguage\":\"fr-FR\",\"@id\":\"https:\/\/www.africa-press.net\/cameroun\/politique\/bintou-keita-salue-les-efforts-pour-etablir-le-cadre-legal-et-les-conditions-pour-la-bonne-tenue-des-scrutins#primaryimage\",\"url\":\"https:\/\/static.africa-press.net\/cameroun\/sites\/57\/2022\/10\/img-633865bbd043c.jpg\",\"contentUrl\":\"https:\/\/static.africa-press.net\/cameroun\/sites\/57\/2022\/10\/img-633865bbd043c.jpg\",\"width\":720,\"height\":479,\"caption\":\"Bintou Keita salue les efforts pour \u00e9tablir le cadre l\u00e9gal et les conditions pour la bonne tenue des scrutins\"},{\"@type\":\"BreadcrumbList\",\"@id\":\"https:\/\/www.africa-press.net\/cameroun\/politique\/bintou-keita-salue-les-efforts-pour-etablir-le-cadre-legal-et-les-conditions-pour-la-bonne-tenue-des-scrutins#breadcrumb\",\"itemListElement\":[{\"@type\":\"ListItem\",\"position\":1,\"name\":\"Accueil\",\"item\":\"https:\/\/www.africa-press.net\/cameroun\/\"},{\"@type\":\"ListItem\",\"position\":2,\"name\":\"Bintou Keita salue les efforts pour \u00e9tablir le cadre l\u00e9gal et les conditions pour la bonne tenue des scrutins\"}]},{\"@type\":\"WebSite\",\"@id\":\"https:\/\/www.africa-press.net\/cameroun\/#website\",\"url\":\"https:\/\/www.africa-press.net\/cameroun\/\",\"name\":\"Cameroun\",\"description\":\"Just another Africa News Agency Sites site\",\"potentialAction\":[{\"@type\":\"SearchAction\",\"target\":{\"@type\":\"EntryPoint\",\"urlTemplate\":\"https:\/\/www.africa-press.net\/cameroun\/?s={search_term_string}\"},\"query-input\":{\"@type\":\"PropertyValueSpecification\",\"valueRequired\":true,\"valueName\":\"search_term_string\"}}],\"inLanguage\":\"fr-FR\"},{\"@type\":\"Person\",\"@id\":\"https:\/\/www.africa-press.net\/cameroun\/#\/schema\/person\/2b1cf3cd81a31e3cd26889ca66d677f1\",\"name\":\"cfeditorfr\"}]}<\/script>\n<!-- \/ Yoast SEO Premium plugin. -->","yoast_head_json":{"title":"Bintou Keita salue les efforts pour \u00e9tablir le cadre l\u00e9gal et les conditions pour la bonne tenue des scrutins - Cameroun","description":"a repre\u0301sentante spe\u0301ciale du Secre\u0301taire ge\u0301ne\u0301ral de l\u2019ONU en RDC, Bintou Keita, a salue\u0301, vendredi 30 septembre devan ...","robots":{"index":"index","follow":"follow","max-snippet":"max-snippet:-1","max-image-preview":"max-image-preview:large","max-video-preview":"max-video-preview:-1"},"canonical":"https:\/\/www.africa-press.net\/cameroun\/politique\/bintou-keita-salue-les-efforts-pour-etablir-le-cadre-legal-et-les-conditions-pour-la-bonne-tenue-des-scrutins","og_locale":"fr_FR","og_type":"article","og_title":"Bintou Keita salue les efforts pour \u00e9tablir le cadre l\u00e9gal et les conditions pour la bonne tenue des scrutins","og_description":"a repre\u0301sentante spe\u0301ciale du Secre\u0301taire ge\u0301ne\u0301ral de l\u2019ONU en RDC, Bintou Keita, a salue\u0301, vendredi 30 septembre devan ...","og_url":"https:\/\/www.africa-press.net\/cameroun\/politique\/bintou-keita-salue-les-efforts-pour-etablir-le-cadre-legal-et-les-conditions-pour-la-bonne-tenue-des-scrutins","og_site_name":"Cameroun","article_published_time":"2022-10-01T14:22:33+00:00","article_modified_time":"2022-10-01T16:08:07+00:00","og_image":[{"width":720,"height":479,"url":"https:\/\/static.africa-press.net\/cameroun\/sites\/57\/2022\/10\/img-633865bbd043c.jpg","type":"image\/jpeg"}],"author":"cfeditorfr","twitter_card":"summary_large_image","twitter_misc":{"\u00c9crit par":"cfeditorfr","Dur\u00e9e de lecture estim\u00e9e":"6 minutes"},"schema":{"@context":"https:\/\/schema.org","@graph":[{"@type":"Article","@id":"https:\/\/www.africa-press.net\/cameroun\/politique\/bintou-keita-salue-les-efforts-pour-etablir-le-cadre-legal-et-les-conditions-pour-la-bonne-tenue-des-scrutins#article","isPartOf":{"@id":"https:\/\/www.africa-press.net\/cameroun\/politique\/bintou-keita-salue-les-efforts-pour-etablir-le-cadre-legal-et-les-conditions-pour-la-bonne-tenue-des-scrutins"},"author":{"name":"cfeditorfr","@id":"https:\/\/www.africa-press.net\/cameroun\/#\/schema\/person\/2b1cf3cd81a31e3cd26889ca66d677f1"},"headline":"Bintou Keita salue les efforts pour \u00e9tablir le cadre l\u00e9gal et les conditions pour la bonne tenue des scrutins","datePublished":"2022-10-01T14:22:33+00:00","dateModified":"2022-10-01T16:08:07+00:00","mainEntityOfPage":{"@id":"https:\/\/www.africa-press.net\/cameroun\/politique\/bintou-keita-salue-les-efforts-pour-etablir-le-cadre-legal-et-les-conditions-pour-la-bonne-tenue-des-scrutins"},"wordCount":1183,"commentCount":0,"image":{"@id":"https:\/\/www.africa-press.net\/cameroun\/politique\/bintou-keita-salue-les-efforts-pour-etablir-le-cadre-legal-et-les-conditions-pour-la-bonne-tenue-des-scrutins#primaryimage"},"thumbnailUrl":"https:\/\/static.africa-press.net\/cameroun\/sites\/57\/2022\/10\/img-633865bbd043c.jpg","keywords":["Africa Press","Africa Press-Cameroun","Cameroun"],"articleSection":["Politique","Top Nouvelles","Toutes les actualit\u00e9s"],"inLanguage":"fr-FR","potentialAction":[{"@type":"CommentAction","name":"Comment","target":["https:\/\/www.africa-press.net\/cameroun\/politique\/bintou-keita-salue-les-efforts-pour-etablir-le-cadre-legal-et-les-conditions-pour-la-bonne-tenue-des-scrutins#respond"]}]},{"@type":"WebPage","@id":"https:\/\/www.africa-press.net\/cameroun\/politique\/bintou-keita-salue-les-efforts-pour-etablir-le-cadre-legal-et-les-conditions-pour-la-bonne-tenue-des-scrutins","url":"https:\/\/www.africa-press.net\/cameroun\/politique\/bintou-keita-salue-les-efforts-pour-etablir-le-cadre-legal-et-les-conditions-pour-la-bonne-tenue-des-scrutins","name":"Bintou Keita salue les efforts pour \u00e9tablir le cadre l\u00e9gal et les conditions pour la bonne tenue des scrutins - Cameroun","isPartOf":{"@id":"https:\/\/www.africa-press.net\/cameroun\/#website"},"primaryImageOfPage":{"@id":"https:\/\/www.africa-press.net\/cameroun\/politique\/bintou-keita-salue-les-efforts-pour-etablir-le-cadre-legal-et-les-conditions-pour-la-bonne-tenue-des-scrutins#primaryimage"},"image":{"@id":"https:\/\/www.africa-press.net\/cameroun\/politique\/bintou-keita-salue-les-efforts-pour-etablir-le-cadre-legal-et-les-conditions-pour-la-bonne-tenue-des-scrutins#primaryimage"},"thumbnailUrl":"https:\/\/static.africa-press.net\/cameroun\/sites\/57\/2022\/10\/img-633865bbd043c.jpg","datePublished":"2022-10-01T14:22:33+00:00","dateModified":"2022-10-01T16:08:07+00:00","author":{"@id":"https:\/\/www.africa-press.net\/cameroun\/#\/schema\/person\/2b1cf3cd81a31e3cd26889ca66d677f1"},"description":"a repre\u0301sentante spe\u0301ciale du Secre\u0301taire ge\u0301ne\u0301ral de l\u2019ONU en RDC, Bintou Keita, a salue\u0301, vendredi 30 septembre devan ...","breadcrumb":{"@id":"https:\/\/www.africa-press.net\/cameroun\/politique\/bintou-keita-salue-les-efforts-pour-etablir-le-cadre-legal-et-les-conditions-pour-la-bonne-tenue-des-scrutins#breadcrumb"},"inLanguage":"fr-FR","potentialAction":[{"@type":"ReadAction","target":["https:\/\/www.africa-press.net\/cameroun\/politique\/bintou-keita-salue-les-efforts-pour-etablir-le-cadre-legal-et-les-conditions-pour-la-bonne-tenue-des-scrutins"]}]},{"@type":"ImageObject","inLanguage":"fr-FR","@id":"https:\/\/www.africa-press.net\/cameroun\/politique\/bintou-keita-salue-les-efforts-pour-etablir-le-cadre-legal-et-les-conditions-pour-la-bonne-tenue-des-scrutins#primaryimage","url":"https:\/\/static.africa-press.net\/cameroun\/sites\/57\/2022\/10\/img-633865bbd043c.jpg","contentUrl":"https:\/\/static.africa-press.net\/cameroun\/sites\/57\/2022\/10\/img-633865bbd043c.jpg","width":720,"height":479,"caption":"Bintou Keita salue les efforts pour \u00e9tablir le cadre l\u00e9gal et les conditions pour la bonne tenue des scrutins"},{"@type":"BreadcrumbList","@id":"https:\/\/www.africa-press.net\/cameroun\/politique\/bintou-keita-salue-les-efforts-pour-etablir-le-cadre-legal-et-les-conditions-pour-la-bonne-tenue-des-scrutins#breadcrumb","itemListElement":[{"@type":"ListItem","position":1,"name":"Accueil","item":"https:\/\/www.africa-press.net\/cameroun\/"},{"@type":"ListItem","position":2,"name":"Bintou Keita salue les efforts pour \u00e9tablir le cadre l\u00e9gal et les conditions pour la bonne tenue des scrutins"}]},{"@type":"WebSite","@id":"https:\/\/www.africa-press.net\/cameroun\/#website","url":"https:\/\/www.africa-press.net\/cameroun\/","name":"Cameroun","description":"Just another Africa News Agency Sites site","potentialAction":[{"@type":"SearchAction","target":{"@type":"EntryPoint","urlTemplate":"https:\/\/www.africa-press.net\/cameroun\/?s={search_term_string}"},"query-input":{"@type":"PropertyValueSpecification","valueRequired":true,"valueName":"search_term_string"}}],"inLanguage":"fr-FR"},{"@type":"Person","@id":"https:\/\/www.africa-press.net\/cameroun\/#\/schema\/person\/2b1cf3cd81a31e3cd26889ca66d677f1","name":"cfeditorfr"}]}},"_links":{"self":[{"href":"https:\/\/www.africa-press.net\/cameroun\/wp-json\/wp\/v2\/posts\/28535","targetHints":{"allow":["GET"]}}],"collection":[{"href":"https:\/\/www.africa-press.net\/cameroun\/wp-json\/wp\/v2\/posts"}],"about":[{"href":"https:\/\/www.africa-press.net\/cameroun\/wp-json\/wp\/v2\/types\/post"}],"author":[{"embeddable":true,"href":"https:\/\/www.africa-press.net\/cameroun\/wp-json\/wp\/v2\/users\/82"}],"replies":[{"embeddable":true,"href":"https:\/\/www.africa-press.net\/cameroun\/wp-json\/wp\/v2\/comments?post=28535"}],"version-history":[{"count":0,"href":"https:\/\/www.africa-press.net\/cameroun\/wp-json\/wp\/v2\/posts\/28535\/revisions"}],"wp:featuredmedia":[{"embeddable":true,"href":"https:\/\/www.africa-press.net\/cameroun\/wp-json\/wp\/v2\/media\/28534"}],"wp:attachment":[{"href":"https:\/\/www.africa-press.net\/cameroun\/wp-json\/wp\/v2\/media?parent=28535"}],"wp:term":[{"taxonomy":"category","embeddable":true,"href":"https:\/\/www.africa-press.net\/cameroun\/wp-json\/wp\/v2\/categories?post=28535"},{"taxonomy":"post_tag","embeddable":true,"href":"https:\/\/www.africa-press.net\/cameroun\/wp-json\/wp\/v2\/tags?post=28535"}],"curies":[{"name":"wp","href":"https:\/\/api.w.org\/{rel}","templated":true}]}}