{"id":28541,"date":"2022-10-01T15:53:12","date_gmt":"2022-10-01T15:53:12","guid":{"rendered":"https:\/\/www.africa-press.net\/cameroun\/politique\/cameroun-voici-le-nouveau-dg-de-camwater"},"modified":"2022-10-01T16:16:11","modified_gmt":"2022-10-01T16:16:11","slug":"cameroun-voici-le-nouveau-dg-de-camwater","status":"publish","type":"post","link":"https:\/\/www.africa-press.net\/cameroun\/toutes-les-actualites\/cameroun-voici-le-nouveau-dg-de-camwater","title":{"rendered":"Cameroun : voici le nouveau DG de Camwater"},"content":{"rendered":"<p><span style=\"color: #ff6600\"><strong>Africa-Press &#8211; Cameroun. <\/strong><\/span>L\u2019information vient de tomber. Gervais Bolenga n\u2019est plus le Directeur Ge\u0301ne\u0301ral de Camwater. Tel en a de\u0301cide\u0301 le conseil d\u2019administration de la socie\u0301te\u0301 e\u0301tatique de fourniture d\u2019eau potable. Selon des sources cre\u0301dibles, Blaise Moussa est le nouveau patron de Camwater.<\/p>\n<p>L\u2019homme n\u2019est pas inconnu dans le se\u0301rail camerounais. Avant sa nouvelle nomination il e\u0301tait le pre\u0301sident du conseil d&rsquo;administration de la Socie\u0301te\u0301 Nationale des Mines (Sonamines) du Cameroun. Age\u0301 de 48 ans, Blaise Moussa occupe aussi depuis 2019 le poste de Directeur des affaires ge\u0301ne\u0301rales au ministe\u0300res de la fonction publique et de la re\u0301forme administrative.<\/p>\n<p>Le natif de l&rsquo;arrondissement de Batare\u0301-Oya aura la lourde mission de remettre CamWater sur les rails. La socie\u0301te\u0301 peine a\u0300 remplir sa mission principale qui est la fourniture d\u2019eau potable aux populations. Si la situation est de\u0301ja\u0300 scandaleuse dans les zones recule\u0301es, a\u0300 Yaounde\u0301 les populations ont du mal a\u0300 s\u2019adapter aux coupures et surtout a\u0300 la mauvaise qualite\u0301 de l\u2019eau.<\/p>\n<p>Blaise Moussa a de\u0301marre\u0301 sa carrie\u0300re professionnelle comme inspecteur-gestionnaire puis inspecteur ve\u0301rificateur au Centre des Impo\u0302ts des moyennes entreprises du Littoral a\u0300 Daouala. En mars 2008 il devient inspecteur-ve\u0301rificateur a\u0300 la cellule du contro\u0302le fiscal de la Division des grandes entreprises a\u0300 Yaounde\u0301. Apre\u0300s avoir passe\u0301 plus de deux ans a\u0300 la Direction ge\u0301ne\u0301rale des Impo\u0302ts, il rejoint en 2010 l&rsquo;Agence des Normes et de la qualite\u0301 (ANOR) comme directeur de l&rsquo;administration et des finances. Sa mission a\u0300 ce poste consistait entre autres a\u0300 : contribuer \u00ab a\u0300 la mise en oeuvre de la strate\u0301gie et des proce\u0301dures en matie\u0300re de gestion des ressources humaines, mate\u0301rielles et financie\u0300res. Ta\u0302ches exe\u0301cute\u0301es :<\/p>\n<p>&#8211; e\u0301valuation en liaison avec les services concerne\u0301s des pre\u0301visions des effectifs, des emplois et des compe\u0301tences du personnel ;<\/p>\n<p>&#8211; pre\u0301paration et actualisation des dossiers administratifs des personnels ;<\/p>\n<p>&#8211; initiation et suivi de l&rsquo;ame\u0301lioration des conditions de travail ;<\/p>\n<p>&#8211; e\u0301laboration du plan de formation du personnel et mise en \u0153uvre des actions y affe\u0301rentes ;<\/p>\n<p>&#8211; pre\u0301paration et suivi de l\u2019exe\u0301cution des budgets annuels \u00bb.<\/p>\n<p>En 2014 Blaisse Moussa occupe le poste de responsable Qualite\u0301 et Audit Interne de l&rsquo;ANOR avant de rejoindre en 2015 la Fe\u0301de\u0301ration camerounaise de football (FECAFOOT) comme secre\u0301taire ge\u0301ne\u0301ral. Il occupe ce poste pendant 6 ans avant de retourner a\u0300 la fonction publique.<\/p>\n<p><strong>Pour plus d&rsquo;informations et d&rsquo;analyses sur la <a href=\"https:\/\/www.africa-press.net\/cameroun\">Cameroun<\/a>, suivez <a href=\"https:\/\/www.africa-press.net\/\">Africa-Press<\/a><\/strong><\/p>\n","protected":false},"excerpt":{"rendered":"<p>Africa-Press &#8211; Cameroun. L\u2019information vient de tomber. Gervais Bolenga n\u2019est plus le Directeur Ge\u0301ne\u0301ral de Camwater. Tel en a de\u0301cide\u0301 le conseil d\u2019administration de la socie\u0301te\u0301 e\u0301tatique de fourniture d\u2019eau potable. Selon des sources cre\u0301dibles, Blaise Moussa est le nouveau patron de Camwater. L\u2019homme n\u2019est pas inconnu dans le se\u0301rail camerounais. Avant sa nouvelle nomination [&hellip;]<\/p>\n","protected":false},"author":82,"featured_media":28540,"comment_status":"open","ping_status":"closed","sticky":false,"template":"","format":"standard","meta":{"footnotes":""},"categories":[21,10],"tags":[36,50,49],"class_list":["post-28541","post","type-post","status-publish","format-standard","has-post-thumbnail","hentry","category-communaute","category-toutes-les-actualites","tag-africa-press","tag-africa-press-cameroun","tag-cameroun"],"yoast_head":"<!-- This site is optimized with the Yoast SEO Premium plugin v26.1 (Yoast SEO v27.0) - https:\/\/yoast.com\/product\/yoast-seo-premium-wordpress\/ -->\n<title>Cameroun : voici le nouveau DG de Camwater - Cameroun<\/title>\n<meta name=\"description\" content=\"L\u2019information vient de tomber. Gervais Bolenga n\u2019est plus le Directeur Ge\u0301ne\u0301ral de Camwater. Tel en a de\u0301cide\u0301 le conse ...\" \/>\n<meta name=\"robots\" content=\"index, follow, max-snippet:-1, max-image-preview:large, max-video-preview:-1\" \/>\n<link rel=\"canonical\" href=\"https:\/\/www.africa-press.net\/cameroun\/toutes-les-actualites\/cameroun-voici-le-nouveau-dg-de-camwater\" \/>\n<meta property=\"og:locale\" content=\"fr_FR\" \/>\n<meta property=\"og:type\" content=\"article\" \/>\n<meta property=\"og:title\" content=\"Cameroun : voici le nouveau DG de Camwater\" \/>\n<meta property=\"og:description\" content=\"L\u2019information vient de tomber. Gervais Bolenga n\u2019est plus le Directeur Ge\u0301ne\u0301ral de Camwater. Tel en a de\u0301cide\u0301 le conse ...\" \/>\n<meta property=\"og:url\" content=\"https:\/\/www.africa-press.net\/cameroun\/toutes-les-actualites\/cameroun-voici-le-nouveau-dg-de-camwater\" \/>\n<meta property=\"og:site_name\" content=\"Cameroun\" \/>\n<meta property=\"article:published_time\" content=\"2022-10-01T15:53:12+00:00\" \/>\n<meta property=\"article:modified_time\" content=\"2022-10-01T16:16:11+00:00\" \/>\n<meta property=\"og:image\" content=\"https:\/\/static.africa-press.net\/cameroun\/sites\/57\/2022\/10\/postQueueImg_1.jpg\" \/>\n\t<meta property=\"og:image:width\" content=\"600\" \/>\n\t<meta property=\"og:image:height\" content=\"400\" \/>\n\t<meta property=\"og:image:type\" content=\"image\/jpeg\" \/>\n<meta name=\"author\" content=\"cfeditorfr\" \/>\n<meta name=\"twitter:card\" content=\"summary_large_image\" \/>\n<meta name=\"twitter:label1\" content=\"\u00c9crit par\" \/>\n\t<meta name=\"twitter:data1\" content=\"cfeditorfr\" \/>\n\t<meta name=\"twitter:label2\" content=\"Dur\u00e9e de lecture estim\u00e9e\" \/>\n\t<meta name=\"twitter:data2\" content=\"2 minutes\" \/>\n<script type=\"application\/ld+json\" class=\"yoast-schema-graph\">{\"@context\":\"https:\/\/schema.org\",\"@graph\":[{\"@type\":\"Article\",\"@id\":\"https:\/\/www.africa-press.net\/cameroun\/toutes-les-actualites\/cameroun-voici-le-nouveau-dg-de-camwater#article\",\"isPartOf\":{\"@id\":\"https:\/\/www.africa-press.net\/cameroun\/toutes-les-actualites\/cameroun-voici-le-nouveau-dg-de-camwater\"},\"author\":{\"name\":\"cfeditorfr\",\"@id\":\"https:\/\/www.africa-press.net\/cameroun\/#\/schema\/person\/2b1cf3cd81a31e3cd26889ca66d677f1\"},\"headline\":\"Cameroun : voici le nouveau DG de Camwater\",\"datePublished\":\"2022-10-01T15:53:12+00:00\",\"dateModified\":\"2022-10-01T16:16:11+00:00\",\"mainEntityOfPage\":{\"@id\":\"https:\/\/www.africa-press.net\/cameroun\/toutes-les-actualites\/cameroun-voici-le-nouveau-dg-de-camwater\"},\"wordCount\":453,\"commentCount\":0,\"image\":{\"@id\":\"https:\/\/www.africa-press.net\/cameroun\/toutes-les-actualites\/cameroun-voici-le-nouveau-dg-de-camwater#primaryimage\"},\"thumbnailUrl\":\"https:\/\/static.africa-press.net\/cameroun\/sites\/57\/2022\/10\/postQueueImg_1.jpg\",\"keywords\":[\"Africa Press\",\"Africa Press-Cameroun\",\"Cameroun\"],\"articleSection\":[\"Communaut\u00e9\",\"Toutes les actualit\u00e9s\"],\"inLanguage\":\"fr-FR\",\"potentialAction\":[{\"@type\":\"CommentAction\",\"name\":\"Comment\",\"target\":[\"https:\/\/www.africa-press.net\/cameroun\/toutes-les-actualites\/cameroun-voici-le-nouveau-dg-de-camwater#respond\"]}]},{\"@type\":\"WebPage\",\"@id\":\"https:\/\/www.africa-press.net\/cameroun\/toutes-les-actualites\/cameroun-voici-le-nouveau-dg-de-camwater\",\"url\":\"https:\/\/www.africa-press.net\/cameroun\/toutes-les-actualites\/cameroun-voici-le-nouveau-dg-de-camwater\",\"name\":\"Cameroun : voici le nouveau DG de Camwater - Cameroun\",\"isPartOf\":{\"@id\":\"https:\/\/www.africa-press.net\/cameroun\/#website\"},\"primaryImageOfPage\":{\"@id\":\"https:\/\/www.africa-press.net\/cameroun\/toutes-les-actualites\/cameroun-voici-le-nouveau-dg-de-camwater#primaryimage\"},\"image\":{\"@id\":\"https:\/\/www.africa-press.net\/cameroun\/toutes-les-actualites\/cameroun-voici-le-nouveau-dg-de-camwater#primaryimage\"},\"thumbnailUrl\":\"https:\/\/static.africa-press.net\/cameroun\/sites\/57\/2022\/10\/postQueueImg_1.jpg\",\"datePublished\":\"2022-10-01T15:53:12+00:00\",\"dateModified\":\"2022-10-01T16:16:11+00:00\",\"author\":{\"@id\":\"https:\/\/www.africa-press.net\/cameroun\/#\/schema\/person\/2b1cf3cd81a31e3cd26889ca66d677f1\"},\"description\":\"L\u2019information vient de tomber. Gervais Bolenga n\u2019est plus le Directeur Ge\u0301ne\u0301ral de Camwater. Tel en a de\u0301cide\u0301 le conse ...\",\"breadcrumb\":{\"@id\":\"https:\/\/www.africa-press.net\/cameroun\/toutes-les-actualites\/cameroun-voici-le-nouveau-dg-de-camwater#breadcrumb\"},\"inLanguage\":\"fr-FR\",\"potentialAction\":[{\"@type\":\"ReadAction\",\"target\":[\"https:\/\/www.africa-press.net\/cameroun\/toutes-les-actualites\/cameroun-voici-le-nouveau-dg-de-camwater\"]}]},{\"@type\":\"ImageObject\",\"inLanguage\":\"fr-FR\",\"@id\":\"https:\/\/www.africa-press.net\/cameroun\/toutes-les-actualites\/cameroun-voici-le-nouveau-dg-de-camwater#primaryimage\",\"url\":\"https:\/\/static.africa-press.net\/cameroun\/sites\/57\/2022\/10\/postQueueImg_1.jpg\",\"contentUrl\":\"https:\/\/static.africa-press.net\/cameroun\/sites\/57\/2022\/10\/postQueueImg_1.jpg\",\"width\":600,\"height\":400,\"caption\":\"Cameroun : voici le nouveau DG de Camwater\"},{\"@type\":\"BreadcrumbList\",\"@id\":\"https:\/\/www.africa-press.net\/cameroun\/toutes-les-actualites\/cameroun-voici-le-nouveau-dg-de-camwater#breadcrumb\",\"itemListElement\":[{\"@type\":\"ListItem\",\"position\":1,\"name\":\"Accueil\",\"item\":\"https:\/\/www.africa-press.net\/cameroun\/\"},{\"@type\":\"ListItem\",\"position\":2,\"name\":\"Cameroun : voici le nouveau DG de Camwater\"}]},{\"@type\":\"WebSite\",\"@id\":\"https:\/\/www.africa-press.net\/cameroun\/#website\",\"url\":\"https:\/\/www.africa-press.net\/cameroun\/\",\"name\":\"Cameroun\",\"description\":\"Just another Africa News Agency Sites site\",\"potentialAction\":[{\"@type\":\"SearchAction\",\"target\":{\"@type\":\"EntryPoint\",\"urlTemplate\":\"https:\/\/www.africa-press.net\/cameroun\/?s={search_term_string}\"},\"query-input\":{\"@type\":\"PropertyValueSpecification\",\"valueRequired\":true,\"valueName\":\"search_term_string\"}}],\"inLanguage\":\"fr-FR\"},{\"@type\":\"Person\",\"@id\":\"https:\/\/www.africa-press.net\/cameroun\/#\/schema\/person\/2b1cf3cd81a31e3cd26889ca66d677f1\",\"name\":\"cfeditorfr\"}]}<\/script>\n<!-- \/ Yoast SEO Premium plugin. -->","yoast_head_json":{"title":"Cameroun : voici le nouveau DG de Camwater - Cameroun","description":"L\u2019information vient de tomber. Gervais Bolenga n\u2019est plus le Directeur Ge\u0301ne\u0301ral de Camwater. Tel en a de\u0301cide\u0301 le conse ...","robots":{"index":"index","follow":"follow","max-snippet":"max-snippet:-1","max-image-preview":"max-image-preview:large","max-video-preview":"max-video-preview:-1"},"canonical":"https:\/\/www.africa-press.net\/cameroun\/toutes-les-actualites\/cameroun-voici-le-nouveau-dg-de-camwater","og_locale":"fr_FR","og_type":"article","og_title":"Cameroun : voici le nouveau DG de Camwater","og_description":"L\u2019information vient de tomber. Gervais Bolenga n\u2019est plus le Directeur Ge\u0301ne\u0301ral de Camwater. Tel en a de\u0301cide\u0301 le conse ...","og_url":"https:\/\/www.africa-press.net\/cameroun\/toutes-les-actualites\/cameroun-voici-le-nouveau-dg-de-camwater","og_site_name":"Cameroun","article_published_time":"2022-10-01T15:53:12+00:00","article_modified_time":"2022-10-01T16:16:11+00:00","og_image":[{"width":600,"height":400,"url":"https:\/\/static.africa-press.net\/cameroun\/sites\/57\/2022\/10\/postQueueImg_1.jpg","type":"image\/jpeg"}],"author":"cfeditorfr","twitter_card":"summary_large_image","twitter_misc":{"\u00c9crit par":"cfeditorfr","Dur\u00e9e de lecture estim\u00e9e":"2 minutes"},"schema":{"@context":"https:\/\/schema.org","@graph":[{"@type":"Article","@id":"https:\/\/www.africa-press.net\/cameroun\/toutes-les-actualites\/cameroun-voici-le-nouveau-dg-de-camwater#article","isPartOf":{"@id":"https:\/\/www.africa-press.net\/cameroun\/toutes-les-actualites\/cameroun-voici-le-nouveau-dg-de-camwater"},"author":{"name":"cfeditorfr","@id":"https:\/\/www.africa-press.net\/cameroun\/#\/schema\/person\/2b1cf3cd81a31e3cd26889ca66d677f1"},"headline":"Cameroun : voici le nouveau DG de Camwater","datePublished":"2022-10-01T15:53:12+00:00","dateModified":"2022-10-01T16:16:11+00:00","mainEntityOfPage":{"@id":"https:\/\/www.africa-press.net\/cameroun\/toutes-les-actualites\/cameroun-voici-le-nouveau-dg-de-camwater"},"wordCount":453,"commentCount":0,"image":{"@id":"https:\/\/www.africa-press.net\/cameroun\/toutes-les-actualites\/cameroun-voici-le-nouveau-dg-de-camwater#primaryimage"},"thumbnailUrl":"https:\/\/static.africa-press.net\/cameroun\/sites\/57\/2022\/10\/postQueueImg_1.jpg","keywords":["Africa Press","Africa Press-Cameroun","Cameroun"],"articleSection":["Communaut\u00e9","Toutes les actualit\u00e9s"],"inLanguage":"fr-FR","potentialAction":[{"@type":"CommentAction","name":"Comment","target":["https:\/\/www.africa-press.net\/cameroun\/toutes-les-actualites\/cameroun-voici-le-nouveau-dg-de-camwater#respond"]}]},{"@type":"WebPage","@id":"https:\/\/www.africa-press.net\/cameroun\/toutes-les-actualites\/cameroun-voici-le-nouveau-dg-de-camwater","url":"https:\/\/www.africa-press.net\/cameroun\/toutes-les-actualites\/cameroun-voici-le-nouveau-dg-de-camwater","name":"Cameroun : voici le nouveau DG de Camwater - Cameroun","isPartOf":{"@id":"https:\/\/www.africa-press.net\/cameroun\/#website"},"primaryImageOfPage":{"@id":"https:\/\/www.africa-press.net\/cameroun\/toutes-les-actualites\/cameroun-voici-le-nouveau-dg-de-camwater#primaryimage"},"image":{"@id":"https:\/\/www.africa-press.net\/cameroun\/toutes-les-actualites\/cameroun-voici-le-nouveau-dg-de-camwater#primaryimage"},"thumbnailUrl":"https:\/\/static.africa-press.net\/cameroun\/sites\/57\/2022\/10\/postQueueImg_1.jpg","datePublished":"2022-10-01T15:53:12+00:00","dateModified":"2022-10-01T16:16:11+00:00","author":{"@id":"https:\/\/www.africa-press.net\/cameroun\/#\/schema\/person\/2b1cf3cd81a31e3cd26889ca66d677f1"},"description":"L\u2019information vient de tomber. Gervais Bolenga n\u2019est plus le Directeur Ge\u0301ne\u0301ral de Camwater. Tel en a de\u0301cide\u0301 le conse ...","breadcrumb":{"@id":"https:\/\/www.africa-press.net\/cameroun\/toutes-les-actualites\/cameroun-voici-le-nouveau-dg-de-camwater#breadcrumb"},"inLanguage":"fr-FR","potentialAction":[{"@type":"ReadAction","target":["https:\/\/www.africa-press.net\/cameroun\/toutes-les-actualites\/cameroun-voici-le-nouveau-dg-de-camwater"]}]},{"@type":"ImageObject","inLanguage":"fr-FR","@id":"https:\/\/www.africa-press.net\/cameroun\/toutes-les-actualites\/cameroun-voici-le-nouveau-dg-de-camwater#primaryimage","url":"https:\/\/static.africa-press.net\/cameroun\/sites\/57\/2022\/10\/postQueueImg_1.jpg","contentUrl":"https:\/\/static.africa-press.net\/cameroun\/sites\/57\/2022\/10\/postQueueImg_1.jpg","width":600,"height":400,"caption":"Cameroun : voici le nouveau DG de Camwater"},{"@type":"BreadcrumbList","@id":"https:\/\/www.africa-press.net\/cameroun\/toutes-les-actualites\/cameroun-voici-le-nouveau-dg-de-camwater#breadcrumb","itemListElement":[{"@type":"ListItem","position":1,"name":"Accueil","item":"https:\/\/www.africa-press.net\/cameroun\/"},{"@type":"ListItem","position":2,"name":"Cameroun : voici le nouveau DG de Camwater"}]},{"@type":"WebSite","@id":"https:\/\/www.africa-press.net\/cameroun\/#website","url":"https:\/\/www.africa-press.net\/cameroun\/","name":"Cameroun","description":"Just another Africa News Agency Sites site","potentialAction":[{"@type":"SearchAction","target":{"@type":"EntryPoint","urlTemplate":"https:\/\/www.africa-press.net\/cameroun\/?s={search_term_string}"},"query-input":{"@type":"PropertyValueSpecification","valueRequired":true,"valueName":"search_term_string"}}],"inLanguage":"fr-FR"},{"@type":"Person","@id":"https:\/\/www.africa-press.net\/cameroun\/#\/schema\/person\/2b1cf3cd81a31e3cd26889ca66d677f1","name":"cfeditorfr"}]}},"_links":{"self":[{"href":"https:\/\/www.africa-press.net\/cameroun\/wp-json\/wp\/v2\/posts\/28541","targetHints":{"allow":["GET"]}}],"collection":[{"href":"https:\/\/www.africa-press.net\/cameroun\/wp-json\/wp\/v2\/posts"}],"about":[{"href":"https:\/\/www.africa-press.net\/cameroun\/wp-json\/wp\/v2\/types\/post"}],"author":[{"embeddable":true,"href":"https:\/\/www.africa-press.net\/cameroun\/wp-json\/wp\/v2\/users\/82"}],"replies":[{"embeddable":true,"href":"https:\/\/www.africa-press.net\/cameroun\/wp-json\/wp\/v2\/comments?post=28541"}],"version-history":[{"count":0,"href":"https:\/\/www.africa-press.net\/cameroun\/wp-json\/wp\/v2\/posts\/28541\/revisions"}],"wp:featuredmedia":[{"embeddable":true,"href":"https:\/\/www.africa-press.net\/cameroun\/wp-json\/wp\/v2\/media\/28540"}],"wp:attachment":[{"href":"https:\/\/www.africa-press.net\/cameroun\/wp-json\/wp\/v2\/media?parent=28541"}],"wp:term":[{"taxonomy":"category","embeddable":true,"href":"https:\/\/www.africa-press.net\/cameroun\/wp-json\/wp\/v2\/categories?post=28541"},{"taxonomy":"post_tag","embeddable":true,"href":"https:\/\/www.africa-press.net\/cameroun\/wp-json\/wp\/v2\/tags?post=28541"}],"curies":[{"name":"wp","href":"https:\/\/api.w.org\/{rel}","templated":true}]}}