{"id":28544,"date":"2022-10-01T15:56:54","date_gmt":"2022-10-01T15:56:54","guid":{"rendered":"https:\/\/www.africa-press.net\/cameroun\/politique\/sale-temps-pour-les-policiers-vereux-dans-le-nord"},"modified":"2022-10-01T16:16:42","modified_gmt":"2022-10-01T16:16:42","slug":"sale-temps-pour-les-policiers-vereux-dans-le-nord","status":"publish","type":"post","link":"https:\/\/www.africa-press.net\/cameroun\/toutes-les-actualites\/sale-temps-pour-les-policiers-vereux-dans-le-nord","title":{"rendered":"sale temps pour les policiers v\u00e9reux dans le Nord"},"content":{"rendered":"<p><span style=\"color: #ff6600\"><strong>Africa-Press &#8211; Cameroun. <\/strong><\/span>Un arre\u0302te\u0301 du gouverneur de la re\u0301gion re\u0301organise certains postes de contro\u0302les police, gendarmerie et douane et se\u0300me la confusion chez des usagers.<\/p>\n<p>Une nue\u0301e de plusieurs dizaines de motos, klaxonnai, phares allume\u0301s et les conducteurs hurlant, a de\u0301ferle\u0301 sur Bagongong. le dimanche 18 septembre dernier, au poste de contro\u0302le mixte a\u0300 la sortie nord de la ville de Garoua. Les jeunes en cole\u0300re voulaient \u00ab de\u0301livrer \u00bb leurs deux colle\u0300gues, interpelle\u0301s plus to\u0302t et mis en fourrie\u0300re.<\/p>\n<p>Selon nos informations, les douanier pour leur premie\u0300re journe\u0301e de travail a\u0300 ce poste de contro\u0302le avaient proce\u0301de\u0301 a\u0300 des ve\u0301rifications et de\u0301cide\u0301 de confisquer les engins contrevenants. Le fait e\u0301tait totalement ine\u0301dit. Les gabetous ne se hasardaient jamais a\u0300 effaroucher les conducteurs de moto taxi, une corporation re\u0301pute\u0301e sensible voire belliqueuse.<\/p>\n<p>Ces jeunes \u00ab de\u0301brouillards \u00bb be\u0301ne\u0301ficient en effet d\u2019une tole\u0301rance administrative tacite. C\u2019est su qu\u2019ils violent plus d\u2019une re\u0300gle mais, c\u2019est aussi le moyen le plus commode pour apaiser des cho\u0302meurs. Un modus vivendi s\u2019e\u0301tait installe\u0301 entre les conducteurs de moto taxis et les forces de maintien de Tordre.<\/p>\n<p>Au check point de Bagongong, le matin, chacun d\u2019eux s\u2019arre\u0302tait a\u0300 la corde qui sert de barrie\u0300re, le policier ou le gendarme selon qu\u2019on entrait ou sortait de la ville de Garoua, prenait discre\u0300tement les 500 fcfa, marquait au feutre le phare et laissait passer sans autre difficulte\u0301.<\/p>\n<p>Mais, le 13 septembre 2022, le gouverneur de la re\u0301gion du Nord a pris un arre\u0302te\u0301 II a de\u0301cide\u0301 de re\u0301organiser les contro\u0302les routiers sur certains axes routiers. Il a de fait supprime\u0301 les check points des douaniers et mis ceux d a\u0300 travailler avec les gendarmes et policiers.<\/p>\n<p>Ce dimanche la\u0300, c\u2019e\u0301tait le premier grand jour de l\u2019amalgame a\u0300 Bagongong. La sauce a failli tourner, quand les douaniers ont simplement voulu faire leur travail ou du ze\u0300le. Apre\u0300s des cris et invectives, les gendarmes et policiers ont su calmer douaniers et contrevenants conducteurs de moto taxi. Les motos ont e\u0301te\u0301 rela\u0302che\u0301es et la foule s\u2019est disperse\u0301e.<\/p>\n<p>Pour cet observateur \u00ab le gouverneur a pris conscience d\u2019un proble\u0300me pourquoi les denre\u0301es cou\u0302tent extre\u0302mement che\u0300res ? Celles qui proviennent des re\u0301gions du Sud du pays cou\u0302tent che\u0300res de\u0301ja\u0300 la\u0300 bas et deviennent inabordables pour les populations une fois transporte\u0301es dans le Nord parce que l\u2019argent que les transporteurs et les producteurs donnent aux policiers et gendarmes en route est re\u0301percute\u0301 chez le consommateur. Il fallait donc re\u0301glementer, explique notre source proche des services du gouverneur.<\/p>\n<p>Pour notre interlocuteur, l\u2019Etat a un proble\u0300me. \u00ab Est- ce qu\u2019il faut enlever toutes les barrie\u0300res ? Si on les enle\u0300vent qu\u2019est ce qui passe par la route dans cette reyiun frontalie\u0300re du Tchad, du Nigeria et de la Rca ? \u00bb questionne-t-il.<\/p>\n<p>Avant d\u2019ajouter \u00ab En re\u0301alite\u0301, les policiers et les gendarmes ne consent rien ! Nous le savons mais, on ne peut pas libe\u0301rer les routes parce que les contro\u0302les sont quand me\u0302me dissuasifs, au vu de ce qu\u2019il y a aussi des coupeurs de routes. Alors le gouverneur a pris un arre\u0302te\u0301 pour mettre de Tordre, pour que les postes existants soient mixtes. Nous pensons qu\u2019il est plus difficile de \u00bb voler \u00bb quand les postes sont compose\u0301s de corps diffe\u0301rents aux missions diffe\u0301rentes. On pense qu\u2019ainsi le partage en cas de corruption va poser proble\u0300me. Mais, on sait que gendarmes et policiers s\u2019entendent bien, ils ont me\u0302me une caisse commune a\u0300 chaque check point \u00bb de\u0301crie-t-il.<\/p>\n<p>Pour Abdoulaye D., transporteur, l\u2019arre\u0302te\u0301 du gouverneur ne re\u0301sout pas le proble\u0300me des tracasseries routie\u0300res mais, le de\u0301place. \u00bb Le gouverneur a re\u0301gle\u0301 le proble\u0300me sur la route principale, les voies secondaires. Cependant sur les routes allant vers les grands marche\u0301s c\u2019est un autre proble\u0300me. Par exemple sur la route entre Garoua et Bacheo en passant par Gashiga, il existe une arnaque a\u0300 outrance\u00ab .<\/p>\n<p>Aliou est un jeune licencie\u0301 en attente d\u2019un emploi. Il fre\u0301quente le Marche\u0301 de Mbaikoua, a\u0300 175 km, pour y acheter des vivres qu\u2019il revend a\u0300 la ville en attendant de \u00bb trouver mieux a\u0300 faire, de passer un concours \u00bb \u00bb on est trois amis a\u0300 faire la route, on paye 15000 fcfa chacun et a\u0300 chaque trajet, le conducteur de la moto doit verser a\u0300 la dizaine de contro\u0302les, 8.000 fcfa au total et encore, c\u2019est quand il est assez habile pour en contourner certains \u00bb Sur cet axe, qui me\u0300ne aussi au marche\u0301 de be\u0301tail d\u2019Adoumri, \u00bb tous les hommes en tenues, policiers, gendarmes, militaires, douaniers, agents des eaux et fore\u0302ts, ranc\u0327onnent les usagers.<\/p>\n<p>Pour notre Interlocuteur des services du gouverneur, \u00ab Si le proble\u0300me doit e\u0302tre re\u0301gle\u0301, il faut aller a\u0300 ses racines et trouver une solution\u00ab . D\u2019apre\u0300s lui, le proble\u0300me ce n\u2019est pas le contro\u0302le, c\u2019est l\u2019individu, le contro\u0302le n\u2019est pas mauvais. Il vise a\u0300 s\u2019assurer que tout le monde est en conformite\u0301 avec la re\u0301glementation. Il faut des contro\u0302les.<\/p>\n<p>Par contre, est-ce que ceux qui me\u0300nent le contro\u0302le veulent que tout le monde soit en conformite\u0301 avec la toi ou est-ce qu\u2019ils veulent se remplir les poches ? S\u2019ils veulent se faire de l\u2019argent, il faut re\u0301soudre ces proble\u0300mes d\u2019argent mais pas essayer de re\u0301glementer les postes de contro\u0302les. Les mesures qu\u2019on prend en concentrant l\u2019attention sur les postes de contro\u0302les dans les grands axes cre\u0301ent d\u2019autres proble\u0300mes et ne re\u0300glent pas le proble\u0300me existant.<\/p>\n<p>\u00bb Il se souvient que le commandant de la 3e\u0300me re\u0301gion militaire interarme\u0301es, commandant des forces de de\u0301fense de la re\u0301gion, \u00bb a fait le constat que des armes et des mate\u0301riels illicites partent des pays voisins et passent par la re\u0301gion pour essaimer dans le reste du Cameroun et cre\u0301er des proble\u0300mes.<\/p>\n<p>Au Nigeria, ces armes sont transporte\u0301es a\u0300 motos, au Cameroun ces trafiquants qu\u2019on appelle les \u00ab cascadeurs se servent des Starlet. Il a institue\u0301 des contro\u0302les mixtes gendarmerie, arme\u0301e de terre aux frontie\u0300res pour fouiller tous les ve\u0301hicules pour que ces produits la\u0300 ne passent plus. C\u0327a a e\u0301te\u0301 fait, sauf que sur le terrain, on dit que c\u2019est des postes torts \u00ab , ce qui toit qu\u2019on doit y verser 500 fcfa pour passer.<\/p>\n<p>Ce qui a donc change\u0301, c\u2019est que le montant a\u0300 payer est devenu plus e\u0301leve\u0301, or, ces produits de contrebande vont e\u0302tre propose\u0301s sur le marche\u0301 et les 500Fcfa du pot de vin seront re\u0301percute\u0301s sur le consommateur. Le proble\u0300me est le me\u0302me \u00ab , se de\u0301sole-t-il.<\/p>\n<p>Il ajoute que les administrations et me\u0302me l\u2019arme\u0301e ont tout pre\u0301vu pour re\u0301glementer l\u2019activite\u0301 des agents publics. \u00bb il ne peut pas avoir des agents publics, connus de tous pour leurs activite\u0301s illicites qui ne sont pas contro\u0302le\u0301s ni re\u0301primande\u0301s. Il y a la Division ge\u0301ne\u0301rale des contro\u0302les de police qui a la mission de contro\u0302ler les policiers. Si elle ne le fait pas, on doit ramener a\u0300 le faire.<\/p>\n<p>Il y a le responsable de la Division de la se\u0301curite\u0301 militaire dans la re\u0301gion, qui est a\u0300 me\u0302me de rendre compte des activite\u0301s des forces de de\u0301fense et de se\u0301curite\u0301 dans la re\u0301gion et de leur impact sur le moral des populations. S\u2019il ne peut pas contro\u0302ler on doit l\u2019amener a\u0300 le faire.<\/p>\n<p>Les services de renseignements doivent aussi pouvoir de\u0301noncer les fonctionnaires ve\u0301reux. Il faut concevoir, il faut coordonner mais, surtout il faut contro\u0302ler. Des chefs ont pris des de\u0301cisions au be\u0301ne\u0301fice des populations, ces actes sont utilise\u0301s pour appauvrir les populations. Il ne peut pas avoir d\u2019administrations incontro\u0302lables. \u00bb<\/p>\n<p><strong>Pour plus d&rsquo;informations et d&rsquo;analyses sur la <a href=\"https:\/\/www.africa-press.net\/cameroun\">Cameroun<\/a>, suivez <a href=\"https:\/\/www.africa-press.net\/\">Africa-Press<\/a><\/strong><\/p>\n","protected":false},"excerpt":{"rendered":"<p>Africa-Press &#8211; Cameroun. Un arre\u0302te\u0301 du gouverneur de la re\u0301gion re\u0301organise certains postes de contro\u0302les police, gendarmerie et douane et se\u0300me la confusion chez des usagers. Une nue\u0301e de plusieurs dizaines de motos, klaxonnai, phares allume\u0301s et les conducteurs hurlant, a de\u0301ferle\u0301 sur Bagongong. le dimanche 18 septembre dernier, au poste de contro\u0302le mixte a\u0300 [&hellip;]<\/p>\n","protected":false},"author":82,"featured_media":28543,"comment_status":"open","ping_status":"closed","sticky":false,"template":"","format":"standard","meta":{"footnotes":""},"categories":[21,10],"tags":[36,50,49],"class_list":["post-28544","post","type-post","status-publish","format-standard","has-post-thumbnail","hentry","category-communaute","category-toutes-les-actualites","tag-africa-press","tag-africa-press-cameroun","tag-cameroun"],"yoast_head":"<!-- This site is optimized with the Yoast SEO Premium plugin v26.1 (Yoast SEO v27.0) - https:\/\/yoast.com\/product\/yoast-seo-premium-wordpress\/ -->\n<title>sale temps pour les policiers v\u00e9reux dans le Nord - Cameroun<\/title>\n<meta name=\"description\" content=\"Un arre\u0302te\u0301 du gouverneur de la re\u0301gion re\u0301organise certains postes de contro\u0302les police, gendarmerie et douane et se\u0300me ...\" \/>\n<meta name=\"robots\" content=\"index, follow, max-snippet:-1, max-image-preview:large, max-video-preview:-1\" \/>\n<link rel=\"canonical\" href=\"https:\/\/www.africa-press.net\/cameroun\/toutes-les-actualites\/sale-temps-pour-les-policiers-vereux-dans-le-nord\" \/>\n<meta property=\"og:locale\" content=\"fr_FR\" \/>\n<meta property=\"og:type\" content=\"article\" \/>\n<meta property=\"og:title\" content=\"sale temps pour les policiers v\u00e9reux dans le Nord\" \/>\n<meta property=\"og:description\" content=\"Un arre\u0302te\u0301 du gouverneur de la re\u0301gion re\u0301organise certains postes de contro\u0302les police, gendarmerie et douane et se\u0300me ...\" \/>\n<meta property=\"og:url\" content=\"https:\/\/www.africa-press.net\/cameroun\/toutes-les-actualites\/sale-temps-pour-les-policiers-vereux-dans-le-nord\" \/>\n<meta property=\"og:site_name\" content=\"Cameroun\" \/>\n<meta property=\"article:published_time\" content=\"2022-10-01T15:56:54+00:00\" \/>\n<meta property=\"article:modified_time\" content=\"2022-10-01T16:16:42+00:00\" \/>\n<meta property=\"og:image\" content=\"https:\/\/static.africa-press.net\/cameroun\/sites\/57\/2022\/10\/postQueueImg_2.jpg\" \/>\n\t<meta property=\"og:image:width\" content=\"600\" \/>\n\t<meta property=\"og:image:height\" content=\"342\" \/>\n\t<meta property=\"og:image:type\" content=\"image\/jpeg\" \/>\n<meta name=\"author\" content=\"cfeditorfr\" \/>\n<meta name=\"twitter:card\" content=\"summary_large_image\" \/>\n<meta name=\"twitter:label1\" content=\"\u00c9crit par\" \/>\n\t<meta name=\"twitter:data1\" content=\"cfeditorfr\" \/>\n\t<meta name=\"twitter:label2\" content=\"Dur\u00e9e de lecture estim\u00e9e\" \/>\n\t<meta name=\"twitter:data2\" content=\"7 minutes\" \/>\n<script type=\"application\/ld+json\" class=\"yoast-schema-graph\">{\"@context\":\"https:\/\/schema.org\",\"@graph\":[{\"@type\":\"Article\",\"@id\":\"https:\/\/www.africa-press.net\/cameroun\/toutes-les-actualites\/sale-temps-pour-les-policiers-vereux-dans-le-nord#article\",\"isPartOf\":{\"@id\":\"https:\/\/www.africa-press.net\/cameroun\/toutes-les-actualites\/sale-temps-pour-les-policiers-vereux-dans-le-nord\"},\"author\":{\"name\":\"cfeditorfr\",\"@id\":\"https:\/\/www.africa-press.net\/cameroun\/#\/schema\/person\/2b1cf3cd81a31e3cd26889ca66d677f1\"},\"headline\":\"sale temps pour les policiers v\u00e9reux dans le Nord\",\"datePublished\":\"2022-10-01T15:56:54+00:00\",\"dateModified\":\"2022-10-01T16:16:42+00:00\",\"mainEntityOfPage\":{\"@id\":\"https:\/\/www.africa-press.net\/cameroun\/toutes-les-actualites\/sale-temps-pour-les-policiers-vereux-dans-le-nord\"},\"wordCount\":1430,\"commentCount\":0,\"image\":{\"@id\":\"https:\/\/www.africa-press.net\/cameroun\/toutes-les-actualites\/sale-temps-pour-les-policiers-vereux-dans-le-nord#primaryimage\"},\"thumbnailUrl\":\"https:\/\/static.africa-press.net\/cameroun\/sites\/57\/2022\/10\/postQueueImg_2.jpg\",\"keywords\":[\"Africa Press\",\"Africa Press-Cameroun\",\"Cameroun\"],\"articleSection\":[\"Communaut\u00e9\",\"Toutes les actualit\u00e9s\"],\"inLanguage\":\"fr-FR\",\"potentialAction\":[{\"@type\":\"CommentAction\",\"name\":\"Comment\",\"target\":[\"https:\/\/www.africa-press.net\/cameroun\/toutes-les-actualites\/sale-temps-pour-les-policiers-vereux-dans-le-nord#respond\"]}]},{\"@type\":\"WebPage\",\"@id\":\"https:\/\/www.africa-press.net\/cameroun\/toutes-les-actualites\/sale-temps-pour-les-policiers-vereux-dans-le-nord\",\"url\":\"https:\/\/www.africa-press.net\/cameroun\/toutes-les-actualites\/sale-temps-pour-les-policiers-vereux-dans-le-nord\",\"name\":\"sale temps pour les policiers v\u00e9reux dans le Nord - Cameroun\",\"isPartOf\":{\"@id\":\"https:\/\/www.africa-press.net\/cameroun\/#website\"},\"primaryImageOfPage\":{\"@id\":\"https:\/\/www.africa-press.net\/cameroun\/toutes-les-actualites\/sale-temps-pour-les-policiers-vereux-dans-le-nord#primaryimage\"},\"image\":{\"@id\":\"https:\/\/www.africa-press.net\/cameroun\/toutes-les-actualites\/sale-temps-pour-les-policiers-vereux-dans-le-nord#primaryimage\"},\"thumbnailUrl\":\"https:\/\/static.africa-press.net\/cameroun\/sites\/57\/2022\/10\/postQueueImg_2.jpg\",\"datePublished\":\"2022-10-01T15:56:54+00:00\",\"dateModified\":\"2022-10-01T16:16:42+00:00\",\"author\":{\"@id\":\"https:\/\/www.africa-press.net\/cameroun\/#\/schema\/person\/2b1cf3cd81a31e3cd26889ca66d677f1\"},\"description\":\"Un arre\u0302te\u0301 du gouverneur de la re\u0301gion re\u0301organise certains postes de contro\u0302les police, gendarmerie et douane et se\u0300me ...\",\"breadcrumb\":{\"@id\":\"https:\/\/www.africa-press.net\/cameroun\/toutes-les-actualites\/sale-temps-pour-les-policiers-vereux-dans-le-nord#breadcrumb\"},\"inLanguage\":\"fr-FR\",\"potentialAction\":[{\"@type\":\"ReadAction\",\"target\":[\"https:\/\/www.africa-press.net\/cameroun\/toutes-les-actualites\/sale-temps-pour-les-policiers-vereux-dans-le-nord\"]}]},{\"@type\":\"ImageObject\",\"inLanguage\":\"fr-FR\",\"@id\":\"https:\/\/www.africa-press.net\/cameroun\/toutes-les-actualites\/sale-temps-pour-les-policiers-vereux-dans-le-nord#primaryimage\",\"url\":\"https:\/\/static.africa-press.net\/cameroun\/sites\/57\/2022\/10\/postQueueImg_2.jpg\",\"contentUrl\":\"https:\/\/static.africa-press.net\/cameroun\/sites\/57\/2022\/10\/postQueueImg_2.jpg\",\"width\":600,\"height\":342,\"caption\":\"sale temps pour les policiers v\u00e9reux dans le Nord\"},{\"@type\":\"BreadcrumbList\",\"@id\":\"https:\/\/www.africa-press.net\/cameroun\/toutes-les-actualites\/sale-temps-pour-les-policiers-vereux-dans-le-nord#breadcrumb\",\"itemListElement\":[{\"@type\":\"ListItem\",\"position\":1,\"name\":\"Accueil\",\"item\":\"https:\/\/www.africa-press.net\/cameroun\/\"},{\"@type\":\"ListItem\",\"position\":2,\"name\":\"sale temps pour les policiers v\u00e9reux dans le Nord\"}]},{\"@type\":\"WebSite\",\"@id\":\"https:\/\/www.africa-press.net\/cameroun\/#website\",\"url\":\"https:\/\/www.africa-press.net\/cameroun\/\",\"name\":\"Cameroun\",\"description\":\"Just another Africa News Agency Sites site\",\"potentialAction\":[{\"@type\":\"SearchAction\",\"target\":{\"@type\":\"EntryPoint\",\"urlTemplate\":\"https:\/\/www.africa-press.net\/cameroun\/?s={search_term_string}\"},\"query-input\":{\"@type\":\"PropertyValueSpecification\",\"valueRequired\":true,\"valueName\":\"search_term_string\"}}],\"inLanguage\":\"fr-FR\"},{\"@type\":\"Person\",\"@id\":\"https:\/\/www.africa-press.net\/cameroun\/#\/schema\/person\/2b1cf3cd81a31e3cd26889ca66d677f1\",\"name\":\"cfeditorfr\"}]}<\/script>\n<!-- \/ Yoast SEO Premium plugin. -->","yoast_head_json":{"title":"sale temps pour les policiers v\u00e9reux dans le Nord - Cameroun","description":"Un arre\u0302te\u0301 du gouverneur de la re\u0301gion re\u0301organise certains postes de contro\u0302les police, gendarmerie et douane et se\u0300me ...","robots":{"index":"index","follow":"follow","max-snippet":"max-snippet:-1","max-image-preview":"max-image-preview:large","max-video-preview":"max-video-preview:-1"},"canonical":"https:\/\/www.africa-press.net\/cameroun\/toutes-les-actualites\/sale-temps-pour-les-policiers-vereux-dans-le-nord","og_locale":"fr_FR","og_type":"article","og_title":"sale temps pour les policiers v\u00e9reux dans le Nord","og_description":"Un arre\u0302te\u0301 du gouverneur de la re\u0301gion re\u0301organise certains postes de contro\u0302les police, gendarmerie et douane et se\u0300me ...","og_url":"https:\/\/www.africa-press.net\/cameroun\/toutes-les-actualites\/sale-temps-pour-les-policiers-vereux-dans-le-nord","og_site_name":"Cameroun","article_published_time":"2022-10-01T15:56:54+00:00","article_modified_time":"2022-10-01T16:16:42+00:00","og_image":[{"width":600,"height":342,"url":"https:\/\/static.africa-press.net\/cameroun\/sites\/57\/2022\/10\/postQueueImg_2.jpg","type":"image\/jpeg"}],"author":"cfeditorfr","twitter_card":"summary_large_image","twitter_misc":{"\u00c9crit par":"cfeditorfr","Dur\u00e9e de lecture estim\u00e9e":"7 minutes"},"schema":{"@context":"https:\/\/schema.org","@graph":[{"@type":"Article","@id":"https:\/\/www.africa-press.net\/cameroun\/toutes-les-actualites\/sale-temps-pour-les-policiers-vereux-dans-le-nord#article","isPartOf":{"@id":"https:\/\/www.africa-press.net\/cameroun\/toutes-les-actualites\/sale-temps-pour-les-policiers-vereux-dans-le-nord"},"author":{"name":"cfeditorfr","@id":"https:\/\/www.africa-press.net\/cameroun\/#\/schema\/person\/2b1cf3cd81a31e3cd26889ca66d677f1"},"headline":"sale temps pour les policiers v\u00e9reux dans le Nord","datePublished":"2022-10-01T15:56:54+00:00","dateModified":"2022-10-01T16:16:42+00:00","mainEntityOfPage":{"@id":"https:\/\/www.africa-press.net\/cameroun\/toutes-les-actualites\/sale-temps-pour-les-policiers-vereux-dans-le-nord"},"wordCount":1430,"commentCount":0,"image":{"@id":"https:\/\/www.africa-press.net\/cameroun\/toutes-les-actualites\/sale-temps-pour-les-policiers-vereux-dans-le-nord#primaryimage"},"thumbnailUrl":"https:\/\/static.africa-press.net\/cameroun\/sites\/57\/2022\/10\/postQueueImg_2.jpg","keywords":["Africa Press","Africa Press-Cameroun","Cameroun"],"articleSection":["Communaut\u00e9","Toutes les actualit\u00e9s"],"inLanguage":"fr-FR","potentialAction":[{"@type":"CommentAction","name":"Comment","target":["https:\/\/www.africa-press.net\/cameroun\/toutes-les-actualites\/sale-temps-pour-les-policiers-vereux-dans-le-nord#respond"]}]},{"@type":"WebPage","@id":"https:\/\/www.africa-press.net\/cameroun\/toutes-les-actualites\/sale-temps-pour-les-policiers-vereux-dans-le-nord","url":"https:\/\/www.africa-press.net\/cameroun\/toutes-les-actualites\/sale-temps-pour-les-policiers-vereux-dans-le-nord","name":"sale temps pour les policiers v\u00e9reux dans le Nord - Cameroun","isPartOf":{"@id":"https:\/\/www.africa-press.net\/cameroun\/#website"},"primaryImageOfPage":{"@id":"https:\/\/www.africa-press.net\/cameroun\/toutes-les-actualites\/sale-temps-pour-les-policiers-vereux-dans-le-nord#primaryimage"},"image":{"@id":"https:\/\/www.africa-press.net\/cameroun\/toutes-les-actualites\/sale-temps-pour-les-policiers-vereux-dans-le-nord#primaryimage"},"thumbnailUrl":"https:\/\/static.africa-press.net\/cameroun\/sites\/57\/2022\/10\/postQueueImg_2.jpg","datePublished":"2022-10-01T15:56:54+00:00","dateModified":"2022-10-01T16:16:42+00:00","author":{"@id":"https:\/\/www.africa-press.net\/cameroun\/#\/schema\/person\/2b1cf3cd81a31e3cd26889ca66d677f1"},"description":"Un arre\u0302te\u0301 du gouverneur de la re\u0301gion re\u0301organise certains postes de contro\u0302les police, gendarmerie et douane et se\u0300me ...","breadcrumb":{"@id":"https:\/\/www.africa-press.net\/cameroun\/toutes-les-actualites\/sale-temps-pour-les-policiers-vereux-dans-le-nord#breadcrumb"},"inLanguage":"fr-FR","potentialAction":[{"@type":"ReadAction","target":["https:\/\/www.africa-press.net\/cameroun\/toutes-les-actualites\/sale-temps-pour-les-policiers-vereux-dans-le-nord"]}]},{"@type":"ImageObject","inLanguage":"fr-FR","@id":"https:\/\/www.africa-press.net\/cameroun\/toutes-les-actualites\/sale-temps-pour-les-policiers-vereux-dans-le-nord#primaryimage","url":"https:\/\/static.africa-press.net\/cameroun\/sites\/57\/2022\/10\/postQueueImg_2.jpg","contentUrl":"https:\/\/static.africa-press.net\/cameroun\/sites\/57\/2022\/10\/postQueueImg_2.jpg","width":600,"height":342,"caption":"sale temps pour les policiers v\u00e9reux dans le Nord"},{"@type":"BreadcrumbList","@id":"https:\/\/www.africa-press.net\/cameroun\/toutes-les-actualites\/sale-temps-pour-les-policiers-vereux-dans-le-nord#breadcrumb","itemListElement":[{"@type":"ListItem","position":1,"name":"Accueil","item":"https:\/\/www.africa-press.net\/cameroun\/"},{"@type":"ListItem","position":2,"name":"sale temps pour les policiers v\u00e9reux dans le Nord"}]},{"@type":"WebSite","@id":"https:\/\/www.africa-press.net\/cameroun\/#website","url":"https:\/\/www.africa-press.net\/cameroun\/","name":"Cameroun","description":"Just another Africa News Agency Sites site","potentialAction":[{"@type":"SearchAction","target":{"@type":"EntryPoint","urlTemplate":"https:\/\/www.africa-press.net\/cameroun\/?s={search_term_string}"},"query-input":{"@type":"PropertyValueSpecification","valueRequired":true,"valueName":"search_term_string"}}],"inLanguage":"fr-FR"},{"@type":"Person","@id":"https:\/\/www.africa-press.net\/cameroun\/#\/schema\/person\/2b1cf3cd81a31e3cd26889ca66d677f1","name":"cfeditorfr"}]}},"_links":{"self":[{"href":"https:\/\/www.africa-press.net\/cameroun\/wp-json\/wp\/v2\/posts\/28544","targetHints":{"allow":["GET"]}}],"collection":[{"href":"https:\/\/www.africa-press.net\/cameroun\/wp-json\/wp\/v2\/posts"}],"about":[{"href":"https:\/\/www.africa-press.net\/cameroun\/wp-json\/wp\/v2\/types\/post"}],"author":[{"embeddable":true,"href":"https:\/\/www.africa-press.net\/cameroun\/wp-json\/wp\/v2\/users\/82"}],"replies":[{"embeddable":true,"href":"https:\/\/www.africa-press.net\/cameroun\/wp-json\/wp\/v2\/comments?post=28544"}],"version-history":[{"count":0,"href":"https:\/\/www.africa-press.net\/cameroun\/wp-json\/wp\/v2\/posts\/28544\/revisions"}],"wp:featuredmedia":[{"embeddable":true,"href":"https:\/\/www.africa-press.net\/cameroun\/wp-json\/wp\/v2\/media\/28543"}],"wp:attachment":[{"href":"https:\/\/www.africa-press.net\/cameroun\/wp-json\/wp\/v2\/media?parent=28544"}],"wp:term":[{"taxonomy":"category","embeddable":true,"href":"https:\/\/www.africa-press.net\/cameroun\/wp-json\/wp\/v2\/categories?post=28544"},{"taxonomy":"post_tag","embeddable":true,"href":"https:\/\/www.africa-press.net\/cameroun\/wp-json\/wp\/v2\/tags?post=28544"}],"curies":[{"name":"wp","href":"https:\/\/api.w.org\/{rel}","templated":true}]}}