{"id":28550,"date":"2022-10-01T15:58:53","date_gmt":"2022-10-01T15:58:53","guid":{"rendered":"https:\/\/www.africa-press.net\/cameroun\/politique\/derniere-minute-lambassade-de-france-au-cameroun-ne-veut-plus-delivrer-les-visas-aux-camerounais"},"modified":"2022-10-01T16:17:49","modified_gmt":"2022-10-01T16:17:49","slug":"derniere-minute-lambassade-de-france-au-cameroun-ne-veut-plus-delivrer-les-visas-aux-camerounais","status":"publish","type":"post","link":"https:\/\/www.africa-press.net\/cameroun\/politique\/derniere-minute-lambassade-de-france-au-cameroun-ne-veut-plus-delivrer-les-visas-aux-camerounais","title":{"rendered":"Derni\u00e8re Minute : l&rsquo;ambassade de France au Cameroun ne veut plus d\u00e9livrer les visas aux Camerounais"},"content":{"rendered":"<p><span style=\"color: #ff6600\"><strong>Africa-Press &#8211; Cameroun. <\/strong><\/span>C&rsquo;est une information diffuse\u0301e par le lanceur d&rsquo;alerte Boris Bertolt. Il rapporte dans un texte publie\u0301 sur son compte Facebook que l&rsquo;ambassade de France a\u0300 Yaounde\u0301 au Cameroun ne veut plus de\u0301livrer de visas aux Camerounais de\u0301sireux de se rendre en France. La raison qu&rsquo;il e\u0301voque est la monte\u0301e en puissance du sentiment anti franc\u0327ais au Cameroun, \u00ab\u00a0entretenue\u00a0\u00bb ces derniers temps, selon lui, par la fe\u0301de\u0301ration camerounaise de football dans de son conflit avec Le Coq Sportif. Il cite par exemple deux Camerounais, un homme d&rsquo;affaires et une commerc\u0327ante qui se plaignent de ne pouvoir obtenir des mois de visas pour se rendre en France dans le cadre de leurs affaires. Il ajoute par ailleurs que l&rsquo;acce\u0300s a\u0300 la page web de prise de rendez-vous de l&rsquo;ambassade est bloque\u0301 et les autorite\u0301s consulaires de France au Cameroun sont ne se prononcent pas face a\u0300 tout ceci.<\/p>\n<p>De\u0301couvrez ci-dessous l&rsquo;inte\u0301gralite\u0301 du texte de l&rsquo;activiste.<\/p>\n<p>Le ge\u0301ne\u0301ral Thierry Marchand a e\u0301te\u0301 nomme\u0301 nouvel Ambassadeur de France au Cameroun. Mais il arrive dans un contexte ou\u0300 Fe\u0301de\u0301ration Camerounaise de Football a alimente\u0301 le sentiment anti franc\u0327ais dans le cadre de son diffe\u0301rent commercial avec la CoQ Sportif , mais aussi des tensions de plus en plus vives autour de l\u2019attribution des VISAS.<\/p>\n<p>En effet, Depuis des mois de nombreux camerounais n&rsquo;arrivent plus a\u0300 prendre rendez-vous pour l&rsquo;obtention des visas a\u0300 Yaounde\u0301.<\/p>\n<p>\u00ab\u00a0obtenir un rendez-vous pour un visa est devenu totalement impossible. Je suis homme d&rsquo;affaires et je dois me rendre a\u0300 Paris pour d&rsquo;importants rendez-vous d&rsquo;affaires en octobre prochain mais depuis plus de 6 semaines je n&rsquo;arrive pas a\u0300 obtenir un rendez-vous\u00a0\u00bb pre\u0301cise Monsieur Mvogo Dominique.<\/p>\n<p>Dans la me\u0302me lance\u0301e Madame Ekedi Pierrette ajoute \u00ab\u00a0Je suis commerc\u0327ante, j&rsquo;avais des rendez vous avec des partenaires a\u0300 Paris les 12 et 13 de ce mois. Rendez-vous que j&rsquo;ai pas pu honorer faute d&rsquo;avoir pu obtenir un rendez-vous pour mon visa. Le syste\u0300me informatique de prise rendez-vous en ligne e\u0301tant ferme\u0301 depuis un moment\u00a0\u00bb<\/p>\n<p>Une tentative d&rsquo;acce\u0300s a\u0300 la page web de prise de rendez-vous nous confirme le blocage.<\/p>\n<p>Contactez pour en savoir plus, les autorite\u0301s consulaires de France a\u0300 Yaounde\u0301 ne disent mots. Pourquoi le syste\u0300me de prise de rendez-vous est reste\u0301 ferme\u0301 depuis un si long moment ?<\/p>\n<p>La situation affecte e\u0301norme\u0301ment de nombreux voyageurs et demandeurs de visa. Me\u0302me des hauts responsables d\u2019administration peinent a\u0300 obtenir des VISAS dans les de\u0301lais.<\/p>\n<p><strong>Pour plus d&rsquo;informations et d&rsquo;analyses sur la <a href=\"https:\/\/www.africa-press.net\/cameroun\">Cameroun<\/a>, suivez <a href=\"https:\/\/www.africa-press.net\/\">Africa-Press<\/a><\/strong><\/p>\n","protected":false},"excerpt":{"rendered":"<p>Africa-Press &#8211; Cameroun. C&rsquo;est une information diffuse\u0301e par le lanceur d&rsquo;alerte Boris Bertolt. Il rapporte dans un texte publie\u0301 sur son compte Facebook que l&rsquo;ambassade de France a\u0300 Yaounde\u0301 au Cameroun ne veut plus de\u0301livrer de visas aux Camerounais de\u0301sireux de se rendre en France. La raison qu&rsquo;il e\u0301voque est la monte\u0301e en puissance du [&hellip;]<\/p>\n","protected":false},"author":82,"featured_media":28549,"comment_status":"open","ping_status":"closed","sticky":false,"template":"","format":"standard","meta":{"footnotes":""},"categories":[2,10],"tags":[36,50,49],"class_list":["post-28550","post","type-post","status-publish","format-standard","has-post-thumbnail","hentry","category-politique","category-toutes-les-actualites","tag-africa-press","tag-africa-press-cameroun","tag-cameroun"],"yoast_head":"<!-- This site is optimized with the Yoast SEO Premium plugin v26.1 (Yoast SEO v27.0) - https:\/\/yoast.com\/product\/yoast-seo-premium-wordpress\/ -->\n<title>Derni\u00e8re Minute : l&#039;ambassade de France au Cameroun ne veut plus d\u00e9livrer les visas aux Camerounais - Cameroun<\/title>\n<meta name=\"description\" content=\"C&#039;est une information diffuse\u0301e par le lanceur d&#039;alerte Boris Bertolt. Il rapporte dans un texte publie\u0301 sur son compte ...\" \/>\n<meta name=\"robots\" content=\"index, follow, max-snippet:-1, max-image-preview:large, max-video-preview:-1\" \/>\n<link rel=\"canonical\" href=\"https:\/\/www.africa-press.net\/cameroun\/politique\/derniere-minute-lambassade-de-france-au-cameroun-ne-veut-plus-delivrer-les-visas-aux-camerounais\" \/>\n<meta property=\"og:locale\" content=\"fr_FR\" \/>\n<meta property=\"og:type\" content=\"article\" \/>\n<meta property=\"og:title\" content=\"Derni\u00e8re Minute : l&#039;ambassade de France au Cameroun ne veut plus d\u00e9livrer les visas aux Camerounais\" \/>\n<meta property=\"og:description\" content=\"C&#039;est une information diffuse\u0301e par le lanceur d&#039;alerte Boris Bertolt. Il rapporte dans un texte publie\u0301 sur son compte ...\" \/>\n<meta property=\"og:url\" content=\"https:\/\/www.africa-press.net\/cameroun\/politique\/derniere-minute-lambassade-de-france-au-cameroun-ne-veut-plus-delivrer-les-visas-aux-camerounais\" \/>\n<meta property=\"og:site_name\" content=\"Cameroun\" \/>\n<meta property=\"article:published_time\" content=\"2022-10-01T15:58:53+00:00\" \/>\n<meta property=\"article:modified_time\" content=\"2022-10-01T16:17:49+00:00\" \/>\n<meta property=\"og:image\" content=\"https:\/\/static.africa-press.net\/cameroun\/sites\/57\/2022\/10\/postQueueImg_4.jpg\" \/>\n\t<meta property=\"og:image:width\" content=\"600\" \/>\n\t<meta property=\"og:image:height\" content=\"400\" \/>\n\t<meta property=\"og:image:type\" content=\"image\/jpeg\" \/>\n<meta name=\"author\" content=\"cfeditorfr\" \/>\n<meta name=\"twitter:card\" content=\"summary_large_image\" \/>\n<meta name=\"twitter:label1\" content=\"\u00c9crit par\" \/>\n\t<meta name=\"twitter:data1\" content=\"cfeditorfr\" \/>\n\t<meta name=\"twitter:label2\" content=\"Dur\u00e9e de lecture estim\u00e9e\" \/>\n\t<meta name=\"twitter:data2\" content=\"3 minutes\" \/>\n<script type=\"application\/ld+json\" class=\"yoast-schema-graph\">{\"@context\":\"https:\/\/schema.org\",\"@graph\":[{\"@type\":\"Article\",\"@id\":\"https:\/\/www.africa-press.net\/cameroun\/politique\/derniere-minute-lambassade-de-france-au-cameroun-ne-veut-plus-delivrer-les-visas-aux-camerounais#article\",\"isPartOf\":{\"@id\":\"https:\/\/www.africa-press.net\/cameroun\/politique\/derniere-minute-lambassade-de-france-au-cameroun-ne-veut-plus-delivrer-les-visas-aux-camerounais\"},\"author\":{\"name\":\"cfeditorfr\",\"@id\":\"https:\/\/www.africa-press.net\/cameroun\/#\/schema\/person\/2b1cf3cd81a31e3cd26889ca66d677f1\"},\"headline\":\"Derni\u00e8re Minute : l&rsquo;ambassade de France au Cameroun ne veut plus d\u00e9livrer les visas aux Camerounais\",\"datePublished\":\"2022-10-01T15:58:53+00:00\",\"dateModified\":\"2022-10-01T16:17:49+00:00\",\"mainEntityOfPage\":{\"@id\":\"https:\/\/www.africa-press.net\/cameroun\/politique\/derniere-minute-lambassade-de-france-au-cameroun-ne-veut-plus-delivrer-les-visas-aux-camerounais\"},\"wordCount\":480,\"commentCount\":0,\"image\":{\"@id\":\"https:\/\/www.africa-press.net\/cameroun\/politique\/derniere-minute-lambassade-de-france-au-cameroun-ne-veut-plus-delivrer-les-visas-aux-camerounais#primaryimage\"},\"thumbnailUrl\":\"https:\/\/static.africa-press.net\/cameroun\/sites\/57\/2022\/10\/postQueueImg_4.jpg\",\"keywords\":[\"Africa Press\",\"Africa Press-Cameroun\",\"Cameroun\"],\"articleSection\":[\"Politique\",\"Toutes les actualit\u00e9s\"],\"inLanguage\":\"fr-FR\",\"potentialAction\":[{\"@type\":\"CommentAction\",\"name\":\"Comment\",\"target\":[\"https:\/\/www.africa-press.net\/cameroun\/politique\/derniere-minute-lambassade-de-france-au-cameroun-ne-veut-plus-delivrer-les-visas-aux-camerounais#respond\"]}]},{\"@type\":\"WebPage\",\"@id\":\"https:\/\/www.africa-press.net\/cameroun\/politique\/derniere-minute-lambassade-de-france-au-cameroun-ne-veut-plus-delivrer-les-visas-aux-camerounais\",\"url\":\"https:\/\/www.africa-press.net\/cameroun\/politique\/derniere-minute-lambassade-de-france-au-cameroun-ne-veut-plus-delivrer-les-visas-aux-camerounais\",\"name\":\"Derni\u00e8re Minute : l'ambassade de France au Cameroun ne veut plus d\u00e9livrer les visas aux Camerounais - Cameroun\",\"isPartOf\":{\"@id\":\"https:\/\/www.africa-press.net\/cameroun\/#website\"},\"primaryImageOfPage\":{\"@id\":\"https:\/\/www.africa-press.net\/cameroun\/politique\/derniere-minute-lambassade-de-france-au-cameroun-ne-veut-plus-delivrer-les-visas-aux-camerounais#primaryimage\"},\"image\":{\"@id\":\"https:\/\/www.africa-press.net\/cameroun\/politique\/derniere-minute-lambassade-de-france-au-cameroun-ne-veut-plus-delivrer-les-visas-aux-camerounais#primaryimage\"},\"thumbnailUrl\":\"https:\/\/static.africa-press.net\/cameroun\/sites\/57\/2022\/10\/postQueueImg_4.jpg\",\"datePublished\":\"2022-10-01T15:58:53+00:00\",\"dateModified\":\"2022-10-01T16:17:49+00:00\",\"author\":{\"@id\":\"https:\/\/www.africa-press.net\/cameroun\/#\/schema\/person\/2b1cf3cd81a31e3cd26889ca66d677f1\"},\"description\":\"C'est une information diffuse\u0301e par le lanceur d'alerte Boris Bertolt. Il rapporte dans un texte publie\u0301 sur son compte ...\",\"breadcrumb\":{\"@id\":\"https:\/\/www.africa-press.net\/cameroun\/politique\/derniere-minute-lambassade-de-france-au-cameroun-ne-veut-plus-delivrer-les-visas-aux-camerounais#breadcrumb\"},\"inLanguage\":\"fr-FR\",\"potentialAction\":[{\"@type\":\"ReadAction\",\"target\":[\"https:\/\/www.africa-press.net\/cameroun\/politique\/derniere-minute-lambassade-de-france-au-cameroun-ne-veut-plus-delivrer-les-visas-aux-camerounais\"]}]},{\"@type\":\"ImageObject\",\"inLanguage\":\"fr-FR\",\"@id\":\"https:\/\/www.africa-press.net\/cameroun\/politique\/derniere-minute-lambassade-de-france-au-cameroun-ne-veut-plus-delivrer-les-visas-aux-camerounais#primaryimage\",\"url\":\"https:\/\/static.africa-press.net\/cameroun\/sites\/57\/2022\/10\/postQueueImg_4.jpg\",\"contentUrl\":\"https:\/\/static.africa-press.net\/cameroun\/sites\/57\/2022\/10\/postQueueImg_4.jpg\",\"width\":600,\"height\":400,\"caption\":\"Derni\u00e8re Minute : l'ambassade de France au Cameroun ne veut plus d\u00e9livrer les visas aux Camerounais\"},{\"@type\":\"BreadcrumbList\",\"@id\":\"https:\/\/www.africa-press.net\/cameroun\/politique\/derniere-minute-lambassade-de-france-au-cameroun-ne-veut-plus-delivrer-les-visas-aux-camerounais#breadcrumb\",\"itemListElement\":[{\"@type\":\"ListItem\",\"position\":1,\"name\":\"Accueil\",\"item\":\"https:\/\/www.africa-press.net\/cameroun\/\"},{\"@type\":\"ListItem\",\"position\":2,\"name\":\"Derni\u00e8re Minute : l&#8217;ambassade de France au Cameroun ne veut plus d\u00e9livrer les visas aux Camerounais\"}]},{\"@type\":\"WebSite\",\"@id\":\"https:\/\/www.africa-press.net\/cameroun\/#website\",\"url\":\"https:\/\/www.africa-press.net\/cameroun\/\",\"name\":\"Cameroun\",\"description\":\"Just another Africa News Agency Sites site\",\"potentialAction\":[{\"@type\":\"SearchAction\",\"target\":{\"@type\":\"EntryPoint\",\"urlTemplate\":\"https:\/\/www.africa-press.net\/cameroun\/?s={search_term_string}\"},\"query-input\":{\"@type\":\"PropertyValueSpecification\",\"valueRequired\":true,\"valueName\":\"search_term_string\"}}],\"inLanguage\":\"fr-FR\"},{\"@type\":\"Person\",\"@id\":\"https:\/\/www.africa-press.net\/cameroun\/#\/schema\/person\/2b1cf3cd81a31e3cd26889ca66d677f1\",\"name\":\"cfeditorfr\"}]}<\/script>\n<!-- \/ Yoast SEO Premium plugin. -->","yoast_head_json":{"title":"Derni\u00e8re Minute : l'ambassade de France au Cameroun ne veut plus d\u00e9livrer les visas aux Camerounais - Cameroun","description":"C'est une information diffuse\u0301e par le lanceur d'alerte Boris Bertolt. Il rapporte dans un texte publie\u0301 sur son compte ...","robots":{"index":"index","follow":"follow","max-snippet":"max-snippet:-1","max-image-preview":"max-image-preview:large","max-video-preview":"max-video-preview:-1"},"canonical":"https:\/\/www.africa-press.net\/cameroun\/politique\/derniere-minute-lambassade-de-france-au-cameroun-ne-veut-plus-delivrer-les-visas-aux-camerounais","og_locale":"fr_FR","og_type":"article","og_title":"Derni\u00e8re Minute : l'ambassade de France au Cameroun ne veut plus d\u00e9livrer les visas aux Camerounais","og_description":"C'est une information diffuse\u0301e par le lanceur d'alerte Boris Bertolt. Il rapporte dans un texte publie\u0301 sur son compte ...","og_url":"https:\/\/www.africa-press.net\/cameroun\/politique\/derniere-minute-lambassade-de-france-au-cameroun-ne-veut-plus-delivrer-les-visas-aux-camerounais","og_site_name":"Cameroun","article_published_time":"2022-10-01T15:58:53+00:00","article_modified_time":"2022-10-01T16:17:49+00:00","og_image":[{"width":600,"height":400,"url":"https:\/\/static.africa-press.net\/cameroun\/sites\/57\/2022\/10\/postQueueImg_4.jpg","type":"image\/jpeg"}],"author":"cfeditorfr","twitter_card":"summary_large_image","twitter_misc":{"\u00c9crit par":"cfeditorfr","Dur\u00e9e de lecture estim\u00e9e":"3 minutes"},"schema":{"@context":"https:\/\/schema.org","@graph":[{"@type":"Article","@id":"https:\/\/www.africa-press.net\/cameroun\/politique\/derniere-minute-lambassade-de-france-au-cameroun-ne-veut-plus-delivrer-les-visas-aux-camerounais#article","isPartOf":{"@id":"https:\/\/www.africa-press.net\/cameroun\/politique\/derniere-minute-lambassade-de-france-au-cameroun-ne-veut-plus-delivrer-les-visas-aux-camerounais"},"author":{"name":"cfeditorfr","@id":"https:\/\/www.africa-press.net\/cameroun\/#\/schema\/person\/2b1cf3cd81a31e3cd26889ca66d677f1"},"headline":"Derni\u00e8re Minute : l&rsquo;ambassade de France au Cameroun ne veut plus d\u00e9livrer les visas aux Camerounais","datePublished":"2022-10-01T15:58:53+00:00","dateModified":"2022-10-01T16:17:49+00:00","mainEntityOfPage":{"@id":"https:\/\/www.africa-press.net\/cameroun\/politique\/derniere-minute-lambassade-de-france-au-cameroun-ne-veut-plus-delivrer-les-visas-aux-camerounais"},"wordCount":480,"commentCount":0,"image":{"@id":"https:\/\/www.africa-press.net\/cameroun\/politique\/derniere-minute-lambassade-de-france-au-cameroun-ne-veut-plus-delivrer-les-visas-aux-camerounais#primaryimage"},"thumbnailUrl":"https:\/\/static.africa-press.net\/cameroun\/sites\/57\/2022\/10\/postQueueImg_4.jpg","keywords":["Africa Press","Africa Press-Cameroun","Cameroun"],"articleSection":["Politique","Toutes les actualit\u00e9s"],"inLanguage":"fr-FR","potentialAction":[{"@type":"CommentAction","name":"Comment","target":["https:\/\/www.africa-press.net\/cameroun\/politique\/derniere-minute-lambassade-de-france-au-cameroun-ne-veut-plus-delivrer-les-visas-aux-camerounais#respond"]}]},{"@type":"WebPage","@id":"https:\/\/www.africa-press.net\/cameroun\/politique\/derniere-minute-lambassade-de-france-au-cameroun-ne-veut-plus-delivrer-les-visas-aux-camerounais","url":"https:\/\/www.africa-press.net\/cameroun\/politique\/derniere-minute-lambassade-de-france-au-cameroun-ne-veut-plus-delivrer-les-visas-aux-camerounais","name":"Derni\u00e8re Minute : l'ambassade de France au Cameroun ne veut plus d\u00e9livrer les visas aux Camerounais - Cameroun","isPartOf":{"@id":"https:\/\/www.africa-press.net\/cameroun\/#website"},"primaryImageOfPage":{"@id":"https:\/\/www.africa-press.net\/cameroun\/politique\/derniere-minute-lambassade-de-france-au-cameroun-ne-veut-plus-delivrer-les-visas-aux-camerounais#primaryimage"},"image":{"@id":"https:\/\/www.africa-press.net\/cameroun\/politique\/derniere-minute-lambassade-de-france-au-cameroun-ne-veut-plus-delivrer-les-visas-aux-camerounais#primaryimage"},"thumbnailUrl":"https:\/\/static.africa-press.net\/cameroun\/sites\/57\/2022\/10\/postQueueImg_4.jpg","datePublished":"2022-10-01T15:58:53+00:00","dateModified":"2022-10-01T16:17:49+00:00","author":{"@id":"https:\/\/www.africa-press.net\/cameroun\/#\/schema\/person\/2b1cf3cd81a31e3cd26889ca66d677f1"},"description":"C'est une information diffuse\u0301e par le lanceur d'alerte Boris Bertolt. Il rapporte dans un texte publie\u0301 sur son compte ...","breadcrumb":{"@id":"https:\/\/www.africa-press.net\/cameroun\/politique\/derniere-minute-lambassade-de-france-au-cameroun-ne-veut-plus-delivrer-les-visas-aux-camerounais#breadcrumb"},"inLanguage":"fr-FR","potentialAction":[{"@type":"ReadAction","target":["https:\/\/www.africa-press.net\/cameroun\/politique\/derniere-minute-lambassade-de-france-au-cameroun-ne-veut-plus-delivrer-les-visas-aux-camerounais"]}]},{"@type":"ImageObject","inLanguage":"fr-FR","@id":"https:\/\/www.africa-press.net\/cameroun\/politique\/derniere-minute-lambassade-de-france-au-cameroun-ne-veut-plus-delivrer-les-visas-aux-camerounais#primaryimage","url":"https:\/\/static.africa-press.net\/cameroun\/sites\/57\/2022\/10\/postQueueImg_4.jpg","contentUrl":"https:\/\/static.africa-press.net\/cameroun\/sites\/57\/2022\/10\/postQueueImg_4.jpg","width":600,"height":400,"caption":"Derni\u00e8re Minute : l'ambassade de France au Cameroun ne veut plus d\u00e9livrer les visas aux Camerounais"},{"@type":"BreadcrumbList","@id":"https:\/\/www.africa-press.net\/cameroun\/politique\/derniere-minute-lambassade-de-france-au-cameroun-ne-veut-plus-delivrer-les-visas-aux-camerounais#breadcrumb","itemListElement":[{"@type":"ListItem","position":1,"name":"Accueil","item":"https:\/\/www.africa-press.net\/cameroun\/"},{"@type":"ListItem","position":2,"name":"Derni\u00e8re Minute : l&#8217;ambassade de France au Cameroun ne veut plus d\u00e9livrer les visas aux Camerounais"}]},{"@type":"WebSite","@id":"https:\/\/www.africa-press.net\/cameroun\/#website","url":"https:\/\/www.africa-press.net\/cameroun\/","name":"Cameroun","description":"Just another Africa News Agency Sites site","potentialAction":[{"@type":"SearchAction","target":{"@type":"EntryPoint","urlTemplate":"https:\/\/www.africa-press.net\/cameroun\/?s={search_term_string}"},"query-input":{"@type":"PropertyValueSpecification","valueRequired":true,"valueName":"search_term_string"}}],"inLanguage":"fr-FR"},{"@type":"Person","@id":"https:\/\/www.africa-press.net\/cameroun\/#\/schema\/person\/2b1cf3cd81a31e3cd26889ca66d677f1","name":"cfeditorfr"}]}},"_links":{"self":[{"href":"https:\/\/www.africa-press.net\/cameroun\/wp-json\/wp\/v2\/posts\/28550","targetHints":{"allow":["GET"]}}],"collection":[{"href":"https:\/\/www.africa-press.net\/cameroun\/wp-json\/wp\/v2\/posts"}],"about":[{"href":"https:\/\/www.africa-press.net\/cameroun\/wp-json\/wp\/v2\/types\/post"}],"author":[{"embeddable":true,"href":"https:\/\/www.africa-press.net\/cameroun\/wp-json\/wp\/v2\/users\/82"}],"replies":[{"embeddable":true,"href":"https:\/\/www.africa-press.net\/cameroun\/wp-json\/wp\/v2\/comments?post=28550"}],"version-history":[{"count":0,"href":"https:\/\/www.africa-press.net\/cameroun\/wp-json\/wp\/v2\/posts\/28550\/revisions"}],"wp:featuredmedia":[{"embeddable":true,"href":"https:\/\/www.africa-press.net\/cameroun\/wp-json\/wp\/v2\/media\/28549"}],"wp:attachment":[{"href":"https:\/\/www.africa-press.net\/cameroun\/wp-json\/wp\/v2\/media?parent=28550"}],"wp:term":[{"taxonomy":"category","embeddable":true,"href":"https:\/\/www.africa-press.net\/cameroun\/wp-json\/wp\/v2\/categories?post=28550"},{"taxonomy":"post_tag","embeddable":true,"href":"https:\/\/www.africa-press.net\/cameroun\/wp-json\/wp\/v2\/tags?post=28550"}],"curies":[{"name":"wp","href":"https:\/\/api.w.org\/{rel}","templated":true}]}}