{"id":28553,"date":"2022-10-01T15:59:31","date_gmt":"2022-10-01T15:59:31","guid":{"rendered":"https:\/\/www.africa-press.net\/cameroun\/politique\/morgue-privee-ce-que-cache-le-sous-sol-du-palais-de-lunite"},"modified":"2022-10-01T16:18:18","modified_gmt":"2022-10-01T16:18:18","slug":"morgue-privee-ce-que-cache-le-sous-sol-du-palais-de-lunite","status":"publish","type":"post","link":"https:\/\/www.africa-press.net\/cameroun\/politique\/morgue-privee-ce-que-cache-le-sous-sol-du-palais-de-lunite","title":{"rendered":"Morgue priv\u00e9e : ce que cache le sous-sol du palais de l\u2019Unit\u00e9"},"content":{"rendered":"<p><span style=\"color: #ff6600\"><strong>Africa-Press &#8211; Cameroun. <\/strong><\/span>Cette de\u0301claration est de Guy Parfait Songue. Le me\u0302me qui a pre\u0301dit la mort de Paul Biya en 2018. Trois ans apre\u0300s cette prophe\u0301tie qui d&rsquo;apre\u0300s les pro-Biya, a e\u0301choue\u0301 car le pre\u0301sident Biya est toujours en vie.<\/p>\n<p>\u00ab\u00a0Mensonge!\u00a0\u00bb, crie l\u2019universitaire camerounais devenu \u00ab\u00a0Ge\u0301ne\u0301ral de Dieu\u00a0\u00bb. Il signe et persiste que Paul Biya est mort en mars 2018 et met au de\u0301fi ceux qui le taxent de fou. Il l&rsquo;a toujours clame\u0301, sa prophe\u0301tie a eu lieu seulement elle a e\u0301te\u0301 bloque\u0301e par un \u00abgang de satanistes \u00bb qui a pour but de garder le pouvoir a\u0300 tout prix et de faire croire le contraire aux Camerounais.<\/p>\n<p>Bien avant sa mort, Songue a fait des de\u0301clarations surprenantes qui rele\u0300vent des secrets du palais d&rsquo;Etoudi. \u00ab\u00a0Le palais d&rsquo;Etoudi, c&rsquo;est de\u0301ja\u0300 21 sosies de Paul Barthe\u0301lemy Biya et 3 de Chantal Biya\u00a0\u00bb, dixit Guy Parfait Songue.<\/p>\n<p>Aussi re\u0301ve\u0300le-t-il que \u00ab\u00a0le sous-sol de la Pre\u0301sidence de la Re\u0301publique transforme\u0301 en morgue ge\u0301ante, et des charniers partout, et ils brulent les corps!!!\u00a0\u00bb Ces corps dit-il appartiennent a\u0300 plusieurs officiers de haut rang de l\u2019Arme\u0301e, de la Police et de hautes personnalite\u0301s de la Re\u0301publique du Cameroun, tous de\u0301ce\u0301de\u0301s, pendant les 18 derniers mois.<\/p>\n<p>\u00ab\u00a0Que feront toutes ces familles qui vont vivre sans jamais avoir vu le corps de leur proche? Comment faire le deuil? Des centaines de familles camerounaises n&rsquo;ont pas des nouvelles des leurs depuis des anne\u0301es dans l&rsquo;arme\u0301e et la police; Pourquoi?\u00a0\u00bb.<\/p>\n<p>Le Ge\u0301ne\u0301ral de Dieu croit dur comme fer que le re\u0301gime Biya est entrain de tourner un film &lsquo;hollywoodien&rsquo; depuis trois ans sous les yeux des camerounais avec pour complices des diplomates internationaux, des journalistes locaux, des me\u0301dias internationaux paye\u0301s a\u0300 des milliards.<\/p>\n<p>Ne\u0301anmoins il rappelle a\u0300 ces gens qui profitent largement des largesses du re\u0301gime qu&rsquo;il va arriver un moment ou\u0300 les mensonges ne peuvent plus tenir et qu&rsquo;ils doivent faire face a\u0300 la re\u0301alite\u0301.<\/p>\n<p>\u00ab\u00a0Que feront certains journalistes lorsqu&rsquo;ils sauront qu&rsquo;une poigne\u0301e de confre\u0300res se sont enrichis en trompant tout le monde? Que feront les chaines les me\u0301dias qui ont rec\u0327u des milliards de francs CFA pour cacher au peuple camerounais un de\u0301ce\u0300s historique? Que feront tous ceux qui ont e\u0301te\u0301 nomme\u0301s par faux de\u0301crets depuis le 07 fe\u0301vrier 2018?Que va-t-on faire avec une se\u0301rie de Faux de\u0301crets signe\u0301s dans un pays pendant plus de trois ans, dans tous les domaines?\u00a0\u00bb, se questionne-t-il.<\/p>\n<p>A l&rsquo;en croire le vrai the\u0301atre au Cameroun de\u0301bute lors de la de\u0301le\u0301gation permanente de signature de Paul Biya a\u0300 Ferdinand Ngoh Ngoh en fe\u0301vrier 2019 car dit-il \u00ab\u00a0lors de l&rsquo;e\u0301vacuation pour Paris le matin du 04 fe\u0301vrier 2018, Paul Biya e\u0301tait de\u0301ja\u0300 inconscient. En janvier 2018, il ne marchait plus, et oubliait presque tout, mais il savait qui l&rsquo;avait empoisonne\u0301 pendant longtemps. Deja\u0300 fin mars, il n&rsquo;est plus\u00a0\u00bb.<\/p>\n<p>Donc les Camerounais subissent \u00ab\u00a03 ans et 3 mois d&rsquo;ille\u0301galite\u0301 absolue, de faux, d&rsquo;usage de faux; un scandale d&rsquo;Etat sans pre\u0301ce\u0301dent dans l&rsquo;histoire de l&rsquo;humanite\u0301!\u00a0\u00bb, affirme-t-il avant de pre\u0301ciser que \u00ab\u00a0le re\u0301veil des incre\u0301dules sera tre\u0300s douloureux, car depuis le de\u0301part toutes les preuves mate\u0301rielles e\u0301taient publie\u0301es depuis le 07 fe\u0301vrier 2018, ils nous ont eux-me\u0302mes offert les preuves de la mort de Biya; mais personne n&rsquo;y faisait attention\u00a0\u00bb.<\/p>\n<p><strong>Pour plus d&rsquo;informations et d&rsquo;analyses sur la <a href=\"https:\/\/www.africa-press.net\/cameroun\">Cameroun<\/a>, suivez <a href=\"https:\/\/www.africa-press.net\/\">Africa-Press<\/a><\/strong><\/p>\n","protected":false},"excerpt":{"rendered":"<p>Africa-Press &#8211; Cameroun. Cette de\u0301claration est de Guy Parfait Songue. Le me\u0302me qui a pre\u0301dit la mort de Paul Biya en 2018. Trois ans apre\u0300s cette prophe\u0301tie qui d&rsquo;apre\u0300s les pro-Biya, a e\u0301choue\u0301 car le pre\u0301sident Biya est toujours en vie. \u00ab\u00a0Mensonge!\u00a0\u00bb, crie l\u2019universitaire camerounais devenu \u00ab\u00a0Ge\u0301ne\u0301ral de Dieu\u00a0\u00bb. Il signe et persiste que Paul [&hellip;]<\/p>\n","protected":false},"author":82,"featured_media":28552,"comment_status":"open","ping_status":"closed","sticky":false,"template":"","format":"standard","meta":{"footnotes":""},"categories":[7,2,10],"tags":[36,50,49],"class_list":["post-28553","post","type-post","status-publish","format-standard","has-post-thumbnail","hentry","category-dossiers","category-politique","category-toutes-les-actualites","tag-africa-press","tag-africa-press-cameroun","tag-cameroun"],"yoast_head":"<!-- This site is optimized with the Yoast SEO Premium plugin v26.1 (Yoast SEO v27.0) - https:\/\/yoast.com\/product\/yoast-seo-premium-wordpress\/ -->\n<title>Morgue priv\u00e9e : ce que cache le sous-sol du palais de l\u2019Unit\u00e9 - Cameroun<\/title>\n<meta name=\"description\" content=\"Cette de\u0301claration est de Guy Parfait Songue. Le me\u0302me qui a pre\u0301dit la mort de Paul Biya en 2018. Trois ans apre\u0300s cett ...\" \/>\n<meta name=\"robots\" content=\"index, follow, max-snippet:-1, max-image-preview:large, max-video-preview:-1\" \/>\n<link rel=\"canonical\" href=\"https:\/\/www.africa-press.net\/cameroun\/politique\/morgue-privee-ce-que-cache-le-sous-sol-du-palais-de-lunite\" \/>\n<meta property=\"og:locale\" content=\"fr_FR\" \/>\n<meta property=\"og:type\" content=\"article\" \/>\n<meta property=\"og:title\" content=\"Morgue priv\u00e9e : ce que cache le sous-sol du palais de l\u2019Unit\u00e9\" \/>\n<meta property=\"og:description\" content=\"Cette de\u0301claration est de Guy Parfait Songue. Le me\u0302me qui a pre\u0301dit la mort de Paul Biya en 2018. Trois ans apre\u0300s cett ...\" \/>\n<meta property=\"og:url\" content=\"https:\/\/www.africa-press.net\/cameroun\/politique\/morgue-privee-ce-que-cache-le-sous-sol-du-palais-de-lunite\" \/>\n<meta property=\"og:site_name\" content=\"Cameroun\" \/>\n<meta property=\"article:published_time\" content=\"2022-10-01T15:59:31+00:00\" \/>\n<meta property=\"article:modified_time\" content=\"2022-10-01T16:18:18+00:00\" \/>\n<meta property=\"og:image\" content=\"https:\/\/static.africa-press.net\/cameroun\/sites\/57\/2022\/10\/postQueueImg_5.jpg\" \/>\n\t<meta property=\"og:image:width\" content=\"600\" \/>\n\t<meta property=\"og:image:height\" content=\"397\" \/>\n\t<meta property=\"og:image:type\" content=\"image\/jpeg\" \/>\n<meta name=\"author\" content=\"cfeditorfr\" \/>\n<meta name=\"twitter:card\" content=\"summary_large_image\" \/>\n<meta name=\"twitter:label1\" content=\"\u00c9crit par\" \/>\n\t<meta name=\"twitter:data1\" content=\"cfeditorfr\" \/>\n\t<meta name=\"twitter:label2\" content=\"Dur\u00e9e de lecture estim\u00e9e\" \/>\n\t<meta name=\"twitter:data2\" content=\"3 minutes\" \/>\n<script type=\"application\/ld+json\" class=\"yoast-schema-graph\">{\"@context\":\"https:\/\/schema.org\",\"@graph\":[{\"@type\":\"Article\",\"@id\":\"https:\/\/www.africa-press.net\/cameroun\/politique\/morgue-privee-ce-que-cache-le-sous-sol-du-palais-de-lunite#article\",\"isPartOf\":{\"@id\":\"https:\/\/www.africa-press.net\/cameroun\/politique\/morgue-privee-ce-que-cache-le-sous-sol-du-palais-de-lunite\"},\"author\":{\"name\":\"cfeditorfr\",\"@id\":\"https:\/\/www.africa-press.net\/cameroun\/#\/schema\/person\/2b1cf3cd81a31e3cd26889ca66d677f1\"},\"headline\":\"Morgue priv\u00e9e : ce que cache le sous-sol du palais de l\u2019Unit\u00e9\",\"datePublished\":\"2022-10-01T15:59:31+00:00\",\"dateModified\":\"2022-10-01T16:18:18+00:00\",\"mainEntityOfPage\":{\"@id\":\"https:\/\/www.africa-press.net\/cameroun\/politique\/morgue-privee-ce-que-cache-le-sous-sol-du-palais-de-lunite\"},\"wordCount\":643,\"commentCount\":0,\"image\":{\"@id\":\"https:\/\/www.africa-press.net\/cameroun\/politique\/morgue-privee-ce-que-cache-le-sous-sol-du-palais-de-lunite#primaryimage\"},\"thumbnailUrl\":\"https:\/\/static.africa-press.net\/cameroun\/sites\/57\/2022\/10\/postQueueImg_5.jpg\",\"keywords\":[\"Africa Press\",\"Africa Press-Cameroun\",\"Cameroun\"],\"articleSection\":[\"Dossiers\",\"Politique\",\"Toutes les actualit\u00e9s\"],\"inLanguage\":\"fr-FR\",\"potentialAction\":[{\"@type\":\"CommentAction\",\"name\":\"Comment\",\"target\":[\"https:\/\/www.africa-press.net\/cameroun\/politique\/morgue-privee-ce-que-cache-le-sous-sol-du-palais-de-lunite#respond\"]}]},{\"@type\":\"WebPage\",\"@id\":\"https:\/\/www.africa-press.net\/cameroun\/politique\/morgue-privee-ce-que-cache-le-sous-sol-du-palais-de-lunite\",\"url\":\"https:\/\/www.africa-press.net\/cameroun\/politique\/morgue-privee-ce-que-cache-le-sous-sol-du-palais-de-lunite\",\"name\":\"Morgue priv\u00e9e : ce que cache le sous-sol du palais de l\u2019Unit\u00e9 - Cameroun\",\"isPartOf\":{\"@id\":\"https:\/\/www.africa-press.net\/cameroun\/#website\"},\"primaryImageOfPage\":{\"@id\":\"https:\/\/www.africa-press.net\/cameroun\/politique\/morgue-privee-ce-que-cache-le-sous-sol-du-palais-de-lunite#primaryimage\"},\"image\":{\"@id\":\"https:\/\/www.africa-press.net\/cameroun\/politique\/morgue-privee-ce-que-cache-le-sous-sol-du-palais-de-lunite#primaryimage\"},\"thumbnailUrl\":\"https:\/\/static.africa-press.net\/cameroun\/sites\/57\/2022\/10\/postQueueImg_5.jpg\",\"datePublished\":\"2022-10-01T15:59:31+00:00\",\"dateModified\":\"2022-10-01T16:18:18+00:00\",\"author\":{\"@id\":\"https:\/\/www.africa-press.net\/cameroun\/#\/schema\/person\/2b1cf3cd81a31e3cd26889ca66d677f1\"},\"description\":\"Cette de\u0301claration est de Guy Parfait Songue. Le me\u0302me qui a pre\u0301dit la mort de Paul Biya en 2018. Trois ans apre\u0300s cett ...\",\"breadcrumb\":{\"@id\":\"https:\/\/www.africa-press.net\/cameroun\/politique\/morgue-privee-ce-que-cache-le-sous-sol-du-palais-de-lunite#breadcrumb\"},\"inLanguage\":\"fr-FR\",\"potentialAction\":[{\"@type\":\"ReadAction\",\"target\":[\"https:\/\/www.africa-press.net\/cameroun\/politique\/morgue-privee-ce-que-cache-le-sous-sol-du-palais-de-lunite\"]}]},{\"@type\":\"ImageObject\",\"inLanguage\":\"fr-FR\",\"@id\":\"https:\/\/www.africa-press.net\/cameroun\/politique\/morgue-privee-ce-que-cache-le-sous-sol-du-palais-de-lunite#primaryimage\",\"url\":\"https:\/\/static.africa-press.net\/cameroun\/sites\/57\/2022\/10\/postQueueImg_5.jpg\",\"contentUrl\":\"https:\/\/static.africa-press.net\/cameroun\/sites\/57\/2022\/10\/postQueueImg_5.jpg\",\"width\":600,\"height\":397,\"caption\":\"Morgue priv\u00e9e : ce que cache le sous-sol du palais de l\u2019Unit\u00e9\"},{\"@type\":\"BreadcrumbList\",\"@id\":\"https:\/\/www.africa-press.net\/cameroun\/politique\/morgue-privee-ce-que-cache-le-sous-sol-du-palais-de-lunite#breadcrumb\",\"itemListElement\":[{\"@type\":\"ListItem\",\"position\":1,\"name\":\"Accueil\",\"item\":\"https:\/\/www.africa-press.net\/cameroun\/\"},{\"@type\":\"ListItem\",\"position\":2,\"name\":\"Morgue priv\u00e9e : ce que cache le sous-sol du palais de l\u2019Unit\u00e9\"}]},{\"@type\":\"WebSite\",\"@id\":\"https:\/\/www.africa-press.net\/cameroun\/#website\",\"url\":\"https:\/\/www.africa-press.net\/cameroun\/\",\"name\":\"Cameroun\",\"description\":\"Just another Africa News Agency Sites site\",\"potentialAction\":[{\"@type\":\"SearchAction\",\"target\":{\"@type\":\"EntryPoint\",\"urlTemplate\":\"https:\/\/www.africa-press.net\/cameroun\/?s={search_term_string}\"},\"query-input\":{\"@type\":\"PropertyValueSpecification\",\"valueRequired\":true,\"valueName\":\"search_term_string\"}}],\"inLanguage\":\"fr-FR\"},{\"@type\":\"Person\",\"@id\":\"https:\/\/www.africa-press.net\/cameroun\/#\/schema\/person\/2b1cf3cd81a31e3cd26889ca66d677f1\",\"name\":\"cfeditorfr\"}]}<\/script>\n<!-- \/ Yoast SEO Premium plugin. -->","yoast_head_json":{"title":"Morgue priv\u00e9e : ce que cache le sous-sol du palais de l\u2019Unit\u00e9 - Cameroun","description":"Cette de\u0301claration est de Guy Parfait Songue. Le me\u0302me qui a pre\u0301dit la mort de Paul Biya en 2018. Trois ans apre\u0300s cett ...","robots":{"index":"index","follow":"follow","max-snippet":"max-snippet:-1","max-image-preview":"max-image-preview:large","max-video-preview":"max-video-preview:-1"},"canonical":"https:\/\/www.africa-press.net\/cameroun\/politique\/morgue-privee-ce-que-cache-le-sous-sol-du-palais-de-lunite","og_locale":"fr_FR","og_type":"article","og_title":"Morgue priv\u00e9e : ce que cache le sous-sol du palais de l\u2019Unit\u00e9","og_description":"Cette de\u0301claration est de Guy Parfait Songue. Le me\u0302me qui a pre\u0301dit la mort de Paul Biya en 2018. Trois ans apre\u0300s cett ...","og_url":"https:\/\/www.africa-press.net\/cameroun\/politique\/morgue-privee-ce-que-cache-le-sous-sol-du-palais-de-lunite","og_site_name":"Cameroun","article_published_time":"2022-10-01T15:59:31+00:00","article_modified_time":"2022-10-01T16:18:18+00:00","og_image":[{"width":600,"height":397,"url":"https:\/\/static.africa-press.net\/cameroun\/sites\/57\/2022\/10\/postQueueImg_5.jpg","type":"image\/jpeg"}],"author":"cfeditorfr","twitter_card":"summary_large_image","twitter_misc":{"\u00c9crit par":"cfeditorfr","Dur\u00e9e de lecture estim\u00e9e":"3 minutes"},"schema":{"@context":"https:\/\/schema.org","@graph":[{"@type":"Article","@id":"https:\/\/www.africa-press.net\/cameroun\/politique\/morgue-privee-ce-que-cache-le-sous-sol-du-palais-de-lunite#article","isPartOf":{"@id":"https:\/\/www.africa-press.net\/cameroun\/politique\/morgue-privee-ce-que-cache-le-sous-sol-du-palais-de-lunite"},"author":{"name":"cfeditorfr","@id":"https:\/\/www.africa-press.net\/cameroun\/#\/schema\/person\/2b1cf3cd81a31e3cd26889ca66d677f1"},"headline":"Morgue priv\u00e9e : ce que cache le sous-sol du palais de l\u2019Unit\u00e9","datePublished":"2022-10-01T15:59:31+00:00","dateModified":"2022-10-01T16:18:18+00:00","mainEntityOfPage":{"@id":"https:\/\/www.africa-press.net\/cameroun\/politique\/morgue-privee-ce-que-cache-le-sous-sol-du-palais-de-lunite"},"wordCount":643,"commentCount":0,"image":{"@id":"https:\/\/www.africa-press.net\/cameroun\/politique\/morgue-privee-ce-que-cache-le-sous-sol-du-palais-de-lunite#primaryimage"},"thumbnailUrl":"https:\/\/static.africa-press.net\/cameroun\/sites\/57\/2022\/10\/postQueueImg_5.jpg","keywords":["Africa Press","Africa Press-Cameroun","Cameroun"],"articleSection":["Dossiers","Politique","Toutes les actualit\u00e9s"],"inLanguage":"fr-FR","potentialAction":[{"@type":"CommentAction","name":"Comment","target":["https:\/\/www.africa-press.net\/cameroun\/politique\/morgue-privee-ce-que-cache-le-sous-sol-du-palais-de-lunite#respond"]}]},{"@type":"WebPage","@id":"https:\/\/www.africa-press.net\/cameroun\/politique\/morgue-privee-ce-que-cache-le-sous-sol-du-palais-de-lunite","url":"https:\/\/www.africa-press.net\/cameroun\/politique\/morgue-privee-ce-que-cache-le-sous-sol-du-palais-de-lunite","name":"Morgue priv\u00e9e : ce que cache le sous-sol du palais de l\u2019Unit\u00e9 - Cameroun","isPartOf":{"@id":"https:\/\/www.africa-press.net\/cameroun\/#website"},"primaryImageOfPage":{"@id":"https:\/\/www.africa-press.net\/cameroun\/politique\/morgue-privee-ce-que-cache-le-sous-sol-du-palais-de-lunite#primaryimage"},"image":{"@id":"https:\/\/www.africa-press.net\/cameroun\/politique\/morgue-privee-ce-que-cache-le-sous-sol-du-palais-de-lunite#primaryimage"},"thumbnailUrl":"https:\/\/static.africa-press.net\/cameroun\/sites\/57\/2022\/10\/postQueueImg_5.jpg","datePublished":"2022-10-01T15:59:31+00:00","dateModified":"2022-10-01T16:18:18+00:00","author":{"@id":"https:\/\/www.africa-press.net\/cameroun\/#\/schema\/person\/2b1cf3cd81a31e3cd26889ca66d677f1"},"description":"Cette de\u0301claration est de Guy Parfait Songue. Le me\u0302me qui a pre\u0301dit la mort de Paul Biya en 2018. Trois ans apre\u0300s cett ...","breadcrumb":{"@id":"https:\/\/www.africa-press.net\/cameroun\/politique\/morgue-privee-ce-que-cache-le-sous-sol-du-palais-de-lunite#breadcrumb"},"inLanguage":"fr-FR","potentialAction":[{"@type":"ReadAction","target":["https:\/\/www.africa-press.net\/cameroun\/politique\/morgue-privee-ce-que-cache-le-sous-sol-du-palais-de-lunite"]}]},{"@type":"ImageObject","inLanguage":"fr-FR","@id":"https:\/\/www.africa-press.net\/cameroun\/politique\/morgue-privee-ce-que-cache-le-sous-sol-du-palais-de-lunite#primaryimage","url":"https:\/\/static.africa-press.net\/cameroun\/sites\/57\/2022\/10\/postQueueImg_5.jpg","contentUrl":"https:\/\/static.africa-press.net\/cameroun\/sites\/57\/2022\/10\/postQueueImg_5.jpg","width":600,"height":397,"caption":"Morgue priv\u00e9e : ce que cache le sous-sol du palais de l\u2019Unit\u00e9"},{"@type":"BreadcrumbList","@id":"https:\/\/www.africa-press.net\/cameroun\/politique\/morgue-privee-ce-que-cache-le-sous-sol-du-palais-de-lunite#breadcrumb","itemListElement":[{"@type":"ListItem","position":1,"name":"Accueil","item":"https:\/\/www.africa-press.net\/cameroun\/"},{"@type":"ListItem","position":2,"name":"Morgue priv\u00e9e : ce que cache le sous-sol du palais de l\u2019Unit\u00e9"}]},{"@type":"WebSite","@id":"https:\/\/www.africa-press.net\/cameroun\/#website","url":"https:\/\/www.africa-press.net\/cameroun\/","name":"Cameroun","description":"Just another Africa News Agency Sites site","potentialAction":[{"@type":"SearchAction","target":{"@type":"EntryPoint","urlTemplate":"https:\/\/www.africa-press.net\/cameroun\/?s={search_term_string}"},"query-input":{"@type":"PropertyValueSpecification","valueRequired":true,"valueName":"search_term_string"}}],"inLanguage":"fr-FR"},{"@type":"Person","@id":"https:\/\/www.africa-press.net\/cameroun\/#\/schema\/person\/2b1cf3cd81a31e3cd26889ca66d677f1","name":"cfeditorfr"}]}},"_links":{"self":[{"href":"https:\/\/www.africa-press.net\/cameroun\/wp-json\/wp\/v2\/posts\/28553","targetHints":{"allow":["GET"]}}],"collection":[{"href":"https:\/\/www.africa-press.net\/cameroun\/wp-json\/wp\/v2\/posts"}],"about":[{"href":"https:\/\/www.africa-press.net\/cameroun\/wp-json\/wp\/v2\/types\/post"}],"author":[{"embeddable":true,"href":"https:\/\/www.africa-press.net\/cameroun\/wp-json\/wp\/v2\/users\/82"}],"replies":[{"embeddable":true,"href":"https:\/\/www.africa-press.net\/cameroun\/wp-json\/wp\/v2\/comments?post=28553"}],"version-history":[{"count":0,"href":"https:\/\/www.africa-press.net\/cameroun\/wp-json\/wp\/v2\/posts\/28553\/revisions"}],"wp:featuredmedia":[{"embeddable":true,"href":"https:\/\/www.africa-press.net\/cameroun\/wp-json\/wp\/v2\/media\/28552"}],"wp:attachment":[{"href":"https:\/\/www.africa-press.net\/cameroun\/wp-json\/wp\/v2\/media?parent=28553"}],"wp:term":[{"taxonomy":"category","embeddable":true,"href":"https:\/\/www.africa-press.net\/cameroun\/wp-json\/wp\/v2\/categories?post=28553"},{"taxonomy":"post_tag","embeddable":true,"href":"https:\/\/www.africa-press.net\/cameroun\/wp-json\/wp\/v2\/tags?post=28553"}],"curies":[{"name":"wp","href":"https:\/\/api.w.org\/{rel}","templated":true}]}}