{"id":2858,"date":"2021-04-30T18:56:44","date_gmt":"2021-04-30T18:56:44","guid":{"rendered":"https:\/\/www.africa-press.net\/cameroun\/politique\/cameroun-rapatriement-de-corps-lunion-des-camerounais-de-letranger-lance-le-reseau-retour-aux-sources"},"modified":"2021-04-30T21:16:31","modified_gmt":"2021-04-30T21:16:31","slug":"cameroun-rapatriement-de-corps-lunion-des-camerounais-de-letranger-lance-le-reseau-retour-aux-sources","status":"publish","type":"post","link":"https:\/\/www.africa-press.net\/cameroun\/politique\/cameroun-rapatriement-de-corps-lunion-des-camerounais-de-letranger-lance-le-reseau-retour-aux-sources","title":{"rendered":"Cameroun &#8211; Rapatriement de corps: L\u2019Union des Camerounais de l\u2019Etranger lance le r\u00e9seau \u00abRetour aux sources\u00bb"},"content":{"rendered":"<p><span style=\"color: #ff6600\"><strong><a href=\"https:\/\/www.africa-press.net\/\">Africa-Press<\/a> &#8211; <a href=\"https:\/\/www.africa-press.net\/cameroun\">Cameroun<\/a>. <\/strong><\/span>Mettre fin aux multiples qu\u00eates financi\u00e8res organis\u00e9es dans le but de soutenir le rapatriement au pays des d\u00e9pouilles des camerounais d\u00e9c\u00e9d\u00e9s dans l\u2019Hexagone, et m\u00eame dans plusieurs pays europ\u00e9ens, c\u2019est l\u2019objectif du r\u00e9seau \u00abRetour aux sources\u00bb lanc\u00e9 par l\u2019Union des Camerounais de l\u2019Etranger (UCE).<\/p>\n<p><b>\u00abL\u2019Union des Camerounais de l\u2019Etranger a d\u00e9cid\u00e9 de prendre le taureau par les cornes et a mis sur pied un programme qui s\u2019entoure de tous les Camerounais volontaires et soucieux d\u2019\u00e9radiquer le syst\u00e8me des qu\u00eates publiques \u00e0 chaque d\u00e9c\u00e8s\u00bb, <\/b>confie Eric Golf Kouatchou, le pr\u00e9sident de l\u2019UCE, dans les colonnes du quotidien Le Messager \u00e9dition du 30 avril 2021.<\/p>\n<p>Selon ses explications, L&rsquo;UCE travaille depuis cinq ans sur l\u2019organisation de la communaut\u00e9 camerounaise de France, notamment les diff\u00e9rentes associations de camerounais qui existent \u00e0 travers le vaste territoire fran\u00e7ais. Il s\u2019agit de 128 associations qui travaillent ensemble pour le bien-\u00eatre des compatriotes. Et parmi les multiples probl\u00e8mes rencontr\u00e9s, il y a la probl\u00e9matique de rapatriement des corps.<\/p>\n<p><b>\u00abL\u2019Union des Camerounais de l\u2019Etranger veut que chaque d\u00e9c\u00e8s soit un d\u00e9c\u00e8s de la communaut\u00e9 et comme tel, interpelle chaque membre \u00e0 agir avec compassion et engagement. Plus l&rsquo;effectif augmente, moindre est la quote-part individuelle, ainsi les d\u00e9pouilles seront d\u00e9sormais rapatri\u00e9es avec dignit\u00e9 et humanisme vers leur repos \u00e9ternel et ce dans le strict respect de leurs derni\u00e8res volont\u00e9s\u00bb, <\/b>soutient le pr\u00e9sident de l\u2019UCE.<\/p>\n<p>Le dispositif est d\u00e9j\u00e0 op\u00e9rationnel et les adh\u00e9sions ont commenc\u00e9 depuis le 25 avril 2021. \u00abPour les moyens humains et de logistiques, nous travaillons avec les pr\u00e9sidents d&rsquo;associations de notre r\u00e9seau, eux, collecterons la participation de leurs adh\u00e9rents. C\u2019est le cas d\u00e9j\u00e0 \u00e0 Toulouse, Bordeaux et \u00e0 Paris. Nous avons \u00e9galement d\u00e9mat\u00e9rialis\u00e9, pour permettre aux personnes d&rsquo;adh\u00e9rer individuellement\u00bb, pr\u00e9cise-t-il.<\/p>\n<p>Pour b\u00e9n\u00e9ficier du service, il faut \u00ab\u00eatre Camerounais d&rsquo;origine. Avoir son adresse principale en Europe centrale. Etre \u00e2g\u00e9 de 10 \u00e0 75 ans; payer sa cotisation: Tarif unique d\u2019adh\u00e9sion au r\u00e9seau \u00abRetour aux sources\u00bb: 15 \u20ac (carte de membre et num\u00e9ro de matricule inclus) Participation de 5 \u20ac \u00e0 chaque d\u00e9c\u00e8s d\u2019un membre du r\u00e9seau. Participation au fonds de fonctionnement: 2 \u20ac par an\u00bb. En contrepartie: \u00abLes b\u00e9n\u00e9fices du programme \u00abRetour aux sources\u00bb: Un capital de 7500 euros pour rejoindre votre derni\u00e8re demeure au Cameroun; Certitude de la r\u00e9alisation de rapatriement; Soulager votre famille du poids financier; Soulagement au niveau des d\u00e9marches administratives\u00bb, d\u00e9taille Eric Golf Kouatchou.<\/p>\n","protected":false},"excerpt":{"rendered":"<p>Africa-Press &#8211; Cameroun. Mettre fin aux multiples qu\u00eates financi\u00e8res organis\u00e9es dans le but de soutenir le rapatriement au pays des d\u00e9pouilles des camerounais d\u00e9c\u00e9d\u00e9s dans l\u2019Hexagone, et m\u00eame dans plusieurs pays europ\u00e9ens, c\u2019est l\u2019objectif du r\u00e9seau \u00abRetour aux sources\u00bb lanc\u00e9 par l\u2019Union des Camerounais de l\u2019Etranger (UCE). \u00abL\u2019Union des Camerounais de l\u2019Etranger a d\u00e9cid\u00e9 de [&hellip;]<\/p>\n","protected":false},"author":82,"featured_media":2857,"comment_status":"open","ping_status":"closed","sticky":false,"template":"","format":"standard","meta":{"footnotes":""},"categories":[11,2,10],"tags":[36,50,49],"class_list":["post-2858","post","type-post","status-publish","format-standard","has-post-thumbnail","hentry","category-homepage-french","category-politique","category-toutes-les-actualites","tag-africa-press","tag-africa-press-cameroun","tag-cameroun"],"yoast_head":"<!-- This site is optimized with the Yoast SEO Premium plugin v26.1 (Yoast SEO v27.0) - https:\/\/yoast.com\/product\/yoast-seo-premium-wordpress\/ -->\n<title>Cameroun - Rapatriement de corps: L\u2019Union des Camerounais de l\u2019Etranger lance le r\u00e9seau \u00abRetour aux sources\u00bb - Cameroun<\/title>\n<meta name=\"description\" content=\"Mettre fin aux multiples qu\u00eates financi\u00e8res organis\u00e9es dans le but de soutenir le rapatriement au pays des d\u00e9pouilles de ...\" \/>\n<meta name=\"robots\" content=\"index, follow, max-snippet:-1, max-image-preview:large, max-video-preview:-1\" \/>\n<link rel=\"canonical\" href=\"https:\/\/www.africa-press.net\/cameroun\/politique\/cameroun-rapatriement-de-corps-lunion-des-camerounais-de-letranger-lance-le-reseau-retour-aux-sources\" \/>\n<meta property=\"og:locale\" content=\"fr_FR\" \/>\n<meta property=\"og:type\" content=\"article\" \/>\n<meta property=\"og:title\" content=\"Cameroun - Rapatriement de corps: L\u2019Union des Camerounais de l\u2019Etranger lance le r\u00e9seau \u00abRetour aux sources\u00bb\" \/>\n<meta property=\"og:description\" content=\"Mettre fin aux multiples qu\u00eates financi\u00e8res organis\u00e9es dans le but de soutenir le rapatriement au pays des d\u00e9pouilles de ...\" \/>\n<meta property=\"og:url\" content=\"https:\/\/www.africa-press.net\/cameroun\/politique\/cameroun-rapatriement-de-corps-lunion-des-camerounais-de-letranger-lance-le-reseau-retour-aux-sources\" \/>\n<meta property=\"og:site_name\" content=\"Cameroun\" \/>\n<meta property=\"article:published_time\" content=\"2021-04-30T18:56:44+00:00\" \/>\n<meta property=\"article:modified_time\" content=\"2021-04-30T21:16:31+00:00\" \/>\n<meta property=\"og:image\" content=\"https:\/\/static.africa-press.net\/cameroun\/sites\/57\/2021\/04\/img-608c7249bc6d4.jpg\" \/>\n\t<meta property=\"og:image:width\" content=\"800\" \/>\n\t<meta property=\"og:image:height\" content=\"374\" \/>\n\t<meta property=\"og:image:type\" content=\"image\/jpeg\" \/>\n<meta name=\"author\" content=\"cfeditorfr\" \/>\n<meta name=\"twitter:card\" content=\"summary_large_image\" \/>\n<meta name=\"twitter:label1\" content=\"\u00c9crit par\" \/>\n\t<meta name=\"twitter:data1\" content=\"cfeditorfr\" \/>\n\t<meta name=\"twitter:label2\" content=\"Dur\u00e9e de lecture estim\u00e9e\" \/>\n\t<meta name=\"twitter:data2\" content=\"2 minutes\" \/>\n<script type=\"application\/ld+json\" class=\"yoast-schema-graph\">{\"@context\":\"https:\/\/schema.org\",\"@graph\":[{\"@type\":\"Article\",\"@id\":\"https:\/\/www.africa-press.net\/cameroun\/politique\/cameroun-rapatriement-de-corps-lunion-des-camerounais-de-letranger-lance-le-reseau-retour-aux-sources#article\",\"isPartOf\":{\"@id\":\"https:\/\/www.africa-press.net\/cameroun\/politique\/cameroun-rapatriement-de-corps-lunion-des-camerounais-de-letranger-lance-le-reseau-retour-aux-sources\"},\"author\":{\"name\":\"cfeditorfr\",\"@id\":\"https:\/\/www.africa-press.net\/cameroun\/#\/schema\/person\/2b1cf3cd81a31e3cd26889ca66d677f1\"},\"headline\":\"Cameroun &#8211; Rapatriement de corps: L\u2019Union des Camerounais de l\u2019Etranger lance le r\u00e9seau \u00abRetour aux sources\u00bb\",\"datePublished\":\"2021-04-30T18:56:44+00:00\",\"dateModified\":\"2021-04-30T21:16:31+00:00\",\"mainEntityOfPage\":{\"@id\":\"https:\/\/www.africa-press.net\/cameroun\/politique\/cameroun-rapatriement-de-corps-lunion-des-camerounais-de-letranger-lance-le-reseau-retour-aux-sources\"},\"wordCount\":472,\"commentCount\":0,\"image\":{\"@id\":\"https:\/\/www.africa-press.net\/cameroun\/politique\/cameroun-rapatriement-de-corps-lunion-des-camerounais-de-letranger-lance-le-reseau-retour-aux-sources#primaryimage\"},\"thumbnailUrl\":\"https:\/\/static.africa-press.net\/cameroun\/sites\/57\/2021\/04\/img-608c7249bc6d4.jpg\",\"keywords\":[\"Africa Press\",\"Africa Press-Cameroun\",\"Cameroun\"],\"articleSection\":[\"homepage-french\",\"Politique\",\"Toutes les actualit\u00e9s\"],\"inLanguage\":\"fr-FR\",\"potentialAction\":[{\"@type\":\"CommentAction\",\"name\":\"Comment\",\"target\":[\"https:\/\/www.africa-press.net\/cameroun\/politique\/cameroun-rapatriement-de-corps-lunion-des-camerounais-de-letranger-lance-le-reseau-retour-aux-sources#respond\"]}]},{\"@type\":\"WebPage\",\"@id\":\"https:\/\/www.africa-press.net\/cameroun\/politique\/cameroun-rapatriement-de-corps-lunion-des-camerounais-de-letranger-lance-le-reseau-retour-aux-sources\",\"url\":\"https:\/\/www.africa-press.net\/cameroun\/politique\/cameroun-rapatriement-de-corps-lunion-des-camerounais-de-letranger-lance-le-reseau-retour-aux-sources\",\"name\":\"Cameroun - Rapatriement de corps: L\u2019Union des Camerounais de l\u2019Etranger lance le r\u00e9seau \u00abRetour aux sources\u00bb - Cameroun\",\"isPartOf\":{\"@id\":\"https:\/\/www.africa-press.net\/cameroun\/#website\"},\"primaryImageOfPage\":{\"@id\":\"https:\/\/www.africa-press.net\/cameroun\/politique\/cameroun-rapatriement-de-corps-lunion-des-camerounais-de-letranger-lance-le-reseau-retour-aux-sources#primaryimage\"},\"image\":{\"@id\":\"https:\/\/www.africa-press.net\/cameroun\/politique\/cameroun-rapatriement-de-corps-lunion-des-camerounais-de-letranger-lance-le-reseau-retour-aux-sources#primaryimage\"},\"thumbnailUrl\":\"https:\/\/static.africa-press.net\/cameroun\/sites\/57\/2021\/04\/img-608c7249bc6d4.jpg\",\"datePublished\":\"2021-04-30T18:56:44+00:00\",\"dateModified\":\"2021-04-30T21:16:31+00:00\",\"author\":{\"@id\":\"https:\/\/www.africa-press.net\/cameroun\/#\/schema\/person\/2b1cf3cd81a31e3cd26889ca66d677f1\"},\"description\":\"Mettre fin aux multiples qu\u00eates financi\u00e8res organis\u00e9es dans le but de soutenir le rapatriement au pays des d\u00e9pouilles de ...\",\"breadcrumb\":{\"@id\":\"https:\/\/www.africa-press.net\/cameroun\/politique\/cameroun-rapatriement-de-corps-lunion-des-camerounais-de-letranger-lance-le-reseau-retour-aux-sources#breadcrumb\"},\"inLanguage\":\"fr-FR\",\"potentialAction\":[{\"@type\":\"ReadAction\",\"target\":[\"https:\/\/www.africa-press.net\/cameroun\/politique\/cameroun-rapatriement-de-corps-lunion-des-camerounais-de-letranger-lance-le-reseau-retour-aux-sources\"]}]},{\"@type\":\"ImageObject\",\"inLanguage\":\"fr-FR\",\"@id\":\"https:\/\/www.africa-press.net\/cameroun\/politique\/cameroun-rapatriement-de-corps-lunion-des-camerounais-de-letranger-lance-le-reseau-retour-aux-sources#primaryimage\",\"url\":\"https:\/\/static.africa-press.net\/cameroun\/sites\/57\/2021\/04\/img-608c7249bc6d4.jpg\",\"contentUrl\":\"https:\/\/static.africa-press.net\/cameroun\/sites\/57\/2021\/04\/img-608c7249bc6d4.jpg\",\"width\":800,\"height\":374,\"caption\":\"Cameroun - Rapatriement de corps: L\u2019Union des Camerounais de l\u2019Etranger lance le r\u00e9seau \u00abRetour aux sources\u00bb\"},{\"@type\":\"BreadcrumbList\",\"@id\":\"https:\/\/www.africa-press.net\/cameroun\/politique\/cameroun-rapatriement-de-corps-lunion-des-camerounais-de-letranger-lance-le-reseau-retour-aux-sources#breadcrumb\",\"itemListElement\":[{\"@type\":\"ListItem\",\"position\":1,\"name\":\"Accueil\",\"item\":\"https:\/\/www.africa-press.net\/cameroun\/\"},{\"@type\":\"ListItem\",\"position\":2,\"name\":\"Cameroun &#8211; Rapatriement de corps: L\u2019Union des Camerounais de l\u2019Etranger lance le r\u00e9seau \u00abRetour aux sources\u00bb\"}]},{\"@type\":\"WebSite\",\"@id\":\"https:\/\/www.africa-press.net\/cameroun\/#website\",\"url\":\"https:\/\/www.africa-press.net\/cameroun\/\",\"name\":\"Cameroun\",\"description\":\"Just another Africa News Agency Sites site\",\"potentialAction\":[{\"@type\":\"SearchAction\",\"target\":{\"@type\":\"EntryPoint\",\"urlTemplate\":\"https:\/\/www.africa-press.net\/cameroun\/?s={search_term_string}\"},\"query-input\":{\"@type\":\"PropertyValueSpecification\",\"valueRequired\":true,\"valueName\":\"search_term_string\"}}],\"inLanguage\":\"fr-FR\"},{\"@type\":\"Person\",\"@id\":\"https:\/\/www.africa-press.net\/cameroun\/#\/schema\/person\/2b1cf3cd81a31e3cd26889ca66d677f1\",\"name\":\"cfeditorfr\"}]}<\/script>\n<!-- \/ Yoast SEO Premium plugin. -->","yoast_head_json":{"title":"Cameroun - Rapatriement de corps: L\u2019Union des Camerounais de l\u2019Etranger lance le r\u00e9seau \u00abRetour aux sources\u00bb - Cameroun","description":"Mettre fin aux multiples qu\u00eates financi\u00e8res organis\u00e9es dans le but de soutenir le rapatriement au pays des d\u00e9pouilles de ...","robots":{"index":"index","follow":"follow","max-snippet":"max-snippet:-1","max-image-preview":"max-image-preview:large","max-video-preview":"max-video-preview:-1"},"canonical":"https:\/\/www.africa-press.net\/cameroun\/politique\/cameroun-rapatriement-de-corps-lunion-des-camerounais-de-letranger-lance-le-reseau-retour-aux-sources","og_locale":"fr_FR","og_type":"article","og_title":"Cameroun - Rapatriement de corps: L\u2019Union des Camerounais de l\u2019Etranger lance le r\u00e9seau \u00abRetour aux sources\u00bb","og_description":"Mettre fin aux multiples qu\u00eates financi\u00e8res organis\u00e9es dans le but de soutenir le rapatriement au pays des d\u00e9pouilles de ...","og_url":"https:\/\/www.africa-press.net\/cameroun\/politique\/cameroun-rapatriement-de-corps-lunion-des-camerounais-de-letranger-lance-le-reseau-retour-aux-sources","og_site_name":"Cameroun","article_published_time":"2021-04-30T18:56:44+00:00","article_modified_time":"2021-04-30T21:16:31+00:00","og_image":[{"width":800,"height":374,"url":"https:\/\/static.africa-press.net\/cameroun\/sites\/57\/2021\/04\/img-608c7249bc6d4.jpg","type":"image\/jpeg"}],"author":"cfeditorfr","twitter_card":"summary_large_image","twitter_misc":{"\u00c9crit par":"cfeditorfr","Dur\u00e9e de lecture estim\u00e9e":"2 minutes"},"schema":{"@context":"https:\/\/schema.org","@graph":[{"@type":"Article","@id":"https:\/\/www.africa-press.net\/cameroun\/politique\/cameroun-rapatriement-de-corps-lunion-des-camerounais-de-letranger-lance-le-reseau-retour-aux-sources#article","isPartOf":{"@id":"https:\/\/www.africa-press.net\/cameroun\/politique\/cameroun-rapatriement-de-corps-lunion-des-camerounais-de-letranger-lance-le-reseau-retour-aux-sources"},"author":{"name":"cfeditorfr","@id":"https:\/\/www.africa-press.net\/cameroun\/#\/schema\/person\/2b1cf3cd81a31e3cd26889ca66d677f1"},"headline":"Cameroun &#8211; Rapatriement de corps: L\u2019Union des Camerounais de l\u2019Etranger lance le r\u00e9seau \u00abRetour aux sources\u00bb","datePublished":"2021-04-30T18:56:44+00:00","dateModified":"2021-04-30T21:16:31+00:00","mainEntityOfPage":{"@id":"https:\/\/www.africa-press.net\/cameroun\/politique\/cameroun-rapatriement-de-corps-lunion-des-camerounais-de-letranger-lance-le-reseau-retour-aux-sources"},"wordCount":472,"commentCount":0,"image":{"@id":"https:\/\/www.africa-press.net\/cameroun\/politique\/cameroun-rapatriement-de-corps-lunion-des-camerounais-de-letranger-lance-le-reseau-retour-aux-sources#primaryimage"},"thumbnailUrl":"https:\/\/static.africa-press.net\/cameroun\/sites\/57\/2021\/04\/img-608c7249bc6d4.jpg","keywords":["Africa Press","Africa Press-Cameroun","Cameroun"],"articleSection":["homepage-french","Politique","Toutes les actualit\u00e9s"],"inLanguage":"fr-FR","potentialAction":[{"@type":"CommentAction","name":"Comment","target":["https:\/\/www.africa-press.net\/cameroun\/politique\/cameroun-rapatriement-de-corps-lunion-des-camerounais-de-letranger-lance-le-reseau-retour-aux-sources#respond"]}]},{"@type":"WebPage","@id":"https:\/\/www.africa-press.net\/cameroun\/politique\/cameroun-rapatriement-de-corps-lunion-des-camerounais-de-letranger-lance-le-reseau-retour-aux-sources","url":"https:\/\/www.africa-press.net\/cameroun\/politique\/cameroun-rapatriement-de-corps-lunion-des-camerounais-de-letranger-lance-le-reseau-retour-aux-sources","name":"Cameroun - Rapatriement de corps: L\u2019Union des Camerounais de l\u2019Etranger lance le r\u00e9seau \u00abRetour aux sources\u00bb - Cameroun","isPartOf":{"@id":"https:\/\/www.africa-press.net\/cameroun\/#website"},"primaryImageOfPage":{"@id":"https:\/\/www.africa-press.net\/cameroun\/politique\/cameroun-rapatriement-de-corps-lunion-des-camerounais-de-letranger-lance-le-reseau-retour-aux-sources#primaryimage"},"image":{"@id":"https:\/\/www.africa-press.net\/cameroun\/politique\/cameroun-rapatriement-de-corps-lunion-des-camerounais-de-letranger-lance-le-reseau-retour-aux-sources#primaryimage"},"thumbnailUrl":"https:\/\/static.africa-press.net\/cameroun\/sites\/57\/2021\/04\/img-608c7249bc6d4.jpg","datePublished":"2021-04-30T18:56:44+00:00","dateModified":"2021-04-30T21:16:31+00:00","author":{"@id":"https:\/\/www.africa-press.net\/cameroun\/#\/schema\/person\/2b1cf3cd81a31e3cd26889ca66d677f1"},"description":"Mettre fin aux multiples qu\u00eates financi\u00e8res organis\u00e9es dans le but de soutenir le rapatriement au pays des d\u00e9pouilles de ...","breadcrumb":{"@id":"https:\/\/www.africa-press.net\/cameroun\/politique\/cameroun-rapatriement-de-corps-lunion-des-camerounais-de-letranger-lance-le-reseau-retour-aux-sources#breadcrumb"},"inLanguage":"fr-FR","potentialAction":[{"@type":"ReadAction","target":["https:\/\/www.africa-press.net\/cameroun\/politique\/cameroun-rapatriement-de-corps-lunion-des-camerounais-de-letranger-lance-le-reseau-retour-aux-sources"]}]},{"@type":"ImageObject","inLanguage":"fr-FR","@id":"https:\/\/www.africa-press.net\/cameroun\/politique\/cameroun-rapatriement-de-corps-lunion-des-camerounais-de-letranger-lance-le-reseau-retour-aux-sources#primaryimage","url":"https:\/\/static.africa-press.net\/cameroun\/sites\/57\/2021\/04\/img-608c7249bc6d4.jpg","contentUrl":"https:\/\/static.africa-press.net\/cameroun\/sites\/57\/2021\/04\/img-608c7249bc6d4.jpg","width":800,"height":374,"caption":"Cameroun - Rapatriement de corps: L\u2019Union des Camerounais de l\u2019Etranger lance le r\u00e9seau \u00abRetour aux sources\u00bb"},{"@type":"BreadcrumbList","@id":"https:\/\/www.africa-press.net\/cameroun\/politique\/cameroun-rapatriement-de-corps-lunion-des-camerounais-de-letranger-lance-le-reseau-retour-aux-sources#breadcrumb","itemListElement":[{"@type":"ListItem","position":1,"name":"Accueil","item":"https:\/\/www.africa-press.net\/cameroun\/"},{"@type":"ListItem","position":2,"name":"Cameroun &#8211; Rapatriement de corps: L\u2019Union des Camerounais de l\u2019Etranger lance le r\u00e9seau \u00abRetour aux sources\u00bb"}]},{"@type":"WebSite","@id":"https:\/\/www.africa-press.net\/cameroun\/#website","url":"https:\/\/www.africa-press.net\/cameroun\/","name":"Cameroun","description":"Just another Africa News Agency Sites site","potentialAction":[{"@type":"SearchAction","target":{"@type":"EntryPoint","urlTemplate":"https:\/\/www.africa-press.net\/cameroun\/?s={search_term_string}"},"query-input":{"@type":"PropertyValueSpecification","valueRequired":true,"valueName":"search_term_string"}}],"inLanguage":"fr-FR"},{"@type":"Person","@id":"https:\/\/www.africa-press.net\/cameroun\/#\/schema\/person\/2b1cf3cd81a31e3cd26889ca66d677f1","name":"cfeditorfr"}]}},"_links":{"self":[{"href":"https:\/\/www.africa-press.net\/cameroun\/wp-json\/wp\/v2\/posts\/2858","targetHints":{"allow":["GET"]}}],"collection":[{"href":"https:\/\/www.africa-press.net\/cameroun\/wp-json\/wp\/v2\/posts"}],"about":[{"href":"https:\/\/www.africa-press.net\/cameroun\/wp-json\/wp\/v2\/types\/post"}],"author":[{"embeddable":true,"href":"https:\/\/www.africa-press.net\/cameroun\/wp-json\/wp\/v2\/users\/82"}],"replies":[{"embeddable":true,"href":"https:\/\/www.africa-press.net\/cameroun\/wp-json\/wp\/v2\/comments?post=2858"}],"version-history":[{"count":0,"href":"https:\/\/www.africa-press.net\/cameroun\/wp-json\/wp\/v2\/posts\/2858\/revisions"}],"wp:featuredmedia":[{"embeddable":true,"href":"https:\/\/www.africa-press.net\/cameroun\/wp-json\/wp\/v2\/media\/2857"}],"wp:attachment":[{"href":"https:\/\/www.africa-press.net\/cameroun\/wp-json\/wp\/v2\/media?parent=2858"}],"wp:term":[{"taxonomy":"category","embeddable":true,"href":"https:\/\/www.africa-press.net\/cameroun\/wp-json\/wp\/v2\/categories?post=2858"},{"taxonomy":"post_tag","embeddable":true,"href":"https:\/\/www.africa-press.net\/cameroun\/wp-json\/wp\/v2\/tags?post=2858"}],"curies":[{"name":"wp","href":"https:\/\/api.w.org\/{rel}","templated":true}]}}