{"id":2861,"date":"2021-04-30T19:01:20","date_gmt":"2021-04-30T19:01:20","guid":{"rendered":"https:\/\/www.africa-press.net\/cameroun\/politique\/cameroun-lutte-contre-le-covid-19-pres-de-400-agents-de-la-crtv-ont-ete-testes-positifs-depuis-le-debut-de-la-pandemie"},"modified":"2021-04-30T21:11:31","modified_gmt":"2021-04-30T21:11:31","slug":"cameroun-lutte-contre-le-covid-19-pres-de-400-agents-de-la-crtv-ont-ete-testes-positifs-depuis-le-debut-de-la-pandemie","status":"publish","type":"post","link":"https:\/\/www.africa-press.net\/cameroun\/politique\/cameroun-lutte-contre-le-covid-19-pres-de-400-agents-de-la-crtv-ont-ete-testes-positifs-depuis-le-debut-de-la-pandemie","title":{"rendered":"Cameroun &#8211; Lutte contre le Covid-19: Pr\u00e8s de 400 agents de la CRTV ont \u00e9t\u00e9 test\u00e9s positifs depuis le d\u00e9but de la pand\u00e9mie"},"content":{"rendered":"<p><span style=\"color: #ff6600\"><strong><a href=\"https:\/\/www.africa-press.net\/\">Africa-Press<\/a> &#8211; <a href=\"https:\/\/www.africa-press.net\/cameroun\">Cameroun<\/a>. <\/strong><\/span>La CRTV a \u00e9t\u00e9 fortement touch\u00e9e par la pand\u00e9mie du Covid-19 qui s\u2019est signal\u00e9e sur le territoire camerounais au d\u00e9but du mois de mars 2020. Sur les 1500 agents test\u00e9s \u00e0 ce jour, pr\u00e8s de 400 ont \u00e9t\u00e9 d\u00e9clar\u00e9s positifs. Ils se portent bien apr\u00e8s les traitements qu\u2019ils ont re\u00e7us. Toutes ces informations ont \u00e9t\u00e9 communiqu\u00e9es par le comit\u00e9 d\u2019hygi\u00e8ne et de s\u00e9curit\u00e9 de la CRTV lors de la causerie \u00e9ducative sur le r\u00f4le de la sant\u00e9 en milieu professionnel en p\u00e9riode de Covid-19 organis\u00e9e au si\u00e8ge de l\u2019Office le 29 avril 2021.<\/p>\n<p>Le Poste National de la CRTV, qui a consacr\u00e9 un sujet \u00e0 l\u2019\u00e9v\u00e9nement dans son journal de 17 heures jeudi, annonce qu\u2019\u00abun plan d\u2019action anti-Covid-19 est en impl\u00e9mentation au sein du r\u00e9seau CRTV\u00bb. Il est, apprend-on, \u00abadoss\u00e9 sur les mesures barri\u00e8res \u00e9dict\u00e9es par le gouvernement et l\u2019organisation mondiale de la sant\u00e9\u00bb. Des communications sont r\u00e9guli\u00e8rement men\u00e9es en interne pour rappeler ces exigences sanitaires qui rentrent dans le plan de management du comit\u00e9 d\u2019hygi\u00e8ne et de s\u00e9curit\u00e9 de la CRTV.<\/p>\n<p>La causerie \u00e9ducative \u00e9tait centr\u00e9e sur le r\u00f4le de la sant\u00e9 en milieu professionnel en p\u00e9riode de Covid-19. Les \u00e9changes se sont d\u00e9roul\u00e9s sous la houlette du directeur g\u00e9n\u00e9ral de la CRTV, Charles Ndongo. Il coiffait un panel constitu\u00e9 de hauts responsables du minist\u00e8re du Travail et de la S\u00e9curit\u00e9 Sociale et des membres du comit\u00e9 d\u2019hygi\u00e8ne et de s\u00e9curit\u00e9 de la CRTV.<\/p>\n<p>Charles Ndongo a cependant d\u00e9plor\u00e9 la faible portion du personnel m\u00e9dical mis \u00e0 la disposition de son entreprise. \u00abOn a un seul m\u00e9decin du travail dans une structure qui au d\u00e9part comptait une centaine de personnes \u00e0 peine. La radio s\u2019y est ajout\u00e9e avec \u00e0 peu pr\u00e8s 600 personnes. Aujourd\u2019hui, les effectifs ont litt\u00e9ralement explos\u00e9. Nous sommes \u00e0 2230 personnels \u00e0 peu pr\u00e8s diss\u00e9min\u00e9s sur les quatre coins du triangle national. Il est important de savoir que la volont\u00e9 ne nous manque pas de bien encadrer les travailleurs de la CRTV\u00bb, rassure-t-il.<\/p>\n","protected":false},"excerpt":{"rendered":"<p>Africa-Press &#8211; Cameroun. La CRTV a \u00e9t\u00e9 fortement touch\u00e9e par la pand\u00e9mie du Covid-19 qui s\u2019est signal\u00e9e sur le territoire camerounais au d\u00e9but du mois de mars 2020. Sur les 1500 agents test\u00e9s \u00e0 ce jour, pr\u00e8s de 400 ont \u00e9t\u00e9 d\u00e9clar\u00e9s positifs. Ils se portent bien apr\u00e8s les traitements qu\u2019ils ont re\u00e7us. Toutes ces [&hellip;]<\/p>\n","protected":false},"author":82,"featured_media":2860,"comment_status":"open","ping_status":"closed","sticky":false,"template":"","format":"standard","meta":{"footnotes":""},"categories":[11,2,10],"tags":[36,50,49],"class_list":["post-2861","post","type-post","status-publish","format-standard","has-post-thumbnail","hentry","category-homepage-french","category-politique","category-toutes-les-actualites","tag-africa-press","tag-africa-press-cameroun","tag-cameroun"],"yoast_head":"<!-- This site is optimized with the Yoast SEO Premium plugin v26.1 (Yoast SEO v27.0) - https:\/\/yoast.com\/product\/yoast-seo-premium-wordpress\/ -->\n<title>Cameroun - Lutte contre le Covid-19: Pr\u00e8s de 400 agents de la CRTV ont \u00e9t\u00e9 test\u00e9s positifs depuis le d\u00e9but de la pand\u00e9mie - Cameroun<\/title>\n<meta name=\"description\" content=\"La CRTV a \u00e9t\u00e9 fortement touch\u00e9e par la pand\u00e9mie du Covid-19 qui s\u2019est signal\u00e9e sur le territoire camerounais au d\u00e9but du ...\" \/>\n<meta name=\"robots\" content=\"index, follow, max-snippet:-1, max-image-preview:large, max-video-preview:-1\" \/>\n<link rel=\"canonical\" href=\"https:\/\/www.africa-press.net\/cameroun\/politique\/cameroun-lutte-contre-le-covid-19-pres-de-400-agents-de-la-crtv-ont-ete-testes-positifs-depuis-le-debut-de-la-pandemie\" \/>\n<meta property=\"og:locale\" content=\"fr_FR\" \/>\n<meta property=\"og:type\" content=\"article\" \/>\n<meta property=\"og:title\" content=\"Cameroun - Lutte contre le Covid-19: Pr\u00e8s de 400 agents de la CRTV ont \u00e9t\u00e9 test\u00e9s positifs depuis le d\u00e9but de la pand\u00e9mie\" \/>\n<meta property=\"og:description\" content=\"La CRTV a \u00e9t\u00e9 fortement touch\u00e9e par la pand\u00e9mie du Covid-19 qui s\u2019est signal\u00e9e sur le territoire camerounais au d\u00e9but du ...\" \/>\n<meta property=\"og:url\" content=\"https:\/\/www.africa-press.net\/cameroun\/politique\/cameroun-lutte-contre-le-covid-19-pres-de-400-agents-de-la-crtv-ont-ete-testes-positifs-depuis-le-debut-de-la-pandemie\" \/>\n<meta property=\"og:site_name\" content=\"Cameroun\" \/>\n<meta property=\"article:published_time\" content=\"2021-04-30T19:01:20+00:00\" \/>\n<meta property=\"article:modified_time\" content=\"2021-04-30T21:11:31+00:00\" \/>\n<meta property=\"og:image\" content=\"https:\/\/static.africa-press.net\/cameroun\/sites\/57\/2021\/04\/img-608c726cc1736.jpg\" \/>\n\t<meta property=\"og:image:width\" content=\"800\" \/>\n\t<meta property=\"og:image:height\" content=\"537\" \/>\n\t<meta property=\"og:image:type\" content=\"image\/jpeg\" \/>\n<meta name=\"author\" content=\"cfeditorfr\" \/>\n<meta name=\"twitter:card\" content=\"summary_large_image\" \/>\n<meta name=\"twitter:label1\" content=\"\u00c9crit par\" \/>\n\t<meta name=\"twitter:data1\" content=\"cfeditorfr\" \/>\n\t<meta name=\"twitter:label2\" content=\"Dur\u00e9e de lecture estim\u00e9e\" \/>\n\t<meta name=\"twitter:data2\" content=\"2 minutes\" \/>\n<script type=\"application\/ld+json\" class=\"yoast-schema-graph\">{\"@context\":\"https:\/\/schema.org\",\"@graph\":[{\"@type\":\"Article\",\"@id\":\"https:\/\/www.africa-press.net\/cameroun\/politique\/cameroun-lutte-contre-le-covid-19-pres-de-400-agents-de-la-crtv-ont-ete-testes-positifs-depuis-le-debut-de-la-pandemie#article\",\"isPartOf\":{\"@id\":\"https:\/\/www.africa-press.net\/cameroun\/politique\/cameroun-lutte-contre-le-covid-19-pres-de-400-agents-de-la-crtv-ont-ete-testes-positifs-depuis-le-debut-de-la-pandemie\"},\"author\":{\"name\":\"cfeditorfr\",\"@id\":\"https:\/\/www.africa-press.net\/cameroun\/#\/schema\/person\/2b1cf3cd81a31e3cd26889ca66d677f1\"},\"headline\":\"Cameroun &#8211; Lutte contre le Covid-19: Pr\u00e8s de 400 agents de la CRTV ont \u00e9t\u00e9 test\u00e9s positifs depuis le d\u00e9but de la pand\u00e9mie\",\"datePublished\":\"2021-04-30T19:01:20+00:00\",\"dateModified\":\"2021-04-30T21:11:31+00:00\",\"mainEntityOfPage\":{\"@id\":\"https:\/\/www.africa-press.net\/cameroun\/politique\/cameroun-lutte-contre-le-covid-19-pres-de-400-agents-de-la-crtv-ont-ete-testes-positifs-depuis-le-debut-de-la-pandemie\"},\"wordCount\":401,\"commentCount\":0,\"image\":{\"@id\":\"https:\/\/www.africa-press.net\/cameroun\/politique\/cameroun-lutte-contre-le-covid-19-pres-de-400-agents-de-la-crtv-ont-ete-testes-positifs-depuis-le-debut-de-la-pandemie#primaryimage\"},\"thumbnailUrl\":\"https:\/\/static.africa-press.net\/cameroun\/sites\/57\/2021\/04\/img-608c726cc1736.jpg\",\"keywords\":[\"Africa Press\",\"Africa Press-Cameroun\",\"Cameroun\"],\"articleSection\":[\"homepage-french\",\"Politique\",\"Toutes les actualit\u00e9s\"],\"inLanguage\":\"fr-FR\",\"potentialAction\":[{\"@type\":\"CommentAction\",\"name\":\"Comment\",\"target\":[\"https:\/\/www.africa-press.net\/cameroun\/politique\/cameroun-lutte-contre-le-covid-19-pres-de-400-agents-de-la-crtv-ont-ete-testes-positifs-depuis-le-debut-de-la-pandemie#respond\"]}]},{\"@type\":\"WebPage\",\"@id\":\"https:\/\/www.africa-press.net\/cameroun\/politique\/cameroun-lutte-contre-le-covid-19-pres-de-400-agents-de-la-crtv-ont-ete-testes-positifs-depuis-le-debut-de-la-pandemie\",\"url\":\"https:\/\/www.africa-press.net\/cameroun\/politique\/cameroun-lutte-contre-le-covid-19-pres-de-400-agents-de-la-crtv-ont-ete-testes-positifs-depuis-le-debut-de-la-pandemie\",\"name\":\"Cameroun - Lutte contre le Covid-19: Pr\u00e8s de 400 agents de la CRTV ont \u00e9t\u00e9 test\u00e9s positifs depuis le d\u00e9but de la pand\u00e9mie - Cameroun\",\"isPartOf\":{\"@id\":\"https:\/\/www.africa-press.net\/cameroun\/#website\"},\"primaryImageOfPage\":{\"@id\":\"https:\/\/www.africa-press.net\/cameroun\/politique\/cameroun-lutte-contre-le-covid-19-pres-de-400-agents-de-la-crtv-ont-ete-testes-positifs-depuis-le-debut-de-la-pandemie#primaryimage\"},\"image\":{\"@id\":\"https:\/\/www.africa-press.net\/cameroun\/politique\/cameroun-lutte-contre-le-covid-19-pres-de-400-agents-de-la-crtv-ont-ete-testes-positifs-depuis-le-debut-de-la-pandemie#primaryimage\"},\"thumbnailUrl\":\"https:\/\/static.africa-press.net\/cameroun\/sites\/57\/2021\/04\/img-608c726cc1736.jpg\",\"datePublished\":\"2021-04-30T19:01:20+00:00\",\"dateModified\":\"2021-04-30T21:11:31+00:00\",\"author\":{\"@id\":\"https:\/\/www.africa-press.net\/cameroun\/#\/schema\/person\/2b1cf3cd81a31e3cd26889ca66d677f1\"},\"description\":\"La CRTV a \u00e9t\u00e9 fortement touch\u00e9e par la pand\u00e9mie du Covid-19 qui s\u2019est signal\u00e9e sur le territoire camerounais au d\u00e9but du ...\",\"breadcrumb\":{\"@id\":\"https:\/\/www.africa-press.net\/cameroun\/politique\/cameroun-lutte-contre-le-covid-19-pres-de-400-agents-de-la-crtv-ont-ete-testes-positifs-depuis-le-debut-de-la-pandemie#breadcrumb\"},\"inLanguage\":\"fr-FR\",\"potentialAction\":[{\"@type\":\"ReadAction\",\"target\":[\"https:\/\/www.africa-press.net\/cameroun\/politique\/cameroun-lutte-contre-le-covid-19-pres-de-400-agents-de-la-crtv-ont-ete-testes-positifs-depuis-le-debut-de-la-pandemie\"]}]},{\"@type\":\"ImageObject\",\"inLanguage\":\"fr-FR\",\"@id\":\"https:\/\/www.africa-press.net\/cameroun\/politique\/cameroun-lutte-contre-le-covid-19-pres-de-400-agents-de-la-crtv-ont-ete-testes-positifs-depuis-le-debut-de-la-pandemie#primaryimage\",\"url\":\"https:\/\/static.africa-press.net\/cameroun\/sites\/57\/2021\/04\/img-608c726cc1736.jpg\",\"contentUrl\":\"https:\/\/static.africa-press.net\/cameroun\/sites\/57\/2021\/04\/img-608c726cc1736.jpg\",\"width\":800,\"height\":537,\"caption\":\"Cameroun - Lutte contre le Covid-19: Pr\u00e8s de 400 agents de la CRTV ont \u00e9t\u00e9 test\u00e9s positifs depuis le d\u00e9but de la pand\u00e9mie\"},{\"@type\":\"BreadcrumbList\",\"@id\":\"https:\/\/www.africa-press.net\/cameroun\/politique\/cameroun-lutte-contre-le-covid-19-pres-de-400-agents-de-la-crtv-ont-ete-testes-positifs-depuis-le-debut-de-la-pandemie#breadcrumb\",\"itemListElement\":[{\"@type\":\"ListItem\",\"position\":1,\"name\":\"Accueil\",\"item\":\"https:\/\/www.africa-press.net\/cameroun\/\"},{\"@type\":\"ListItem\",\"position\":2,\"name\":\"Cameroun &#8211; Lutte contre le Covid-19: Pr\u00e8s de 400 agents de la CRTV ont \u00e9t\u00e9 test\u00e9s positifs depuis le d\u00e9but de la pand\u00e9mie\"}]},{\"@type\":\"WebSite\",\"@id\":\"https:\/\/www.africa-press.net\/cameroun\/#website\",\"url\":\"https:\/\/www.africa-press.net\/cameroun\/\",\"name\":\"Cameroun\",\"description\":\"Just another Africa News Agency Sites site\",\"potentialAction\":[{\"@type\":\"SearchAction\",\"target\":{\"@type\":\"EntryPoint\",\"urlTemplate\":\"https:\/\/www.africa-press.net\/cameroun\/?s={search_term_string}\"},\"query-input\":{\"@type\":\"PropertyValueSpecification\",\"valueRequired\":true,\"valueName\":\"search_term_string\"}}],\"inLanguage\":\"fr-FR\"},{\"@type\":\"Person\",\"@id\":\"https:\/\/www.africa-press.net\/cameroun\/#\/schema\/person\/2b1cf3cd81a31e3cd26889ca66d677f1\",\"name\":\"cfeditorfr\"}]}<\/script>\n<!-- \/ Yoast SEO Premium plugin. -->","yoast_head_json":{"title":"Cameroun - Lutte contre le Covid-19: Pr\u00e8s de 400 agents de la CRTV ont \u00e9t\u00e9 test\u00e9s positifs depuis le d\u00e9but de la pand\u00e9mie - Cameroun","description":"La CRTV a \u00e9t\u00e9 fortement touch\u00e9e par la pand\u00e9mie du Covid-19 qui s\u2019est signal\u00e9e sur le territoire camerounais au d\u00e9but du ...","robots":{"index":"index","follow":"follow","max-snippet":"max-snippet:-1","max-image-preview":"max-image-preview:large","max-video-preview":"max-video-preview:-1"},"canonical":"https:\/\/www.africa-press.net\/cameroun\/politique\/cameroun-lutte-contre-le-covid-19-pres-de-400-agents-de-la-crtv-ont-ete-testes-positifs-depuis-le-debut-de-la-pandemie","og_locale":"fr_FR","og_type":"article","og_title":"Cameroun - Lutte contre le Covid-19: Pr\u00e8s de 400 agents de la CRTV ont \u00e9t\u00e9 test\u00e9s positifs depuis le d\u00e9but de la pand\u00e9mie","og_description":"La CRTV a \u00e9t\u00e9 fortement touch\u00e9e par la pand\u00e9mie du Covid-19 qui s\u2019est signal\u00e9e sur le territoire camerounais au d\u00e9but du ...","og_url":"https:\/\/www.africa-press.net\/cameroun\/politique\/cameroun-lutte-contre-le-covid-19-pres-de-400-agents-de-la-crtv-ont-ete-testes-positifs-depuis-le-debut-de-la-pandemie","og_site_name":"Cameroun","article_published_time":"2021-04-30T19:01:20+00:00","article_modified_time":"2021-04-30T21:11:31+00:00","og_image":[{"width":800,"height":537,"url":"https:\/\/static.africa-press.net\/cameroun\/sites\/57\/2021\/04\/img-608c726cc1736.jpg","type":"image\/jpeg"}],"author":"cfeditorfr","twitter_card":"summary_large_image","twitter_misc":{"\u00c9crit par":"cfeditorfr","Dur\u00e9e de lecture estim\u00e9e":"2 minutes"},"schema":{"@context":"https:\/\/schema.org","@graph":[{"@type":"Article","@id":"https:\/\/www.africa-press.net\/cameroun\/politique\/cameroun-lutte-contre-le-covid-19-pres-de-400-agents-de-la-crtv-ont-ete-testes-positifs-depuis-le-debut-de-la-pandemie#article","isPartOf":{"@id":"https:\/\/www.africa-press.net\/cameroun\/politique\/cameroun-lutte-contre-le-covid-19-pres-de-400-agents-de-la-crtv-ont-ete-testes-positifs-depuis-le-debut-de-la-pandemie"},"author":{"name":"cfeditorfr","@id":"https:\/\/www.africa-press.net\/cameroun\/#\/schema\/person\/2b1cf3cd81a31e3cd26889ca66d677f1"},"headline":"Cameroun &#8211; Lutte contre le Covid-19: Pr\u00e8s de 400 agents de la CRTV ont \u00e9t\u00e9 test\u00e9s positifs depuis le d\u00e9but de la pand\u00e9mie","datePublished":"2021-04-30T19:01:20+00:00","dateModified":"2021-04-30T21:11:31+00:00","mainEntityOfPage":{"@id":"https:\/\/www.africa-press.net\/cameroun\/politique\/cameroun-lutte-contre-le-covid-19-pres-de-400-agents-de-la-crtv-ont-ete-testes-positifs-depuis-le-debut-de-la-pandemie"},"wordCount":401,"commentCount":0,"image":{"@id":"https:\/\/www.africa-press.net\/cameroun\/politique\/cameroun-lutte-contre-le-covid-19-pres-de-400-agents-de-la-crtv-ont-ete-testes-positifs-depuis-le-debut-de-la-pandemie#primaryimage"},"thumbnailUrl":"https:\/\/static.africa-press.net\/cameroun\/sites\/57\/2021\/04\/img-608c726cc1736.jpg","keywords":["Africa Press","Africa Press-Cameroun","Cameroun"],"articleSection":["homepage-french","Politique","Toutes les actualit\u00e9s"],"inLanguage":"fr-FR","potentialAction":[{"@type":"CommentAction","name":"Comment","target":["https:\/\/www.africa-press.net\/cameroun\/politique\/cameroun-lutte-contre-le-covid-19-pres-de-400-agents-de-la-crtv-ont-ete-testes-positifs-depuis-le-debut-de-la-pandemie#respond"]}]},{"@type":"WebPage","@id":"https:\/\/www.africa-press.net\/cameroun\/politique\/cameroun-lutte-contre-le-covid-19-pres-de-400-agents-de-la-crtv-ont-ete-testes-positifs-depuis-le-debut-de-la-pandemie","url":"https:\/\/www.africa-press.net\/cameroun\/politique\/cameroun-lutte-contre-le-covid-19-pres-de-400-agents-de-la-crtv-ont-ete-testes-positifs-depuis-le-debut-de-la-pandemie","name":"Cameroun - Lutte contre le Covid-19: Pr\u00e8s de 400 agents de la CRTV ont \u00e9t\u00e9 test\u00e9s positifs depuis le d\u00e9but de la pand\u00e9mie - Cameroun","isPartOf":{"@id":"https:\/\/www.africa-press.net\/cameroun\/#website"},"primaryImageOfPage":{"@id":"https:\/\/www.africa-press.net\/cameroun\/politique\/cameroun-lutte-contre-le-covid-19-pres-de-400-agents-de-la-crtv-ont-ete-testes-positifs-depuis-le-debut-de-la-pandemie#primaryimage"},"image":{"@id":"https:\/\/www.africa-press.net\/cameroun\/politique\/cameroun-lutte-contre-le-covid-19-pres-de-400-agents-de-la-crtv-ont-ete-testes-positifs-depuis-le-debut-de-la-pandemie#primaryimage"},"thumbnailUrl":"https:\/\/static.africa-press.net\/cameroun\/sites\/57\/2021\/04\/img-608c726cc1736.jpg","datePublished":"2021-04-30T19:01:20+00:00","dateModified":"2021-04-30T21:11:31+00:00","author":{"@id":"https:\/\/www.africa-press.net\/cameroun\/#\/schema\/person\/2b1cf3cd81a31e3cd26889ca66d677f1"},"description":"La CRTV a \u00e9t\u00e9 fortement touch\u00e9e par la pand\u00e9mie du Covid-19 qui s\u2019est signal\u00e9e sur le territoire camerounais au d\u00e9but du ...","breadcrumb":{"@id":"https:\/\/www.africa-press.net\/cameroun\/politique\/cameroun-lutte-contre-le-covid-19-pres-de-400-agents-de-la-crtv-ont-ete-testes-positifs-depuis-le-debut-de-la-pandemie#breadcrumb"},"inLanguage":"fr-FR","potentialAction":[{"@type":"ReadAction","target":["https:\/\/www.africa-press.net\/cameroun\/politique\/cameroun-lutte-contre-le-covid-19-pres-de-400-agents-de-la-crtv-ont-ete-testes-positifs-depuis-le-debut-de-la-pandemie"]}]},{"@type":"ImageObject","inLanguage":"fr-FR","@id":"https:\/\/www.africa-press.net\/cameroun\/politique\/cameroun-lutte-contre-le-covid-19-pres-de-400-agents-de-la-crtv-ont-ete-testes-positifs-depuis-le-debut-de-la-pandemie#primaryimage","url":"https:\/\/static.africa-press.net\/cameroun\/sites\/57\/2021\/04\/img-608c726cc1736.jpg","contentUrl":"https:\/\/static.africa-press.net\/cameroun\/sites\/57\/2021\/04\/img-608c726cc1736.jpg","width":800,"height":537,"caption":"Cameroun - Lutte contre le Covid-19: Pr\u00e8s de 400 agents de la CRTV ont \u00e9t\u00e9 test\u00e9s positifs depuis le d\u00e9but de la pand\u00e9mie"},{"@type":"BreadcrumbList","@id":"https:\/\/www.africa-press.net\/cameroun\/politique\/cameroun-lutte-contre-le-covid-19-pres-de-400-agents-de-la-crtv-ont-ete-testes-positifs-depuis-le-debut-de-la-pandemie#breadcrumb","itemListElement":[{"@type":"ListItem","position":1,"name":"Accueil","item":"https:\/\/www.africa-press.net\/cameroun\/"},{"@type":"ListItem","position":2,"name":"Cameroun &#8211; Lutte contre le Covid-19: Pr\u00e8s de 400 agents de la CRTV ont \u00e9t\u00e9 test\u00e9s positifs depuis le d\u00e9but de la pand\u00e9mie"}]},{"@type":"WebSite","@id":"https:\/\/www.africa-press.net\/cameroun\/#website","url":"https:\/\/www.africa-press.net\/cameroun\/","name":"Cameroun","description":"Just another Africa News Agency Sites site","potentialAction":[{"@type":"SearchAction","target":{"@type":"EntryPoint","urlTemplate":"https:\/\/www.africa-press.net\/cameroun\/?s={search_term_string}"},"query-input":{"@type":"PropertyValueSpecification","valueRequired":true,"valueName":"search_term_string"}}],"inLanguage":"fr-FR"},{"@type":"Person","@id":"https:\/\/www.africa-press.net\/cameroun\/#\/schema\/person\/2b1cf3cd81a31e3cd26889ca66d677f1","name":"cfeditorfr"}]}},"_links":{"self":[{"href":"https:\/\/www.africa-press.net\/cameroun\/wp-json\/wp\/v2\/posts\/2861","targetHints":{"allow":["GET"]}}],"collection":[{"href":"https:\/\/www.africa-press.net\/cameroun\/wp-json\/wp\/v2\/posts"}],"about":[{"href":"https:\/\/www.africa-press.net\/cameroun\/wp-json\/wp\/v2\/types\/post"}],"author":[{"embeddable":true,"href":"https:\/\/www.africa-press.net\/cameroun\/wp-json\/wp\/v2\/users\/82"}],"replies":[{"embeddable":true,"href":"https:\/\/www.africa-press.net\/cameroun\/wp-json\/wp\/v2\/comments?post=2861"}],"version-history":[{"count":0,"href":"https:\/\/www.africa-press.net\/cameroun\/wp-json\/wp\/v2\/posts\/2861\/revisions"}],"wp:featuredmedia":[{"embeddable":true,"href":"https:\/\/www.africa-press.net\/cameroun\/wp-json\/wp\/v2\/media\/2860"}],"wp:attachment":[{"href":"https:\/\/www.africa-press.net\/cameroun\/wp-json\/wp\/v2\/media?parent=2861"}],"wp:term":[{"taxonomy":"category","embeddable":true,"href":"https:\/\/www.africa-press.net\/cameroun\/wp-json\/wp\/v2\/categories?post=2861"},{"taxonomy":"post_tag","embeddable":true,"href":"https:\/\/www.africa-press.net\/cameroun\/wp-json\/wp\/v2\/tags?post=2861"}],"curies":[{"name":"wp","href":"https:\/\/api.w.org\/{rel}","templated":true}]}}