{"id":28610,"date":"2022-10-03T19:02:13","date_gmt":"2022-10-03T19:02:13","guid":{"rendered":"https:\/\/www.africa-press.net\/cameroun\/politique\/football-finale-coupe-du-cameroun-2022-quelques-reactions"},"modified":"2022-10-03T19:02:13","modified_gmt":"2022-10-03T19:02:13","slug":"football-finale-coupe-du-cameroun-2022-quelques-reactions","status":"publish","type":"post","link":"https:\/\/www.africa-press.net\/cameroun\/sports\/football-finale-coupe-du-cameroun-2022-quelques-reactions","title":{"rendered":"Football &#8211; Finale Coupe du Cameroun 2022: Quelques R\u00e9actions !"},"content":{"rendered":"<p><span style=\"color: #ff6600\"><strong>Africa-Press &#8211; Cameroun. <\/strong><\/span>Bravo a\u0300 Coton Sport de Garoua!<\/p>\n<p>Me\u0302me si la qualite\u0301 du spectacle n&rsquo;e\u0301tait pas des plus chatoyante, il demeure que c&rsquo;est la meilleure coupe du Cameroun de ces dernie\u0300res anne\u0301es. Au regard de la mobilisation et de la clameur.<\/p>\n<p>Bamboutos de Mbouda n&rsquo;a pas de\u0301me\u0301rite\u0301. La fin du match a e\u0301te\u0301 pluto\u0302t cruelle pour cette e\u0301quipe&#8230;<\/p>\n<p>Bravo aux deux e\u0301quipes pour cet e\u0301clatant moment-Cameroun.<\/p>\n<p>Bravo e\u0301galement aux organisateurs et a\u0300 la CRTV. L&rsquo;envie de bien faire e\u0301tait perceptible.\u00a0\u00bb<\/p>\n<p>\u00ab\u00a0Mes vives Fe\u0301licitations a\u0300 Coton sport de Garoua pour sa brillante victoire a\u0300 la coupe du Cameroun et beaucoup de courage a\u0300 bamboutos club de Mbouda qui n\u2019a pas de\u0301me\u0301rite\u0301!<\/p>\n<p>La fe\u0302te e\u0301tait belle et le vainqueur s&rsquo;appelle le Cameroun, un pays qui gagne en terme de cohe\u0301sion sociale.<\/p>\n<p>Mais disons le, si Bamboutos avait gagne\u0301 sa premie\u0300re coupe du Cameroun la fe\u0302te allait durer jusqu\u2019a\u0300 la coupe du monde<\/p>\n<p>PS: Comment s\u2019appelle cet autre Karl TOKO-Ekambi qui a enleve\u0301 les espoirs de Bamboutos ?\u00a0\u00bb<\/p>\n<p>Et<\/p>\n<p>\u00ab\u00a0Voici la meilleure image d\u2019un Cameroun qui gagne. Les supporters de Bamboutos de Mbouda et ceux de Coton sport de Garoua allant ensemble dans (sur) le me\u0302me ve\u0301hicule pour soutenir leur e\u0301quipe respective\u00a0\u00bb<\/p>\n<p>\u00ab\u00a0Fe\u0301licitations a\u0300 Cotonsport de Garoua. Il sera cependant difficile pour les arbitres de me convaincre qu\u2019il n\u2019y a pas une charge sur le gardien de Bamboutos. Mais bon c\u2019est aussi c\u0327a le foot. Pour le reste, difficile de dire quelque chose.\u00a0\u00bb<\/p>\n<p>\u00ab\u00a0Lorsque les Lions indomptables du Cameroun jouent, hormis les talibans qui savourent toujours avec un plaisir exquis nos de\u0301faites et nos malheurs, quel Camerounais a\u0300 peu pre\u0300s e\u0301quilibre\u0301 soutiendrait l&rsquo;adversaire ? Aucun. Qu&rsquo;y a t-il d&rsquo;incongru\u0308e qu&rsquo;un natif de M&rsquo;bouda supporte Bamboutos? Qu&rsquo;y a t-il d&rsquo;incongru\u0308e qu&rsquo;un natif du Nord soutienne Coton ? Pourquoi en faire des patates chaudes ? Ceux qui cherchent a\u0300 nous persuader que nous sommes diffe\u0301rents sont a\u0300 nos yeux suspects, quel projet se cache derrie\u0300re ? Il y un certain temps de\u0301ja\u0300 que je de\u0301nonce l&rsquo;inde\u0301cence et l&rsquo;horreur des propos de certains concitoyens qui me semblaient pourtant dignes de respect.<\/p>\n<p>L&rsquo;artiste A.Marie TALLA que tous les Africains admirent pour son ge\u0301nie artistique a, re\u0301cemment dans une convention ethniquement correcte aux U.S.A, fini par de\u0301raper dans un discours qui pourtant avait de\u0301marre\u0301 sur un ton vertueux magnifiant les valeurs de probite\u0301 et d&rsquo;honne\u0302tete\u0301. Sa de\u0301claration aux senteurs ethnofascistes perdue dans un oce\u0301an de belles phrases a surpris, et pour ma part, m&rsquo;a profonde\u0301ment choque\u0301 car dans ce merveilleux pays ou\u0300 coule le lait et le miel, Afrique en miniature, aucune tribu n&rsquo;est et ne saurait e\u0302tre la \u00ab\u00a0locomotive et les autres des wagons\u00a0\u00bb.<\/p>\n<p>Un autre Camerounais s&rsquo;est illustre\u0301 sous le me\u0302me clapet, c&rsquo;est M. Guibai\u0308 Gatama, chantre d&rsquo;un re\u0301gionalisme de\u0301gou\u0302tant, re\u0301trograde et nause\u0301abond. Il continue de penser que \u00ab\u00a0sa\u00a0\u00bb re\u0301gion doit e\u0302tre privile\u0301gie\u0301e et que la pre\u0301fe\u0301rence re\u0301gionale est au dessus de la pre\u0301fe\u0301rence nationale. Pire encore il subodore de gre\u0301 ou de force l&rsquo;installation d&rsquo;un Pre\u0301sident \u00ab\u00a0nordiste\u00a0\u00bb a\u0300 Etoudi. Nous sommes en pleine he\u0301re\u0301sie ethnique. INACCEPTABLE!<\/p>\n<p>Pas plus tard qu&rsquo;hier un jeune loup qui ne manque pourtant pas d&rsquo;intelligence et pour lequel j&rsquo;ai la plus grande estime car ami personnel et acteur engage\u0301, de surcroi\u0302t Pre\u0301sident du Pcrn et de\u0301pute\u0301 de la NATION, de\u0301clare sans humour que le match Bamboutos de M&rsquo;bouda contre Coton sport de Garoua est en re\u0301alite\u0301 un match entre \u00ab\u00a0Bamile\u0301ke\u0301s\u00a0\u00bb et\u00a0\u00bbNordistes\u00a0\u00bb oubliant totalement que Bamboutos de M&rsquo;bouda n&rsquo;est pas Bamboutos de l&rsquo;Ouest ou des Bamile\u0301ke\u0301s. Qui peut penser que tous les supporters de Canon sont Betis? Qui peut penser que tous les supporters du PSG sont parisiens! Un club appartient d&rsquo;abord aux supporters et non aux gens du village, je regrette c&rsquo;est d&rsquo;abord le patrimoine des supporters et non du village. Un Akwa peut e\u0302tre supporter des ba na ba njoh comme un bamoun peut e\u0302tre supporter de Union de Douala. Comment peut-on d&rsquo;ailleurs en me\u0302me temps e\u0302tre de\u0301pute\u0301 de la nation et e\u0302tre un fervent adepte du communautarisme ??? Le Cameroun semble e\u0302tre un continent !<\/p>\n<p>Mon Dieu Qu&rsquo;avons-nous nous fait au ciel pour me\u0301riter cela ? Voulait-il justifier son fameux Fe\u0301de\u0301ralisme communautaire, chef d&rsquo;\u0153uvre de repli identitaire et d&rsquo;ethnocentrisme he\u0301re\u0301tique de\u0301goulinant de haine et de de\u0301ni patriotique?.<\/p>\n<p>Quoiqu&rsquo;il en soit ce flot ininterrompu de de\u0301claration d&rsquo;amour pour la tribu est une banalisation de la conscience ethnique contre la conscience nationale, INACCEPTABLE. UM NYOBE, au secours reviens, les monstres sont de retour !!!<\/p>\n<p>J&rsquo;ai de\u0301ja\u0300 dit et je le re\u0301pe\u0300te, tous ces apprentis-sorciers, englue\u0301 dans un fascisme rampant ne pourront longtemps tromper le peuple. Ils ne mesurent me\u0302me pas la gravite\u0301 de leur de\u0301marche. En lieu et place d&rsquo;un CAMEROUN Uni et indivisible, ils attisent la braise d&rsquo;un Cameroun morcele\u0301 et e\u0301gare\u0301 dans un Fe\u0301de\u0301ralisme piteux et funeste. Fier d&rsquo;e\u0302tre CAMEROUNAIS, pas bangangte\u0301.<\/p>\n<p>Vive la Re\u0301publique !<\/p>\n<p>Ce\u0301lestin DJAMEN<\/p>\n<p>Pre\u0301sident National APAR.\u00a0\u00bb<\/p>\n<p><strong>Pour plus d&rsquo;informations et d&rsquo;analyses sur la <a href=\"https:\/\/www.africa-press.net\/cameroun\">Cameroun<\/a>, suivez <a href=\"https:\/\/www.africa-press.net\/\">Africa-Press<\/a><\/strong><\/p>\n","protected":false},"excerpt":{"rendered":"<p>Africa-Press &#8211; Cameroun. Bravo a\u0300 Coton Sport de Garoua! Me\u0302me si la qualite\u0301 du spectacle n&rsquo;e\u0301tait pas des plus chatoyante, il demeure que c&rsquo;est la meilleure coupe du Cameroun de ces dernie\u0300res anne\u0301es. Au regard de la mobilisation et de la clameur. Bamboutos de Mbouda n&rsquo;a pas de\u0301me\u0301rite\u0301. La fin du match a e\u0301te\u0301 pluto\u0302t [&hellip;]<\/p>\n","protected":false},"author":82,"featured_media":28609,"comment_status":"open","ping_status":"closed","sticky":false,"template":"","format":"standard","meta":{"footnotes":""},"categories":[6,10],"tags":[36,50,49],"class_list":["post-28610","post","type-post","status-publish","format-standard","has-post-thumbnail","hentry","category-sports","category-toutes-les-actualites","tag-africa-press","tag-africa-press-cameroun","tag-cameroun"],"yoast_head":"<!-- This site is optimized with the Yoast SEO Premium plugin v26.1 (Yoast SEO v27.0) - https:\/\/yoast.com\/product\/yoast-seo-premium-wordpress\/ -->\n<title>Football - Finale Coupe du Cameroun 2022: Quelques R\u00e9actions ! - Cameroun<\/title>\n<meta name=\"robots\" content=\"index, follow, max-snippet:-1, max-image-preview:large, max-video-preview:-1\" \/>\n<link rel=\"canonical\" href=\"https:\/\/www.africa-press.net\/cameroun\/politique\/football-finale-coupe-du-cameroun-2022-quelques-reactions\" \/>\n<meta property=\"og:locale\" content=\"fr_FR\" \/>\n<meta property=\"og:type\" content=\"article\" \/>\n<meta property=\"og:title\" content=\"Football - Finale Coupe du Cameroun 2022: Quelques R\u00e9actions !\" \/>\n<meta property=\"og:description\" content=\"Africa-Press &#8211; Cameroun. Bravo a\u0300 Coton Sport de Garoua! Me\u0302me si la qualite\u0301 du spectacle n&rsquo;e\u0301tait pas des plus chatoyante, il demeure que c&rsquo;est la meilleure coupe du Cameroun de ces dernie\u0300res anne\u0301es. Au regard de la mobilisation et de la clameur. Bamboutos de Mbouda n&rsquo;a pas de\u0301me\u0301rite\u0301. La fin du match a e\u0301te\u0301 pluto\u0302t [&hellip;]\" \/>\n<meta property=\"og:url\" content=\"https:\/\/www.africa-press.net\/cameroun\/politique\/football-finale-coupe-du-cameroun-2022-quelques-reactions\" \/>\n<meta property=\"og:site_name\" content=\"Cameroun\" \/>\n<meta property=\"article:published_time\" content=\"2022-10-03T19:02:13+00:00\" \/>\n<meta name=\"author\" content=\"cfeditorfr\" \/>\n<meta name=\"twitter:card\" content=\"summary_large_image\" \/>\n<meta name=\"twitter:label1\" content=\"\u00c9crit par\" \/>\n\t<meta name=\"twitter:data1\" content=\"cfeditorfr\" \/>\n\t<meta name=\"twitter:label2\" content=\"Dur\u00e9e de lecture estim\u00e9e\" \/>\n\t<meta name=\"twitter:data2\" content=\"5 minutes\" \/>\n<script type=\"application\/ld+json\" class=\"yoast-schema-graph\">{\"@context\":\"https:\/\/schema.org\",\"@graph\":[{\"@type\":\"Article\",\"@id\":\"https:\/\/www.africa-press.net\/cameroun\/politique\/football-finale-coupe-du-cameroun-2022-quelques-reactions#article\",\"isPartOf\":{\"@id\":\"https:\/\/www.africa-press.net\/cameroun\/politique\/football-finale-coupe-du-cameroun-2022-quelques-reactions\"},\"author\":{\"name\":\"cfeditorfr\",\"@id\":\"https:\/\/www.africa-press.net\/cameroun\/#\/schema\/person\/2b1cf3cd81a31e3cd26889ca66d677f1\"},\"headline\":\"Football &#8211; Finale Coupe du Cameroun 2022: Quelques R\u00e9actions !\",\"datePublished\":\"2022-10-03T19:02:13+00:00\",\"mainEntityOfPage\":{\"@id\":\"https:\/\/www.africa-press.net\/cameroun\/politique\/football-finale-coupe-du-cameroun-2022-quelques-reactions\"},\"wordCount\":968,\"commentCount\":0,\"image\":{\"@id\":\"https:\/\/www.africa-press.net\/cameroun\/politique\/football-finale-coupe-du-cameroun-2022-quelques-reactions#primaryimage\"},\"thumbnailUrl\":\"https:\/\/static.africa-press.net\/cameroun\/sites\/57\/2022\/10\/img-633b31776b57c.jpg\",\"keywords\":[\"Africa Press\",\"Africa Press-Cameroun\",\"Cameroun\"],\"articleSection\":[\"Sports\",\"Toutes les actualit\u00e9s\"],\"inLanguage\":\"fr-FR\",\"potentialAction\":[{\"@type\":\"CommentAction\",\"name\":\"Comment\",\"target\":[\"https:\/\/www.africa-press.net\/cameroun\/politique\/football-finale-coupe-du-cameroun-2022-quelques-reactions#respond\"]}]},{\"@type\":\"WebPage\",\"@id\":\"https:\/\/www.africa-press.net\/cameroun\/politique\/football-finale-coupe-du-cameroun-2022-quelques-reactions\",\"url\":\"https:\/\/www.africa-press.net\/cameroun\/politique\/football-finale-coupe-du-cameroun-2022-quelques-reactions\",\"name\":\"Football - Finale Coupe du Cameroun 2022: Quelques R\u00e9actions ! - Cameroun\",\"isPartOf\":{\"@id\":\"https:\/\/www.africa-press.net\/cameroun\/#website\"},\"primaryImageOfPage\":{\"@id\":\"https:\/\/www.africa-press.net\/cameroun\/politique\/football-finale-coupe-du-cameroun-2022-quelques-reactions#primaryimage\"},\"image\":{\"@id\":\"https:\/\/www.africa-press.net\/cameroun\/politique\/football-finale-coupe-du-cameroun-2022-quelques-reactions#primaryimage\"},\"thumbnailUrl\":\"https:\/\/static.africa-press.net\/cameroun\/sites\/57\/2022\/10\/img-633b31776b57c.jpg\",\"datePublished\":\"2022-10-03T19:02:13+00:00\",\"author\":{\"@id\":\"https:\/\/www.africa-press.net\/cameroun\/#\/schema\/person\/2b1cf3cd81a31e3cd26889ca66d677f1\"},\"breadcrumb\":{\"@id\":\"https:\/\/www.africa-press.net\/cameroun\/politique\/football-finale-coupe-du-cameroun-2022-quelques-reactions#breadcrumb\"},\"inLanguage\":\"fr-FR\",\"potentialAction\":[{\"@type\":\"ReadAction\",\"target\":[\"https:\/\/www.africa-press.net\/cameroun\/politique\/football-finale-coupe-du-cameroun-2022-quelques-reactions\"]}]},{\"@type\":\"ImageObject\",\"inLanguage\":\"fr-FR\",\"@id\":\"https:\/\/www.africa-press.net\/cameroun\/politique\/football-finale-coupe-du-cameroun-2022-quelques-reactions#primaryimage\",\"url\":\"https:\/\/static.africa-press.net\/cameroun\/sites\/57\/2022\/10\/img-633b31776b57c.jpg\",\"contentUrl\":\"https:\/\/static.africa-press.net\/cameroun\/sites\/57\/2022\/10\/img-633b31776b57c.jpg\",\"width\":800,\"height\":600,\"caption\":\"Football - Finale Coupe du Cameroun 2022: Quelques R\u00e9actions !\"},{\"@type\":\"BreadcrumbList\",\"@id\":\"https:\/\/www.africa-press.net\/cameroun\/politique\/football-finale-coupe-du-cameroun-2022-quelques-reactions#breadcrumb\",\"itemListElement\":[{\"@type\":\"ListItem\",\"position\":1,\"name\":\"Accueil\",\"item\":\"https:\/\/www.africa-press.net\/cameroun\/\"},{\"@type\":\"ListItem\",\"position\":2,\"name\":\"Football &#8211; Finale Coupe du Cameroun 2022: Quelques R\u00e9actions !\"}]},{\"@type\":\"WebSite\",\"@id\":\"https:\/\/www.africa-press.net\/cameroun\/#website\",\"url\":\"https:\/\/www.africa-press.net\/cameroun\/\",\"name\":\"Cameroun\",\"description\":\"Just another Africa News Agency Sites site\",\"potentialAction\":[{\"@type\":\"SearchAction\",\"target\":{\"@type\":\"EntryPoint\",\"urlTemplate\":\"https:\/\/www.africa-press.net\/cameroun\/?s={search_term_string}\"},\"query-input\":{\"@type\":\"PropertyValueSpecification\",\"valueRequired\":true,\"valueName\":\"search_term_string\"}}],\"inLanguage\":\"fr-FR\"},{\"@type\":\"Person\",\"@id\":\"https:\/\/www.africa-press.net\/cameroun\/#\/schema\/person\/2b1cf3cd81a31e3cd26889ca66d677f1\",\"name\":\"cfeditorfr\"}]}<\/script>\n<!-- \/ Yoast SEO Premium plugin. -->","yoast_head_json":{"title":"Football - Finale Coupe du Cameroun 2022: Quelques R\u00e9actions ! - Cameroun","robots":{"index":"index","follow":"follow","max-snippet":"max-snippet:-1","max-image-preview":"max-image-preview:large","max-video-preview":"max-video-preview:-1"},"canonical":"https:\/\/www.africa-press.net\/cameroun\/politique\/football-finale-coupe-du-cameroun-2022-quelques-reactions","og_locale":"fr_FR","og_type":"article","og_title":"Football - Finale Coupe du Cameroun 2022: Quelques R\u00e9actions !","og_description":"Africa-Press &#8211; Cameroun. Bravo a\u0300 Coton Sport de Garoua! Me\u0302me si la qualite\u0301 du spectacle n&rsquo;e\u0301tait pas des plus chatoyante, il demeure que c&rsquo;est la meilleure coupe du Cameroun de ces dernie\u0300res anne\u0301es. Au regard de la mobilisation et de la clameur. Bamboutos de Mbouda n&rsquo;a pas de\u0301me\u0301rite\u0301. La fin du match a e\u0301te\u0301 pluto\u0302t [&hellip;]","og_url":"https:\/\/www.africa-press.net\/cameroun\/politique\/football-finale-coupe-du-cameroun-2022-quelques-reactions","og_site_name":"Cameroun","article_published_time":"2022-10-03T19:02:13+00:00","author":"cfeditorfr","twitter_card":"summary_large_image","twitter_misc":{"\u00c9crit par":"cfeditorfr","Dur\u00e9e de lecture estim\u00e9e":"5 minutes"},"schema":{"@context":"https:\/\/schema.org","@graph":[{"@type":"Article","@id":"https:\/\/www.africa-press.net\/cameroun\/politique\/football-finale-coupe-du-cameroun-2022-quelques-reactions#article","isPartOf":{"@id":"https:\/\/www.africa-press.net\/cameroun\/politique\/football-finale-coupe-du-cameroun-2022-quelques-reactions"},"author":{"name":"cfeditorfr","@id":"https:\/\/www.africa-press.net\/cameroun\/#\/schema\/person\/2b1cf3cd81a31e3cd26889ca66d677f1"},"headline":"Football &#8211; Finale Coupe du Cameroun 2022: Quelques R\u00e9actions !","datePublished":"2022-10-03T19:02:13+00:00","mainEntityOfPage":{"@id":"https:\/\/www.africa-press.net\/cameroun\/politique\/football-finale-coupe-du-cameroun-2022-quelques-reactions"},"wordCount":968,"commentCount":0,"image":{"@id":"https:\/\/www.africa-press.net\/cameroun\/politique\/football-finale-coupe-du-cameroun-2022-quelques-reactions#primaryimage"},"thumbnailUrl":"https:\/\/static.africa-press.net\/cameroun\/sites\/57\/2022\/10\/img-633b31776b57c.jpg","keywords":["Africa Press","Africa Press-Cameroun","Cameroun"],"articleSection":["Sports","Toutes les actualit\u00e9s"],"inLanguage":"fr-FR","potentialAction":[{"@type":"CommentAction","name":"Comment","target":["https:\/\/www.africa-press.net\/cameroun\/politique\/football-finale-coupe-du-cameroun-2022-quelques-reactions#respond"]}]},{"@type":"WebPage","@id":"https:\/\/www.africa-press.net\/cameroun\/politique\/football-finale-coupe-du-cameroun-2022-quelques-reactions","url":"https:\/\/www.africa-press.net\/cameroun\/politique\/football-finale-coupe-du-cameroun-2022-quelques-reactions","name":"Football - Finale Coupe du Cameroun 2022: Quelques R\u00e9actions ! - Cameroun","isPartOf":{"@id":"https:\/\/www.africa-press.net\/cameroun\/#website"},"primaryImageOfPage":{"@id":"https:\/\/www.africa-press.net\/cameroun\/politique\/football-finale-coupe-du-cameroun-2022-quelques-reactions#primaryimage"},"image":{"@id":"https:\/\/www.africa-press.net\/cameroun\/politique\/football-finale-coupe-du-cameroun-2022-quelques-reactions#primaryimage"},"thumbnailUrl":"https:\/\/static.africa-press.net\/cameroun\/sites\/57\/2022\/10\/img-633b31776b57c.jpg","datePublished":"2022-10-03T19:02:13+00:00","author":{"@id":"https:\/\/www.africa-press.net\/cameroun\/#\/schema\/person\/2b1cf3cd81a31e3cd26889ca66d677f1"},"breadcrumb":{"@id":"https:\/\/www.africa-press.net\/cameroun\/politique\/football-finale-coupe-du-cameroun-2022-quelques-reactions#breadcrumb"},"inLanguage":"fr-FR","potentialAction":[{"@type":"ReadAction","target":["https:\/\/www.africa-press.net\/cameroun\/politique\/football-finale-coupe-du-cameroun-2022-quelques-reactions"]}]},{"@type":"ImageObject","inLanguage":"fr-FR","@id":"https:\/\/www.africa-press.net\/cameroun\/politique\/football-finale-coupe-du-cameroun-2022-quelques-reactions#primaryimage","url":"https:\/\/static.africa-press.net\/cameroun\/sites\/57\/2022\/10\/img-633b31776b57c.jpg","contentUrl":"https:\/\/static.africa-press.net\/cameroun\/sites\/57\/2022\/10\/img-633b31776b57c.jpg","width":800,"height":600,"caption":"Football - Finale Coupe du Cameroun 2022: Quelques R\u00e9actions !"},{"@type":"BreadcrumbList","@id":"https:\/\/www.africa-press.net\/cameroun\/politique\/football-finale-coupe-du-cameroun-2022-quelques-reactions#breadcrumb","itemListElement":[{"@type":"ListItem","position":1,"name":"Accueil","item":"https:\/\/www.africa-press.net\/cameroun\/"},{"@type":"ListItem","position":2,"name":"Football &#8211; Finale Coupe du Cameroun 2022: Quelques R\u00e9actions !"}]},{"@type":"WebSite","@id":"https:\/\/www.africa-press.net\/cameroun\/#website","url":"https:\/\/www.africa-press.net\/cameroun\/","name":"Cameroun","description":"Just another Africa News Agency Sites site","potentialAction":[{"@type":"SearchAction","target":{"@type":"EntryPoint","urlTemplate":"https:\/\/www.africa-press.net\/cameroun\/?s={search_term_string}"},"query-input":{"@type":"PropertyValueSpecification","valueRequired":true,"valueName":"search_term_string"}}],"inLanguage":"fr-FR"},{"@type":"Person","@id":"https:\/\/www.africa-press.net\/cameroun\/#\/schema\/person\/2b1cf3cd81a31e3cd26889ca66d677f1","name":"cfeditorfr"}]}},"_links":{"self":[{"href":"https:\/\/www.africa-press.net\/cameroun\/wp-json\/wp\/v2\/posts\/28610","targetHints":{"allow":["GET"]}}],"collection":[{"href":"https:\/\/www.africa-press.net\/cameroun\/wp-json\/wp\/v2\/posts"}],"about":[{"href":"https:\/\/www.africa-press.net\/cameroun\/wp-json\/wp\/v2\/types\/post"}],"author":[{"embeddable":true,"href":"https:\/\/www.africa-press.net\/cameroun\/wp-json\/wp\/v2\/users\/82"}],"replies":[{"embeddable":true,"href":"https:\/\/www.africa-press.net\/cameroun\/wp-json\/wp\/v2\/comments?post=28610"}],"version-history":[{"count":0,"href":"https:\/\/www.africa-press.net\/cameroun\/wp-json\/wp\/v2\/posts\/28610\/revisions"}],"wp:featuredmedia":[{"embeddable":true,"href":"https:\/\/www.africa-press.net\/cameroun\/wp-json\/wp\/v2\/media\/28609"}],"wp:attachment":[{"href":"https:\/\/www.africa-press.net\/cameroun\/wp-json\/wp\/v2\/media?parent=28610"}],"wp:term":[{"taxonomy":"category","embeddable":true,"href":"https:\/\/www.africa-press.net\/cameroun\/wp-json\/wp\/v2\/categories?post=28610"},{"taxonomy":"post_tag","embeddable":true,"href":"https:\/\/www.africa-press.net\/cameroun\/wp-json\/wp\/v2\/tags?post=28610"}],"curies":[{"name":"wp","href":"https:\/\/api.w.org\/{rel}","templated":true}]}}