{"id":28612,"date":"2022-10-03T19:02:55","date_gmt":"2022-10-03T19:02:55","guid":{"rendered":"https:\/\/www.africa-press.net\/cameroun\/politique\/cyclisme-le-tour-cycliste-international-chantal-biya-2022-a-demarre-ce-lundi-3-octobre-2022-a-garoua-video"},"modified":"2022-10-03T19:47:08","modified_gmt":"2022-10-03T19:47:08","slug":"cyclisme-le-tour-cycliste-international-chantal-biya-2022-a-demarre-ce-lundi-3-octobre-2022-a-garoua-video","status":"publish","type":"post","link":"https:\/\/www.africa-press.net\/cameroun\/sports\/cyclisme-le-tour-cycliste-international-chantal-biya-2022-a-demarre-ce-lundi-3-octobre-2022-a-garoua-video","title":{"rendered":"Cyclisme: Le Tour cycliste international Chantal Biya 2022 a d\u00e9marr\u00e9 ce lundi 3 octobre 2022 \u00e0 Garoua (Vid\u00e9o)"},"content":{"rendered":"<p><span style=\"color: #ff6600\"><strong>Africa-Press &#8211; Cameroun. <\/strong><\/span>Le coup d\u2019envoi de la 22e e\u0301dition du Tour cycliste international Chantal Biya a eu lieu ce lundi 3 octobre 2022 a\u0300 Garoua. Pour la premie\u0300re fois de l\u2019histoire, la capitale re\u0301gionale du Nord est le the\u0301a\u0302tre de la caravane itine\u0301rante de cette compe\u0301tition dithyrambique de la premie\u0300re dame camerounaise.<\/p>\n<p>Sur le top de\u0301part de cette 22e e\u0301dition, 60 coureurs issus de 12 e\u0301quipes, soit 5 cyclistes par e\u0301quipe, en provenance de 10 pays d\u2019Afrique et d\u2019Europe, ont e\u0301te\u0301 recense\u0301s. La compe\u0301tition a de\u0301marre\u0301 par un crite\u0301rium, c\u2019est-a\u0300-dire une course sur un circuit ferme\u0301 dans la ville, a\u0300 l\u2019effet de de\u0301signer un maillot jaune pour la premie\u0300re e\u0301tape pre\u0301vue le mardi 4 octobre 2022. Ils ont fait 8 tours en pre\u0300s de 2h40min. Le de\u0301part et l\u2019arrive\u0301e sont pre\u0301vus au me\u0302me endroit, a\u0300 la place des Fe\u0302tes de Roumde\u0301-Adjia.<\/p>\n<p>Le top de\u0301part a e\u0301te\u0301 donne\u0301 dans la matine\u0301e de ce lundi 2 octobre par le ministre des Sports et de l\u2019Education Physique, Narcisse Mouelle Kombi, avec a\u0300 ses co\u0302te\u0301s le ministre de l\u2019Emploi et de la Formation Professionnelle, Issa Tchiroma Bakary. \u00ab Je souhaite que cette e\u0301dition soit une belle et magnifique aventure. Que les coureurs se sentent en se\u0301curite\u0301 \u00bb, a prescrit le ministre des Sports.<\/p>\n<p>Les pays repre\u0301sente\u0301s a\u0300 cette 22e e\u0301dition sont : la France, la Hollande, la Slovaquie, le Mali, le Be\u0301nin, la Co\u0302te d\u2019Ivoire, le Burkina Faso, le Maroc, l\u2019Alge\u0301rie et le Cameroun avec trois e\u0301quipes diffe\u0301rentes.<\/p>\n<p><strong>Pour plus d&rsquo;informations et d&rsquo;analyses sur la <a href=\"https:\/\/www.africa-press.net\/cameroun\">Cameroun<\/a>, suivez <a href=\"https:\/\/www.africa-press.net\/\">Africa-Press<\/a><\/strong><\/p>\n","protected":false},"excerpt":{"rendered":"<p>Africa-Press &#8211; Cameroun. Le coup d\u2019envoi de la 22e e\u0301dition du Tour cycliste international Chantal Biya a eu lieu ce lundi 3 octobre 2022 a\u0300 Garoua. Pour la premie\u0300re fois de l\u2019histoire, la capitale re\u0301gionale du Nord est le the\u0301a\u0302tre de la caravane itine\u0301rante de cette compe\u0301tition dithyrambique de la premie\u0300re dame camerounaise. Sur le [&hellip;]<\/p>\n","protected":false},"author":82,"featured_media":28611,"comment_status":"open","ping_status":"closed","sticky":false,"template":"","format":"standard","meta":{"footnotes":""},"categories":[6,10],"tags":[36,50,49],"class_list":["post-28612","post","type-post","status-publish","format-standard","has-post-thumbnail","hentry","category-sports","category-toutes-les-actualites","tag-africa-press","tag-africa-press-cameroun","tag-cameroun"],"yoast_head":"<!-- This site is optimized with the Yoast SEO Premium plugin v26.1 (Yoast SEO v27.0) - https:\/\/yoast.com\/product\/yoast-seo-premium-wordpress\/ -->\n<title>Cyclisme: Le Tour cycliste international Chantal Biya 2022 a d\u00e9marr\u00e9 ce lundi 3 octobre 2022 \u00e0 Garoua (Vid\u00e9o) - Cameroun<\/title>\n<meta name=\"description\" content=\"Le coup d\u2019envoi de la 22e e\u0301dition du Tour cycliste international Chantal Biya a eu lieu ce lundi 3 octobre 2022 a\u0300 Garo ...\" \/>\n<meta name=\"robots\" content=\"index, follow, max-snippet:-1, max-image-preview:large, max-video-preview:-1\" \/>\n<link rel=\"canonical\" href=\"https:\/\/www.africa-press.net\/cameroun\/sports\/cyclisme-le-tour-cycliste-international-chantal-biya-2022-a-demarre-ce-lundi-3-octobre-2022-a-garoua-video\" \/>\n<meta property=\"og:locale\" content=\"fr_FR\" \/>\n<meta property=\"og:type\" content=\"article\" \/>\n<meta property=\"og:title\" content=\"Cyclisme: Le Tour cycliste international Chantal Biya 2022 a d\u00e9marr\u00e9 ce lundi 3 octobre 2022 \u00e0 Garoua (Vid\u00e9o)\" \/>\n<meta property=\"og:description\" content=\"Le coup d\u2019envoi de la 22e e\u0301dition du Tour cycliste international Chantal Biya a eu lieu ce lundi 3 octobre 2022 a\u0300 Garo ...\" \/>\n<meta property=\"og:url\" content=\"https:\/\/www.africa-press.net\/cameroun\/sports\/cyclisme-le-tour-cycliste-international-chantal-biya-2022-a-demarre-ce-lundi-3-octobre-2022-a-garoua-video\" \/>\n<meta property=\"og:site_name\" content=\"Cameroun\" \/>\n<meta property=\"article:published_time\" content=\"2022-10-03T19:02:55+00:00\" \/>\n<meta property=\"article:modified_time\" content=\"2022-10-03T19:47:08+00:00\" \/>\n<meta property=\"og:image\" content=\"https:\/\/static.africa-press.net\/cameroun\/sites\/57\/2022\/10\/img-633b31c6112ec.jpg\" \/>\n\t<meta property=\"og:image:width\" content=\"800\" \/>\n\t<meta property=\"og:image:height\" content=\"486\" \/>\n\t<meta property=\"og:image:type\" content=\"image\/jpeg\" \/>\n<meta name=\"author\" content=\"cfeditorfr\" \/>\n<meta name=\"twitter:card\" content=\"summary_large_image\" \/>\n<meta name=\"twitter:label1\" content=\"\u00c9crit par\" \/>\n\t<meta name=\"twitter:data1\" content=\"cfeditorfr\" \/>\n\t<meta name=\"twitter:label2\" content=\"Dur\u00e9e de lecture estim\u00e9e\" \/>\n\t<meta name=\"twitter:data2\" content=\"2 minutes\" \/>\n<script type=\"application\/ld+json\" class=\"yoast-schema-graph\">{\"@context\":\"https:\/\/schema.org\",\"@graph\":[{\"@type\":\"Article\",\"@id\":\"https:\/\/www.africa-press.net\/cameroun\/sports\/cyclisme-le-tour-cycliste-international-chantal-biya-2022-a-demarre-ce-lundi-3-octobre-2022-a-garoua-video#article\",\"isPartOf\":{\"@id\":\"https:\/\/www.africa-press.net\/cameroun\/sports\/cyclisme-le-tour-cycliste-international-chantal-biya-2022-a-demarre-ce-lundi-3-octobre-2022-a-garoua-video\"},\"author\":{\"name\":\"cfeditorfr\",\"@id\":\"https:\/\/www.africa-press.net\/cameroun\/#\/schema\/person\/2b1cf3cd81a31e3cd26889ca66d677f1\"},\"headline\":\"Cyclisme: Le Tour cycliste international Chantal Biya 2022 a d\u00e9marr\u00e9 ce lundi 3 octobre 2022 \u00e0 Garoua (Vid\u00e9o)\",\"datePublished\":\"2022-10-03T19:02:55+00:00\",\"dateModified\":\"2022-10-03T19:47:08+00:00\",\"mainEntityOfPage\":{\"@id\":\"https:\/\/www.africa-press.net\/cameroun\/sports\/cyclisme-le-tour-cycliste-international-chantal-biya-2022-a-demarre-ce-lundi-3-octobre-2022-a-garoua-video\"},\"wordCount\":316,\"commentCount\":0,\"image\":{\"@id\":\"https:\/\/www.africa-press.net\/cameroun\/sports\/cyclisme-le-tour-cycliste-international-chantal-biya-2022-a-demarre-ce-lundi-3-octobre-2022-a-garoua-video#primaryimage\"},\"thumbnailUrl\":\"https:\/\/static.africa-press.net\/cameroun\/sites\/57\/2022\/10\/img-633b31c6112ec.jpg\",\"keywords\":[\"Africa Press\",\"Africa Press-Cameroun\",\"Cameroun\"],\"articleSection\":[\"Sports\",\"Toutes les actualit\u00e9s\"],\"inLanguage\":\"fr-FR\",\"potentialAction\":[{\"@type\":\"CommentAction\",\"name\":\"Comment\",\"target\":[\"https:\/\/www.africa-press.net\/cameroun\/sports\/cyclisme-le-tour-cycliste-international-chantal-biya-2022-a-demarre-ce-lundi-3-octobre-2022-a-garoua-video#respond\"]}]},{\"@type\":\"WebPage\",\"@id\":\"https:\/\/www.africa-press.net\/cameroun\/sports\/cyclisme-le-tour-cycliste-international-chantal-biya-2022-a-demarre-ce-lundi-3-octobre-2022-a-garoua-video\",\"url\":\"https:\/\/www.africa-press.net\/cameroun\/sports\/cyclisme-le-tour-cycliste-international-chantal-biya-2022-a-demarre-ce-lundi-3-octobre-2022-a-garoua-video\",\"name\":\"Cyclisme: Le Tour cycliste international Chantal Biya 2022 a d\u00e9marr\u00e9 ce lundi 3 octobre 2022 \u00e0 Garoua (Vid\u00e9o) - Cameroun\",\"isPartOf\":{\"@id\":\"https:\/\/www.africa-press.net\/cameroun\/#website\"},\"primaryImageOfPage\":{\"@id\":\"https:\/\/www.africa-press.net\/cameroun\/sports\/cyclisme-le-tour-cycliste-international-chantal-biya-2022-a-demarre-ce-lundi-3-octobre-2022-a-garoua-video#primaryimage\"},\"image\":{\"@id\":\"https:\/\/www.africa-press.net\/cameroun\/sports\/cyclisme-le-tour-cycliste-international-chantal-biya-2022-a-demarre-ce-lundi-3-octobre-2022-a-garoua-video#primaryimage\"},\"thumbnailUrl\":\"https:\/\/static.africa-press.net\/cameroun\/sites\/57\/2022\/10\/img-633b31c6112ec.jpg\",\"datePublished\":\"2022-10-03T19:02:55+00:00\",\"dateModified\":\"2022-10-03T19:47:08+00:00\",\"author\":{\"@id\":\"https:\/\/www.africa-press.net\/cameroun\/#\/schema\/person\/2b1cf3cd81a31e3cd26889ca66d677f1\"},\"description\":\"Le coup d\u2019envoi de la 22e e\u0301dition du Tour cycliste international Chantal Biya a eu lieu ce lundi 3 octobre 2022 a\u0300 Garo ...\",\"breadcrumb\":{\"@id\":\"https:\/\/www.africa-press.net\/cameroun\/sports\/cyclisme-le-tour-cycliste-international-chantal-biya-2022-a-demarre-ce-lundi-3-octobre-2022-a-garoua-video#breadcrumb\"},\"inLanguage\":\"fr-FR\",\"potentialAction\":[{\"@type\":\"ReadAction\",\"target\":[\"https:\/\/www.africa-press.net\/cameroun\/sports\/cyclisme-le-tour-cycliste-international-chantal-biya-2022-a-demarre-ce-lundi-3-octobre-2022-a-garoua-video\"]}]},{\"@type\":\"ImageObject\",\"inLanguage\":\"fr-FR\",\"@id\":\"https:\/\/www.africa-press.net\/cameroun\/sports\/cyclisme-le-tour-cycliste-international-chantal-biya-2022-a-demarre-ce-lundi-3-octobre-2022-a-garoua-video#primaryimage\",\"url\":\"https:\/\/static.africa-press.net\/cameroun\/sites\/57\/2022\/10\/img-633b31c6112ec.jpg\",\"contentUrl\":\"https:\/\/static.africa-press.net\/cameroun\/sites\/57\/2022\/10\/img-633b31c6112ec.jpg\",\"width\":800,\"height\":486,\"caption\":\"Cyclisme: Le Tour cycliste international Chantal Biya 2022 a d\u00e9marr\u00e9 ce lundi 3 octobre 2022 \u00e0 Garoua (Vid\u00e9o)\"},{\"@type\":\"BreadcrumbList\",\"@id\":\"https:\/\/www.africa-press.net\/cameroun\/sports\/cyclisme-le-tour-cycliste-international-chantal-biya-2022-a-demarre-ce-lundi-3-octobre-2022-a-garoua-video#breadcrumb\",\"itemListElement\":[{\"@type\":\"ListItem\",\"position\":1,\"name\":\"Accueil\",\"item\":\"https:\/\/www.africa-press.net\/cameroun\/\"},{\"@type\":\"ListItem\",\"position\":2,\"name\":\"Cyclisme: Le Tour cycliste international Chantal Biya 2022 a d\u00e9marr\u00e9 ce lundi 3 octobre 2022 \u00e0 Garoua (Vid\u00e9o)\"}]},{\"@type\":\"WebSite\",\"@id\":\"https:\/\/www.africa-press.net\/cameroun\/#website\",\"url\":\"https:\/\/www.africa-press.net\/cameroun\/\",\"name\":\"Cameroun\",\"description\":\"Just another Africa News Agency Sites site\",\"potentialAction\":[{\"@type\":\"SearchAction\",\"target\":{\"@type\":\"EntryPoint\",\"urlTemplate\":\"https:\/\/www.africa-press.net\/cameroun\/?s={search_term_string}\"},\"query-input\":{\"@type\":\"PropertyValueSpecification\",\"valueRequired\":true,\"valueName\":\"search_term_string\"}}],\"inLanguage\":\"fr-FR\"},{\"@type\":\"Person\",\"@id\":\"https:\/\/www.africa-press.net\/cameroun\/#\/schema\/person\/2b1cf3cd81a31e3cd26889ca66d677f1\",\"name\":\"cfeditorfr\"}]}<\/script>\n<!-- \/ Yoast SEO Premium plugin. -->","yoast_head_json":{"title":"Cyclisme: Le Tour cycliste international Chantal Biya 2022 a d\u00e9marr\u00e9 ce lundi 3 octobre 2022 \u00e0 Garoua (Vid\u00e9o) - Cameroun","description":"Le coup d\u2019envoi de la 22e e\u0301dition du Tour cycliste international Chantal Biya a eu lieu ce lundi 3 octobre 2022 a\u0300 Garo ...","robots":{"index":"index","follow":"follow","max-snippet":"max-snippet:-1","max-image-preview":"max-image-preview:large","max-video-preview":"max-video-preview:-1"},"canonical":"https:\/\/www.africa-press.net\/cameroun\/sports\/cyclisme-le-tour-cycliste-international-chantal-biya-2022-a-demarre-ce-lundi-3-octobre-2022-a-garoua-video","og_locale":"fr_FR","og_type":"article","og_title":"Cyclisme: Le Tour cycliste international Chantal Biya 2022 a d\u00e9marr\u00e9 ce lundi 3 octobre 2022 \u00e0 Garoua (Vid\u00e9o)","og_description":"Le coup d\u2019envoi de la 22e e\u0301dition du Tour cycliste international Chantal Biya a eu lieu ce lundi 3 octobre 2022 a\u0300 Garo ...","og_url":"https:\/\/www.africa-press.net\/cameroun\/sports\/cyclisme-le-tour-cycliste-international-chantal-biya-2022-a-demarre-ce-lundi-3-octobre-2022-a-garoua-video","og_site_name":"Cameroun","article_published_time":"2022-10-03T19:02:55+00:00","article_modified_time":"2022-10-03T19:47:08+00:00","og_image":[{"width":800,"height":486,"url":"https:\/\/static.africa-press.net\/cameroun\/sites\/57\/2022\/10\/img-633b31c6112ec.jpg","type":"image\/jpeg"}],"author":"cfeditorfr","twitter_card":"summary_large_image","twitter_misc":{"\u00c9crit par":"cfeditorfr","Dur\u00e9e de lecture estim\u00e9e":"2 minutes"},"schema":{"@context":"https:\/\/schema.org","@graph":[{"@type":"Article","@id":"https:\/\/www.africa-press.net\/cameroun\/sports\/cyclisme-le-tour-cycliste-international-chantal-biya-2022-a-demarre-ce-lundi-3-octobre-2022-a-garoua-video#article","isPartOf":{"@id":"https:\/\/www.africa-press.net\/cameroun\/sports\/cyclisme-le-tour-cycliste-international-chantal-biya-2022-a-demarre-ce-lundi-3-octobre-2022-a-garoua-video"},"author":{"name":"cfeditorfr","@id":"https:\/\/www.africa-press.net\/cameroun\/#\/schema\/person\/2b1cf3cd81a31e3cd26889ca66d677f1"},"headline":"Cyclisme: Le Tour cycliste international Chantal Biya 2022 a d\u00e9marr\u00e9 ce lundi 3 octobre 2022 \u00e0 Garoua (Vid\u00e9o)","datePublished":"2022-10-03T19:02:55+00:00","dateModified":"2022-10-03T19:47:08+00:00","mainEntityOfPage":{"@id":"https:\/\/www.africa-press.net\/cameroun\/sports\/cyclisme-le-tour-cycliste-international-chantal-biya-2022-a-demarre-ce-lundi-3-octobre-2022-a-garoua-video"},"wordCount":316,"commentCount":0,"image":{"@id":"https:\/\/www.africa-press.net\/cameroun\/sports\/cyclisme-le-tour-cycliste-international-chantal-biya-2022-a-demarre-ce-lundi-3-octobre-2022-a-garoua-video#primaryimage"},"thumbnailUrl":"https:\/\/static.africa-press.net\/cameroun\/sites\/57\/2022\/10\/img-633b31c6112ec.jpg","keywords":["Africa Press","Africa Press-Cameroun","Cameroun"],"articleSection":["Sports","Toutes les actualit\u00e9s"],"inLanguage":"fr-FR","potentialAction":[{"@type":"CommentAction","name":"Comment","target":["https:\/\/www.africa-press.net\/cameroun\/sports\/cyclisme-le-tour-cycliste-international-chantal-biya-2022-a-demarre-ce-lundi-3-octobre-2022-a-garoua-video#respond"]}]},{"@type":"WebPage","@id":"https:\/\/www.africa-press.net\/cameroun\/sports\/cyclisme-le-tour-cycliste-international-chantal-biya-2022-a-demarre-ce-lundi-3-octobre-2022-a-garoua-video","url":"https:\/\/www.africa-press.net\/cameroun\/sports\/cyclisme-le-tour-cycliste-international-chantal-biya-2022-a-demarre-ce-lundi-3-octobre-2022-a-garoua-video","name":"Cyclisme: Le Tour cycliste international Chantal Biya 2022 a d\u00e9marr\u00e9 ce lundi 3 octobre 2022 \u00e0 Garoua (Vid\u00e9o) - Cameroun","isPartOf":{"@id":"https:\/\/www.africa-press.net\/cameroun\/#website"},"primaryImageOfPage":{"@id":"https:\/\/www.africa-press.net\/cameroun\/sports\/cyclisme-le-tour-cycliste-international-chantal-biya-2022-a-demarre-ce-lundi-3-octobre-2022-a-garoua-video#primaryimage"},"image":{"@id":"https:\/\/www.africa-press.net\/cameroun\/sports\/cyclisme-le-tour-cycliste-international-chantal-biya-2022-a-demarre-ce-lundi-3-octobre-2022-a-garoua-video#primaryimage"},"thumbnailUrl":"https:\/\/static.africa-press.net\/cameroun\/sites\/57\/2022\/10\/img-633b31c6112ec.jpg","datePublished":"2022-10-03T19:02:55+00:00","dateModified":"2022-10-03T19:47:08+00:00","author":{"@id":"https:\/\/www.africa-press.net\/cameroun\/#\/schema\/person\/2b1cf3cd81a31e3cd26889ca66d677f1"},"description":"Le coup d\u2019envoi de la 22e e\u0301dition du Tour cycliste international Chantal Biya a eu lieu ce lundi 3 octobre 2022 a\u0300 Garo ...","breadcrumb":{"@id":"https:\/\/www.africa-press.net\/cameroun\/sports\/cyclisme-le-tour-cycliste-international-chantal-biya-2022-a-demarre-ce-lundi-3-octobre-2022-a-garoua-video#breadcrumb"},"inLanguage":"fr-FR","potentialAction":[{"@type":"ReadAction","target":["https:\/\/www.africa-press.net\/cameroun\/sports\/cyclisme-le-tour-cycliste-international-chantal-biya-2022-a-demarre-ce-lundi-3-octobre-2022-a-garoua-video"]}]},{"@type":"ImageObject","inLanguage":"fr-FR","@id":"https:\/\/www.africa-press.net\/cameroun\/sports\/cyclisme-le-tour-cycliste-international-chantal-biya-2022-a-demarre-ce-lundi-3-octobre-2022-a-garoua-video#primaryimage","url":"https:\/\/static.africa-press.net\/cameroun\/sites\/57\/2022\/10\/img-633b31c6112ec.jpg","contentUrl":"https:\/\/static.africa-press.net\/cameroun\/sites\/57\/2022\/10\/img-633b31c6112ec.jpg","width":800,"height":486,"caption":"Cyclisme: Le Tour cycliste international Chantal Biya 2022 a d\u00e9marr\u00e9 ce lundi 3 octobre 2022 \u00e0 Garoua (Vid\u00e9o)"},{"@type":"BreadcrumbList","@id":"https:\/\/www.africa-press.net\/cameroun\/sports\/cyclisme-le-tour-cycliste-international-chantal-biya-2022-a-demarre-ce-lundi-3-octobre-2022-a-garoua-video#breadcrumb","itemListElement":[{"@type":"ListItem","position":1,"name":"Accueil","item":"https:\/\/www.africa-press.net\/cameroun\/"},{"@type":"ListItem","position":2,"name":"Cyclisme: Le Tour cycliste international Chantal Biya 2022 a d\u00e9marr\u00e9 ce lundi 3 octobre 2022 \u00e0 Garoua (Vid\u00e9o)"}]},{"@type":"WebSite","@id":"https:\/\/www.africa-press.net\/cameroun\/#website","url":"https:\/\/www.africa-press.net\/cameroun\/","name":"Cameroun","description":"Just another Africa News Agency Sites site","potentialAction":[{"@type":"SearchAction","target":{"@type":"EntryPoint","urlTemplate":"https:\/\/www.africa-press.net\/cameroun\/?s={search_term_string}"},"query-input":{"@type":"PropertyValueSpecification","valueRequired":true,"valueName":"search_term_string"}}],"inLanguage":"fr-FR"},{"@type":"Person","@id":"https:\/\/www.africa-press.net\/cameroun\/#\/schema\/person\/2b1cf3cd81a31e3cd26889ca66d677f1","name":"cfeditorfr"}]}},"_links":{"self":[{"href":"https:\/\/www.africa-press.net\/cameroun\/wp-json\/wp\/v2\/posts\/28612","targetHints":{"allow":["GET"]}}],"collection":[{"href":"https:\/\/www.africa-press.net\/cameroun\/wp-json\/wp\/v2\/posts"}],"about":[{"href":"https:\/\/www.africa-press.net\/cameroun\/wp-json\/wp\/v2\/types\/post"}],"author":[{"embeddable":true,"href":"https:\/\/www.africa-press.net\/cameroun\/wp-json\/wp\/v2\/users\/82"}],"replies":[{"embeddable":true,"href":"https:\/\/www.africa-press.net\/cameroun\/wp-json\/wp\/v2\/comments?post=28612"}],"version-history":[{"count":0,"href":"https:\/\/www.africa-press.net\/cameroun\/wp-json\/wp\/v2\/posts\/28612\/revisions"}],"wp:featuredmedia":[{"embeddable":true,"href":"https:\/\/www.africa-press.net\/cameroun\/wp-json\/wp\/v2\/media\/28611"}],"wp:attachment":[{"href":"https:\/\/www.africa-press.net\/cameroun\/wp-json\/wp\/v2\/media?parent=28612"}],"wp:term":[{"taxonomy":"category","embeddable":true,"href":"https:\/\/www.africa-press.net\/cameroun\/wp-json\/wp\/v2\/categories?post=28612"},{"taxonomy":"post_tag","embeddable":true,"href":"https:\/\/www.africa-press.net\/cameroun\/wp-json\/wp\/v2\/tags?post=28612"}],"curies":[{"name":"wp","href":"https:\/\/api.w.org\/{rel}","templated":true}]}}